{"id":7844,"date":"2017-01-07T13:36:31","date_gmt":"2017-01-07T12:36:31","guid":{"rendered":"http:\/\/www.abd-bvd.be\/?p=7844\/"},"modified":"2017-03-14T12:21:36","modified_gmt":"2017-03-14T11:21:36","slug":"docmoment-maart2017","status":"publish","type":"post","link":"https:\/\/www.abd-bvd.be\/nl\/evenementen\/docmoment-maart2017\/","title":{"rendered":"Doc&#8217;Moment <br>Kennismanagement: voor alle bedrijfsklassen?"},"content":{"rendered":"<p><strong>Doc\u2019Moment: het ABD-BVD-Studiemoment \u2013\u00a0Woensdag 22 maart 2017 (14:15 \u2013 16:30)<\/strong><\/p>\n<p style=\"text-align: right;\"><span class=\"file-button\"><a href=\"https:\/\/www.eventbrite.com\/e\/abd-bvd-docmoment-knowledge-management-registration-32317108341\">Inschrijven voor dit Doc&#8217;Moment<\/a><\/span><\/p>\n<h2>KM: a fit for all sizes?<br \/>\nKennismanagement: voor alle bedrijfsklassen?<\/h2>\n<p>door<\/p>\n<p>Fran\u00e7oise <strong>Rossion<\/strong>, KM trainer &amp; advisor &#8211; Co-owner and consultant at K-ring Consulting; ma\u00eetre de conf\u00e9rences\u00a0 en gestion des connaissances \u00e0 l&#8217;ULB (FR)<br \/>\nJo <strong>Van der Spiegel<\/strong>, Knowledge Manager &#8211; Advocatenkantoor Claeys &amp; Engels (NL)<br \/>\nCorentin <strong>Roulin<\/strong>, Retail Knowledge Manager &#8211; bpost (FR)<span lang=\"NL-BE\">\u00a0<\/span><span lang=\"NL-BE\" style=\"color: black; line-height: 115%; font-family: 'Calibri',sans-serif; font-size: 11pt;\"><br \/>\n<\/span><\/p>\n<p>De uiteenzettingen en het bezoek gebeuren in het <strong>Frans <\/strong>en in het<strong> Nederlands<\/strong>.<\/p>\n<p><em>Plaats<\/em>: Koninklijke Bibliotheek van Belgi\u00eb \u2013 Royal Sky Room (6de verdieping)<br \/>\n<em>Adres<\/em>: Keizerslaan 2, te 1000 Brussel<br \/>\n<strong>Opgelet<\/strong>: Om veiligheidsredenen is enkel de ingang op de Kunstberg (ingang nr. 1 op het toegangsplan) open voor het publiek. Er zal ook een verscherpte toegangscontrole plaatsvinden.<\/p>\n<p><strong>Toegangsplan<\/strong><br \/>\n<span class=\"file-button\"><a href=\"http:\/\/www.kbr.be\/sites\/default\/files\/content\/pdf\/Praktisch_pratique\/bereikbaarheidsplan_plandacces.pdf\">Download (NL-FR)<\/a><\/span><\/p>\n<p><strong>Gratis voor de leden<\/strong> (niet-leden betalen \u20ac25)<\/p>\n<p style=\"text-align: right;\"><span class=\"file-button\"><a href=\"https:\/\/www.eventbrite.com\/e\/abd-bvd-docmoment-knowledge-management-registration-32317108341\">Inschrijven voor dit Doc&#8217;Moment<\/a><\/span><\/p>\n","protected":false},"excerpt":{"rendered":"<p>Doc\u2019Moment: het ABD-BVD-Studiemoment \u2013\u00a0Woensdag 22 maart 2017 (14:15 \u2013 16:30) Inschrijven voor dit Doc&#8217;Moment KM: a fit for all sizes? Kennismanagement: voor alle bedrijfsklassen? door Fran\u00e7oise Rossion, KM trainer &amp; advisor &#8211; Co-owner and consultant at K-ring Consulting; ma\u00eetre de conf\u00e9rences\u00a0 en gestion des connaissances \u00e0 l&#8217;ULB (FR) Jo Van der Spiegel, Knowledge Manager &#8211; [&hellip;]<\/p>\n","protected":false},"author":5,"featured_media":0,"comment_status":"closed","ping_status":"open","sticky":false,"template":"","format":"standard","meta":{"_acf_changed":false,"footnotes":"","_wpscppro_dont_share_socialmedia":false,"_wpscppro_custom_social_share_image":0,"_facebook_share_type":"","_twitter_share_type":"","_linkedin_share_type":"","_pinterest_share_type":"","_linkedin_share_type_page":"","_instagram_share_type":"","_medium_share_type":"","_threads_share_type":"","_google_business_share_type":"","_selected_social_profile":[],"_wpsp_enable_custom_social_template":false,"_wpsp_social_scheduling":{"enabled":false,"datetime":null,"platforms":[],"status":"template_only","dateOption":"today","timeOption":"now","customDays":"","customHours":"","customDate":"","customTime":"","schedulingType":"absolute"},"_wpsp_active_default_template":true},"categories":[85],"tags":[],"class_list":["post-7844","post","type-post","status-publish","format-standard","hentry","category-evenementen"],"acf":[],"yoast_head":"<!-- This site is optimized with the Yoast SEO plugin v27.4 - https:\/\/yoast.com\/product\/yoast-seo-wordpress\/ -->\n<title>Doc&#039;Moment Kennismanagement: voor alle bedrijfsklassen? - ABD-BVD<\/title>\n<meta name=\"description\" content=\"Op 22 maart organiseert de ABD-BVD een Doc\u2019Moment over het kennismanagement, met Fran\u00e7oise Rossion, Jo Van der Spiegel en Corentin Roulin.\" \/>\n<meta name=\"robots\" content=\"index, follow, max-snippet:-1, max-image-preview:large, max-video-preview:-1\" \/>\n<link rel=\"canonical\" href=\"https:\/\/www.abd-bvd.be\/nl\/evenementen\/docmoment-maart2017\/\" \/>\n<meta property=\"og:locale\" content=\"nl_NL\" \/>\n<meta property=\"og:type\" content=\"article\" \/>\n<meta property=\"og:title\" content=\"Doc&#039;Moment Kennismanagement: voor alle bedrijfsklassen? - ABD-BVD\" \/>\n<meta property=\"og:description\" content=\"Op 22 maart organiseert de ABD-BVD een Doc\u2019Moment over het kennismanagement, met Fran\u00e7oise Rossion, Jo Van der Spiegel en Corentin Roulin.\" \/>\n<meta property=\"og:url\" content=\"https:\/\/www.abd-bvd.be\/nl\/evenementen\/docmoment-maart2017\/\" \/>\n<meta property=\"og:site_name\" content=\"ABD-BVD\" \/>\n<meta property=\"article:published_time\" content=\"2017-01-07T12:36:31+00:00\" \/>\n<meta property=\"article:modified_time\" content=\"2017-03-14T11:21:36+00:00\" \/>\n<meta name=\"author\" content=\"Guy Delsaut\" \/>\n<meta name=\"twitter:card\" content=\"summary_large_image\" \/>\n<meta name=\"twitter:label1\" content=\"Geschreven door\" \/>\n\t<meta name=\"twitter:data1\" content=\"Guy Delsaut\" \/>\n\t<meta name=\"twitter:label2\" content=\"Geschatte leestijd\" \/>\n\t<meta name=\"twitter:data2\" content=\"1 minuut\" \/>\n<script type=\"application\/ld+json\" class=\"yoast-schema-graph\">{\"@context\":\"https:\\\/\\\/schema.org\",\"@graph\":[{\"@type\":\"Article\",\"@id\":\"https:\\\/\\\/www.abd-bvd.be\\\/nl\\\/evenementen\\\/docmoment-maart2017\\\/#article\",\"isPartOf\":{\"@id\":\"https:\\\/\\\/www.abd-bvd.be\\\/nl\\\/evenementen\\\/docmoment-maart2017\\\/\"},\"author\":{\"name\":\"Guy Delsaut\",\"@id\":\"https:\\\/\\\/www.abd-bvd.be\\\/fr\\\/#\\\/schema\\\/person\\\/b16d2027ba7bd24752b02f45e6c2d628\"},\"headline\":\"Doc&#8217;Moment Kennismanagement: voor alle bedrijfsklassen?\",\"datePublished\":\"2017-01-07T12:36:31+00:00\",\"dateModified\":\"2017-03-14T11:21:36+00:00\",\"mainEntityOfPage\":{\"@id\":\"https:\\\/\\\/www.abd-bvd.be\\\/nl\\\/evenementen\\\/docmoment-maart2017\\\/\"},\"wordCount\":141,\"articleSection\":[\"Evenementen\"],\"inLanguage\":\"nl-NL\"},{\"@type\":\"WebPage\",\"@id\":\"https:\\\/\\\/www.abd-bvd.be\\\/nl\\\/evenementen\\\/docmoment-maart2017\\\/\",\"url\":\"https:\\\/\\\/www.abd-bvd.be\\\/nl\\\/evenementen\\\/docmoment-maart2017\\\/\",\"name\":\"Doc'Moment Kennismanagement: voor alle bedrijfsklassen? - ABD-BVD\",\"isPartOf\":{\"@id\":\"https:\\\/\\\/www.abd-bvd.be\\\/fr\\\/#website\"},\"datePublished\":\"2017-01-07T12:36:31+00:00\",\"dateModified\":\"2017-03-14T11:21:36+00:00\",\"author\":{\"@id\":\"https:\\\/\\\/www.abd-bvd.be\\\/fr\\\/#\\\/schema\\\/person\\\/b16d2027ba7bd24752b02f45e6c2d628\"},\"description\":\"Op 22 maart organiseert de ABD-BVD een Doc\u2019Moment over het kennismanagement, met Fran\u00e7oise Rossion, Jo Van der Spiegel en Corentin Roulin.\",\"breadcrumb\":{\"@id\":\"https:\\\/\\\/www.abd-bvd.be\\\/nl\\\/evenementen\\\/docmoment-maart2017\\\/#breadcrumb\"},\"inLanguage\":\"nl-NL\",\"potentialAction\":[{\"@type\":\"ReadAction\",\"target\":[\"https:\\\/\\\/www.abd-bvd.be\\\/nl\\\/evenementen\\\/docmoment-maart2017\\\/\"]}]},{\"@type\":\"BreadcrumbList\",\"@id\":\"https:\\\/\\\/www.abd-bvd.be\\\/nl\\\/evenementen\\\/docmoment-maart2017\\\/#breadcrumb\",\"itemListElement\":[{\"@type\":\"ListItem\",\"position\":1,\"name\":\"Accueil\",\"item\":\"https:\\\/\\\/www.abd-bvd.be\\\/nl\\\/\"},{\"@type\":\"ListItem\",\"position\":2,\"name\":\"Doc&#8217;Moment Kennismanagement: voor alle bedrijfsklassen?\"}]},{\"@type\":\"WebSite\",\"@id\":\"https:\\\/\\\/www.abd-bvd.be\\\/fr\\\/#website\",\"url\":\"https:\\\/\\\/www.abd-bvd.be\\\/fr\\\/\",\"name\":\"ABD-BVD\",\"description\":\"association Belge de documentation - Belgische verniging voor documentatie\",\"potentialAction\":[{\"@type\":\"SearchAction\",\"target\":{\"@type\":\"EntryPoint\",\"urlTemplate\":\"https:\\\/\\\/www.abd-bvd.be\\\/fr\\\/?s={search_term_string}\"},\"query-input\":{\"@type\":\"PropertyValueSpecification\",\"valueRequired\":true,\"valueName\":\"search_term_string\"}}],\"inLanguage\":\"nl-NL\"},{\"@type\":\"Person\",\"@id\":\"https:\\\/\\\/www.abd-bvd.be\\\/fr\\\/#\\\/schema\\\/person\\\/b16d2027ba7bd24752b02f45e6c2d628\",\"name\":\"Guy Delsaut\",\"image\":{\"@type\":\"ImageObject\",\"inLanguage\":\"nl-NL\",\"@id\":\"https:\\\/\\\/secure.gravatar.com\\\/avatar\\\/661ab3e27256975e79639c97a039adabdf47fbcdcd1883bad66ee2e8b41bdfa7?s=96&d=mm&r=g\",\"url\":\"https:\\\/\\\/secure.gravatar.com\\\/avatar\\\/661ab3e27256975e79639c97a039adabdf47fbcdcd1883bad66ee2e8b41bdfa7?s=96&d=mm&r=g\",\"contentUrl\":\"https:\\\/\\\/secure.gravatar.com\\\/avatar\\\/661ab3e27256975e79639c97a039adabdf47fbcdcd1883bad66ee2e8b41bdfa7?s=96&d=mm&r=g\",\"caption\":\"Guy Delsaut\"},\"url\":\"https:\\\/\\\/www.abd-bvd.be\\\/nl\\\/author\\\/guy-delsaut\\\/\"}]}<\/script>\n<!-- \/ Yoast SEO plugin. -->","yoast_head_json":{"title":"Doc'Moment Kennismanagement: voor alle bedrijfsklassen? - ABD-BVD","description":"Op 22 maart organiseert de ABD-BVD een Doc\u2019Moment over het kennismanagement, met Fran\u00e7oise Rossion, Jo Van der Spiegel en Corentin Roulin.","robots":{"index":"index","follow":"follow","max-snippet":"max-snippet:-1","max-image-preview":"max-image-preview:large","max-video-preview":"max-video-preview:-1"},"canonical":"https:\/\/www.abd-bvd.be\/nl\/evenementen\/docmoment-maart2017\/","og_locale":"nl_NL","og_type":"article","og_title":"Doc'Moment Kennismanagement: voor alle bedrijfsklassen? - ABD-BVD","og_description":"Op 22 maart organiseert de ABD-BVD een Doc\u2019Moment over het kennismanagement, met Fran\u00e7oise Rossion, Jo Van der Spiegel en Corentin Roulin.","og_url":"https:\/\/www.abd-bvd.be\/nl\/evenementen\/docmoment-maart2017\/","og_site_name":"ABD-BVD","article_published_time":"2017-01-07T12:36:31+00:00","article_modified_time":"2017-03-14T11:21:36+00:00","author":"Guy Delsaut","twitter_card":"summary_large_image","twitter_misc":{"Geschreven door":"Guy Delsaut","Geschatte leestijd":"1 minuut"},"schema":{"@context":"https:\/\/schema.org","@graph":[{"@type":"Article","@id":"https:\/\/www.abd-bvd.be\/nl\/evenementen\/docmoment-maart2017\/#article","isPartOf":{"@id":"https:\/\/www.abd-bvd.be\/nl\/evenementen\/docmoment-maart2017\/"},"author":{"name":"Guy Delsaut","@id":"https:\/\/www.abd-bvd.be\/fr\/#\/schema\/person\/b16d2027ba7bd24752b02f45e6c2d628"},"headline":"Doc&#8217;Moment Kennismanagement: voor alle bedrijfsklassen?","datePublished":"2017-01-07T12:36:31+00:00","dateModified":"2017-03-14T11:21:36+00:00","mainEntityOfPage":{"@id":"https:\/\/www.abd-bvd.be\/nl\/evenementen\/docmoment-maart2017\/"},"wordCount":141,"articleSection":["Evenementen"],"inLanguage":"nl-NL"},{"@type":"WebPage","@id":"https:\/\/www.abd-bvd.be\/nl\/evenementen\/docmoment-maart2017\/","url":"https:\/\/www.abd-bvd.be\/nl\/evenementen\/docmoment-maart2017\/","name":"Doc'Moment Kennismanagement: voor alle bedrijfsklassen? - ABD-BVD","isPartOf":{"@id":"https:\/\/www.abd-bvd.be\/fr\/#website"},"datePublished":"2017-01-07T12:36:31+00:00","dateModified":"2017-03-14T11:21:36+00:00","author":{"@id":"https:\/\/www.abd-bvd.be\/fr\/#\/schema\/person\/b16d2027ba7bd24752b02f45e6c2d628"},"description":"Op 22 maart organiseert de ABD-BVD een Doc\u2019Moment over het kennismanagement, met Fran\u00e7oise Rossion, Jo Van der Spiegel en Corentin Roulin.","breadcrumb":{"@id":"https:\/\/www.abd-bvd.be\/nl\/evenementen\/docmoment-maart2017\/#breadcrumb"},"inLanguage":"nl-NL","potentialAction":[{"@type":"ReadAction","target":["https:\/\/www.abd-bvd.be\/nl\/evenementen\/docmoment-maart2017\/"]}]},{"@type":"BreadcrumbList","@id":"https:\/\/www.abd-bvd.be\/nl\/evenementen\/docmoment-maart2017\/#breadcrumb","itemListElement":[{"@type":"ListItem","position":1,"name":"Accueil","item":"https:\/\/www.abd-bvd.be\/nl\/"},{"@type":"ListItem","position":2,"name":"Doc&#8217;Moment Kennismanagement: voor alle bedrijfsklassen?"}]},{"@type":"WebSite","@id":"https:\/\/www.abd-bvd.be\/fr\/#website","url":"https:\/\/www.abd-bvd.be\/fr\/","name":"ABD-BVD","description":"association Belge de documentation - Belgische verniging voor documentatie","potentialAction":[{"@type":"SearchAction","target":{"@type":"EntryPoint","urlTemplate":"https:\/\/www.abd-bvd.be\/fr\/?s={search_term_string}"},"query-input":{"@type":"PropertyValueSpecification","valueRequired":true,"valueName":"search_term_string"}}],"inLanguage":"nl-NL"},{"@type":"Person","@id":"https:\/\/www.abd-bvd.be\/fr\/#\/schema\/person\/b16d2027ba7bd24752b02f45e6c2d628","name":"Guy Delsaut","image":{"@type":"ImageObject","inLanguage":"nl-NL","@id":"https:\/\/secure.gravatar.com\/avatar\/661ab3e27256975e79639c97a039adabdf47fbcdcd1883bad66ee2e8b41bdfa7?s=96&d=mm&r=g","url":"https:\/\/secure.gravatar.com\/avatar\/661ab3e27256975e79639c97a039adabdf47fbcdcd1883bad66ee2e8b41bdfa7?s=96&d=mm&r=g","contentUrl":"https:\/\/secure.gravatar.com\/avatar\/661ab3e27256975e79639c97a039adabdf47fbcdcd1883bad66ee2e8b41bdfa7?s=96&d=mm&r=g","caption":"Guy Delsaut"},"url":"https:\/\/www.abd-bvd.be\/nl\/author\/guy-delsaut\/"}]}},"_links":{"self":[{"href":"https:\/\/www.abd-bvd.be\/nl\/wp-json\/wp\/v2\/posts\/7844","targetHints":{"allow":["GET"]}}],"collection":[{"href":"https:\/\/www.abd-bvd.be\/nl\/wp-json\/wp\/v2\/posts"}],"about":[{"href":"https:\/\/www.abd-bvd.be\/nl\/wp-json\/wp\/v2\/types\/post"}],"author":[{"embeddable":true,"href":"https:\/\/www.abd-bvd.be\/nl\/wp-json\/wp\/v2\/users\/5"}],"replies":[{"embeddable":true,"href":"https:\/\/www.abd-bvd.be\/nl\/wp-json\/wp\/v2\/comments?post=7844"}],"version-history":[{"count":0,"href":"https:\/\/www.abd-bvd.be\/nl\/wp-json\/wp\/v2\/posts\/7844\/revisions"}],"wp:attachment":[{"href":"https:\/\/www.abd-bvd.be\/nl\/wp-json\/wp\/v2\/media?parent=7844"}],"wp:term":[{"taxonomy":"category","embeddable":true,"href":"https:\/\/www.abd-bvd.be\/nl\/wp-json\/wp\/v2\/categories?post=7844"},{"taxonomy":"post_tag","embeddable":true,"href":"https:\/\/www.abd-bvd.be\/nl\/wp-json\/wp\/v2\/tags?post=7844"}],"curies":[{"name":"wp","href":"https:\/\/api.w.org\/{rel}","templated":true}]}}