{"id":7142,"date":"2017-01-08T20:23:38","date_gmt":"2017-01-08T19:23:38","guid":{"rendered":"http:\/\/www.abd-bvd.be\/?p=7142\/"},"modified":"2017-05-15T16:18:18","modified_gmt":"2017-05-15T14:18:18","slug":"inforum-2017","status":"publish","type":"post","link":"https:\/\/www.abd-bvd.be\/nl\/evenementen\/inforum-2017\/","title":{"rendered":"Inforum 2017 Changing publics, changing services"},"content":{"rendered":"<p style=\"text-align: left;\"><strong>Donderdag\u00a018 mei 2017 (09:00 \u2013 17:00)<\/strong><\/p>\n<p style=\"text-align: left;\"><a class=\"lightbox\" href=\"https:\/\/www.abd-bvd.be\/wp-content\/uploads\/Inforum-2017_Affiche_Web.pdf\" target=\"_blank\" rel=\"noopener noreferrer\"><img loading=\"lazy\" decoding=\"async\" width=\"500\" height=\"708\" class=\"size-medium wp-image-8436 aligncenter\" src=\"https:\/\/www.abd-bvd.be\/wp-content\/uploads\/Inforum-2017_affiche_image.jpg\" alt=\"\" srcset=\"https:\/\/www.abd-bvd.be\/wp-content\/uploads\/Inforum-2017_affiche_image.jpg 500w, https:\/\/www.abd-bvd.be\/wp-content\/uploads\/Inforum-2017_affiche_image-212x300.jpg 212w\" sizes=\"auto, (max-width: 500px) 100vw, 500px\" \/><\/a><\/p>\n<p style=\"text-align: right;\"><span class=\"file-button\"><a href=\"https:\/\/www.abd-bvd.be\/nl\/activiteiten-en-evenementen\/inschrijven-voor-inforum\/\">Inschrijven voor Inforum<\/a><\/span><\/p>\n<h2>Voormiddag<\/h2>\n<p>Moderator:\u00a0<strong>Filip Callewaert<\/strong>, verantwoordelijke Informatie- en Archiefbeheer, Gemeentelijk Havenbedrijf Antwerpen<\/p>\n<h3><span style=\"color: #808080;\">9:00-9:30<\/span> Onthaal<\/h3>\n<h3><span style=\"color: #808080;\">9:30-9:45<\/span> Inleiding en voorstelling van de dag<\/h3>\n<p><strong>Guy Delsaut<\/strong>, voorzitter ABD-BVD<br \/>\n<strong>Sara Lammens<\/strong>,\u00a0algemeen directeur a.i. Koninklijke Bibliotheek van Belgi\u00eb<br \/>\n<strong>Marc Van den Bergh<\/strong>, vice-voorzitter ABD-BVD, co\u00f6rdinator Inforum 2017<\/p>\n<h3><span style=\"color: #808080;\">9:45-10:30<\/span> De evolutie van de documentatiefunctie: gebruikers, structuren en informatie- en documentatieprofessionals<\/h3>\n<p>door <strong>Sophie Ranjard<\/strong>, onderzoeksverantwoordelijke, Kynos<\/p>\n<p style=\"text-align: justify;\">Het documentatielandschap heeft zich binnen de bedrijfswereld duurzaam ontwikkeld door de dematerialisering van data en het verstrekken van een gedetaillerder\u00a0en\u00a0een eenvoudiger toegankelijke content voor de gebruikers. Niettegenstaande documentatiestructuren minder zichtbaar werden binnen de informatie omgeving, blijven informatie- en documentatieprofessionals nog steeds actief op het vlak van contentattendering, documentaire portals en de dienstverlening aan de gebruikers. Aan de hand van enqu\u00eates naar de informatiebehoeften en de uitwisseling van ervaringen tussen professionals kan men komen tot een interne herpositionering van de I&amp;D-deskundige.<\/p>\n<h3><span style=\"color: #808080;\">10:30-11:00<\/span> Netwerkmoment<\/h3>\n<p>u aangeboden door<\/p>\n<p><a href=\"http:\/\/www.jlbinfo.com\/\" target=\"_blank\" rel=\"noopener noreferrer\"><img loading=\"lazy\" decoding=\"async\" class=\"alignnone wp-image-7811\" src=\"https:\/\/www.abd-bvd.be\/wp-content\/uploads\/JLB-logo.png\" alt=\"\" width=\"138\" height=\"60\" \/><\/a><\/p>\n<h3><span style=\"color: #808080;\">11:00-11:45 <\/span>Welke rol voor wetenschappelijke bibliotheken in een veranderende studie- en publicatieomgeving<\/h3>\n<p>door <strong>Hilde Van Kiel<\/strong>, directeur KU Leuven Bibliotheken<\/p>\n<p style=\"text-align: justify;\">Het academisch onderwijs onderging de afgelopen jaren grondige wijzigingen: meer zelfstudie, meer groepswerken, minder ex cathedra onderwijs. Ook de volgende jaren zien we nog sterke evoluties waarbij onderwijs en onderzoek nog dichter bij elkaar worden geplaatst. Hoe hebben onze wetenschappelijke bibliotheken deze veranderingen gevoeld en hoe spelen we nu en in de toekomst hier op een adequate manier op in? Hoe meten we of onze aanpassingen voldoen aan de verwachtingen?<\/p>\n<p style=\"text-align: justify;\">De onderwijsevolutie wordt vooral op ruimtelijk vlak gevoeld door de bibliotheken maar ook de absolute kern van onze activiteiten, namelijk informatievoorziening, nadert een kantelpunt. Funders, universiteiten en onderzoekers beseffen dat het huidige publicatiemodel anders kan en moet. Hoe volgen bibliotheken dit op en wat zijn gevolgen voor onze wijze van betrokkenheid, ons personeelsbestand en de verwachtingen van onderzoekers naar wetenschappelijke bibliotheken als informatievoorzieners?<\/p>\n<h3><span style=\"color: #808080;\">11:45-12:30<\/span> Allemaal rond de tafel bij kunst- en museumbibliotheken<\/h3>\n<p>door <strong>Ingrid De Pourcq<\/strong>,\u00a0bibliothecaris Koninklijk Museum voor Schone Kunsten Antwerpen (KMSKA), bestuurslid Overleg Kunstbibliotheken Vlaanderen (OKBV)<\/p>\n<p style=\"text-align: justify;\">Het Overleg Kunstbibliotheken Vlaanderen (OKBV) organiseert geregeld een rondetafelgesprek voor kunst- en museumbibliothecarissen. Het is h\u00e9t moment om met 12 collega\u2019s op basis van 5 stellingen rond een thema te discussi\u00ebren en best practices uit te wisselen.<\/p>\n<p style=\"text-align: justify;\">De thema\u2019s vari\u00ebren maar telkens komen dezelfde vragen bovendrijven: voor wie werken we, wat willen onze gebruikers, wat betekenen we voor hen? Kunstbibliotheken sluiten zich aan bij de wensen en noden van de grotere organisatie, het museum of de school of arts, de eerste gebruikerskring. Onderzoekers en studenten willen informatie over een onderwerp op \u00e9\u00e9n (digitale) plek vinden. Samenwerking met archief, beeldbeheer en onderzoek is essentieel om volledige informatie over kunst- en erfgoedcollecties te bezorgen. Er komen vragen uit andere musea, nationaal en internationaal. Hoe bereik je de museumbezoeker? Welke rol spelen we bij de bredere appreciatie van kunstcollecties? Welke invloed heeft dit op de bibliotheekwerking, op communicatie en collectiebeleid?<\/p>\n<h2>Lunch<\/h2>\n<h2>Namiddag<\/h2>\n<p>Moderator: <strong>Sophie Vandepontseele<\/strong>, Directeur Hedendaagse verzamelingen, Koninklijke Bibliotheek van Belgi\u00eb<\/p>\n<h3><span style=\"color: #808080;\">14:00-14:20<\/span> Uitreiking ABD-BVD-Prijs<\/h3>\n<p>door <strong>Sara Decoster<\/strong>,\u00a0bestuurder ABD-BVD, jurylid ABD-BVD-Prijs<\/p>\n<h3><span style=\"color: #808080;\">14:20-15:05 <\/span>Nieuwe publieken, nieuwe dienstverlening<\/h3>\n<p>door <strong>Thierry Pard\u00e9<\/strong>, afgevaardigde voor strategie en onderzoek, Biblioth\u00e8que nationale de France<\/p>\n<p style=\"text-align: justify;\">De digitale revolutie en de gedragswijzigingen van de gebruikers nodigen bibliotheken uit om hun dienstverlening te hertekenen. De recente idee\u00ebn van een aantal studenten industri\u00eble vormgeving over het aanbod van de Biblioth\u00e8que nationale de France gaven een aanzet tot verandering. De drang om te vernieuwen dient rekening te houden met de aspiraties van de huidige bibliotheekbezoeker die dikwijls conservatiever is ingesteld wat betreft de opvatting over de te vervullen functie van bibliotheken binnen de maatschappij. Voortgaande op recente rondvragen worden zonder de noodzakelijke evoluties af te remmen, een aantal fundamenten aangehaald om de bibliotheek te laten uitgroeien tot een informele en ongedifferentieerde culturele omgeving.<\/p>\n<h3><span style=\"color: #808080;\">15:05-15:50<\/span> Een huis vol studenten<\/h3>\n<p>door <strong>Leen Lekens<\/strong>, hoofdbibliothecaris Muntpunt<\/p>\n<p style=\"text-align: justify;\">Sedert enkele jaren doet zich een nieuw fenomeen voor, jonge mensen (studenten \u00e9n scholieren) hebben de bib ontdekt om er in groep te komen studeren. Deze nieuwe groep gebruikers vond spontaan de weg naar onze bibliotheken.\u00a0 Zij zijn op zoek naar stilte en een omgeving die er voor zorgt dat ze niet afgeleid worden door social media. Het voorbeeld van Muntpunt, de Hoofdstedelijke Openbare Bibliotheek in Brussel, laat zien dat studenten al veel eerder de weg naar de bibliotheek hebben gevonden. Hoewel Muntpunt nooit promotie heeft gevoerd om zich te profileren als een studieplek maken studenten vandaag de dag massaal gebruik van deze dienstverlening. Een verslag over een interessante gebruikersgroep die niemand onberoerd laat.<\/p>\n<h3><span style=\"color: #808080;\">15:50-16:00 <\/span>Uitleiding van de dag<\/h3>\n<p>door <strong>Marc Van den Bergh<\/strong>, vice-voorzitter ABD-BVD, co\u00f6rdinator Inforum 2017<\/p>\n<h3><span style=\"color: #808080;\">16:00-17:00<\/span> Receptie<\/h3>\n<h2><strong>Praktische informatie<\/strong><\/h2>\n<p><strong>Datum<\/strong>: donderdag 18 mei 2017<\/p>\n<p><strong>Plaats<\/strong>: Lippenszaal, Koninklijke Bibliotheek van Belgi\u00eb, Keizerslaan 2, 1000 Brussel<\/p>\n<p><strong>Talen<\/strong>: Simultaanvertaling Frans\/Nederlands en Nederlands\/Frans<\/p>\n<p><strong>Inschrijvingskosten<\/strong>:<\/p>\n<table>\n<tbody>\n<tr>\n<td><\/td>\n<td style=\"text-align: center;\">ABD-BVD-leden<\/td>\n<td style=\"text-align: center;\">leden verwante<br \/>\nverenigingen(*)<\/td>\n<td style=\"text-align: center;\">niet-leden<\/td>\n<\/tr>\n<tr>\n<td>Conferentie<\/td>\n<td style=\"text-align: center;\">gratis<\/td>\n<td style=\"text-align: center;\">\u20ac 100<\/td>\n<td style=\"text-align: center;\">\u20ac 200<\/td>\n<\/tr>\n<tr>\n<td>Lunch<\/td>\n<td style=\"text-align: center;\">\u20ac 25<\/td>\n<td style=\"text-align: center;\">\u20ac 25<\/td>\n<td style=\"text-align: center;\">\u20ac 25<\/td>\n<\/tr>\n<\/tbody>\n<\/table>\n<p>(*) Indien aantoonbaar lid van een van volgende verenigingen geniet u van het voordeeltarief:<\/p>\n<p>AAFB, ABBEF, ABF, ADBS, AGBD, AIFBD, APDB, ALBAD, BIBForum, BIS, CILIP, DGI, FAF, Fedisa Belgium, FELNET, FIBBC, KEI, KNVI, OKVB, RBD Sant\u00e9\u00a0of VVBAD.<\/p>\n<p>De inschrijving geeft toegang tot de lezingen en recht op de documentatie alsook de koffie\/verfrissingen.<\/p>\n<p>U kan lid worden van ABD-BVD <a href=\"https:\/\/www.abd-bvd.be\/nl\/abd-bvd\/lid-worden\/\">on line op deze website<\/a>. Lidmaatschap geeft tal van voordelen en schommelt tussen \u20ac 12,50 voor studenten en \u20ac 150 voor ondernemingen en ministeries.<\/p>\n<p style=\"text-align: right;\"><span class=\"file-button\"><a href=\"https:\/\/www.abd-bvd.be\/nl\/activiteiten-en-evenementen\/inschrijven-voor-inforum\/\">Inschrijven voor Inforum<\/a><\/span><\/p>\n<p><strong>Annulatie:<\/strong><\/p>\n<p>Een deelnemer die de conferentie niet kan bijwonen, mag zich laten vervangen indien hij 24 uur op voorhand het secretariaat verwittigt via <a href=\"mailto:inforum@abd-bvd.be\">inforum@abd-bvd.be<\/a>. Annuleren (conferentie en\/of lunch) kan tot en met\u00a011 mei 2017.<\/p>\n<p><strong>Inlichtingen:<\/strong><\/p>\n<p style=\"text-align: justify;\">Voor verdere inlichtingen kan u contact nemen met de Belgische Vereniging voor Documentatie via <a href=\"mailto:inforum@abd-bvd.be\">inforum@abd-bvd.be<\/a>.<\/p>\n<p><strong>Hoe naar de Koninklijke Bibliotheek van Belgi\u00eb:<\/strong><\/p>\n<p><strong>Opgelet<\/strong>: Om veiligheidsredenen is enkel de ingang op de Kunstberg (ingang nr. 1 op het toegangsplan) open voor het publiek. Er zal ook een verscherpte toegangscontrole plaatsvinden. <strong>Gelieve u dan ook tijdig aan te melden. <\/strong><\/p>\n<p><strong>Toegangsplan:<\/strong><br \/>\n<span class=\"file-button\"><a href=\"http:\/\/www.kbr.be\/sites\/default\/files\/content\/pdf\/Praktisch_pratique\/bereikbaarheidsplan_plandacces.pdf\" target=\"_blank\" rel=\"noopener noreferrer\"><span style=\"color: #ffffff;\">Download (FR-NL)<\/span><\/a><\/span><\/p>\n<p><strong>Affiche:<\/strong><\/p>\n<p><span class=\"file-button\"><a href=\"https:\/\/www.abd-bvd.be\/wp-content\/uploads\/Inforum-2017_Affiche_Print.pdf\" target=\"_blank\" rel=\"noopener noreferrer\"><span style=\"color: #ffffff;\">Download affiche in HD<\/span><\/a><\/span><\/p>\n<p><strong>in samenwerking met:<\/strong><\/p>\n<p><a class=\"lightbox\" href=\"http:\/\/www.kbr.be\/\" target=\"_blank\" rel=\"noopener noreferrer\"><img loading=\"lazy\" decoding=\"async\" class=\"wp-image-1722 alignleft\" src=\"https:\/\/www.abd-bvd.be\/wp-content\/uploads\/KBR-logo-2016.png\" alt=\"Biblioth\u00e8que royale de Belgique - logo\" width=\"300\" height=\"105\" \/><\/a><\/p>\n<p>&nbsp;<\/p>\n<p>&nbsp;<\/p>\n<p><strong>met de steun van:<\/strong><\/p>\n<table style=\"background-color: #fcfcfc;\">\n<tbody>\n<tr style=\"border-color: #fcfcfc; background-color: #fcfcfc;\">\n<td><a class=\"lightbox\" href=\"https:\/\/www.ebsco.com\/\" target=\"_blank\" rel=\"noopener noreferrer\"><img decoding=\"async\" class=\"wp-image-1722 aligncenter\" src=\"https:\/\/www.abd-bvd.be\/wp-content\/uploads\/EBSCO-logo2017.jpg\" alt=\"EBSCO logo\" width=\"140\" \/><\/a><\/td>\n<td><a class=\"lightbox\" href=\"http:\/\/www.iriscorporate.com\" target=\"_blank\" rel=\"noopener noreferrer\"><img decoding=\"async\" class=\"wp-image-1722 aligncenter\" src=\"https:\/\/www.abd-bvd.be\/wp-content\/uploads\/IRIS_Canon-logo-400px.jpg\" alt=\"IRIS logo\" width=\"110\" \/><\/a><\/td>\n<td><a class=\"lightbox\" href=\"http:\/\/www.jlbinfo.com\/\" target=\"_blank\" rel=\"noopener noreferrer\"><img loading=\"lazy\" decoding=\"async\" class=\"wp-image-1722 vertical-align:center \" src=\"https:\/\/www.abd-bvd.be\/wp-content\/uploads\/JLB-logo.png\" alt=\"JLB Informatique logo\" width=\"120\" height=\"42\" \/><\/a><\/td>\n<\/tr>\n<tr style=\"border-color: #fcfcfc; background-color: #fcfcfc;\">\n<td><a class=\"lightbox\" href=\"http:\/\/www.lminfo.be\/\" target=\"_blank\" rel=\"noopener noreferrer\"><img decoding=\"async\" class=\"wp-image-1722 aligncenter\" src=\"https:\/\/www.abd-bvd.be\/wp-content\/uploads\/logo_lm_2015.png\" alt=\"LM logo\" width=\"110\" \/><\/a><\/td>\n<td><a class=\"lightbox\" href=\"http:\/\/www.partnerpress.be\/\" target=\"_blank\" rel=\"noopener noreferrer\"><img loading=\"lazy\" decoding=\"async\" class=\"wp-image-1722 aligncenter\" src=\"https:\/\/www.abd-bvd.be\/wp-content\/uploads\/PartnerPress-logo.jpg\" alt=\"Partner Press logo\" width=\"180\" height=\"63\" \/><\/a><\/td>\n<td><\/td>\n<\/tr>\n<\/tbody>\n<\/table>\n<p>&nbsp;<\/p>\n<p>&nbsp;<\/p>\n","protected":false},"excerpt":{"rendered":"<p>Donderdag\u00a018 mei 2017 (09:00 \u2013 17:00) Inschrijven voor Inforum Voormiddag Moderator:\u00a0Filip Callewaert, verantwoordelijke Informatie- en Archiefbeheer, Gemeentelijk Havenbedrijf Antwerpen 9:00-9:30 Onthaal 9:30-9:45 Inleiding en voorstelling van de dag Guy Delsaut, voorzitter ABD-BVD Sara Lammens,\u00a0algemeen directeur a.i. Koninklijke Bibliotheek van Belgi\u00eb Marc Van den Bergh, vice-voorzitter ABD-BVD, co\u00f6rdinator Inforum 2017 9:45-10:30 De evolutie van de documentatiefunctie: [&hellip;]<\/p>\n","protected":false},"author":5,"featured_media":0,"comment_status":"closed","ping_status":"open","sticky":false,"template":"","format":"standard","meta":{"_acf_changed":false,"footnotes":"","_wpscppro_dont_share_socialmedia":false,"_wpscppro_custom_social_share_image":0,"_facebook_share_type":"","_twitter_share_type":"","_linkedin_share_type":"","_pinterest_share_type":"","_linkedin_share_type_page":"","_instagram_share_type":"","_medium_share_type":"","_threads_share_type":"","_google_business_share_type":"","_selected_social_profile":[],"_wpsp_enable_custom_social_template":false,"_wpsp_social_scheduling":{"enabled":false,"datetime":null,"platforms":[],"status":"template_only","dateOption":"today","timeOption":"now","customDays":"","customHours":"","customDate":"","customTime":"","schedulingType":"absolute"},"_wpsp_active_default_template":true},"categories":[85],"tags":[],"class_list":["post-7142","post","type-post","status-publish","format-standard","hentry","category-evenementen"],"acf":[],"yoast_head":"<!-- This site is optimized with the Yoast SEO plugin v27.4 - https:\/\/yoast.com\/product\/yoast-seo-wordpress\/ -->\n<title>Inforum 2017 Changing publics, changing services - ABD-BVD<\/title>\n<meta name=\"description\" content=\"Inforum 2017 &quot;Changing Publics, Changing Services&quot; gaat door op 18 mei in de Koninklijke Bibliotheek van Belgi\u00eb. Gelieve deze dag in uw agenda te pinnen.\" \/>\n<meta name=\"robots\" content=\"index, follow, max-snippet:-1, max-image-preview:large, max-video-preview:-1\" \/>\n<link rel=\"canonical\" href=\"https:\/\/www.abd-bvd.be\/nl\/evenementen\/inforum-2017\/\" \/>\n<meta property=\"og:locale\" content=\"nl_NL\" \/>\n<meta property=\"og:type\" content=\"article\" \/>\n<meta property=\"og:title\" content=\"Inforum 2017 Changing publics, changing services - ABD-BVD\" \/>\n<meta property=\"og:description\" content=\"Inforum 2017 &quot;Changing Publics, Changing Services&quot; gaat door op 18 mei in de Koninklijke Bibliotheek van Belgi\u00eb. Gelieve deze dag in uw agenda te pinnen.\" \/>\n<meta property=\"og:url\" content=\"https:\/\/www.abd-bvd.be\/nl\/evenementen\/inforum-2017\/\" \/>\n<meta property=\"og:site_name\" content=\"ABD-BVD\" \/>\n<meta property=\"article:published_time\" content=\"2017-01-08T19:23:38+00:00\" \/>\n<meta property=\"article:modified_time\" content=\"2017-05-15T14:18:18+00:00\" \/>\n<meta property=\"og:image\" content=\"https:\/\/www.abd-bvd.be\/wp-content\/uploads\/Inforum-2017_affiche_image.jpg\" \/>\n<meta name=\"author\" content=\"Guy Delsaut\" \/>\n<meta name=\"twitter:card\" content=\"summary_large_image\" \/>\n<meta name=\"twitter:label1\" content=\"Geschreven door\" \/>\n\t<meta name=\"twitter:data1\" content=\"Guy Delsaut\" \/>\n\t<meta name=\"twitter:label2\" content=\"Geschatte leestijd\" \/>\n\t<meta name=\"twitter:data2\" content=\"5 minuten\" \/>\n<script type=\"application\/ld+json\" class=\"yoast-schema-graph\">{\"@context\":\"https:\\\/\\\/schema.org\",\"@graph\":[{\"@type\":\"Article\",\"@id\":\"https:\\\/\\\/www.abd-bvd.be\\\/nl\\\/evenementen\\\/inforum-2017\\\/#article\",\"isPartOf\":{\"@id\":\"https:\\\/\\\/www.abd-bvd.be\\\/nl\\\/evenementen\\\/inforum-2017\\\/\"},\"author\":{\"name\":\"Guy Delsaut\",\"@id\":\"https:\\\/\\\/www.abd-bvd.be\\\/fr\\\/#\\\/schema\\\/person\\\/b16d2027ba7bd24752b02f45e6c2d628\"},\"headline\":\"Inforum 2017 Changing publics, changing services\",\"datePublished\":\"2017-01-08T19:23:38+00:00\",\"dateModified\":\"2017-05-15T14:18:18+00:00\",\"mainEntityOfPage\":{\"@id\":\"https:\\\/\\\/www.abd-bvd.be\\\/nl\\\/evenementen\\\/inforum-2017\\\/\"},\"wordCount\":1001,\"image\":{\"@id\":\"https:\\\/\\\/www.abd-bvd.be\\\/nl\\\/evenementen\\\/inforum-2017\\\/#primaryimage\"},\"thumbnailUrl\":\"https:\\\/\\\/www.abd-bvd.be\\\/wp-content\\\/uploads\\\/Inforum-2017_affiche_image.jpg\",\"articleSection\":[\"Evenementen\"],\"inLanguage\":\"nl-NL\"},{\"@type\":\"WebPage\",\"@id\":\"https:\\\/\\\/www.abd-bvd.be\\\/nl\\\/evenementen\\\/inforum-2017\\\/\",\"url\":\"https:\\\/\\\/www.abd-bvd.be\\\/nl\\\/evenementen\\\/inforum-2017\\\/\",\"name\":\"Inforum 2017 Changing publics, changing services - ABD-BVD\",\"isPartOf\":{\"@id\":\"https:\\\/\\\/www.abd-bvd.be\\\/fr\\\/#website\"},\"primaryImageOfPage\":{\"@id\":\"https:\\\/\\\/www.abd-bvd.be\\\/nl\\\/evenementen\\\/inforum-2017\\\/#primaryimage\"},\"image\":{\"@id\":\"https:\\\/\\\/www.abd-bvd.be\\\/nl\\\/evenementen\\\/inforum-2017\\\/#primaryimage\"},\"thumbnailUrl\":\"https:\\\/\\\/www.abd-bvd.be\\\/wp-content\\\/uploads\\\/Inforum-2017_affiche_image.jpg\",\"datePublished\":\"2017-01-08T19:23:38+00:00\",\"dateModified\":\"2017-05-15T14:18:18+00:00\",\"author\":{\"@id\":\"https:\\\/\\\/www.abd-bvd.be\\\/fr\\\/#\\\/schema\\\/person\\\/b16d2027ba7bd24752b02f45e6c2d628\"},\"description\":\"Inforum 2017 \\\"Changing Publics, Changing Services\\\" gaat door op 18 mei in de Koninklijke Bibliotheek van Belgi\u00eb. Gelieve deze dag in uw agenda te pinnen.\",\"breadcrumb\":{\"@id\":\"https:\\\/\\\/www.abd-bvd.be\\\/nl\\\/evenementen\\\/inforum-2017\\\/#breadcrumb\"},\"inLanguage\":\"nl-NL\",\"potentialAction\":[{\"@type\":\"ReadAction\",\"target\":[\"https:\\\/\\\/www.abd-bvd.be\\\/nl\\\/evenementen\\\/inforum-2017\\\/\"]}]},{\"@type\":\"ImageObject\",\"inLanguage\":\"nl-NL\",\"@id\":\"https:\\\/\\\/www.abd-bvd.be\\\/nl\\\/evenementen\\\/inforum-2017\\\/#primaryimage\",\"url\":\"https:\\\/\\\/www.abd-bvd.be\\\/wp-content\\\/uploads\\\/Inforum-2017_affiche_image.jpg\",\"contentUrl\":\"https:\\\/\\\/www.abd-bvd.be\\\/wp-content\\\/uploads\\\/Inforum-2017_affiche_image.jpg\"},{\"@type\":\"BreadcrumbList\",\"@id\":\"https:\\\/\\\/www.abd-bvd.be\\\/nl\\\/evenementen\\\/inforum-2017\\\/#breadcrumb\",\"itemListElement\":[{\"@type\":\"ListItem\",\"position\":1,\"name\":\"Accueil\",\"item\":\"https:\\\/\\\/www.abd-bvd.be\\\/nl\\\/\"},{\"@type\":\"ListItem\",\"position\":2,\"name\":\"Inforum 2017 Changing publics, changing services\"}]},{\"@type\":\"WebSite\",\"@id\":\"https:\\\/\\\/www.abd-bvd.be\\\/fr\\\/#website\",\"url\":\"https:\\\/\\\/www.abd-bvd.be\\\/fr\\\/\",\"name\":\"ABD-BVD\",\"description\":\"association Belge de documentation - Belgische verniging voor documentatie\",\"potentialAction\":[{\"@type\":\"SearchAction\",\"target\":{\"@type\":\"EntryPoint\",\"urlTemplate\":\"https:\\\/\\\/www.abd-bvd.be\\\/fr\\\/?s={search_term_string}\"},\"query-input\":{\"@type\":\"PropertyValueSpecification\",\"valueRequired\":true,\"valueName\":\"search_term_string\"}}],\"inLanguage\":\"nl-NL\"},{\"@type\":\"Person\",\"@id\":\"https:\\\/\\\/www.abd-bvd.be\\\/fr\\\/#\\\/schema\\\/person\\\/b16d2027ba7bd24752b02f45e6c2d628\",\"name\":\"Guy Delsaut\",\"image\":{\"@type\":\"ImageObject\",\"inLanguage\":\"nl-NL\",\"@id\":\"https:\\\/\\\/secure.gravatar.com\\\/avatar\\\/661ab3e27256975e79639c97a039adabdf47fbcdcd1883bad66ee2e8b41bdfa7?s=96&d=mm&r=g\",\"url\":\"https:\\\/\\\/secure.gravatar.com\\\/avatar\\\/661ab3e27256975e79639c97a039adabdf47fbcdcd1883bad66ee2e8b41bdfa7?s=96&d=mm&r=g\",\"contentUrl\":\"https:\\\/\\\/secure.gravatar.com\\\/avatar\\\/661ab3e27256975e79639c97a039adabdf47fbcdcd1883bad66ee2e8b41bdfa7?s=96&d=mm&r=g\",\"caption\":\"Guy Delsaut\"},\"url\":\"https:\\\/\\\/www.abd-bvd.be\\\/nl\\\/author\\\/guy-delsaut\\\/\"}]}<\/script>\n<!-- \/ Yoast SEO plugin. -->","yoast_head_json":{"title":"Inforum 2017 Changing publics, changing services - ABD-BVD","description":"Inforum 2017 \"Changing Publics, Changing Services\" gaat door op 18 mei in de Koninklijke Bibliotheek van Belgi\u00eb. Gelieve deze dag in uw agenda te pinnen.","robots":{"index":"index","follow":"follow","max-snippet":"max-snippet:-1","max-image-preview":"max-image-preview:large","max-video-preview":"max-video-preview:-1"},"canonical":"https:\/\/www.abd-bvd.be\/nl\/evenementen\/inforum-2017\/","og_locale":"nl_NL","og_type":"article","og_title":"Inforum 2017 Changing publics, changing services - ABD-BVD","og_description":"Inforum 2017 \"Changing Publics, Changing Services\" gaat door op 18 mei in de Koninklijke Bibliotheek van Belgi\u00eb. Gelieve deze dag in uw agenda te pinnen.","og_url":"https:\/\/www.abd-bvd.be\/nl\/evenementen\/inforum-2017\/","og_site_name":"ABD-BVD","article_published_time":"2017-01-08T19:23:38+00:00","article_modified_time":"2017-05-15T14:18:18+00:00","og_image":[{"url":"https:\/\/www.abd-bvd.be\/wp-content\/uploads\/Inforum-2017_affiche_image.jpg","type":"","width":"","height":""}],"author":"Guy Delsaut","twitter_card":"summary_large_image","twitter_misc":{"Geschreven door":"Guy Delsaut","Geschatte leestijd":"5 minuten"},"schema":{"@context":"https:\/\/schema.org","@graph":[{"@type":"Article","@id":"https:\/\/www.abd-bvd.be\/nl\/evenementen\/inforum-2017\/#article","isPartOf":{"@id":"https:\/\/www.abd-bvd.be\/nl\/evenementen\/inforum-2017\/"},"author":{"name":"Guy Delsaut","@id":"https:\/\/www.abd-bvd.be\/fr\/#\/schema\/person\/b16d2027ba7bd24752b02f45e6c2d628"},"headline":"Inforum 2017 Changing publics, changing services","datePublished":"2017-01-08T19:23:38+00:00","dateModified":"2017-05-15T14:18:18+00:00","mainEntityOfPage":{"@id":"https:\/\/www.abd-bvd.be\/nl\/evenementen\/inforum-2017\/"},"wordCount":1001,"image":{"@id":"https:\/\/www.abd-bvd.be\/nl\/evenementen\/inforum-2017\/#primaryimage"},"thumbnailUrl":"https:\/\/www.abd-bvd.be\/wp-content\/uploads\/Inforum-2017_affiche_image.jpg","articleSection":["Evenementen"],"inLanguage":"nl-NL"},{"@type":"WebPage","@id":"https:\/\/www.abd-bvd.be\/nl\/evenementen\/inforum-2017\/","url":"https:\/\/www.abd-bvd.be\/nl\/evenementen\/inforum-2017\/","name":"Inforum 2017 Changing publics, changing services - ABD-BVD","isPartOf":{"@id":"https:\/\/www.abd-bvd.be\/fr\/#website"},"primaryImageOfPage":{"@id":"https:\/\/www.abd-bvd.be\/nl\/evenementen\/inforum-2017\/#primaryimage"},"image":{"@id":"https:\/\/www.abd-bvd.be\/nl\/evenementen\/inforum-2017\/#primaryimage"},"thumbnailUrl":"https:\/\/www.abd-bvd.be\/wp-content\/uploads\/Inforum-2017_affiche_image.jpg","datePublished":"2017-01-08T19:23:38+00:00","dateModified":"2017-05-15T14:18:18+00:00","author":{"@id":"https:\/\/www.abd-bvd.be\/fr\/#\/schema\/person\/b16d2027ba7bd24752b02f45e6c2d628"},"description":"Inforum 2017 \"Changing Publics, Changing Services\" gaat door op 18 mei in de Koninklijke Bibliotheek van Belgi\u00eb. Gelieve deze dag in uw agenda te pinnen.","breadcrumb":{"@id":"https:\/\/www.abd-bvd.be\/nl\/evenementen\/inforum-2017\/#breadcrumb"},"inLanguage":"nl-NL","potentialAction":[{"@type":"ReadAction","target":["https:\/\/www.abd-bvd.be\/nl\/evenementen\/inforum-2017\/"]}]},{"@type":"ImageObject","inLanguage":"nl-NL","@id":"https:\/\/www.abd-bvd.be\/nl\/evenementen\/inforum-2017\/#primaryimage","url":"https:\/\/www.abd-bvd.be\/wp-content\/uploads\/Inforum-2017_affiche_image.jpg","contentUrl":"https:\/\/www.abd-bvd.be\/wp-content\/uploads\/Inforum-2017_affiche_image.jpg"},{"@type":"BreadcrumbList","@id":"https:\/\/www.abd-bvd.be\/nl\/evenementen\/inforum-2017\/#breadcrumb","itemListElement":[{"@type":"ListItem","position":1,"name":"Accueil","item":"https:\/\/www.abd-bvd.be\/nl\/"},{"@type":"ListItem","position":2,"name":"Inforum 2017 Changing publics, changing services"}]},{"@type":"WebSite","@id":"https:\/\/www.abd-bvd.be\/fr\/#website","url":"https:\/\/www.abd-bvd.be\/fr\/","name":"ABD-BVD","description":"association Belge de documentation - Belgische verniging voor documentatie","potentialAction":[{"@type":"SearchAction","target":{"@type":"EntryPoint","urlTemplate":"https:\/\/www.abd-bvd.be\/fr\/?s={search_term_string}"},"query-input":{"@type":"PropertyValueSpecification","valueRequired":true,"valueName":"search_term_string"}}],"inLanguage":"nl-NL"},{"@type":"Person","@id":"https:\/\/www.abd-bvd.be\/fr\/#\/schema\/person\/b16d2027ba7bd24752b02f45e6c2d628","name":"Guy Delsaut","image":{"@type":"ImageObject","inLanguage":"nl-NL","@id":"https:\/\/secure.gravatar.com\/avatar\/661ab3e27256975e79639c97a039adabdf47fbcdcd1883bad66ee2e8b41bdfa7?s=96&d=mm&r=g","url":"https:\/\/secure.gravatar.com\/avatar\/661ab3e27256975e79639c97a039adabdf47fbcdcd1883bad66ee2e8b41bdfa7?s=96&d=mm&r=g","contentUrl":"https:\/\/secure.gravatar.com\/avatar\/661ab3e27256975e79639c97a039adabdf47fbcdcd1883bad66ee2e8b41bdfa7?s=96&d=mm&r=g","caption":"Guy Delsaut"},"url":"https:\/\/www.abd-bvd.be\/nl\/author\/guy-delsaut\/"}]}},"_links":{"self":[{"href":"https:\/\/www.abd-bvd.be\/nl\/wp-json\/wp\/v2\/posts\/7142","targetHints":{"allow":["GET"]}}],"collection":[{"href":"https:\/\/www.abd-bvd.be\/nl\/wp-json\/wp\/v2\/posts"}],"about":[{"href":"https:\/\/www.abd-bvd.be\/nl\/wp-json\/wp\/v2\/types\/post"}],"author":[{"embeddable":true,"href":"https:\/\/www.abd-bvd.be\/nl\/wp-json\/wp\/v2\/users\/5"}],"replies":[{"embeddable":true,"href":"https:\/\/www.abd-bvd.be\/nl\/wp-json\/wp\/v2\/comments?post=7142"}],"version-history":[{"count":0,"href":"https:\/\/www.abd-bvd.be\/nl\/wp-json\/wp\/v2\/posts\/7142\/revisions"}],"wp:attachment":[{"href":"https:\/\/www.abd-bvd.be\/nl\/wp-json\/wp\/v2\/media?parent=7142"}],"wp:term":[{"taxonomy":"category","embeddable":true,"href":"https:\/\/www.abd-bvd.be\/nl\/wp-json\/wp\/v2\/categories?post=7142"},{"taxonomy":"post_tag","embeddable":true,"href":"https:\/\/www.abd-bvd.be\/nl\/wp-json\/wp\/v2\/tags?post=7142"}],"curies":[{"name":"wp","href":"https:\/\/api.w.org\/{rel}","templated":true}]}}