{"id":3812,"date":"2012-09-01T17:59:10","date_gmt":"2012-09-01T17:59:10","guid":{"rendered":"http:\/\/www.abd-bvd.be\/nl\/?p=3812"},"modified":"2018-07-25T17:06:30","modified_gmt":"2018-07-25T15:06:30","slug":"2012-3","status":"publish","type":"post","link":"https:\/\/www.abd-bvd.be\/nl\/bladen-voor-documentatie\/2012-3\/","title":{"rendered":"Bladen voor Documentatie 2012\/3 (september 2012)"},"content":{"rendered":"<h2 style=\"text-align: left;\"><a href=\"http:\/\/www.abd-bvd.be\/wp-content\/uploads\/cover2012-3_small.jpg\"><img loading=\"lazy\" decoding=\"async\" class=\"size-full wp-image-1453 alignleft\" src=\"http:\/\/www.abd-bvd.be\/wp-content\/uploads\/cover2012-3_small.jpg\" alt=\"cover2012-3_small\" width=\"135\" height=\"191\" \/><\/a>Woord vooraf<\/h2>\n<p style=\"text-align: justify;\">De maand september, wat ook onze ouderdom mag wezen, zullen wij altijd verbinden met de aanvang van het schooljaar. Het is ook heel moeilijk dit feit te negeren: vanaf de maand augustus of zelfs nog vroeger doen de supermarkten en andere bedrijven er alles aan om er ons attent op te maken zodat je er gewoonweg niet naast kan kijken\u2026<\/p>\n<p style=\"text-align: justify;\">Het is dan ook traditie geworden dat de uitgevers van woordenboeken zoals Van Dale en Larousse ons letterlijk om de oren slaan met nieuw materiaal waarin de laatste (mode)woorden al opgenomen werden. De laatste jaren hebben vooral de nieuwe technologie\u00ebn in verband met informatie en communicatie het mooie weer gemaakt en een aanzienlijk gedeelte van deze nieuwe woorden geleverd. Twee websites hebben overigens dit jaar alle aandacht naar zich toe getrokken: <em>Twitter<\/em> en <em>Facebook<\/em>. Het is zo dat vandaag de meeste kranten een tweet van de Franse First Lady met grote titels aankondigen en dat sommige politici hun populariteit meten aan het aantal vrienden dat zij op <em>Facebook<\/em> bij elkaar hebben gekregen. Het zou bijgevolg jammer zijn dat wij niet zouden kunnen &#8220;tweeten&#8221; en onze gevoelens niet zouden kunnen delen op het &#8220;prikbord&#8221; van onze &#8220;vrienden&#8221; zonder ons hiermee de woede van de taalkundigen op de hals te halen.<\/p>\n<p style=\"text-align: justify;\">Een aantal jaren geleden verscheen het werkwoord &#8220;googelen&#8221; in de Nederlandse taal met als definitie <em>&#8220;zoeken op het internet&#8221;<\/em>; dit had tot gevolg de opzoeking te reduceren tot het gebruik van \u00e9\u00e9n zoekmotor en niet eender dewelke: namelijk <em>Google<\/em>. Hier liet zich g\u00e9\u00e9n enkel ander equivalent gelden in de Franse taal, dit ten overstaan van <em>Twitter<\/em> waar de werkwoorden &#8220;twitter&#8221; of &#8220;tweeter&#8221; hun plaats kregen in de <em>Petit Larousse 2013<\/em>.<\/p>\n<p style=\"text-align: justify;\">Maar het meest verbazingwekkende is zeker het verschijnen van nieuwe betekenissen voor woorden waarvan de definitie al jaren vastlag. In deze zelfde uitgave van de <em>Larousse<\/em> definieert deze het woord &#8220;vriend&#8221; als <em>&#8220;een lid van een sociaal netwerk dat een ander lid toelating verleent tot zijn persoonlijke gegevens&#8221;<\/em>. Zo ziet u maar hoe onder invloed van een internetstek de betekenis van een oud woord een nieuwe wending kan krijgen.<\/p>\n<p style=\"text-align: justify;\">In deze optiek kan men nog andere nieuwe definities suggereren. Onder &#8220;(een) gok doen&#8221; zou men verstaan &#8220;onmiddellijk op het scherm het meest pertinente resultaat van de opzoeking tonen&#8221;. &#8220;Status&#8221; zou op zijn beurt betekenen &#8220;commentaar doorgegeven door een lid van een sociaal netwerk aan zijn vrienden met de bedoeling te informeren, zijn gevoelens te delen of simpelweg zijn medeleden aan het lachen te brengen&#8221;. En indien u er goed over nadenkt, zal u ongetwijfeld andere woorden, andere definities vinden voor de volgende uitgaven van de woordenboeken. Aarzel dan ook niet om deze mee te delen met vrienden en collega\u2019s. Zelfs wanneer u op deze bewuste bladzijden spijtig genoeg geen vermelding &#8220;Delen&#8221; vindt; daar het delen van informatie ingebakken zit in de cultuur van ons beroep en van onze vereniging, dit sinds 1947. Hiervoor hebben wij de komst niet afgewacht van deze sociale netwerken.<\/p>\n<p style=\"text-align: justify;\">U hoeft eveneens geen keuzeknop voor de artikels van dit nummer. Het is in feite heel eenvoudig, wij raden ze u allemaal\u2026 van harte aan!<\/p>\n<p style=\"text-align: right;\"><strong>Guy DELSAUT<br \/>\n<\/strong><\/p>\n<h2><span lang=\"nl-be\">Het moet w\u00e8l ergens over gaan<\/span><\/h2>\n<p><strong>John MACKENZIE OWEN<\/strong>, Emeritus hoogleraar informatiewetenschap, Universiteit van Amsterdam (UvA)<\/p>\n<p style=\"text-align: justify;\"><span lang=\"nl-be\">In 1983 publiceerde de auteur een opini\u00ebrend artikel in het tijdschrift <i>Open<\/i> onder de titel: <i>Het technologische einde van de bibliotheek<\/i>. De inhoud: door technologische ontwikkelingen zou over enige tijd de &#8220;fysieke&#8221; bibliotheek overbodig worden. In zijn afscheidscollege &#8211; dat hier naar een artikel bewerkt werd &#8211; gaat hij hier terug op in. Deze technologische ontwikkelingen zijn veel heviger geweest dan verwacht. Maar het veranderende gedrag van de gebruikers was nog meer doorslaggevend dan de technologie: wat betreft de informatievaardigheden zijn voor de professionele vaardigheden van vroeger nu algemene vaardigheden gekomen. De meeste wetenschappelijke literatuur bevindt zich niet meer langer in de fysieke bibliotheken maar ergens in de &#8220;cloud&#8221;. Studenten gaan dan wel samen studeren in die bibliotheekgebouwen maar benutten er dan nog nauwelijks de aanwezige publicaties&#8230; Verder nog een pleidooi voor een sterke empirische fundering van het onderzoek in de geesteswetenschappen en een oproep tot de bibliothecarissen om nadrukkelijker aanwezig te zijn in het publieke debat over de informatiesamenleving.<\/span><\/p>\n<p><span class=\"file-button\"><a href=\"http:\/\/www.abd-bvd.be\/wp-content\/uploads\/2012-3_MackenzieOwen.pdf\">Download (NL)<\/a><\/span><\/p>\n<h2><span lang=\"nl-be\">Vers une nouvelle d\u00e9finition de la litt\u00e9rature grise<\/span><\/h2>\n<p><strong>Joachim SCH\u00d6PFEL<\/strong>, Ma\u00eetre de conf\u00e9rences, Universit\u00e9 Lille Nord de France<\/p>\n<p style=\"text-align: justify;\"><span lang=\"nl-be\">Het artikel omvat een synthese van publicaties die het begrip grijze literatuur onder de loupe nemen, de resultaten van een rondvraag en een analyse van de basisdefinitie van New York over grijze literatuur. De nieuwe technologie\u00ebn die de laatste jaren hun intrede hebben gedaan en de mogelijkheden van het Internet kaderen echter niet binnen de klassieke definitie. Het artikel bekijkt drie nieuwe parameters (niveau, intellectuele eigendom, bemiddeling) en stelt voor om de recentere definitie van Praag te gebruiken die hiermee wel rekening houdt. Volgens deze valt onder grijze literatuur elk document buiten het commerci\u00eble circuit afkomstig van een regering, overheid, onderwijs- of onderzoeksinstelling, handel en industrie, onafhankelijk van de drager papier of digitaal, beschermd door het copyright en voldoende waardevol om te worden bijgehouden door een bibliotheek of een archief.<\/span><\/p>\n<p><span class=\"file-button\"><a href=\"http:\/\/www.abd-bvd.be\/wp-content\/uploads\/2012-3_Schopfel.pdf\">Download (FR)<\/a><\/span><\/p>\n<h2><strong>La division B\u00e9tons-Granulats de Lafarge stimule la transmission des bonnes pratiques<\/strong><\/h2>\n<p><strong>Laurent SOUNACK<\/strong>, Chef d\u2019enqu\u00eate, Collaboratif-info<\/p>\n<p style=\"text-align: justify;\"><span lang=\"nl-be\">Lafarge, wereldleider in constructiematerialen aanwezig in 21 landen heeft een programma voor kennisbeheer ontwikkeld om de uitwisseling van goede praktijken te bevorderen. Dit programma werd gelanceerd in 2005 en kreeg een nieuwe dimensie toen <i>IBM Domino<\/i> in 2011 de overgang maakte naar <i>Knowledge Plaza<\/i>, een samenwerkingsplatform voor het beheren van informatie. De 12 000 documenten die reeds in de databank beschikbaar waren, werden ge\u00efmporteerd in <i>Knowledge Plaza<\/i>, en de gebruikers hebben gemakkelijker de aanwezige informatie kunnen vinden en meertalige opzoekingen kunnen doen. Het project ging gepaard met een uitgebreid communicatie- en veranderingsmanagementplan, opdat iedereen zich rekenschap zou geven van het belang van het delen van kennis en innig overtuigd zou zijn van het nut ervan. <\/span><\/p>\n<p><span class=\"file-button\"><a href=\"http:\/\/www.abd-bvd.be\/wp-content\/uploads\/2012-3_Sounack.pdf\">Download (FR)<\/a><\/span><\/p>\n<h2><strong>Bibliografische ondernemingen rond 1900 (deel 2): De beweging als cultuurhistorisch verschijnsel<\/strong><\/h2>\n<p><strong>Paul SCHNEIDERS<\/strong>, Documentatiehistoricus op rust<\/p>\n<p style=\"text-align: justify;\"><span lang=\"nl-be\">Tegen een achtergrond van zaken die het toenmalige tijdsbeeld bepaalden &#8211; positivisme, de kranten en tijdschriften, imperialisme, de tweede industri\u00eble revolutie en haar laboratoria, de Amerikaanse invloeden, het overheidsingrijpen, de twee wetenschappelijke culturen en de verwerktuigelijking &#8211; komen de personen, activiteiten en projecten waarin de bibliotheek- en documentatiebeweging als cultureelhistorisch verschijnsel duidelijk zichtbaar tot uiting. In de Belgische context zijn er bij voorbeeld de visies van Ferdinand Vander Haegen en Michel-F\u00e9lix Mourlon in het debat binnen de Belgische Academie voor Wetenschappen<\/span><\/p>\n<p><span class=\"file-button\"><a href=\"http:\/\/www.abd-bvd.be\/wp-content\/uploads\/2012-3_Schneiders_deel2.pdf\">Download (NL)<\/a><\/span><\/p>\n<h2>La num\u00e9risation des archives cin\u00e9matographiques : Une nouvelle vie pour le patrimoine ?<\/h2>\n<p><strong>Gabrielle CLAES<\/strong>, Conservateur (1989-2011), Cin\u00e9math\u00e8que royale<\/p>\n<p style=\"text-align: justify;\"><span lang=\"nl-be\">De eerste cinematheken zagen het licht in de jaren dertig van vorige eeuw en waren vooral toegespitst op het behoud van films en de versterking van het cinematografisch erfgoed. Gedurende ongeveer een eeuw werden films gemaakt en verdeeld op een broos en vergankelijk medium. Met het oog op de bewaring op langere termijn ontwikkelden de cinematheken specifieke technieken waarvan de doeltreffendheid wordt erkend. Vanaf de jaren negentig wonnen digitale technieken aan belang bij de productie en de verspreiding van films en verdrongen de tot dan klassieke filmdrager. Cinematheken dienden een nieuwe deskundigheid te ontwikkelen (inzake uitrusting, opleiding van personeel) met het oog op de conservatie van de digitale film. Inzake kennis en verspreiding van het cinematografisch erfgoed biedt digitale technologie nieuwe mogelijkheden gaande van DVD tot Internet. In overleg met de filmindustrie en de rechthebbenden van de films gaat het er voor de cinematheken vandaag om hun rol te versterken in het behoud en het overbrengen van het cinematografisch erfgoed.<\/span><\/p>\n<p><span class=\"file-button\"><a href=\"http:\/\/www.abd-bvd.be\/wp-content\/uploads\/2012-3_Claes.pdf\">Download (FR)<\/a><\/span><\/p>\n<h2><strong>Verslag<br \/>\nBibs &amp; docs &amp; marketing<\/strong><\/h2>\n<p><strong>Arnaud SEEUWS<\/strong>, Documentaliste, Centre Antipoisons<br \/>\n<span class=\"file-button\"><a href=\"http:\/\/www.abd-bvd.be\/wp-content\/uploads\/2012-3_Seeuws.pdf\">Download (FR)<\/a><\/span><\/p>\n<h2><strong>Verslag<br \/>\nInterop\u00e9rabilit\u00e9 et enjeux actuels du records management<\/strong><\/h2>\n<p><strong>Valentin CAMPION<\/strong>, \u00c9tudiant, Master en Sciences et Technologies de l\u2019Information et de la Communication &#8211; Universit\u00e9 Libre de Bruxelles (ULB)<br \/>\n<span class=\"file-button\"><a href=\"http:\/\/www.abd-bvd.be\/wp-content\/uploads\/2012-3_Campion.pdf\">Download (FR)<\/a><\/span><\/p>\n<p style=\"text-align: right;\"><span class=\"file-button\"><a href=\"https:\/\/www.abd-bvd.be\/wp-content\/uploads\/2012-3-full.pdf\">Download het volledige nummer<\/a><\/span><\/p>\n","protected":false},"excerpt":{"rendered":"<p>Woord vooraf De maand september, wat ook onze ouderdom mag wezen, zullen wij altijd verbinden met de aanvang van het schooljaar. Het is ook heel moeilijk dit feit te negeren: vanaf de maand augustus of zelfs nog vroeger doen de supermarkten en andere bedrijven er alles aan om er ons attent op te maken zodat [&hellip;]<\/p>\n","protected":false},"author":5,"featured_media":0,"comment_status":"closed","ping_status":"open","sticky":false,"template":"","format":"standard","meta":{"_acf_changed":false,"footnotes":"","_wpscppro_dont_share_socialmedia":false,"_wpscppro_custom_social_share_image":0,"_facebook_share_type":"","_twitter_share_type":"","_linkedin_share_type":"","_pinterest_share_type":"","_linkedin_share_type_page":"","_instagram_share_type":"","_medium_share_type":"","_threads_share_type":"","_google_business_share_type":"","_selected_social_profile":[],"_wpsp_enable_custom_social_template":false,"_wpsp_social_scheduling":{"enabled":false,"datetime":null,"platforms":[],"status":"template_only","dateOption":"today","timeOption":"now","customDays":"","customHours":"","customDate":"","customTime":"","schedulingType":"absolute"},"_wpsp_active_default_template":true},"categories":[87],"tags":[],"class_list":["post-3812","post","type-post","status-publish","format-standard","hentry","category-bladen-voor-documentatie"],"acf":[],"yoast_head":"<!-- This site is optimized with the Yoast SEO plugin v27.4 - https:\/\/yoast.com\/product\/yoast-seo-wordpress\/ -->\n<title>Bladen voor Documentatie 2012\/3 (september 2012) - ABD-BVD<\/title>\n<meta name=\"robots\" content=\"index, follow, max-snippet:-1, max-image-preview:large, max-video-preview:-1\" \/>\n<link rel=\"canonical\" href=\"https:\/\/www.abd-bvd.be\/nl\/bladen-voor-documentatie\/2012-3\/\" \/>\n<meta property=\"og:locale\" content=\"nl_NL\" \/>\n<meta property=\"og:type\" content=\"article\" \/>\n<meta property=\"og:title\" content=\"Bladen voor Documentatie 2012\/3 (september 2012) - ABD-BVD\" \/>\n<meta property=\"og:description\" content=\"Woord vooraf De maand september, wat ook onze ouderdom mag wezen, zullen wij altijd verbinden met de aanvang van het schooljaar. Het is ook heel moeilijk dit feit te negeren: vanaf de maand augustus of zelfs nog vroeger doen de supermarkten en andere bedrijven er alles aan om er ons attent op te maken zodat [&hellip;]\" \/>\n<meta property=\"og:url\" content=\"https:\/\/www.abd-bvd.be\/nl\/bladen-voor-documentatie\/2012-3\/\" \/>\n<meta property=\"og:site_name\" content=\"ABD-BVD\" \/>\n<meta property=\"article:published_time\" content=\"2012-09-01T17:59:10+00:00\" \/>\n<meta property=\"article:modified_time\" content=\"2018-07-25T15:06:30+00:00\" \/>\n<meta property=\"og:image\" content=\"http:\/\/www.abd-bvd.be\/wp-content\/uploads\/cover2012-3_small.jpg\" \/>\n<meta name=\"author\" content=\"Guy Delsaut\" \/>\n<meta name=\"twitter:card\" content=\"summary_large_image\" \/>\n<meta name=\"twitter:label1\" content=\"Geschreven door\" \/>\n\t<meta name=\"twitter:data1\" content=\"Guy Delsaut\" \/>\n\t<meta name=\"twitter:label2\" content=\"Geschatte leestijd\" \/>\n\t<meta name=\"twitter:data2\" content=\"7 minuten\" \/>\n<script type=\"application\/ld+json\" class=\"yoast-schema-graph\">{\"@context\":\"https:\\\/\\\/schema.org\",\"@graph\":[{\"@type\":\"Article\",\"@id\":\"https:\\\/\\\/www.abd-bvd.be\\\/nl\\\/bladen-voor-documentatie\\\/2012-3\\\/#article\",\"isPartOf\":{\"@id\":\"https:\\\/\\\/www.abd-bvd.be\\\/nl\\\/bladen-voor-documentatie\\\/2012-3\\\/\"},\"author\":{\"name\":\"Guy Delsaut\",\"@id\":\"https:\\\/\\\/www.abd-bvd.be\\\/fr\\\/#\\\/schema\\\/person\\\/b16d2027ba7bd24752b02f45e6c2d628\"},\"headline\":\"Bladen voor Documentatie 2012\\\/3 (september 2012)\",\"datePublished\":\"2012-09-01T17:59:10+00:00\",\"dateModified\":\"2018-07-25T15:06:30+00:00\",\"mainEntityOfPage\":{\"@id\":\"https:\\\/\\\/www.abd-bvd.be\\\/nl\\\/bladen-voor-documentatie\\\/2012-3\\\/\"},\"wordCount\":1326,\"image\":{\"@id\":\"https:\\\/\\\/www.abd-bvd.be\\\/nl\\\/bladen-voor-documentatie\\\/2012-3\\\/#primaryimage\"},\"thumbnailUrl\":\"http:\\\/\\\/www.abd-bvd.be\\\/wp-content\\\/uploads\\\/cover2012-3_small.jpg\",\"articleSection\":[\"Bladen voor Documentatie\"],\"inLanguage\":\"nl-NL\"},{\"@type\":\"WebPage\",\"@id\":\"https:\\\/\\\/www.abd-bvd.be\\\/nl\\\/bladen-voor-documentatie\\\/2012-3\\\/\",\"url\":\"https:\\\/\\\/www.abd-bvd.be\\\/nl\\\/bladen-voor-documentatie\\\/2012-3\\\/\",\"name\":\"Bladen voor Documentatie 2012\\\/3 (september 2012) - ABD-BVD\",\"isPartOf\":{\"@id\":\"https:\\\/\\\/www.abd-bvd.be\\\/fr\\\/#website\"},\"primaryImageOfPage\":{\"@id\":\"https:\\\/\\\/www.abd-bvd.be\\\/nl\\\/bladen-voor-documentatie\\\/2012-3\\\/#primaryimage\"},\"image\":{\"@id\":\"https:\\\/\\\/www.abd-bvd.be\\\/nl\\\/bladen-voor-documentatie\\\/2012-3\\\/#primaryimage\"},\"thumbnailUrl\":\"http:\\\/\\\/www.abd-bvd.be\\\/wp-content\\\/uploads\\\/cover2012-3_small.jpg\",\"datePublished\":\"2012-09-01T17:59:10+00:00\",\"dateModified\":\"2018-07-25T15:06:30+00:00\",\"author\":{\"@id\":\"https:\\\/\\\/www.abd-bvd.be\\\/fr\\\/#\\\/schema\\\/person\\\/b16d2027ba7bd24752b02f45e6c2d628\"},\"breadcrumb\":{\"@id\":\"https:\\\/\\\/www.abd-bvd.be\\\/nl\\\/bladen-voor-documentatie\\\/2012-3\\\/#breadcrumb\"},\"inLanguage\":\"nl-NL\",\"potentialAction\":[{\"@type\":\"ReadAction\",\"target\":[\"https:\\\/\\\/www.abd-bvd.be\\\/nl\\\/bladen-voor-documentatie\\\/2012-3\\\/\"]}]},{\"@type\":\"ImageObject\",\"inLanguage\":\"nl-NL\",\"@id\":\"https:\\\/\\\/www.abd-bvd.be\\\/nl\\\/bladen-voor-documentatie\\\/2012-3\\\/#primaryimage\",\"url\":\"http:\\\/\\\/www.abd-bvd.be\\\/wp-content\\\/uploads\\\/cover2012-3_small.jpg\",\"contentUrl\":\"http:\\\/\\\/www.abd-bvd.be\\\/wp-content\\\/uploads\\\/cover2012-3_small.jpg\"},{\"@type\":\"BreadcrumbList\",\"@id\":\"https:\\\/\\\/www.abd-bvd.be\\\/nl\\\/bladen-voor-documentatie\\\/2012-3\\\/#breadcrumb\",\"itemListElement\":[{\"@type\":\"ListItem\",\"position\":1,\"name\":\"Accueil\",\"item\":\"https:\\\/\\\/www.abd-bvd.be\\\/nl\\\/\"},{\"@type\":\"ListItem\",\"position\":2,\"name\":\"Bladen voor Documentatie 2012\\\/3 (september 2012)\"}]},{\"@type\":\"WebSite\",\"@id\":\"https:\\\/\\\/www.abd-bvd.be\\\/fr\\\/#website\",\"url\":\"https:\\\/\\\/www.abd-bvd.be\\\/fr\\\/\",\"name\":\"ABD-BVD\",\"description\":\"association Belge de documentation - Belgische verniging voor documentatie\",\"potentialAction\":[{\"@type\":\"SearchAction\",\"target\":{\"@type\":\"EntryPoint\",\"urlTemplate\":\"https:\\\/\\\/www.abd-bvd.be\\\/fr\\\/?s={search_term_string}\"},\"query-input\":{\"@type\":\"PropertyValueSpecification\",\"valueRequired\":true,\"valueName\":\"search_term_string\"}}],\"inLanguage\":\"nl-NL\"},{\"@type\":\"Person\",\"@id\":\"https:\\\/\\\/www.abd-bvd.be\\\/fr\\\/#\\\/schema\\\/person\\\/b16d2027ba7bd24752b02f45e6c2d628\",\"name\":\"Guy Delsaut\",\"image\":{\"@type\":\"ImageObject\",\"inLanguage\":\"nl-NL\",\"@id\":\"https:\\\/\\\/secure.gravatar.com\\\/avatar\\\/661ab3e27256975e79639c97a039adabdf47fbcdcd1883bad66ee2e8b41bdfa7?s=96&d=mm&r=g\",\"url\":\"https:\\\/\\\/secure.gravatar.com\\\/avatar\\\/661ab3e27256975e79639c97a039adabdf47fbcdcd1883bad66ee2e8b41bdfa7?s=96&d=mm&r=g\",\"contentUrl\":\"https:\\\/\\\/secure.gravatar.com\\\/avatar\\\/661ab3e27256975e79639c97a039adabdf47fbcdcd1883bad66ee2e8b41bdfa7?s=96&d=mm&r=g\",\"caption\":\"Guy Delsaut\"},\"url\":\"https:\\\/\\\/www.abd-bvd.be\\\/nl\\\/author\\\/guy-delsaut\\\/\"}]}<\/script>\n<!-- \/ Yoast SEO plugin. -->","yoast_head_json":{"title":"Bladen voor Documentatie 2012\/3 (september 2012) - ABD-BVD","robots":{"index":"index","follow":"follow","max-snippet":"max-snippet:-1","max-image-preview":"max-image-preview:large","max-video-preview":"max-video-preview:-1"},"canonical":"https:\/\/www.abd-bvd.be\/nl\/bladen-voor-documentatie\/2012-3\/","og_locale":"nl_NL","og_type":"article","og_title":"Bladen voor Documentatie 2012\/3 (september 2012) - ABD-BVD","og_description":"Woord vooraf De maand september, wat ook onze ouderdom mag wezen, zullen wij altijd verbinden met de aanvang van het schooljaar. Het is ook heel moeilijk dit feit te negeren: vanaf de maand augustus of zelfs nog vroeger doen de supermarkten en andere bedrijven er alles aan om er ons attent op te maken zodat [&hellip;]","og_url":"https:\/\/www.abd-bvd.be\/nl\/bladen-voor-documentatie\/2012-3\/","og_site_name":"ABD-BVD","article_published_time":"2012-09-01T17:59:10+00:00","article_modified_time":"2018-07-25T15:06:30+00:00","og_image":[{"url":"http:\/\/www.abd-bvd.be\/wp-content\/uploads\/cover2012-3_small.jpg","type":"","width":"","height":""}],"author":"Guy Delsaut","twitter_card":"summary_large_image","twitter_misc":{"Geschreven door":"Guy Delsaut","Geschatte leestijd":"7 minuten"},"schema":{"@context":"https:\/\/schema.org","@graph":[{"@type":"Article","@id":"https:\/\/www.abd-bvd.be\/nl\/bladen-voor-documentatie\/2012-3\/#article","isPartOf":{"@id":"https:\/\/www.abd-bvd.be\/nl\/bladen-voor-documentatie\/2012-3\/"},"author":{"name":"Guy Delsaut","@id":"https:\/\/www.abd-bvd.be\/fr\/#\/schema\/person\/b16d2027ba7bd24752b02f45e6c2d628"},"headline":"Bladen voor Documentatie 2012\/3 (september 2012)","datePublished":"2012-09-01T17:59:10+00:00","dateModified":"2018-07-25T15:06:30+00:00","mainEntityOfPage":{"@id":"https:\/\/www.abd-bvd.be\/nl\/bladen-voor-documentatie\/2012-3\/"},"wordCount":1326,"image":{"@id":"https:\/\/www.abd-bvd.be\/nl\/bladen-voor-documentatie\/2012-3\/#primaryimage"},"thumbnailUrl":"http:\/\/www.abd-bvd.be\/wp-content\/uploads\/cover2012-3_small.jpg","articleSection":["Bladen voor Documentatie"],"inLanguage":"nl-NL"},{"@type":"WebPage","@id":"https:\/\/www.abd-bvd.be\/nl\/bladen-voor-documentatie\/2012-3\/","url":"https:\/\/www.abd-bvd.be\/nl\/bladen-voor-documentatie\/2012-3\/","name":"Bladen voor Documentatie 2012\/3 (september 2012) - ABD-BVD","isPartOf":{"@id":"https:\/\/www.abd-bvd.be\/fr\/#website"},"primaryImageOfPage":{"@id":"https:\/\/www.abd-bvd.be\/nl\/bladen-voor-documentatie\/2012-3\/#primaryimage"},"image":{"@id":"https:\/\/www.abd-bvd.be\/nl\/bladen-voor-documentatie\/2012-3\/#primaryimage"},"thumbnailUrl":"http:\/\/www.abd-bvd.be\/wp-content\/uploads\/cover2012-3_small.jpg","datePublished":"2012-09-01T17:59:10+00:00","dateModified":"2018-07-25T15:06:30+00:00","author":{"@id":"https:\/\/www.abd-bvd.be\/fr\/#\/schema\/person\/b16d2027ba7bd24752b02f45e6c2d628"},"breadcrumb":{"@id":"https:\/\/www.abd-bvd.be\/nl\/bladen-voor-documentatie\/2012-3\/#breadcrumb"},"inLanguage":"nl-NL","potentialAction":[{"@type":"ReadAction","target":["https:\/\/www.abd-bvd.be\/nl\/bladen-voor-documentatie\/2012-3\/"]}]},{"@type":"ImageObject","inLanguage":"nl-NL","@id":"https:\/\/www.abd-bvd.be\/nl\/bladen-voor-documentatie\/2012-3\/#primaryimage","url":"http:\/\/www.abd-bvd.be\/wp-content\/uploads\/cover2012-3_small.jpg","contentUrl":"http:\/\/www.abd-bvd.be\/wp-content\/uploads\/cover2012-3_small.jpg"},{"@type":"BreadcrumbList","@id":"https:\/\/www.abd-bvd.be\/nl\/bladen-voor-documentatie\/2012-3\/#breadcrumb","itemListElement":[{"@type":"ListItem","position":1,"name":"Accueil","item":"https:\/\/www.abd-bvd.be\/nl\/"},{"@type":"ListItem","position":2,"name":"Bladen voor Documentatie 2012\/3 (september 2012)"}]},{"@type":"WebSite","@id":"https:\/\/www.abd-bvd.be\/fr\/#website","url":"https:\/\/www.abd-bvd.be\/fr\/","name":"ABD-BVD","description":"association Belge de documentation - Belgische verniging voor documentatie","potentialAction":[{"@type":"SearchAction","target":{"@type":"EntryPoint","urlTemplate":"https:\/\/www.abd-bvd.be\/fr\/?s={search_term_string}"},"query-input":{"@type":"PropertyValueSpecification","valueRequired":true,"valueName":"search_term_string"}}],"inLanguage":"nl-NL"},{"@type":"Person","@id":"https:\/\/www.abd-bvd.be\/fr\/#\/schema\/person\/b16d2027ba7bd24752b02f45e6c2d628","name":"Guy Delsaut","image":{"@type":"ImageObject","inLanguage":"nl-NL","@id":"https:\/\/secure.gravatar.com\/avatar\/661ab3e27256975e79639c97a039adabdf47fbcdcd1883bad66ee2e8b41bdfa7?s=96&d=mm&r=g","url":"https:\/\/secure.gravatar.com\/avatar\/661ab3e27256975e79639c97a039adabdf47fbcdcd1883bad66ee2e8b41bdfa7?s=96&d=mm&r=g","contentUrl":"https:\/\/secure.gravatar.com\/avatar\/661ab3e27256975e79639c97a039adabdf47fbcdcd1883bad66ee2e8b41bdfa7?s=96&d=mm&r=g","caption":"Guy Delsaut"},"url":"https:\/\/www.abd-bvd.be\/nl\/author\/guy-delsaut\/"}]}},"_links":{"self":[{"href":"https:\/\/www.abd-bvd.be\/nl\/wp-json\/wp\/v2\/posts\/3812","targetHints":{"allow":["GET"]}}],"collection":[{"href":"https:\/\/www.abd-bvd.be\/nl\/wp-json\/wp\/v2\/posts"}],"about":[{"href":"https:\/\/www.abd-bvd.be\/nl\/wp-json\/wp\/v2\/types\/post"}],"author":[{"embeddable":true,"href":"https:\/\/www.abd-bvd.be\/nl\/wp-json\/wp\/v2\/users\/5"}],"replies":[{"embeddable":true,"href":"https:\/\/www.abd-bvd.be\/nl\/wp-json\/wp\/v2\/comments?post=3812"}],"version-history":[{"count":1,"href":"https:\/\/www.abd-bvd.be\/nl\/wp-json\/wp\/v2\/posts\/3812\/revisions"}],"predecessor-version":[{"id":12213,"href":"https:\/\/www.abd-bvd.be\/nl\/wp-json\/wp\/v2\/posts\/3812\/revisions\/12213"}],"wp:attachment":[{"href":"https:\/\/www.abd-bvd.be\/nl\/wp-json\/wp\/v2\/media?parent=3812"}],"wp:term":[{"taxonomy":"category","embeddable":true,"href":"https:\/\/www.abd-bvd.be\/nl\/wp-json\/wp\/v2\/categories?post=3812"},{"taxonomy":"post_tag","embeddable":true,"href":"https:\/\/www.abd-bvd.be\/nl\/wp-json\/wp\/v2\/tags?post=3812"}],"curies":[{"name":"wp","href":"https:\/\/api.w.org\/{rel}","templated":true}]}}