{"id":3579,"date":"2013-03-01T10:10:41","date_gmt":"2013-03-01T10:10:41","guid":{"rendered":"http:\/\/www.abd-bvd.be\/?p=3579"},"modified":"2018-07-25T15:28:36","modified_gmt":"2018-07-25T13:28:36","slug":"2013-1","status":"publish","type":"post","link":"https:\/\/www.abd-bvd.be\/nl\/bladen-voor-documentatie\/2013-1\/","title":{"rendered":"Bladen voor Documentatie 2013\/1 (maart 2013)"},"content":{"rendered":"<h2 style=\"text-align: justify;\"><span style=\"font-size: 14pt;\"><img loading=\"lazy\" decoding=\"async\" class=\"size-full wp-image-1083 alignleft\" src=\"https:\/\/www.abd-bvd.be\/wp-content\/uploads\/cover2013-1_small.jpg\" alt=\"cover2013-1_small\" width=\"135\" height=\"190\" \/>Woord vooraf<\/span><\/h2>\n<p style=\"text-align: justify;\">Dit eerste nummer van het jaar 2013 opent met het artikel van Ak\u00e9mi Roberfroid en Julien Lecomte over de complementariteit tussen journalisten en documentalisten. Het is niet de eerste keer dat de <em>Bladen voor documen\u00adtatie <\/em>dit beroep nauw aan het onze verwant. Deze twee beroepen zijn verschil\u00adlend maar ze gebruiken dezelfde grondstof: de informatie! Alle goede journalisten, alle goede documentalisten of alle goede biblio\u00adthecarissen onderkennen het belang ervan maar zij dienen sinds en\u00adkele jaren het hoofd te bieden aan een nieuw roofdier: de informa\u00adtievervuiler.<\/p>\n<p style=\"text-align: justify;\">De komst van het Web en nog meer deze van het samenwerkende Web heeft werkelijk ieder mens toegelaten een informatieproducent te worden. Van de door vogels gepassioneerde boswachter tot de vrouwelijke human resources directeur bezorgd over de vorming van haar werknemers, bij de door videospelletjes gepassioneerde adolescent of de gepensioneerde die zijn &#8220;Mei 1968&#8221; vertelt, kan iedereen zijn kennis delen in blogs, op <em>Facebook, Twitter, Wikipedia<\/em>,&#8230; Deze perso\u00adnen hebben niet steeds de ethiek van een do\u00adcumentalist of journalist maar sommigen delen hun kennis met passie. Maar dat is niet altijd het geval bij iedereen&#8230;<\/p>\n<p style=\"text-align: justify;\">Met de uitdrukking &#8220;informatievervuiler&#8221; viseer ik diegenen, die opzettelijk valse informatie schrij\u00adven of verdelen, dit enkel voor het plezier (te ver\u00adonderstellen dat men plezier vindt in het des\u00adinformeren) of zoals men zegt met het doel &#8220;making the buzz&#8221;.<\/p>\n<p style=\"text-align: justify;\">Men herinnert zich nog de aankondiging van het overlijden van koningin Fabiola in 2009, aangekondigd door <em>ihavenews.be<\/em> van het agentschap Belga, van die video op <em>YouTube<\/em> die een arend toonde die een kind optilde in een park van Montr\u00e9al einde 2012 of de aankondi\u00adging via <em>Twitter<\/em> van de overstroming van de marktplaats van Wall Street ten gevolge van de orkaan Sandy, overgenomen door CNN, en daarna ontkend.<\/p>\n<p style=\"text-align: justify;\">Soms komt deze valse informatie zelfs van personen die geacht worden een goede informatiecultuur te bezitten. Halen we hierbij de Parijse professor in de letteren aan die zijn leerlingen in de val wou laten lopen door begin 2012 foute informatie over een dichter op <em>Wikipedia<\/em> en verschillende fora te verspreiden of nog recenter de journalist van de RTBF die de partij van Elio Di Rupo aan\u00adpaste op zijn <em>Wikipedia<\/em>-pagina en dit om enkele &#8220;probante ervaringen&#8221; (sic) te realise\u00adren.<\/p>\n<p style=\"text-align: justify;\">Dient het nog gezegd dat al deze voorbeelden aantonen dat de informatie steeds dient ge\u00adcontroleerd te worden maar tevens dat er een zekere educatie dient te gebeuren. Naast de informa\u00adtieobesiteit, onderwerp van het volgend <em>Info\u00adrum<\/em>, bevat deze vervuiling zeker \u00e9\u00e9n van de voornaamste uitdagingen van onze be\u00adroepen. Elke informatieprofessional &#8211; in de ruime zin &#8211; dient te strijden tegen deze uitwas.<\/p>\n<p style=\"text-align: justify;\">Ik wens u een zeer goede lectuur van dit eerste nummer van de <em>Bladen<\/em> en ik maak met u een afspraak in juni voor een speciaal nummer rond documentaire producten.<\/p>\n<p style=\"text-align: right;\"><strong>Guy Delsaut<\/strong><\/p>\n<h2>Journaliste et documentaliste : Quelle compl\u00e9mentarit\u00e9 ?<\/h2>\n<p style=\"text-align: justify;\"><strong>Ak\u00e9mi ROBERFROID<\/strong>, Bacheli\u00e8re en biblioth\u00e9conomie; Documentaliste, Etopia<br \/>\n<strong>Julien LECOMTE<\/strong>, Titulaire d\u2019un Master et de l\u2019Agr\u00e9gation en information et communication; Charg\u00e9 de communication, Universit\u00e9 de Paix<\/p>\n<p style=\"text-align: justify;\"><span lang=\"nl-be\">Dit artikel reikt denkpistes en aanbevelingen aan voor documentatie-, informatie- en communicatieprofessionals. Op basis van sommige vastgestelde scheeftrekkingen in de uitoefening van het beroep van journalist, wil dit artikel eerst de wijzigingen aantonen van de informatiecontext, gedeeltelijk in verband met de nieuwe technologie\u00ebn: stijgende hoeveelheid van gesprekspartners en documentatiebronnen, uitwisseling van gegevens in &#8220;real time&#8221; en focalisering op de actualiteit, uniformisering\u2026 Vervolgens bespreekt het artikel de complementariteit van de taken en bevoegdheden van journalisten en documentalisten, maar wil toch ook benadrukken hoe elk beroep zich op zijn eigen manier tot de tijd verhoudt en hoe de samenwerking moeilijk is, aangezien de werkmethodes en doelstellingen gedeeltelijk verschillend zijn. Tot besluit worden verscheidene uitdagingen waarvoor de documentalisten staan uiteengezet: enerzijds bevestigen ze opnieuw de logica waarachter hun beroep zit inzake kritische aanpak en striktheid en anderzijds ondervragen ze verschillende wegen om hun dagelijkse praktijk te ontwikkelen, met nadruk op de documentaire bewaking en de verdeling van de methodes.<\/span><\/p>\n<p><span class=\"file-button\"><a href=\"http:\/\/alys.be\/test\/abdtest\/wp-content\/uploads\/2013-1_Roberfroid-Lecomte.pdf\">Download (FR)<\/a><\/span><\/p>\n<h2><span lang=\"nl-be\">Digital Humanities en de wetenschappelijke bibliotheek van de toekomst<\/span><\/h2>\n<p style=\"text-align: justify;\"><strong>Demmy VERBEKE<\/strong>, Faculteitsbibliothecaris Letteren, KU Leuven<\/p>\n<p style=\"text-align: justify;\"><span lang=\"nl-be\">De voorspelling dat de bibliotheek van de toekomst een bibliotheek zonder boeken zal zijn duikt geregeld op. Deze bijdrage gaat nader in op de argumenten voor en tegen deze stelling, en de uitdagingen en opportuniteiten die zich in deze context aandienen voor wetenschappelijke bibliotheken in het domein van de Humane Wetenschappen. Indien deze bibliotheken een volwaardige onderzoeksondersteunende rol willen blijven spelen, zullen ze partners moeten worden in digitale projecten. Vanzelfsprekend zullen hierbij een aantal hindernissen overwonnen moeten worden, maar een herbestemming van personeelsmiddelen en bibliotheekruimte waarin een balans wordt bewaard tussen de noden van de studenten en de noden van de onderzoekers kan allicht een (deel van de) oplossing bieden.<\/span><\/p>\n<p><span class=\"file-button\"><a href=\"http:\/\/alys.be\/test\/abdtest\/wp-content\/uploads\/2013-1_Verbeke.pdf\">Download (NL)<\/a><\/span><\/p>\n<h2>Faire circuler les savoirs : Le courtage du savoir et la m\u00e9decine translationnelle<\/h2>\n<p style=\"text-align: justify;\"><strong>Morgan MEYER<\/strong>, Chercheur, Centre de Sociologie de l\u2019Innovation, \u00c9cole des Mines de Paris &#8211; ParisTech<\/p>\n<p style=\"text-align: justify;\"><span lang=\"nl-be\">Dit artikel richt zich op de kennismakelaardij en de translationele geneeskunde als een typisch voorbeeld voor het overbrengen van wetenschappelijke kennis. &#8220;Knowledge brokers&#8221; of kennismakelaars zijn personen of organisaties die kennis overbrengen en op die manier een band cre\u00ebren tussen de onderzoekers en hun doelgroepen. Bij de bespreking van de onzichtbaarheid of het zich in een grijze zone bevinden van deze makelaars, gaat het artikel ervanuit dat hun praktijken en voorzieningen dienen te worden geanalyseerd. Het artikel stelt dat de kennismakelaars niet alleen kennis overbrengen, maar daardoor net ook een nieuw soort kennis doen ontstaan: het &#8220;weten-hoe-te-makelen&#8221;. In tweede instantie gaat het artikel in op de translationele geneeskunde. De wil om biomedische kennis toegankelijker te maken, botst op een disciplinaire, organisatorische, taalkundige, culturele en politieke barri\u00e8re tussen de biologie en de medische praktijk. Translationele geneeskunde wordt algemeen als een oplossing ervaren om deze barri\u00e8re te overbruggen net omdat ze zich situeert &#8220;tussen&#8221; de twee werelden van de biologie en de medische praktijk en kan gebruikt worden om ze tot elkaar te brengen. <\/span><\/p>\n<p><span class=\"file-button\"><a href=\"http:\/\/alys.be\/test\/abdtest\/wp-content\/uploads\/2013-1_Meyer.pdf\">Download (FR)<\/a><\/span><\/p>\n<h2><span lang=\"nl-be\">Bibliografische ondernemingen rond 1900 (deel 3): De historiografie van de beweging<\/span><\/h2>\n<p style=\"text-align: justify;\"><strong>Paul SCHNEIDERS<\/strong>, Documentatiehistoricus op rust<\/p>\n<p style=\"text-align: justify;\"><span lang=\"nl-be\">De geschiedschrijving van de documentaire informatie en de documentatiebeweging steekt schril af tegen de bibliotheekgeschiedschrijving qua aantal studies. Ze kreeg nauwelijks aandacht van Clio ondanks het opkomen van &#8220;documentaire informatie&#8221; als wetenschap vanaf de jaren 1960 en dit sinds de eerste poging tot het schrijven van een geschiedenis van documentatie &#8211; Trait\u00e9 de documentation &#8211; door Paul Otlet in 1934. In de jaren 1950 werd de wenselijkheid van een documentatiegeschiedenis nochtans hoorbaar. Enkel in de Verenigde Staten van Amerika (USA) en de Duitse Bondsrepubliek (BRD) zijn aanzetten tot een moderne beoefening van de geschiedenis van de documentaire informatie terug te vinden tot begin jaren 1980.<\/span><\/p>\n<p><span class=\"file-button\"><a href=\"http:\/\/alys.be\/test\/abdtest\/wp-content\/uploads\/2013-1_Schneiders_deel3.pdf\">Download (NL)<\/a><\/span><\/p>\n<h2><span lang=\"en-uk\">Audiovisual citation: A project update<\/span><\/h2>\n<p lang=\"en-uk\" style=\"text-align: justify;\"><strong>Sian BARBER<\/strong>, Lecturer in Film, Queen\u2019s University Belfast \u2013 School of Creative Arts; Leader of the British Universities Film and Video Council steering group on AV citation<\/p>\n<p lang=\"en-uk\" style=\"text-align: justify;\"><span lang=\"nl-be\">Bestaande referentiesystemen blijken nogal dikwijls ontoereikend voor bewegende beeldbeschrijving en geluidsmedia zoals videocasts, televisiestreaming, geluidsbestanden, niet gecatalogiseerde archiefreeksen, online ondergebrachte amateuristische inhoud of de niet-uitgezonde radiofonische opnames. Die problematiek wordt namelijk bestudeerd door een Britse werkgroep gesubsidieerd door de Higher Education Funding Council for England (HEFCE) en geco\u00f6rdineerd door de British Universities Film and Video Council. Het rapport, opgemaakt door Sian Barber, verantwoordelijk voor de pilootgroep, voorziet in een intermediair overzicht van dit project.<\/span><\/p>\n<p><span class=\"file-button\"><a href=\"http:\/\/alys.be\/test\/abdtest\/wp-content\/uploads\/2013-1_Barber.pdf\">Download (EN)<\/a><\/span><\/p>\n<h2>Samarcande : Plus de deux millions de titres au bout de l\u2019index\u2026<\/h2>\n<p style=\"text-align: justify;\"><strong>Alexandre LEMAIRE<\/strong>, Responsable de la cellule TIC, F\u00e9d\u00e9ration Wallonie-Bruxelles &#8211; Service de la lecture publique<\/p>\n<p style=\"text-align: justify;\"><span lang=\"nl-be\">Ter gelegenheid van <em>la<\/em> <i>Fureur de lire<\/i> (de <i>Leeswoede<\/i>) werd in 2011 de collectieve catalogus van de openbare bibliotheken van de Franse Gemeenschap online gezet. Het veelvoud aan diensten en functionaliteiten van deze gegevensbank geeft toegang tot m\u00e9\u00e9r dan twee miljoen documenten en wordt ondersteund door een OPAC van de nieuwe generatie en eveneens voorzien van meerdere Web 2.0 functionaliteiten. Deze is voortaan raadpleegbaar door zowel bibliothecarissen als door het grote publiek. <i>Samarcande<\/i> is overigens nog in permanente evolutie\u2026 <\/span><\/p>\n<p><span class=\"file-button\"><a href=\"http:\/\/alys.be\/test\/abdtest\/wp-content\/uploads\/2013-1_Lemaire.pdf\">Download (FR)<\/a><\/span><\/p>\n<h2>Compte rendu<br \/>\nGoogle : Trucs et astuces pour les professionnels de l\u2019Infodoc &#8211; Focus sur ses fonctions avanc\u00e9es et sur son actualit\u00e9 charg\u00e9e<\/h2>\n<p style=\"text-align: justify;\"><strong>Arnaud SEEUWS<\/strong>, Documentaliste, Centre Antipoisons<\/p>\n<p><span class=\"file-button\"><a href=\"http:\/\/alys.be\/test\/abdtest\/wp-content\/uploads\/2013-1_Seeuws.pdf\">Download (FR)<\/a><\/span><\/p>\n<p style=\"text-align: right;\"><span class=\"file-button\"><a href=\"https:\/\/www.abd-bvd.be\/wp-content\/uploads\/2013-1-full.pdf\">Download het volledige nummer<\/a><\/span><\/p>\n","protected":false},"excerpt":{"rendered":"<p>Woord vooraf Dit eerste nummer van het jaar 2013 opent met het artikel van Ak\u00e9mi Roberfroid en Julien Lecomte over de complementariteit tussen journalisten en documentalisten. Het is niet de eerste keer dat de Bladen voor documen\u00adtatie dit beroep nauw aan het onze verwant. Deze twee beroepen zijn verschil\u00adlend maar ze gebruiken dezelfde grondstof: de [&hellip;]<\/p>\n","protected":false},"author":9,"featured_media":0,"comment_status":"open","ping_status":"open","sticky":false,"template":"","format":"standard","meta":{"_acf_changed":false,"footnotes":"","_wpscppro_dont_share_socialmedia":false,"_wpscppro_custom_social_share_image":0,"_facebook_share_type":"","_twitter_share_type":"","_linkedin_share_type":"","_pinterest_share_type":"","_linkedin_share_type_page":"","_instagram_share_type":"","_medium_share_type":"","_threads_share_type":"","_google_business_share_type":"","_selected_social_profile":[],"_wpsp_enable_custom_social_template":false,"_wpsp_social_scheduling":{"enabled":false,"datetime":null,"platforms":[],"status":"template_only","dateOption":"today","timeOption":"now","customDays":"","customHours":"","customDate":"","customTime":"","schedulingType":"absolute"},"_wpsp_active_default_template":true},"categories":[87],"tags":[],"class_list":["post-3579","post","type-post","status-publish","format-standard","hentry","category-bladen-voor-documentatie"],"acf":[],"yoast_head":"<!-- This site is optimized with the Yoast SEO plugin v27.4 - https:\/\/yoast.com\/product\/yoast-seo-wordpress\/ -->\n<title>Bladen voor Documentatie 2013\/1 (maart 2013) - ABD-BVD<\/title>\n<meta name=\"robots\" content=\"index, follow, max-snippet:-1, max-image-preview:large, max-video-preview:-1\" \/>\n<link rel=\"canonical\" href=\"https:\/\/www.abd-bvd.be\/nl\/bladen-voor-documentatie\/2013-1\/\" \/>\n<meta property=\"og:locale\" content=\"nl_NL\" \/>\n<meta property=\"og:type\" content=\"article\" \/>\n<meta property=\"og:title\" content=\"Bladen voor Documentatie 2013\/1 (maart 2013) - ABD-BVD\" \/>\n<meta property=\"og:description\" content=\"Woord vooraf Dit eerste nummer van het jaar 2013 opent met het artikel van Ak\u00e9mi Roberfroid en Julien Lecomte over de complementariteit tussen journalisten en documentalisten. Het is niet de eerste keer dat de Bladen voor documen\u00adtatie dit beroep nauw aan het onze verwant. Deze twee beroepen zijn verschil\u00adlend maar ze gebruiken dezelfde grondstof: de [&hellip;]\" \/>\n<meta property=\"og:url\" content=\"https:\/\/www.abd-bvd.be\/nl\/bladen-voor-documentatie\/2013-1\/\" \/>\n<meta property=\"og:site_name\" content=\"ABD-BVD\" \/>\n<meta property=\"article:published_time\" content=\"2013-03-01T10:10:41+00:00\" \/>\n<meta property=\"article:modified_time\" content=\"2018-07-25T13:28:36+00:00\" \/>\n<meta property=\"og:image\" content=\"https:\/\/www.abd-bvd.be\/wp-content\/uploads\/cover2013-1_small.jpg\" \/>\n<meta name=\"author\" content=\"Stephanie Fort\" \/>\n<meta name=\"twitter:card\" content=\"summary_large_image\" \/>\n<meta name=\"twitter:label1\" content=\"Geschreven door\" \/>\n\t<meta name=\"twitter:data1\" content=\"Stephanie Fort\" \/>\n\t<meta name=\"twitter:label2\" content=\"Geschatte leestijd\" \/>\n\t<meta name=\"twitter:data2\" content=\"7 minuten\" \/>\n<script type=\"application\/ld+json\" class=\"yoast-schema-graph\">{\"@context\":\"https:\\\/\\\/schema.org\",\"@graph\":[{\"@type\":\"Article\",\"@id\":\"https:\\\/\\\/www.abd-bvd.be\\\/nl\\\/bladen-voor-documentatie\\\/2013-1\\\/#article\",\"isPartOf\":{\"@id\":\"https:\\\/\\\/www.abd-bvd.be\\\/nl\\\/bladen-voor-documentatie\\\/2013-1\\\/\"},\"author\":{\"name\":\"Stephanie Fort\",\"@id\":\"https:\\\/\\\/www.abd-bvd.be\\\/fr\\\/#\\\/schema\\\/person\\\/7d377e7d9c9ab199688848e258c28e82\"},\"headline\":\"Bladen voor Documentatie 2013\\\/1 (maart 2013)\",\"datePublished\":\"2013-03-01T10:10:41+00:00\",\"dateModified\":\"2018-07-25T13:28:36+00:00\",\"mainEntityOfPage\":{\"@id\":\"https:\\\/\\\/www.abd-bvd.be\\\/nl\\\/bladen-voor-documentatie\\\/2013-1\\\/\"},\"wordCount\":1375,\"commentCount\":0,\"image\":{\"@id\":\"https:\\\/\\\/www.abd-bvd.be\\\/nl\\\/bladen-voor-documentatie\\\/2013-1\\\/#primaryimage\"},\"thumbnailUrl\":\"https:\\\/\\\/www.abd-bvd.be\\\/wp-content\\\/uploads\\\/cover2013-1_small.jpg\",\"articleSection\":[\"Bladen voor Documentatie\"],\"inLanguage\":\"nl-NL\",\"potentialAction\":[{\"@type\":\"CommentAction\",\"name\":\"Comment\",\"target\":[\"https:\\\/\\\/www.abd-bvd.be\\\/nl\\\/bladen-voor-documentatie\\\/2013-1\\\/#respond\"]}]},{\"@type\":\"WebPage\",\"@id\":\"https:\\\/\\\/www.abd-bvd.be\\\/nl\\\/bladen-voor-documentatie\\\/2013-1\\\/\",\"url\":\"https:\\\/\\\/www.abd-bvd.be\\\/nl\\\/bladen-voor-documentatie\\\/2013-1\\\/\",\"name\":\"Bladen voor Documentatie 2013\\\/1 (maart 2013) - ABD-BVD\",\"isPartOf\":{\"@id\":\"https:\\\/\\\/www.abd-bvd.be\\\/fr\\\/#website\"},\"primaryImageOfPage\":{\"@id\":\"https:\\\/\\\/www.abd-bvd.be\\\/nl\\\/bladen-voor-documentatie\\\/2013-1\\\/#primaryimage\"},\"image\":{\"@id\":\"https:\\\/\\\/www.abd-bvd.be\\\/nl\\\/bladen-voor-documentatie\\\/2013-1\\\/#primaryimage\"},\"thumbnailUrl\":\"https:\\\/\\\/www.abd-bvd.be\\\/wp-content\\\/uploads\\\/cover2013-1_small.jpg\",\"datePublished\":\"2013-03-01T10:10:41+00:00\",\"dateModified\":\"2018-07-25T13:28:36+00:00\",\"author\":{\"@id\":\"https:\\\/\\\/www.abd-bvd.be\\\/fr\\\/#\\\/schema\\\/person\\\/7d377e7d9c9ab199688848e258c28e82\"},\"breadcrumb\":{\"@id\":\"https:\\\/\\\/www.abd-bvd.be\\\/nl\\\/bladen-voor-documentatie\\\/2013-1\\\/#breadcrumb\"},\"inLanguage\":\"nl-NL\",\"potentialAction\":[{\"@type\":\"ReadAction\",\"target\":[\"https:\\\/\\\/www.abd-bvd.be\\\/nl\\\/bladen-voor-documentatie\\\/2013-1\\\/\"]}]},{\"@type\":\"ImageObject\",\"inLanguage\":\"nl-NL\",\"@id\":\"https:\\\/\\\/www.abd-bvd.be\\\/nl\\\/bladen-voor-documentatie\\\/2013-1\\\/#primaryimage\",\"url\":\"https:\\\/\\\/www.abd-bvd.be\\\/wp-content\\\/uploads\\\/cover2013-1_small.jpg\",\"contentUrl\":\"https:\\\/\\\/www.abd-bvd.be\\\/wp-content\\\/uploads\\\/cover2013-1_small.jpg\"},{\"@type\":\"BreadcrumbList\",\"@id\":\"https:\\\/\\\/www.abd-bvd.be\\\/nl\\\/bladen-voor-documentatie\\\/2013-1\\\/#breadcrumb\",\"itemListElement\":[{\"@type\":\"ListItem\",\"position\":1,\"name\":\"Accueil\",\"item\":\"https:\\\/\\\/www.abd-bvd.be\\\/nl\\\/\"},{\"@type\":\"ListItem\",\"position\":2,\"name\":\"Bladen voor Documentatie 2013\\\/1 (maart 2013)\"}]},{\"@type\":\"WebSite\",\"@id\":\"https:\\\/\\\/www.abd-bvd.be\\\/fr\\\/#website\",\"url\":\"https:\\\/\\\/www.abd-bvd.be\\\/fr\\\/\",\"name\":\"ABD-BVD\",\"description\":\"association Belge de documentation - Belgische verniging voor documentatie\",\"potentialAction\":[{\"@type\":\"SearchAction\",\"target\":{\"@type\":\"EntryPoint\",\"urlTemplate\":\"https:\\\/\\\/www.abd-bvd.be\\\/fr\\\/?s={search_term_string}\"},\"query-input\":{\"@type\":\"PropertyValueSpecification\",\"valueRequired\":true,\"valueName\":\"search_term_string\"}}],\"inLanguage\":\"nl-NL\"},{\"@type\":\"Person\",\"@id\":\"https:\\\/\\\/www.abd-bvd.be\\\/fr\\\/#\\\/schema\\\/person\\\/7d377e7d9c9ab199688848e258c28e82\",\"name\":\"Stephanie Fort\",\"image\":{\"@type\":\"ImageObject\",\"inLanguage\":\"nl-NL\",\"@id\":\"https:\\\/\\\/secure.gravatar.com\\\/avatar\\\/a2ee6ac25ed8c542f6f63ac766c7789daca06a4af3e6b117dd9067582c4ba60a?s=96&d=mm&r=g\",\"url\":\"https:\\\/\\\/secure.gravatar.com\\\/avatar\\\/a2ee6ac25ed8c542f6f63ac766c7789daca06a4af3e6b117dd9067582c4ba60a?s=96&d=mm&r=g\",\"contentUrl\":\"https:\\\/\\\/secure.gravatar.com\\\/avatar\\\/a2ee6ac25ed8c542f6f63ac766c7789daca06a4af3e6b117dd9067582c4ba60a?s=96&d=mm&r=g\",\"caption\":\"Stephanie Fort\"},\"url\":\"https:\\\/\\\/www.abd-bvd.be\\\/nl\\\/author\\\/stephanie-fort\\\/\"}]}<\/script>\n<!-- \/ Yoast SEO plugin. -->","yoast_head_json":{"title":"Bladen voor Documentatie 2013\/1 (maart 2013) - ABD-BVD","robots":{"index":"index","follow":"follow","max-snippet":"max-snippet:-1","max-image-preview":"max-image-preview:large","max-video-preview":"max-video-preview:-1"},"canonical":"https:\/\/www.abd-bvd.be\/nl\/bladen-voor-documentatie\/2013-1\/","og_locale":"nl_NL","og_type":"article","og_title":"Bladen voor Documentatie 2013\/1 (maart 2013) - ABD-BVD","og_description":"Woord vooraf Dit eerste nummer van het jaar 2013 opent met het artikel van Ak\u00e9mi Roberfroid en Julien Lecomte over de complementariteit tussen journalisten en documentalisten. Het is niet de eerste keer dat de Bladen voor documen\u00adtatie dit beroep nauw aan het onze verwant. Deze twee beroepen zijn verschil\u00adlend maar ze gebruiken dezelfde grondstof: de [&hellip;]","og_url":"https:\/\/www.abd-bvd.be\/nl\/bladen-voor-documentatie\/2013-1\/","og_site_name":"ABD-BVD","article_published_time":"2013-03-01T10:10:41+00:00","article_modified_time":"2018-07-25T13:28:36+00:00","og_image":[{"url":"https:\/\/www.abd-bvd.be\/wp-content\/uploads\/cover2013-1_small.jpg","type":"","width":"","height":""}],"author":"Stephanie Fort","twitter_card":"summary_large_image","twitter_misc":{"Geschreven door":"Stephanie Fort","Geschatte leestijd":"7 minuten"},"schema":{"@context":"https:\/\/schema.org","@graph":[{"@type":"Article","@id":"https:\/\/www.abd-bvd.be\/nl\/bladen-voor-documentatie\/2013-1\/#article","isPartOf":{"@id":"https:\/\/www.abd-bvd.be\/nl\/bladen-voor-documentatie\/2013-1\/"},"author":{"name":"Stephanie Fort","@id":"https:\/\/www.abd-bvd.be\/fr\/#\/schema\/person\/7d377e7d9c9ab199688848e258c28e82"},"headline":"Bladen voor Documentatie 2013\/1 (maart 2013)","datePublished":"2013-03-01T10:10:41+00:00","dateModified":"2018-07-25T13:28:36+00:00","mainEntityOfPage":{"@id":"https:\/\/www.abd-bvd.be\/nl\/bladen-voor-documentatie\/2013-1\/"},"wordCount":1375,"commentCount":0,"image":{"@id":"https:\/\/www.abd-bvd.be\/nl\/bladen-voor-documentatie\/2013-1\/#primaryimage"},"thumbnailUrl":"https:\/\/www.abd-bvd.be\/wp-content\/uploads\/cover2013-1_small.jpg","articleSection":["Bladen voor Documentatie"],"inLanguage":"nl-NL","potentialAction":[{"@type":"CommentAction","name":"Comment","target":["https:\/\/www.abd-bvd.be\/nl\/bladen-voor-documentatie\/2013-1\/#respond"]}]},{"@type":"WebPage","@id":"https:\/\/www.abd-bvd.be\/nl\/bladen-voor-documentatie\/2013-1\/","url":"https:\/\/www.abd-bvd.be\/nl\/bladen-voor-documentatie\/2013-1\/","name":"Bladen voor Documentatie 2013\/1 (maart 2013) - ABD-BVD","isPartOf":{"@id":"https:\/\/www.abd-bvd.be\/fr\/#website"},"primaryImageOfPage":{"@id":"https:\/\/www.abd-bvd.be\/nl\/bladen-voor-documentatie\/2013-1\/#primaryimage"},"image":{"@id":"https:\/\/www.abd-bvd.be\/nl\/bladen-voor-documentatie\/2013-1\/#primaryimage"},"thumbnailUrl":"https:\/\/www.abd-bvd.be\/wp-content\/uploads\/cover2013-1_small.jpg","datePublished":"2013-03-01T10:10:41+00:00","dateModified":"2018-07-25T13:28:36+00:00","author":{"@id":"https:\/\/www.abd-bvd.be\/fr\/#\/schema\/person\/7d377e7d9c9ab199688848e258c28e82"},"breadcrumb":{"@id":"https:\/\/www.abd-bvd.be\/nl\/bladen-voor-documentatie\/2013-1\/#breadcrumb"},"inLanguage":"nl-NL","potentialAction":[{"@type":"ReadAction","target":["https:\/\/www.abd-bvd.be\/nl\/bladen-voor-documentatie\/2013-1\/"]}]},{"@type":"ImageObject","inLanguage":"nl-NL","@id":"https:\/\/www.abd-bvd.be\/nl\/bladen-voor-documentatie\/2013-1\/#primaryimage","url":"https:\/\/www.abd-bvd.be\/wp-content\/uploads\/cover2013-1_small.jpg","contentUrl":"https:\/\/www.abd-bvd.be\/wp-content\/uploads\/cover2013-1_small.jpg"},{"@type":"BreadcrumbList","@id":"https:\/\/www.abd-bvd.be\/nl\/bladen-voor-documentatie\/2013-1\/#breadcrumb","itemListElement":[{"@type":"ListItem","position":1,"name":"Accueil","item":"https:\/\/www.abd-bvd.be\/nl\/"},{"@type":"ListItem","position":2,"name":"Bladen voor Documentatie 2013\/1 (maart 2013)"}]},{"@type":"WebSite","@id":"https:\/\/www.abd-bvd.be\/fr\/#website","url":"https:\/\/www.abd-bvd.be\/fr\/","name":"ABD-BVD","description":"association Belge de documentation - Belgische verniging voor documentatie","potentialAction":[{"@type":"SearchAction","target":{"@type":"EntryPoint","urlTemplate":"https:\/\/www.abd-bvd.be\/fr\/?s={search_term_string}"},"query-input":{"@type":"PropertyValueSpecification","valueRequired":true,"valueName":"search_term_string"}}],"inLanguage":"nl-NL"},{"@type":"Person","@id":"https:\/\/www.abd-bvd.be\/fr\/#\/schema\/person\/7d377e7d9c9ab199688848e258c28e82","name":"Stephanie Fort","image":{"@type":"ImageObject","inLanguage":"nl-NL","@id":"https:\/\/secure.gravatar.com\/avatar\/a2ee6ac25ed8c542f6f63ac766c7789daca06a4af3e6b117dd9067582c4ba60a?s=96&d=mm&r=g","url":"https:\/\/secure.gravatar.com\/avatar\/a2ee6ac25ed8c542f6f63ac766c7789daca06a4af3e6b117dd9067582c4ba60a?s=96&d=mm&r=g","contentUrl":"https:\/\/secure.gravatar.com\/avatar\/a2ee6ac25ed8c542f6f63ac766c7789daca06a4af3e6b117dd9067582c4ba60a?s=96&d=mm&r=g","caption":"Stephanie Fort"},"url":"https:\/\/www.abd-bvd.be\/nl\/author\/stephanie-fort\/"}]}},"_links":{"self":[{"href":"https:\/\/www.abd-bvd.be\/nl\/wp-json\/wp\/v2\/posts\/3579","targetHints":{"allow":["GET"]}}],"collection":[{"href":"https:\/\/www.abd-bvd.be\/nl\/wp-json\/wp\/v2\/posts"}],"about":[{"href":"https:\/\/www.abd-bvd.be\/nl\/wp-json\/wp\/v2\/types\/post"}],"author":[{"embeddable":true,"href":"https:\/\/www.abd-bvd.be\/nl\/wp-json\/wp\/v2\/users\/9"}],"replies":[{"embeddable":true,"href":"https:\/\/www.abd-bvd.be\/nl\/wp-json\/wp\/v2\/comments?post=3579"}],"version-history":[{"count":1,"href":"https:\/\/www.abd-bvd.be\/nl\/wp-json\/wp\/v2\/posts\/3579\/revisions"}],"predecessor-version":[{"id":12206,"href":"https:\/\/www.abd-bvd.be\/nl\/wp-json\/wp\/v2\/posts\/3579\/revisions\/12206"}],"wp:attachment":[{"href":"https:\/\/www.abd-bvd.be\/nl\/wp-json\/wp\/v2\/media?parent=3579"}],"wp:term":[{"taxonomy":"category","embeddable":true,"href":"https:\/\/www.abd-bvd.be\/nl\/wp-json\/wp\/v2\/categories?post=3579"},{"taxonomy":"post_tag","embeddable":true,"href":"https:\/\/www.abd-bvd.be\/nl\/wp-json\/wp\/v2\/tags?post=3579"}],"curies":[{"name":"wp","href":"https:\/\/api.w.org\/{rel}","templated":true}]}}