{"id":3460,"date":"2015-06-01T13:59:44","date_gmt":"2015-06-01T13:59:44","guid":{"rendered":"http:\/\/www.abd-bvd.be\/?p=3460"},"modified":"2018-07-11T16:04:44","modified_gmt":"2018-07-11T14:04:44","slug":"2015-2","status":"publish","type":"post","link":"https:\/\/www.abd-bvd.be\/nl\/bladen-voor-documentatie\/2015-2\/","title":{"rendered":"Bladen voor Documentatie 2015\/2 (juni 2015)"},"content":{"rendered":"<h2 style=\"text-align: left;\"><a href=\"http:\/\/www.abd-bvd.be\/wp-content\/uploads\/cover2015-2_small.jpg\"><img loading=\"lazy\" decoding=\"async\" class=\"size-full wp-image-1453 alignleft\" src=\"http:\/\/www.abd-bvd.be\/wp-content\/uploads\/cover2015-2_small.jpg\" alt=\"cover2015-2_small\" width=\"135\" height=\"191\" \/><\/a>Woord vooraf<\/h2>\n<p style=\"text-align: justify;\">De zon breekt vaker door het wolkendek, we nemen opnieuw de tijd om even door het park te wandelen en we halen de barbecue boven. Geen twijfel mogelijk, de zomer komt eraan, en zoals elk jaar strijkt het Inforum neer in de KBR. Op het moment dat wij deze regels schrijven is het programma net bekendgemaakt en zijn de eerste inschrijvingen reeds een feit. Dit jaar pakken wij uit met The I&amp;D puzzle: new pieces to solve it: het digitaal archiefsysteem van de British Library, de online aanwezigheid van openbare bibliotheken, de implicaties van het wilde web voor onze organisatie, nieuwe tools voor attendering via sociale media, de verborgen hulpmiddelen van het zoeken op beeld, enz. Kortom, een veelkleurig portret dat de impact van nieuwe technologie\u00ebn op onze beroepen en werkprocessen weergeeft, met allerhande trucjes, handigheden en praktische methodes die nieuwe professionele perspectieven openen.<\/p>\n<p style=\"text-align: justify;\">De zomer is ook een periode van herbronning. Na maanden voorbereiding is nu de nieuwe ABD-BVD-website gelanceerd: gebruiksvriendelijker, moderner, duidelijker, waarbij het hoofddoel natuurlijk is om u ten dienste te staan! In een oogopslag ontdekt u er de toekomstige activiteiten van onze vereniging. U kunt zich inschrijven voor de volgende conferenties of RSS-feeds aanmaken om op de hoogte te blijven van werkaanbiedingen, en nog veel meer!<\/p>\n<p style=\"text-align: justify;\">Nieuw, gevarieerd, concreet, zoals ons beroep dat voortdurend evolueert: dat is ook wat we u in dit nummer van Bladen voor documentatie willen aanbieden.<\/p>\n<p style=\"text-align: justify;\">Veel leesplezier!<\/p>\n<p style=\"text-align: right;\"><strong>Anne-Catherine DEMEULDER<\/strong><\/p>\n<h2 data-canvas-width=\"302.7431999910115\">Chercheur en botanique, contributeur et utilisateur de Wikipedia : Un d\u00e9fi \u00e0 relever<\/h2>\n<p style=\"text-align: justify;\"><span style=\"font-size: 12pt;\"><strong>R\u00e9gine FABRI<\/strong><\/span>, Chercheur, F\u00e9d\u00e9ration Wallonie-Bruxelles, Jardin botanique national de Belgique<\/p>\n<p style=\"text-align: justify;\">De auteur beschrijft haar ervaringen als auteur voor <em>Wikipedia<\/em>. Ze stipt aan dat wetenschappers het als een probleem ervaren dat ze tegenover niet-specialisten hun academisch gezag niet kunnen laten meespelen. Uit een enqu\u00eate bij botanische onderzoekers blijkt dat alle ondervraagde wetenschappers <em>Wikipedia<\/em> gebruiken. Slechts een kwart van hen heeft al bijdragen geschreven, maar driekwart is van mening dat dit soort werk deel kan uitmaken van het takenpakket van een wetenschappelijke instelling. Vervolgens wordt het profiel van de botanische medewerkers geschetst. 12% omschrijft zich als specialist en binnen die groep situeren zich de meest actieve medewerkers. De inbreng van wetenschappers en niet-specialisten is complementair: nalezing door niet-specialisten maakt de bijdragen toegankelijker, terwijl de expertise van academici de stukken van niet-specialisten inhoudelijk sterker maakt. Ten slotte belicht de auteur de paradox van de vele onderzoekers die <em>Wikipedia<\/em> wel gebruiken, maar er zelf niet actief aan bijdragen.<\/p>\n<p style=\"text-align: justify;\"><span class=\"file-button\"><a href=\"http:\/\/www.abd-bvd.be\/wp-content\/uploads\/2015_2_Richard.pdf\">Download (FR)<\/a>\u00a0<\/span><\/p>\n<h2 style=\"text-align: justify;\"><span lang=\"nl-be\">The Pisa Declaration: An Open Access Roadmap for Grey Literature <\/span><\/h2>\n<p><strong>Dominic FARACE<\/strong>, GreyNet International, Grey Literature Network Service<\/p>\n<p style=\"text-align: justify;\">Ter gelegenheid<em> van de Pisaverklaring voor het uitwerken van een politiek voor grijze literatuur <\/em>komt de auteur even terug op het proces dat geleid heeft tot het uitwerken van deze vernieuwende tekst en vat de kernidee\u00ebn samen.<\/p>\n<p style=\"text-align: justify;\"><span class=\"file-button\"><a href=\"http:\/\/www.abd-bvd.be\/wp-content\/uploads\/2015_2_Farace.pdf\">Download (EN)<\/a><\/span><\/p>\n<h2>Verklaring van Pisa over de ontwikkeling van een beleid voor hulpmiddelen met betrekking tot de grijze literatuur<\/h2>\n<p><span class=\"file-button\"><a href=\"http:\/\/www.abd-bvd.be\/wp-content\/uploads\/2015_2_Pisa_verklaring.pdf\">Download (NL)<\/a>\u00a0<\/span><\/p>\n<h2 style=\"text-align: justify;\">La litt\u00e9rature grise su\u00e9doise : Une mine de renseignements pour le chercheur en sciences sociales<\/h2>\n<p><strong>Marie-Pierre RICHARD<\/strong>, Fonctionnaire territoriale charg\u00e9e de mission, Docteure en science politique, Universit\u00e9 de Lille 2 &#8211; Centre d&#8217;\u00c9tudes et de Recherches Administratives, Politiques et Sociales (CERAPS)<\/p>\n<p style=\"text-align: justify;\">Voor wie onderzoek uitvoert over Zweden in het domein van de sociale wetenschappen is grijze literatuur niet alleen onvermijdelijk, maar ook erg belangrijk. Zweden is namelijk een land waar grijze literatuur een bijzondere plaats inneemt, door haar volume, kwaliteit en betrouwbaarheid, met bovendien vlotte toegangsvoorwaarden. E\u00e9n van de bepalende eigenschappen van de Zweedse grijze literatuur is de grote hoeveelheid documenten afkomstig van politieke, administratieve en sociale instellingen van nationaal of lokaal niveau, die van transparantie een echte doctrine gemaakt hebben, in een land waar de burger beschikt over een veelomvattend recht tot informatie en een aanzienlijke macht heeft om de kwaliteit van overheidsdiensten te controleren.<\/p>\n<p style=\"text-align: justify;\">\u00a0<span class=\"file-button\"><a href=\"http:\/\/www.abd-bvd.be\/wp-content\/uploads\/2015_2_Farace.pdf\">Download (FR)<\/a><\/span><\/p>\n<p style=\"text-align: right;\"><span class=\"file-button\"><a href=\"https:\/\/www.abd-bvd.be\/wp-content\/uploads\/2015-2-full.pdf\">Download het volledige nummer<\/a><\/span><\/p>\n","protected":false},"excerpt":{"rendered":"<p>Woord vooraf De zon breekt vaker door het wolkendek, we nemen opnieuw de tijd om even door het park te wandelen en we halen de barbecue boven. Geen twijfel mogelijk, de zomer komt eraan, en zoals elk jaar strijkt het Inforum neer in de KBR. Op het moment dat wij deze regels schrijven is het [&hellip;]<\/p>\n","protected":false},"author":5,"featured_media":0,"comment_status":"open","ping_status":"open","sticky":false,"template":"","format":"standard","meta":{"_acf_changed":false,"footnotes":"","_wpscppro_dont_share_socialmedia":false,"_wpscppro_custom_social_share_image":0,"_facebook_share_type":"","_twitter_share_type":"","_linkedin_share_type":"","_pinterest_share_type":"","_linkedin_share_type_page":"","_instagram_share_type":"","_medium_share_type":"","_threads_share_type":"","_google_business_share_type":"","_selected_social_profile":[],"_wpsp_enable_custom_social_template":false,"_wpsp_social_scheduling":{"enabled":false,"datetime":null,"platforms":[],"status":"template_only","dateOption":"today","timeOption":"now","customDays":"","customHours":"","customDate":"","customTime":"","schedulingType":"absolute"},"_wpsp_active_default_template":true},"categories":[87],"tags":[],"class_list":["post-3460","post","type-post","status-publish","format-standard","hentry","category-bladen-voor-documentatie"],"acf":[],"yoast_head":"<!-- This site is optimized with the Yoast SEO plugin v27.5 - https:\/\/yoast.com\/product\/yoast-seo-wordpress\/ -->\n<title>Bladen voor Documentatie 2015\/2 (juni 2015) - ABD-BVD<\/title>\n<meta name=\"robots\" content=\"index, follow, max-snippet:-1, max-image-preview:large, max-video-preview:-1\" \/>\n<link rel=\"canonical\" href=\"https:\/\/www.abd-bvd.be\/nl\/bladen-voor-documentatie\/2015-2\/\" \/>\n<meta property=\"og:locale\" content=\"nl_NL\" \/>\n<meta property=\"og:type\" content=\"article\" \/>\n<meta property=\"og:title\" content=\"Bladen voor Documentatie 2015\/2 (juni 2015) - ABD-BVD\" \/>\n<meta property=\"og:description\" content=\"Woord vooraf De zon breekt vaker door het wolkendek, we nemen opnieuw de tijd om even door het park te wandelen en we halen de barbecue boven. Geen twijfel mogelijk, de zomer komt eraan, en zoals elk jaar strijkt het Inforum neer in de KBR. Op het moment dat wij deze regels schrijven is het [&hellip;]\" \/>\n<meta property=\"og:url\" content=\"https:\/\/www.abd-bvd.be\/nl\/bladen-voor-documentatie\/2015-2\/\" \/>\n<meta property=\"og:site_name\" content=\"ABD-BVD\" \/>\n<meta property=\"article:published_time\" content=\"2015-06-01T13:59:44+00:00\" \/>\n<meta property=\"article:modified_time\" content=\"2018-07-11T14:04:44+00:00\" \/>\n<meta property=\"og:image\" content=\"http:\/\/www.abd-bvd.be\/wp-content\/uploads\/cover2015-2_small.jpg\" \/>\n<meta name=\"author\" content=\"Guy Delsaut\" \/>\n<meta name=\"twitter:card\" content=\"summary_large_image\" \/>\n<meta name=\"twitter:label1\" content=\"Geschreven door\" \/>\n\t<meta name=\"twitter:data1\" content=\"Guy Delsaut\" \/>\n\t<meta name=\"twitter:label2\" content=\"Geschatte leestijd\" \/>\n\t<meta name=\"twitter:data2\" content=\"3 minuten\" \/>\n<script type=\"application\/ld+json\" class=\"yoast-schema-graph\">{\"@context\":\"https:\\\/\\\/schema.org\",\"@graph\":[{\"@type\":\"Article\",\"@id\":\"https:\\\/\\\/www.abd-bvd.be\\\/nl\\\/bladen-voor-documentatie\\\/2015-2\\\/#article\",\"isPartOf\":{\"@id\":\"https:\\\/\\\/www.abd-bvd.be\\\/nl\\\/bladen-voor-documentatie\\\/2015-2\\\/\"},\"author\":{\"name\":\"Guy Delsaut\",\"@id\":\"https:\\\/\\\/www.abd-bvd.be\\\/fr\\\/#\\\/schema\\\/person\\\/b16d2027ba7bd24752b02f45e6c2d628\"},\"headline\":\"Bladen voor Documentatie 2015\\\/2 (juni 2015)\",\"datePublished\":\"2015-06-01T13:59:44+00:00\",\"dateModified\":\"2018-07-11T14:04:44+00:00\",\"mainEntityOfPage\":{\"@id\":\"https:\\\/\\\/www.abd-bvd.be\\\/nl\\\/bladen-voor-documentatie\\\/2015-2\\\/\"},\"wordCount\":650,\"commentCount\":0,\"image\":{\"@id\":\"https:\\\/\\\/www.abd-bvd.be\\\/nl\\\/bladen-voor-documentatie\\\/2015-2\\\/#primaryimage\"},\"thumbnailUrl\":\"http:\\\/\\\/www.abd-bvd.be\\\/wp-content\\\/uploads\\\/cover2015-2_small.jpg\",\"articleSection\":[\"Bladen voor Documentatie\"],\"inLanguage\":\"nl-NL\",\"potentialAction\":[{\"@type\":\"CommentAction\",\"name\":\"Comment\",\"target\":[\"https:\\\/\\\/www.abd-bvd.be\\\/nl\\\/bladen-voor-documentatie\\\/2015-2\\\/#respond\"]}]},{\"@type\":\"WebPage\",\"@id\":\"https:\\\/\\\/www.abd-bvd.be\\\/nl\\\/bladen-voor-documentatie\\\/2015-2\\\/\",\"url\":\"https:\\\/\\\/www.abd-bvd.be\\\/nl\\\/bladen-voor-documentatie\\\/2015-2\\\/\",\"name\":\"Bladen voor Documentatie 2015\\\/2 (juni 2015) - ABD-BVD\",\"isPartOf\":{\"@id\":\"https:\\\/\\\/www.abd-bvd.be\\\/fr\\\/#website\"},\"primaryImageOfPage\":{\"@id\":\"https:\\\/\\\/www.abd-bvd.be\\\/nl\\\/bladen-voor-documentatie\\\/2015-2\\\/#primaryimage\"},\"image\":{\"@id\":\"https:\\\/\\\/www.abd-bvd.be\\\/nl\\\/bladen-voor-documentatie\\\/2015-2\\\/#primaryimage\"},\"thumbnailUrl\":\"http:\\\/\\\/www.abd-bvd.be\\\/wp-content\\\/uploads\\\/cover2015-2_small.jpg\",\"datePublished\":\"2015-06-01T13:59:44+00:00\",\"dateModified\":\"2018-07-11T14:04:44+00:00\",\"author\":{\"@id\":\"https:\\\/\\\/www.abd-bvd.be\\\/fr\\\/#\\\/schema\\\/person\\\/b16d2027ba7bd24752b02f45e6c2d628\"},\"breadcrumb\":{\"@id\":\"https:\\\/\\\/www.abd-bvd.be\\\/nl\\\/bladen-voor-documentatie\\\/2015-2\\\/#breadcrumb\"},\"inLanguage\":\"nl-NL\",\"potentialAction\":[{\"@type\":\"ReadAction\",\"target\":[\"https:\\\/\\\/www.abd-bvd.be\\\/nl\\\/bladen-voor-documentatie\\\/2015-2\\\/\"]}]},{\"@type\":\"ImageObject\",\"inLanguage\":\"nl-NL\",\"@id\":\"https:\\\/\\\/www.abd-bvd.be\\\/nl\\\/bladen-voor-documentatie\\\/2015-2\\\/#primaryimage\",\"url\":\"http:\\\/\\\/www.abd-bvd.be\\\/wp-content\\\/uploads\\\/cover2015-2_small.jpg\",\"contentUrl\":\"http:\\\/\\\/www.abd-bvd.be\\\/wp-content\\\/uploads\\\/cover2015-2_small.jpg\"},{\"@type\":\"BreadcrumbList\",\"@id\":\"https:\\\/\\\/www.abd-bvd.be\\\/nl\\\/bladen-voor-documentatie\\\/2015-2\\\/#breadcrumb\",\"itemListElement\":[{\"@type\":\"ListItem\",\"position\":1,\"name\":\"Accueil\",\"item\":\"https:\\\/\\\/www.abd-bvd.be\\\/nl\\\/\"},{\"@type\":\"ListItem\",\"position\":2,\"name\":\"Bladen voor Documentatie 2015\\\/2 (juni 2015)\"}]},{\"@type\":\"WebSite\",\"@id\":\"https:\\\/\\\/www.abd-bvd.be\\\/fr\\\/#website\",\"url\":\"https:\\\/\\\/www.abd-bvd.be\\\/fr\\\/\",\"name\":\"ABD-BVD\",\"description\":\"association Belge de documentation - Belgische verniging voor documentatie\",\"potentialAction\":[{\"@type\":\"SearchAction\",\"target\":{\"@type\":\"EntryPoint\",\"urlTemplate\":\"https:\\\/\\\/www.abd-bvd.be\\\/fr\\\/?s={search_term_string}\"},\"query-input\":{\"@type\":\"PropertyValueSpecification\",\"valueRequired\":true,\"valueName\":\"search_term_string\"}}],\"inLanguage\":\"nl-NL\"},{\"@type\":\"Person\",\"@id\":\"https:\\\/\\\/www.abd-bvd.be\\\/fr\\\/#\\\/schema\\\/person\\\/b16d2027ba7bd24752b02f45e6c2d628\",\"name\":\"Guy Delsaut\",\"image\":{\"@type\":\"ImageObject\",\"inLanguage\":\"nl-NL\",\"@id\":\"https:\\\/\\\/secure.gravatar.com\\\/avatar\\\/661ab3e27256975e79639c97a039adabdf47fbcdcd1883bad66ee2e8b41bdfa7?s=96&d=mm&r=g\",\"url\":\"https:\\\/\\\/secure.gravatar.com\\\/avatar\\\/661ab3e27256975e79639c97a039adabdf47fbcdcd1883bad66ee2e8b41bdfa7?s=96&d=mm&r=g\",\"contentUrl\":\"https:\\\/\\\/secure.gravatar.com\\\/avatar\\\/661ab3e27256975e79639c97a039adabdf47fbcdcd1883bad66ee2e8b41bdfa7?s=96&d=mm&r=g\",\"caption\":\"Guy Delsaut\"},\"url\":\"https:\\\/\\\/www.abd-bvd.be\\\/nl\\\/author\\\/guy-delsaut\\\/\"}]}<\/script>\n<!-- \/ Yoast SEO plugin. -->","yoast_head_json":{"title":"Bladen voor Documentatie 2015\/2 (juni 2015) - ABD-BVD","robots":{"index":"index","follow":"follow","max-snippet":"max-snippet:-1","max-image-preview":"max-image-preview:large","max-video-preview":"max-video-preview:-1"},"canonical":"https:\/\/www.abd-bvd.be\/nl\/bladen-voor-documentatie\/2015-2\/","og_locale":"nl_NL","og_type":"article","og_title":"Bladen voor Documentatie 2015\/2 (juni 2015) - ABD-BVD","og_description":"Woord vooraf De zon breekt vaker door het wolkendek, we nemen opnieuw de tijd om even door het park te wandelen en we halen de barbecue boven. Geen twijfel mogelijk, de zomer komt eraan, en zoals elk jaar strijkt het Inforum neer in de KBR. Op het moment dat wij deze regels schrijven is het [&hellip;]","og_url":"https:\/\/www.abd-bvd.be\/nl\/bladen-voor-documentatie\/2015-2\/","og_site_name":"ABD-BVD","article_published_time":"2015-06-01T13:59:44+00:00","article_modified_time":"2018-07-11T14:04:44+00:00","og_image":[{"url":"http:\/\/www.abd-bvd.be\/wp-content\/uploads\/cover2015-2_small.jpg","type":"","width":"","height":""}],"author":"Guy Delsaut","twitter_card":"summary_large_image","twitter_misc":{"Geschreven door":"Guy Delsaut","Geschatte leestijd":"3 minuten"},"schema":{"@context":"https:\/\/schema.org","@graph":[{"@type":"Article","@id":"https:\/\/www.abd-bvd.be\/nl\/bladen-voor-documentatie\/2015-2\/#article","isPartOf":{"@id":"https:\/\/www.abd-bvd.be\/nl\/bladen-voor-documentatie\/2015-2\/"},"author":{"name":"Guy Delsaut","@id":"https:\/\/www.abd-bvd.be\/fr\/#\/schema\/person\/b16d2027ba7bd24752b02f45e6c2d628"},"headline":"Bladen voor Documentatie 2015\/2 (juni 2015)","datePublished":"2015-06-01T13:59:44+00:00","dateModified":"2018-07-11T14:04:44+00:00","mainEntityOfPage":{"@id":"https:\/\/www.abd-bvd.be\/nl\/bladen-voor-documentatie\/2015-2\/"},"wordCount":650,"commentCount":0,"image":{"@id":"https:\/\/www.abd-bvd.be\/nl\/bladen-voor-documentatie\/2015-2\/#primaryimage"},"thumbnailUrl":"http:\/\/www.abd-bvd.be\/wp-content\/uploads\/cover2015-2_small.jpg","articleSection":["Bladen voor Documentatie"],"inLanguage":"nl-NL","potentialAction":[{"@type":"CommentAction","name":"Comment","target":["https:\/\/www.abd-bvd.be\/nl\/bladen-voor-documentatie\/2015-2\/#respond"]}]},{"@type":"WebPage","@id":"https:\/\/www.abd-bvd.be\/nl\/bladen-voor-documentatie\/2015-2\/","url":"https:\/\/www.abd-bvd.be\/nl\/bladen-voor-documentatie\/2015-2\/","name":"Bladen voor Documentatie 2015\/2 (juni 2015) - ABD-BVD","isPartOf":{"@id":"https:\/\/www.abd-bvd.be\/fr\/#website"},"primaryImageOfPage":{"@id":"https:\/\/www.abd-bvd.be\/nl\/bladen-voor-documentatie\/2015-2\/#primaryimage"},"image":{"@id":"https:\/\/www.abd-bvd.be\/nl\/bladen-voor-documentatie\/2015-2\/#primaryimage"},"thumbnailUrl":"http:\/\/www.abd-bvd.be\/wp-content\/uploads\/cover2015-2_small.jpg","datePublished":"2015-06-01T13:59:44+00:00","dateModified":"2018-07-11T14:04:44+00:00","author":{"@id":"https:\/\/www.abd-bvd.be\/fr\/#\/schema\/person\/b16d2027ba7bd24752b02f45e6c2d628"},"breadcrumb":{"@id":"https:\/\/www.abd-bvd.be\/nl\/bladen-voor-documentatie\/2015-2\/#breadcrumb"},"inLanguage":"nl-NL","potentialAction":[{"@type":"ReadAction","target":["https:\/\/www.abd-bvd.be\/nl\/bladen-voor-documentatie\/2015-2\/"]}]},{"@type":"ImageObject","inLanguage":"nl-NL","@id":"https:\/\/www.abd-bvd.be\/nl\/bladen-voor-documentatie\/2015-2\/#primaryimage","url":"http:\/\/www.abd-bvd.be\/wp-content\/uploads\/cover2015-2_small.jpg","contentUrl":"http:\/\/www.abd-bvd.be\/wp-content\/uploads\/cover2015-2_small.jpg"},{"@type":"BreadcrumbList","@id":"https:\/\/www.abd-bvd.be\/nl\/bladen-voor-documentatie\/2015-2\/#breadcrumb","itemListElement":[{"@type":"ListItem","position":1,"name":"Accueil","item":"https:\/\/www.abd-bvd.be\/nl\/"},{"@type":"ListItem","position":2,"name":"Bladen voor Documentatie 2015\/2 (juni 2015)"}]},{"@type":"WebSite","@id":"https:\/\/www.abd-bvd.be\/fr\/#website","url":"https:\/\/www.abd-bvd.be\/fr\/","name":"ABD-BVD","description":"association Belge de documentation - Belgische verniging voor documentatie","potentialAction":[{"@type":"SearchAction","target":{"@type":"EntryPoint","urlTemplate":"https:\/\/www.abd-bvd.be\/fr\/?s={search_term_string}"},"query-input":{"@type":"PropertyValueSpecification","valueRequired":true,"valueName":"search_term_string"}}],"inLanguage":"nl-NL"},{"@type":"Person","@id":"https:\/\/www.abd-bvd.be\/fr\/#\/schema\/person\/b16d2027ba7bd24752b02f45e6c2d628","name":"Guy Delsaut","image":{"@type":"ImageObject","inLanguage":"nl-NL","@id":"https:\/\/secure.gravatar.com\/avatar\/661ab3e27256975e79639c97a039adabdf47fbcdcd1883bad66ee2e8b41bdfa7?s=96&d=mm&r=g","url":"https:\/\/secure.gravatar.com\/avatar\/661ab3e27256975e79639c97a039adabdf47fbcdcd1883bad66ee2e8b41bdfa7?s=96&d=mm&r=g","contentUrl":"https:\/\/secure.gravatar.com\/avatar\/661ab3e27256975e79639c97a039adabdf47fbcdcd1883bad66ee2e8b41bdfa7?s=96&d=mm&r=g","caption":"Guy Delsaut"},"url":"https:\/\/www.abd-bvd.be\/nl\/author\/guy-delsaut\/"}]}},"_links":{"self":[{"href":"https:\/\/www.abd-bvd.be\/nl\/wp-json\/wp\/v2\/posts\/3460","targetHints":{"allow":["GET"]}}],"collection":[{"href":"https:\/\/www.abd-bvd.be\/nl\/wp-json\/wp\/v2\/posts"}],"about":[{"href":"https:\/\/www.abd-bvd.be\/nl\/wp-json\/wp\/v2\/types\/post"}],"author":[{"embeddable":true,"href":"https:\/\/www.abd-bvd.be\/nl\/wp-json\/wp\/v2\/users\/5"}],"replies":[{"embeddable":true,"href":"https:\/\/www.abd-bvd.be\/nl\/wp-json\/wp\/v2\/comments?post=3460"}],"version-history":[{"count":1,"href":"https:\/\/www.abd-bvd.be\/nl\/wp-json\/wp\/v2\/posts\/3460\/revisions"}],"predecessor-version":[{"id":12082,"href":"https:\/\/www.abd-bvd.be\/nl\/wp-json\/wp\/v2\/posts\/3460\/revisions\/12082"}],"wp:attachment":[{"href":"https:\/\/www.abd-bvd.be\/nl\/wp-json\/wp\/v2\/media?parent=3460"}],"wp:term":[{"taxonomy":"category","embeddable":true,"href":"https:\/\/www.abd-bvd.be\/nl\/wp-json\/wp\/v2\/categories?post=3460"},{"taxonomy":"post_tag","embeddable":true,"href":"https:\/\/www.abd-bvd.be\/nl\/wp-json\/wp\/v2\/tags?post=3460"}],"curies":[{"name":"wp","href":"https:\/\/api.w.org\/{rel}","templated":true}]}}