{"id":31770,"date":"2022-07-23T23:19:07","date_gmt":"2022-07-23T21:19:07","guid":{"rendered":"https:\/\/www.abd-bvd.be\/?p=31770"},"modified":"2022-11-21T22:38:28","modified_gmt":"2022-11-21T21:38:28","slug":"inforum-2022","status":"publish","type":"post","link":"https:\/\/www.abd-bvd.be\/nl\/evenementen\/inforum-2022\/","title":{"rendered":"Inforum 2022"},"content":{"rendered":"<h2>Inforum 2022 \u2013 It\u2019s all about data<\/h2>\n<p>Plaats\u00a0: <strong>KBR \u2013Auditorium Zaal- <\/strong>Kuntsberg 28 Gutenberg ingang 1000 Brussel<\/p>\n<p>22\/11\/2022 &#8211; 9h-17:00<\/p>\n<p><img loading=\"lazy\" decoding=\"async\" class=\"alignnone size-large wp-image-31978\" src=\"https:\/\/www.abd-bvd.be\/wp-content\/uploads\/20221025_visuel-inforum_v4-1024x683.jpg\" alt=\"\" width=\"1024\" height=\"683\" srcset=\"https:\/\/www.abd-bvd.be\/wp-content\/uploads\/20221025_visuel-inforum_v4-1024x683.jpg 1024w, https:\/\/www.abd-bvd.be\/wp-content\/uploads\/20221025_visuel-inforum_v4-300x200.jpg 300w, https:\/\/www.abd-bvd.be\/wp-content\/uploads\/20221025_visuel-inforum_v4-768x512.jpg 768w, https:\/\/www.abd-bvd.be\/wp-content\/uploads\/20221025_visuel-inforum_v4-1536x1024.jpg 1536w, https:\/\/www.abd-bvd.be\/wp-content\/uploads\/20221025_visuel-inforum_v4.jpg 1920w\" sizes=\"auto, (max-width: 1024px) 100vw, 1024px\" \/><\/p>\n<p>We hebben het al vaak gehoord: data zijn het nieuwe goud en dit zowel in een academische\u00a0als in een professionele context. De gegevens die de grondslag vormen van publicaties, laten toe om de onderzoeksresultaten te valideren. Ook is het strategisch denken in het bedrijfsleven gebaseerd op data die zorgen voor het objectiveren van de besluitvorming. Gezien het cruciale belang van data, is het beheer ervan een belangrijk issue geworden. Hoe maken we data toegankelijk, hoe documenteren we ze, hoe bewaren we ze op lange termijn en hoe slaan we ze best op? Met andere woorden, hoe kunnen de FAIR-principes toegepast worden in verschillende contexten: op de universiteit, in het bedrijfsleven of in een onderzoeksinstituut? Dit zijn de vragen die we zullen behandelen op het Inforum 2022.<\/p>\n<p><a href=\"https:\/\/www.eventbrite.co.uk\/e\/billets-inforum-2022-it-all-about-data-450372224447\"><span class=\"file-button\">Inschrijven voor Inforum<\/span><\/a><\/p>\n<h2>Programma<\/h2>\n<h3>9u00-9u30 : Welkom en koffie<\/h3>\n<h3>9u30-9u45 : Inleiding<\/h3>\n<ul>\n<li style=\"list-style-type: none;\">\n<ul>\n<li aria-level=\"2\"><strong>Denis Renard<\/strong>, Voorzitter ABD-BVD<\/li>\n<li aria-level=\"2\"><strong>Sophie Vandepontseele<\/strong>, Directrice Hedendaagse verzamelingen KBR<\/li>\n<\/ul>\n<\/li>\n<\/ul>\n<h3>9u45-10u45 : Sessie 1, moderator: <strong>Robert van der Vooren<\/strong><\/h3>\n<p><strong>9h45-10h15: Dieuwertje Bloemen<\/strong> (KULeuven), <b><b>Data sharing @ KU Leuven \u2013 presentatie in het Nederlands<\/b><\/b><\/p>\n<p><b><b>Abstract:<br \/>\n<\/b><\/b>De FAIR principes zijn de leidraad voor de RDM strategie van de KU Leuven. Maar wat is data sharing in de context van FAIR data? En hoe kunnen we onderzoekers overtuigen en ondersteunen om hun data zo FAIR mogelijk te delen? In 2022 lanceerde KU Leuven haar eigen institutionele research data repository RDR als essentieel onderdeel van KU Leuven\u2019s data sharing infrastructuur voor de FAIRification van onderzoeksdata. De institutionele repository is een voorbeeld van hoe onderzoeksinstellingen onderzoekers kunnen bijstaan in het FAIR publiceren van onderzoeksdata om zo een stap dichter bij Open Science voor data te komen.<\/p>\n<p>Dieuwertje Bloemen studeerde taal- en letterkunde aan de KU Leuven met een focus op Engelse kwantitative variationele taalkunde. Momenteel werkt ze bij LIBIS als product manager voor RDR, KU Leuven\u2019s institutionele research data repository en voor Lirias, KU Leuven\u2019s document repository. Als RDR\u2019s product manager is ze verantwoordelijk voor de implementatie en verdere ontwikkeling van RDR als deel van KU Leuven\u2019s RDM infrastructuur voor onderzoekers.<br \/>\nDieuwertje is als product manager ook \u00e9\u00e9n vijfde van het RDM competentiecentrum (RDM-CC) aan de KU Leuven waar ze zich toespitst op de post-publicatie van onderzoeksdata, met RDR als belangrijk onderdeel van KU Leuven\u2019s RDM infrastructuur.<\/p>\n<p><strong>10u15-10u45: Christine Okret-Manville<\/strong> (Directrice du Service commun de documentation de l\u2019Universit\u00e9 Paris Dauphine-PSL<strong><strong>), Le bingo de la science ouverte\u00a0: une approche p\u00e9dago-ludique pour aborder la science ouverte avec les chercheurs \u2013 pr\u00e9sentation en fran\u00e7ais<\/strong><\/strong><\/p>\n<p><strong>Abstract:<br \/>\n<\/strong>Als de ontwikkeling van open science in een instelling voor hoger onderwijs en onderzoek een sterke politieke steun vereist, dan is deze ook gebaseerd op een constante actie van training en informatie voor onderzoekers, waarbij de mogelijke voordelen worden aangehaald van de invoering van open praktijken. Bibliotheken, die hierin voorop lopen, zien vaak vooroordelen of zorgen over open science. Ze moeten dan de meest effectieve manier vinden om dit bij onderzoekers aan te kaarten en een positief en genuanceerd discours te ontwikkelen in verschillende disciplinaire contexten. Deze interventie presenteert een eenvoudig te gebruiken en repliceerbaar pedagogische aanpak: open science bingo.<br \/>\nChristine Okret-Manville is Doctor in de geschiedenis, afgestudeerd aan de Ecole Nationale des Chartes, directeur van de bibliotheek van de Paris Dauphine-PSL University. Deskundige Open Science voor mijn universiteit en lid van de werkgroep vaardigheden en training in het kader van de Commissie Open Science gevormd onder het Ministerie van Hoger Onderwijs en Onderzoek (MESR).<\/p>\n<h3>10u45-11u15 : Pauze<\/h3>\n<h3>11u15-12u15 : Sessie 2, moderator: Robert van der Vooren<\/h3>\n<p><strong>11u15-11u45, Julie Birkholz<\/strong> (Assistant Professor of Digital Humanities, Ghent University, Ghent, Belgium &amp; Lead of the Royal Library of Belgium&#8217;s Digital Research Lab), <strong>Sally Chambers<\/strong> (DATA-KBR-BE Project Coordinator, KBR Royal Library of Belgium and Digital Humanities Research Coordinator, Ghent Centre for Digital Humanities), <strong><strong><strong><strong>Towards a Digital Data Strategy for KBR: a cross-departmental collaboration<\/strong><\/strong><\/strong><\/strong><\/p>\n<p><strong>Abstract:<\/strong><br \/>\nKBR onderhoudt miljoenen documenten zoals manuscripten, boeken, kranten en kaarten, maar ook de digitale records van deze analoge documenten. Daarnaast is er het beheer van born-digital en e-publicaties. Dit omvat digitale kopie\u00ebn, bibliografische en erfgoedgegevens, born digital data, datacollecties, onderzoek en laboratoriumgegevens. Gezien deze toenemende hoeveelheid informatie is er behoefte aan het ontwikkelen van processen om deze diverse gegevenstypen te beheren.<strong><strong><br \/>\n<\/strong><\/strong>De digitale gegevensstrategie van KBR is een gedetailleerd plan voor het beheer van de verscheidenheid aan gegevens (bijv. de diverse formaten nodig voor de verschillende documenttypen), het volume (bijv. verhoogde computeropslagvereisten om nauwkeurige herkomst en informatie op hoog niveau over de brondocumenten, gedigitaliseerde versies en gegevens te garanderen), de betrouwbaarheid (bijv. het waarborgen van kwaliteit en beschikbaarheid voor gebruikers op nieuwe manieren), rechtenbeheer en in sommige gevallen een toenemend aantal verzoeken en eisen van deze diensten (bijv. vraag van onderzoeker om een volledige tekst van een grote hoeveelheid boeken i.p.v.slechts \u00e9\u00e9n boek). Dit gebeurt met behulp van de FAIR-gegevensprincipes. FAIR staat voor vindbare, toegankelijke, interoperabele en herbruikbare data. We overwegen ook een voorstel voor behoud op lange termijn. Tijdens de presentatie bespreken we niet alleen de noodzaak van een strategie, maar ook hoe we dit plan hebben ontwikkeld, samen met een werkgroep van diverse experts en het hieraan gekoppelde actieplan van KBR.<\/p>\n<p><strong>11u45-12u15: Carmen Cercelescu<\/strong>, (Enterprise Data Governance Advisor, Euronova), <strong><strong><strong>Le data management, un cas industriel \u2013 pr\u00e9sentation en fran\u00e7ais<\/strong><\/strong><\/strong><\/p>\n<p><strong>Abstract:<\/strong><br \/>\nVeel data governance programma&#8217;s falen de eerste keer (tot 90% volgens Gartner). Onze korte toelichting richt zich op belangrijke lessen, geleerd in de afgelopen 2,5 jaar van de implementatie van het datamanagementprogramma bij Toyota Motor Europe.Het datamanagementprogramma wordt uitgevoerd binnen het strategische kader van het informatieprogramma dat is gelanceerd om te voldoen aan de use case-ambities met betrekking tot geavanceerde analysetools.De presentatie belicht best practices, die een belangrijke rol hebben gespeeld in het succes van Toyota Motor Europe&#8217;s data governance-reis, vanuit drie belangrijke aspecten: 1) de uitdagingen van de reis naar een datagedreven onderneming, 2) het belang van een evoluerend data governance framework, en 3) change management door middel van gevestigde training.<\/p>\n<p>Carmen Cercelescu is een data governance-beoefenaar met een sterke achtergrond in het beheren van datatransformatieprogramma&#8217;s, gebouwd over de 15 laatste jaren in grote bedrijven, vooral op het gebied van financi\u00ebn en verzekeringen. Als consultant en praktijkleider is ze een erkend adviseur en een evangelist van best practices op het gebied van governance en datamanagement met een obsessie voor een pragmatische, ruime benadering van cultuur en de strategische positionering van het bedrijf.Haar passie voor toegepaste wetenschappelijke kennis in de neurowetenschappen, versterkt door de recente MIT Sloan-certificering in neurowetenschappen voor bedrijven, zijn belangrijke vaardigheden om met succes de verandering van de datacultuur te stimuleren.<\/p>\n<h3><strong>12u15-13u40 : Lunchpauze<\/strong><\/h3>\n<h3>13u40-14u00 : Uitreiking ABD-BVD Prijs<\/h3>\n<h3>14u00-15u00: Sessie 3, moderator: <strong>Maryse Colson<\/strong><\/h3>\n<p>14u00-14u30, <strong>Marlon Domingus<\/strong> (Functionaris Gegevensbescherming voor de Erasmus Universiteit Rotterdam (EUR), de EUR Holding en RSM BV), <strong><strong>Van compliancy naar een nieuwe Europese visie op data governance. Geopolitiek via acroniemen: GDPR, DMA, DSA, DGA, DA, AIA \u2013 presentatie in het Nederlands<\/strong><\/strong><\/p>\n<p><strong>Abstract:<\/strong><br \/>\nWaar de AVG wereldwijd wordt gezien als de gouden standaard voor gegevensbescherming, en er sprake is van een &#8216;Brussel effect&#8217;, zien we tezelfdertijd de verschillen groter worden met rechtsgebieden die gewend zijn te werken met &#8216;rule based law&#8217; in plaats van &#8216;principle based law&#8217;. We zien ook de verschillen tussen de Europese fundering van gegevensbescherming in <i>fundamentele mensenrechten<\/i> tegenover een verankering van privacyrechten als een <i>consumentenrecht<\/i>.Europa heeft ondertussen verder gewerkt aan haar gouden standaard en in verschillende duo&#8217;s van wetten wordt een bredere Europese visie op data, data hergebruik en data governance zichtbaar. In de presentatie wordt deze uit de doeken gedaan.<\/p>\n<p>Marlon Domingus is Functionaris Gegevensbescherming voor de Erasmus Universiteit Rotterdam (EUR), de EUR Holding en RSM BV. Hij is regelmatig voorzitter van werkgroepen op landelijk niveau. Hij ontwikkelde verschillende online onderwijsmodules over privacy en onderzoek. Marlon is gespecialiseerd in AVG en schrijft en spreekt over privacy governance, (data)ethiek, privacy by design,\u00a0 privacy engineering, risicomanagement &amp; privacy audits en ontwikkelingen in EU data governance (AI Act, DMA, DSA, DGA, DA, \u2026). Hij is filosoof in de wereld van privacy.<\/p>\n<p><strong>14u30-15u00: Raf Buyle<\/strong> (Informatie Architect, Digitaal Vlaanderen), <strong><strong>Open Standaarden als hefboom voor een beter hergebruik van (Archief)Data \u2013 presentatie in het Nederlands<\/strong><\/strong><\/p>\n<p><strong>Abstract:<\/strong><br \/>\nOpen Standaarden als hefboom voor een beter hergebruik van (Archief)Data. De Vlaamse Overheid ze in op een eenduidige standaard voor de uitwisseling van informatie: Open Standaarden voor Linkende Organisaties, kortweg OSLO. Het is de bedoeling om te zorgen voor meer samenhang, een betere begrijpbaarheid en een betere vindbaarheid van informatie en dienstverlening. Op die manier kan iedereen de gegevens makkelijker gebruiken. Met OSLO is er een interoperabiliteitsprogramma in Vlaanderen waar er reeds standaarden zijn in 124 domeinen ( <a href=\"https:\/\/data.vlaanderen.be\/\">https:\/\/data.vlaanderen.be\/<\/a> of <a href=\"https:\/\/data.vlaanderen.be\/standaarden\/\">https:\/\/data.vlaanderen.be\/standaarden\/<\/a>) op basis van internationale standaarden. Ook op interfederaal niveau (regio\u2019s, gewesten, federale overheid in Belgi\u00eb) is er een dergelijk programma actief (<a href=\"https:\/\/github.com\/belgif\/review\">https:\/\/github.com\/belgif\/review<\/a>).<\/p>\n<p>Raf Buyle is Informatie Architect bij Informatie Vlaanderen en het Vlaams Datanutsbedrijf en sinds 2002 gepassioneerd door e-government. Hij is trekker van het Vlaamse Interoperabiliteitsprogramma Open Standaarden voor Linkende Organisaties (OSLO), dat focus neemt op het bouwen van bruggen tussen informatie binnen en buiten de overheid.<br \/>\nAls bestuurder bij Open Knowledge Belgium breekt Raf een lans voor Open Data. Daarnaast is hij is verbonden als postductoraalonderzoeker aan het Internet Technology and Data Science Lab van Universiteit Gent.<\/p>\n<h3>15h00-15h30 : Pauze<\/h3>\n<h3>15h30-16h30: Sessie 4, moderator: <strong>Maryse Colson<\/strong><\/h3>\n<p><strong>15h30-16h00: Christian De Neef<\/strong> (stichtend partner FastTrack), <span lang=\"EN-US\"><span lang=\"EN-US\"><span lang=\"EN-US\"><b>Sommes-nous des illettr\u00e9s de data dans un monde affam\u00e9 de donn\u00e9es ? &#8211; pr\u00e9sentation en fran\u00e7ais<\/b><\/span><\/span><\/span><\/p>\n<p><strong>Abstract:<\/strong><br \/>\nIn de meeste organisaties gaan we er vanuit dat mensen kunnen lezen en schrijven.\u00a0 We verwachten echter dat ze meer beheersen dan alleen basisgeletterdheid. We willen dat ze impliciet over diepere vaardigheden beschikken, waaronder grammatica en spelling, maar ook nauwkeurigheid, kritisch en analytisch denken, in staat zijn om te synthetiseren, beslissingen te nemen op basis van beschikbare input, enz.\u00a0 Waarom zijn we dan niet zo veeleisend als het om data gaat?\u00a0 Misschien omdat, of we het nu willen toegeven of niet, de meesten van ons data-analfabeten zijn in een wereld die steeds meer datagedreven is!Mensen komen in de verleiding om zichzelf als datageletterd te beschouwen omdat ze een groeicurve begrijpen of een infographic kunnen bespreken. Maar begrijpen we die datarepresentatie echt, diepgaand? Hoe weten we of de gegevens zelf, of de manier waarop ze zijn opgehaald en geanalyseerd, of zelfs de presentatie an sich, niet bevooroordeeld zijn? Controleren we (en kunnen we dit wel?) of de databronnen betrouwbaar zijn? Zouden we zelf de gegevens kunnen vinden, zouden we de gevolgen en uitkomsten ervan kunnen ophalen, analyseren, presenteren, synthetiseren, verklaren?In deze sessie zullen we datageletterdheid bespreken, een aantal kaders en benaderingen van meten bestuderen, de rol ervan in de toekomst van organisaties (en hun digitale transformatie) uitleggen en manieren verkennen om de datamaturiteit van een organisatie te verbeteren.<\/p>\n<p>Christian De Neef est un ing\u00e9nieur qui a commenc\u00e9 sa carri\u00e8re \u00e0 Montr\u00e9al au Canada, en tant que consultant pour des entreprises de taille moyenne. Il est revenu en Europe \u00e0 la fin des ann\u00e9es 90 comme directeur g\u00e9n\u00e9ral en knowledge management pour le groupe Fujitsu. Il y a 15 ans, il a lanc\u00e9 son propre cabinet de consultance FastTrack, o\u00f9 il est toujours directeur. FastTrack facilite le c\u00f4t\u00e9 du management de la connaissance et de l\u2019innovation qui est centr\u00e9 sur les personnes. L\u2019attention se focalise sur le changement, la collaboration, la culture , et comment tous ces \u00e9l\u00e9ments constituent la cl\u00e9 d\u2019une transformation durable des organisations. Depuis le d\u00e9but de cette ann\u00e9e, il est \u00e9galement ma\u00eetre de conf\u00e9rences invit\u00e9 en \u201cTransformation Digitale des Organisations\u201d \u00e0 la Louvain Business School of Management. Il est impliqu\u00e9 dans la litt\u00e9ratie des donn\u00e9es, le sujet de sa pr\u00e9sentation d\u2019aujourd\u2019hui, depuis de nombreuses ann\u00e9es.<\/p>\n<p>16h00-16h30: <strong>Bernard Rentier<\/strong> (Ere-rector Universiteit Luik)\u00a0<strong><b>Le partage des donn\u00e9es, un d\u00e9fi culturellement contre-intuitif<\/b> \u2013 pr\u00e9sentation en fran\u00e7ais<br \/>\n<\/strong><br \/>\n<strong>Abstract<\/strong>:<br \/>\nHet delen van data is een aanbeveling die een van de essenti\u00eble pijlers van Open Science vormt, zoals Open Access, FAIR archiving, Open Software of Open Learning. Het delen van eigen gegevens is echter zelden een spontane actie. De onderzoeker houdt de data liever voor zichzelf om het gebruik ervan in de toekomst verder te kunnen beheren. Het openlijk weggeven of delen voelt dan ook eerder als een onaanvaardbare onteigening aan. Het is daarom essentieel om er in een universele Open Science-benadering voor te zorgen dat de onderzoeker meer voor- dan nadelen ziet in het opzijzetten van deze bezitsreflex.Een dergelijke ambitie vereist uiteraard aanvaarding van de onderzoeker, maar ook grote inspanningen van universiteiten, universitaire consortia, financierders van onderzoek, evaluatiepanels en commissies.Er zijn manieren om dit te bereiken, maar het vereist inspanning en een wijzigende mindset van de hele wetenschappelijke gemeenschap.<\/p>\n<p>Bernard Rentier is bioloog gespecialiseerd in virologie. Hij is ere-rector van de Universiteit Luik. Hij staat bekend voor zijn werk inzake open en vrije toegang tot wetenschappelijke publicaties. In 2014 ontving hij het insigne van Doctor Honoris Causa van de Universiteit van Quebec in Montreal voor zijn rol als academische pionier op het gebied van Open Access. In december 2018 publiceerde hij samen met de \u00c9ditions de l&#8217;Acad\u00e9mie Royale de Belgique een boek met de titel &#8220;Science ouverte, le d\u00e9fi de la transparence&#8221;, waarvan de elektronische versies in het Frans en het Engels onmiddellijk gratis online konden gedownload worden. Het boek ontving de Politieke Boekenprijs 2019 in Belgi\u00eb. Hij is lid van de Koninklijke Academie voor Wetenschappen, Letteren en Schone Kunsten van Belgi\u00eb en vicevoorzitter van de Belgische Federale Raad voor Wetenschappelijk Onderzoek.<\/p>\n<p>&nbsp;<\/p>\n<h3>16h30-17h00: Slotwoord<\/h3>\n<p>Door <strong>Sara Decoster<\/strong>, wetenschappelijke co\u00f6rdinator van Inforum 2022<\/p>\n<p>&nbsp;<\/p>\n<h2><strong>Inschrijvingskosten<\/strong><\/h2>\n<p><strong>(EventBrite kosten excl.)<\/strong><\/p>\n<table>\n<tbody>\n<tr>\n<td width=\"76\"><\/td>\n<td width=\"142\">ABD-BVD-leden<\/td>\n<td width=\"142\">leden verwante<br \/>\nverenigingen(*)<\/td>\n<td width=\"134\">niet-leden<\/td>\n<\/tr>\n<tr>\n<td width=\"76\">Conferentie<\/td>\n<td width=\"142\">gratis<\/td>\n<td width=\"142\">\u20ac 100<\/td>\n<td width=\"134\">\u20ac 200<\/td>\n<\/tr>\n<tr>\n<td width=\"76\">Lunch<\/td>\n<td width=\"142\">\u20ac 25<\/td>\n<td width=\"142\">\u20ac 25<\/td>\n<td width=\"134\">\u20ac 25<\/td>\n<\/tr>\n<\/tbody>\n<\/table>\n<p>&nbsp;<\/p>\n<p>(*) AAFB, ABBEF, ABF, ADBS, AGBD, AIFBD, APBFB, ALBAD, BIBForum, BiblioSuisse, CILIP, DGI, FAF, FELNET, FIBBC, KNVI, OKVB, RBD Sant\u00e9 of VVBAD.<\/p>\n<p>&nbsp;<\/p>\n<p>De inschrijving geeft toegang tot de lezingen en recht op de documentatie alsook de koffie\/verfrissingen.<\/p>\n<p>U kan lid worden van ABD-BVD <a href=\"https:\/\/www.abd-bvd.be\/nl\/abd-bvd\/lid-worden\/\">on line op deze website<\/a>. Lidmaatschap geeft tal van voordelen en schommelt tussen \u20ac 12,50 voor studenten en \u20ac 150 voor ondernemingen en ministeries.<\/p>\n<p><strong>Simultane vertaling is voorzien<\/strong><\/p>\n<p><strong>Met de steun van:<br \/>\n<img loading=\"lazy\" decoding=\"async\" class=\"alignnone wp-image-31982\" src=\"https:\/\/www.abd-bvd.be\/wp-content\/uploads\/KBR-Logo-Black_noTagline-300x97.png\" alt=\"\" width=\"133\" height=\"43\" srcset=\"https:\/\/www.abd-bvd.be\/wp-content\/uploads\/KBR-Logo-Black_noTagline-300x97.png 300w, https:\/\/www.abd-bvd.be\/wp-content\/uploads\/KBR-Logo-Black_noTagline-1024x331.png 1024w, https:\/\/www.abd-bvd.be\/wp-content\/uploads\/KBR-Logo-Black_noTagline-768x248.png 768w, https:\/\/www.abd-bvd.be\/wp-content\/uploads\/KBR-Logo-Black_noTagline-1100x358.png 1100w, https:\/\/www.abd-bvd.be\/wp-content\/uploads\/KBR-Logo-Black_noTagline.png 1109w\" sizes=\"auto, (max-width: 133px) 100vw, 133px\" \/><br \/>\n<\/strong><\/p>\n<p><span class=\"file-button\"><a href=\"https:\/\/www.eventbrite.co.uk\/e\/billets-inforum-2022-it-all-about-data-450372224447\">Inschrijven voor Inforum<\/a><br \/>\n<\/span><\/p>\n<div id=\"ConnectiveDocSignExtentionInstalled\" data-extension-version=\"1.0.4\"><\/div>\n","protected":false},"excerpt":{"rendered":"<p>Inforum 2022 \u2013 It\u2019s all about data Plaats\u00a0: KBR \u2013Auditorium Zaal- Kuntsberg 28 Gutenberg ingang 1000 Brussel 22\/11\/2022 &#8211; 9h-17:00 We hebben het al vaak gehoord: data zijn het nieuwe goud en dit zowel in een academische\u00a0als in een professionele context. De gegevens die de grondslag vormen van publicaties, laten toe om de onderzoeksresultaten te [&hellip;]<\/p>\n","protected":false},"author":5,"featured_media":0,"comment_status":"closed","ping_status":"open","sticky":false,"template":"","format":"standard","meta":{"_acf_changed":false,"footnotes":"","_wpscppro_dont_share_socialmedia":false,"_wpscppro_custom_social_share_image":0,"_facebook_share_type":"","_twitter_share_type":"","_linkedin_share_type":"","_pinterest_share_type":"","_linkedin_share_type_page":"","_instagram_share_type":"","_medium_share_type":"","_threads_share_type":"","_google_business_share_type":"","_selected_social_profile":[],"_wpsp_enable_custom_social_template":false,"_wpsp_social_scheduling":{"enabled":false,"datetime":null,"platforms":[],"status":"template_only","dateOption":"today","timeOption":"now","customDays":"","customHours":"","customDate":"","customTime":"","schedulingType":"absolute"},"_wpsp_active_default_template":true},"categories":[85],"tags":[],"class_list":["post-31770","post","type-post","status-publish","format-standard","hentry","category-evenementen"],"acf":[],"yoast_head":"<!-- This site is optimized with the Yoast SEO plugin v27.4 - https:\/\/yoast.com\/product\/yoast-seo-wordpress\/ -->\n<title>Inforum 2022 - ABD-BVD<\/title>\n<meta name=\"robots\" content=\"index, follow, max-snippet:-1, max-image-preview:large, max-video-preview:-1\" \/>\n<link rel=\"canonical\" href=\"https:\/\/www.abd-bvd.be\/nl\/evenementen\/inforum-2022\/\" \/>\n<meta property=\"og:locale\" content=\"nl_NL\" \/>\n<meta property=\"og:type\" content=\"article\" \/>\n<meta property=\"og:title\" content=\"Inforum 2022 - ABD-BVD\" \/>\n<meta property=\"og:description\" content=\"Inforum 2022 \u2013 It\u2019s all about data Plaats\u00a0: KBR \u2013Auditorium Zaal- Kuntsberg 28 Gutenberg ingang 1000 Brussel 22\/11\/2022 &#8211; 9h-17:00 We hebben het al vaak gehoord: data zijn het nieuwe goud en dit zowel in een academische\u00a0als in een professionele context. De gegevens die de grondslag vormen van publicaties, laten toe om de onderzoeksresultaten te [&hellip;]\" \/>\n<meta property=\"og:url\" content=\"https:\/\/www.abd-bvd.be\/nl\/evenementen\/inforum-2022\/\" \/>\n<meta property=\"og:site_name\" content=\"ABD-BVD\" \/>\n<meta property=\"article:published_time\" content=\"2022-07-23T21:19:07+00:00\" \/>\n<meta property=\"article:modified_time\" content=\"2022-11-21T21:38:28+00:00\" \/>\n<meta property=\"og:image\" content=\"https:\/\/www.abd-bvd.be\/wp-content\/uploads\/20221025_visuel-inforum_v4-1024x683.jpg\" \/>\n<meta name=\"author\" content=\"Guy Delsaut\" \/>\n<meta name=\"twitter:card\" content=\"summary_large_image\" \/>\n<meta name=\"twitter:label1\" content=\"Geschreven door\" \/>\n\t<meta name=\"twitter:data1\" content=\"Guy Delsaut\" \/>\n\t<meta name=\"twitter:label2\" content=\"Geschatte leestijd\" \/>\n\t<meta name=\"twitter:data2\" content=\"11 minuten\" \/>\n<script type=\"application\/ld+json\" class=\"yoast-schema-graph\">{\"@context\":\"https:\\\/\\\/schema.org\",\"@graph\":[{\"@type\":\"Article\",\"@id\":\"https:\\\/\\\/www.abd-bvd.be\\\/nl\\\/evenementen\\\/inforum-2022\\\/#article\",\"isPartOf\":{\"@id\":\"https:\\\/\\\/www.abd-bvd.be\\\/nl\\\/evenementen\\\/inforum-2022\\\/\"},\"author\":{\"name\":\"Guy Delsaut\",\"@id\":\"https:\\\/\\\/www.abd-bvd.be\\\/fr\\\/#\\\/schema\\\/person\\\/b16d2027ba7bd24752b02f45e6c2d628\"},\"headline\":\"Inforum 2022\",\"datePublished\":\"2022-07-23T21:19:07+00:00\",\"dateModified\":\"2022-11-21T21:38:28+00:00\",\"mainEntityOfPage\":{\"@id\":\"https:\\\/\\\/www.abd-bvd.be\\\/nl\\\/evenementen\\\/inforum-2022\\\/\"},\"wordCount\":2396,\"image\":{\"@id\":\"https:\\\/\\\/www.abd-bvd.be\\\/nl\\\/evenementen\\\/inforum-2022\\\/#primaryimage\"},\"thumbnailUrl\":\"https:\\\/\\\/www.abd-bvd.be\\\/wp-content\\\/uploads\\\/20221025_visuel-inforum_v4-1024x683.jpg\",\"articleSection\":[\"Evenementen\"],\"inLanguage\":\"nl-NL\"},{\"@type\":\"WebPage\",\"@id\":\"https:\\\/\\\/www.abd-bvd.be\\\/nl\\\/evenementen\\\/inforum-2022\\\/\",\"url\":\"https:\\\/\\\/www.abd-bvd.be\\\/nl\\\/evenementen\\\/inforum-2022\\\/\",\"name\":\"Inforum 2022 - ABD-BVD\",\"isPartOf\":{\"@id\":\"https:\\\/\\\/www.abd-bvd.be\\\/fr\\\/#website\"},\"primaryImageOfPage\":{\"@id\":\"https:\\\/\\\/www.abd-bvd.be\\\/nl\\\/evenementen\\\/inforum-2022\\\/#primaryimage\"},\"image\":{\"@id\":\"https:\\\/\\\/www.abd-bvd.be\\\/nl\\\/evenementen\\\/inforum-2022\\\/#primaryimage\"},\"thumbnailUrl\":\"https:\\\/\\\/www.abd-bvd.be\\\/wp-content\\\/uploads\\\/20221025_visuel-inforum_v4-1024x683.jpg\",\"datePublished\":\"2022-07-23T21:19:07+00:00\",\"dateModified\":\"2022-11-21T21:38:28+00:00\",\"author\":{\"@id\":\"https:\\\/\\\/www.abd-bvd.be\\\/fr\\\/#\\\/schema\\\/person\\\/b16d2027ba7bd24752b02f45e6c2d628\"},\"breadcrumb\":{\"@id\":\"https:\\\/\\\/www.abd-bvd.be\\\/nl\\\/evenementen\\\/inforum-2022\\\/#breadcrumb\"},\"inLanguage\":\"nl-NL\",\"potentialAction\":[{\"@type\":\"ReadAction\",\"target\":[\"https:\\\/\\\/www.abd-bvd.be\\\/nl\\\/evenementen\\\/inforum-2022\\\/\"]}]},{\"@type\":\"ImageObject\",\"inLanguage\":\"nl-NL\",\"@id\":\"https:\\\/\\\/www.abd-bvd.be\\\/nl\\\/evenementen\\\/inforum-2022\\\/#primaryimage\",\"url\":\"https:\\\/\\\/www.abd-bvd.be\\\/wp-content\\\/uploads\\\/20221025_visuel-inforum_v4-1024x683.jpg\",\"contentUrl\":\"https:\\\/\\\/www.abd-bvd.be\\\/wp-content\\\/uploads\\\/20221025_visuel-inforum_v4-1024x683.jpg\"},{\"@type\":\"BreadcrumbList\",\"@id\":\"https:\\\/\\\/www.abd-bvd.be\\\/nl\\\/evenementen\\\/inforum-2022\\\/#breadcrumb\",\"itemListElement\":[{\"@type\":\"ListItem\",\"position\":1,\"name\":\"Accueil\",\"item\":\"https:\\\/\\\/www.abd-bvd.be\\\/nl\\\/\"},{\"@type\":\"ListItem\",\"position\":2,\"name\":\"Inforum 2022\"}]},{\"@type\":\"WebSite\",\"@id\":\"https:\\\/\\\/www.abd-bvd.be\\\/fr\\\/#website\",\"url\":\"https:\\\/\\\/www.abd-bvd.be\\\/fr\\\/\",\"name\":\"ABD-BVD\",\"description\":\"association Belge de documentation - Belgische verniging voor documentatie\",\"potentialAction\":[{\"@type\":\"SearchAction\",\"target\":{\"@type\":\"EntryPoint\",\"urlTemplate\":\"https:\\\/\\\/www.abd-bvd.be\\\/fr\\\/?s={search_term_string}\"},\"query-input\":{\"@type\":\"PropertyValueSpecification\",\"valueRequired\":true,\"valueName\":\"search_term_string\"}}],\"inLanguage\":\"nl-NL\"},{\"@type\":\"Person\",\"@id\":\"https:\\\/\\\/www.abd-bvd.be\\\/fr\\\/#\\\/schema\\\/person\\\/b16d2027ba7bd24752b02f45e6c2d628\",\"name\":\"Guy Delsaut\",\"image\":{\"@type\":\"ImageObject\",\"inLanguage\":\"nl-NL\",\"@id\":\"https:\\\/\\\/secure.gravatar.com\\\/avatar\\\/661ab3e27256975e79639c97a039adabdf47fbcdcd1883bad66ee2e8b41bdfa7?s=96&d=mm&r=g\",\"url\":\"https:\\\/\\\/secure.gravatar.com\\\/avatar\\\/661ab3e27256975e79639c97a039adabdf47fbcdcd1883bad66ee2e8b41bdfa7?s=96&d=mm&r=g\",\"contentUrl\":\"https:\\\/\\\/secure.gravatar.com\\\/avatar\\\/661ab3e27256975e79639c97a039adabdf47fbcdcd1883bad66ee2e8b41bdfa7?s=96&d=mm&r=g\",\"caption\":\"Guy Delsaut\"},\"url\":\"https:\\\/\\\/www.abd-bvd.be\\\/nl\\\/author\\\/guy-delsaut\\\/\"}]}<\/script>\n<!-- \/ Yoast SEO plugin. -->","yoast_head_json":{"title":"Inforum 2022 - ABD-BVD","robots":{"index":"index","follow":"follow","max-snippet":"max-snippet:-1","max-image-preview":"max-image-preview:large","max-video-preview":"max-video-preview:-1"},"canonical":"https:\/\/www.abd-bvd.be\/nl\/evenementen\/inforum-2022\/","og_locale":"nl_NL","og_type":"article","og_title":"Inforum 2022 - ABD-BVD","og_description":"Inforum 2022 \u2013 It\u2019s all about data Plaats\u00a0: KBR \u2013Auditorium Zaal- Kuntsberg 28 Gutenberg ingang 1000 Brussel 22\/11\/2022 &#8211; 9h-17:00 We hebben het al vaak gehoord: data zijn het nieuwe goud en dit zowel in een academische\u00a0als in een professionele context. De gegevens die de grondslag vormen van publicaties, laten toe om de onderzoeksresultaten te [&hellip;]","og_url":"https:\/\/www.abd-bvd.be\/nl\/evenementen\/inforum-2022\/","og_site_name":"ABD-BVD","article_published_time":"2022-07-23T21:19:07+00:00","article_modified_time":"2022-11-21T21:38:28+00:00","og_image":[{"url":"https:\/\/www.abd-bvd.be\/wp-content\/uploads\/20221025_visuel-inforum_v4-1024x683.jpg","type":"","width":"","height":""}],"author":"Guy Delsaut","twitter_card":"summary_large_image","twitter_misc":{"Geschreven door":"Guy Delsaut","Geschatte leestijd":"11 minuten"},"schema":{"@context":"https:\/\/schema.org","@graph":[{"@type":"Article","@id":"https:\/\/www.abd-bvd.be\/nl\/evenementen\/inforum-2022\/#article","isPartOf":{"@id":"https:\/\/www.abd-bvd.be\/nl\/evenementen\/inforum-2022\/"},"author":{"name":"Guy Delsaut","@id":"https:\/\/www.abd-bvd.be\/fr\/#\/schema\/person\/b16d2027ba7bd24752b02f45e6c2d628"},"headline":"Inforum 2022","datePublished":"2022-07-23T21:19:07+00:00","dateModified":"2022-11-21T21:38:28+00:00","mainEntityOfPage":{"@id":"https:\/\/www.abd-bvd.be\/nl\/evenementen\/inforum-2022\/"},"wordCount":2396,"image":{"@id":"https:\/\/www.abd-bvd.be\/nl\/evenementen\/inforum-2022\/#primaryimage"},"thumbnailUrl":"https:\/\/www.abd-bvd.be\/wp-content\/uploads\/20221025_visuel-inforum_v4-1024x683.jpg","articleSection":["Evenementen"],"inLanguage":"nl-NL"},{"@type":"WebPage","@id":"https:\/\/www.abd-bvd.be\/nl\/evenementen\/inforum-2022\/","url":"https:\/\/www.abd-bvd.be\/nl\/evenementen\/inforum-2022\/","name":"Inforum 2022 - ABD-BVD","isPartOf":{"@id":"https:\/\/www.abd-bvd.be\/fr\/#website"},"primaryImageOfPage":{"@id":"https:\/\/www.abd-bvd.be\/nl\/evenementen\/inforum-2022\/#primaryimage"},"image":{"@id":"https:\/\/www.abd-bvd.be\/nl\/evenementen\/inforum-2022\/#primaryimage"},"thumbnailUrl":"https:\/\/www.abd-bvd.be\/wp-content\/uploads\/20221025_visuel-inforum_v4-1024x683.jpg","datePublished":"2022-07-23T21:19:07+00:00","dateModified":"2022-11-21T21:38:28+00:00","author":{"@id":"https:\/\/www.abd-bvd.be\/fr\/#\/schema\/person\/b16d2027ba7bd24752b02f45e6c2d628"},"breadcrumb":{"@id":"https:\/\/www.abd-bvd.be\/nl\/evenementen\/inforum-2022\/#breadcrumb"},"inLanguage":"nl-NL","potentialAction":[{"@type":"ReadAction","target":["https:\/\/www.abd-bvd.be\/nl\/evenementen\/inforum-2022\/"]}]},{"@type":"ImageObject","inLanguage":"nl-NL","@id":"https:\/\/www.abd-bvd.be\/nl\/evenementen\/inforum-2022\/#primaryimage","url":"https:\/\/www.abd-bvd.be\/wp-content\/uploads\/20221025_visuel-inforum_v4-1024x683.jpg","contentUrl":"https:\/\/www.abd-bvd.be\/wp-content\/uploads\/20221025_visuel-inforum_v4-1024x683.jpg"},{"@type":"BreadcrumbList","@id":"https:\/\/www.abd-bvd.be\/nl\/evenementen\/inforum-2022\/#breadcrumb","itemListElement":[{"@type":"ListItem","position":1,"name":"Accueil","item":"https:\/\/www.abd-bvd.be\/nl\/"},{"@type":"ListItem","position":2,"name":"Inforum 2022"}]},{"@type":"WebSite","@id":"https:\/\/www.abd-bvd.be\/fr\/#website","url":"https:\/\/www.abd-bvd.be\/fr\/","name":"ABD-BVD","description":"association Belge de documentation - Belgische verniging voor documentatie","potentialAction":[{"@type":"SearchAction","target":{"@type":"EntryPoint","urlTemplate":"https:\/\/www.abd-bvd.be\/fr\/?s={search_term_string}"},"query-input":{"@type":"PropertyValueSpecification","valueRequired":true,"valueName":"search_term_string"}}],"inLanguage":"nl-NL"},{"@type":"Person","@id":"https:\/\/www.abd-bvd.be\/fr\/#\/schema\/person\/b16d2027ba7bd24752b02f45e6c2d628","name":"Guy Delsaut","image":{"@type":"ImageObject","inLanguage":"nl-NL","@id":"https:\/\/secure.gravatar.com\/avatar\/661ab3e27256975e79639c97a039adabdf47fbcdcd1883bad66ee2e8b41bdfa7?s=96&d=mm&r=g","url":"https:\/\/secure.gravatar.com\/avatar\/661ab3e27256975e79639c97a039adabdf47fbcdcd1883bad66ee2e8b41bdfa7?s=96&d=mm&r=g","contentUrl":"https:\/\/secure.gravatar.com\/avatar\/661ab3e27256975e79639c97a039adabdf47fbcdcd1883bad66ee2e8b41bdfa7?s=96&d=mm&r=g","caption":"Guy Delsaut"},"url":"https:\/\/www.abd-bvd.be\/nl\/author\/guy-delsaut\/"}]}},"_links":{"self":[{"href":"https:\/\/www.abd-bvd.be\/nl\/wp-json\/wp\/v2\/posts\/31770","targetHints":{"allow":["GET"]}}],"collection":[{"href":"https:\/\/www.abd-bvd.be\/nl\/wp-json\/wp\/v2\/posts"}],"about":[{"href":"https:\/\/www.abd-bvd.be\/nl\/wp-json\/wp\/v2\/types\/post"}],"author":[{"embeddable":true,"href":"https:\/\/www.abd-bvd.be\/nl\/wp-json\/wp\/v2\/users\/5"}],"replies":[{"embeddable":true,"href":"https:\/\/www.abd-bvd.be\/nl\/wp-json\/wp\/v2\/comments?post=31770"}],"version-history":[{"count":35,"href":"https:\/\/www.abd-bvd.be\/nl\/wp-json\/wp\/v2\/posts\/31770\/revisions"}],"predecessor-version":[{"id":32103,"href":"https:\/\/www.abd-bvd.be\/nl\/wp-json\/wp\/v2\/posts\/31770\/revisions\/32103"}],"wp:attachment":[{"href":"https:\/\/www.abd-bvd.be\/nl\/wp-json\/wp\/v2\/media?parent=31770"}],"wp:term":[{"taxonomy":"category","embeddable":true,"href":"https:\/\/www.abd-bvd.be\/nl\/wp-json\/wp\/v2\/categories?post=31770"},{"taxonomy":"post_tag","embeddable":true,"href":"https:\/\/www.abd-bvd.be\/nl\/wp-json\/wp\/v2\/tags?post=31770"}],"curies":[{"name":"wp","href":"https:\/\/api.w.org\/{rel}","templated":true}]}}