{"id":21110,"date":"2020-08-26T19:37:12","date_gmt":"2020-08-26T17:37:12","guid":{"rendered":"https:\/\/www.abd-bvd.be\/?p=21110"},"modified":"2020-08-26T19:37:30","modified_gmt":"2020-08-26T17:37:30","slug":"algemene-vergadering-2020-2","status":"publish","type":"post","link":"https:\/\/www.abd-bvd.be\/nl\/actualites\/algemene-vergadering-2020-2\/","title":{"rendered":"Algemene vergadering 2020"},"content":{"rendered":"<p>U heeft tijd? U bent gepassioneerd door InfoDoc? U houdt van samenwerken? Twijfel er dan niet aan om uw kandidatuur te stellen voor bestuurder of commissaris! U hoeft dan enkel uw kandidatuur te versturen via <a href=\"https:\/\/www.abd-bvd.be\/nl\/abd-bvd\/raad-van-bestuur\/kandidaat\/\">het formulier<\/a> v\u00f3\u00f3r 27 augustus 2020.<\/p>\n<p>De verkiezing van de nieuwe bestuurders gebeurt tijdens de Algemene Vergadering die doorgaat op 3 september 2020 om 17u00 in de Concert zaal, in KBR, volgend op het Doc&#8217;moment.<\/p>\n<p>De agenda ziet eruit als volgt:<\/p>\n<div class=\"WordSection1\">\n<ul>\n<li class=\"Default\"><span lang=\"NL-BE\">voorstelling van de rekeningen van het boekjaar 2019 <\/span><\/li>\n<li><span lang=\"NL-BE\">voorstelling van het verslag van de commissarissen <\/span><\/li>\n<li><span lang=\"NL-BE\">goedkeuring van de rekeningen van het boekjaar 2019 <\/span><\/li>\n<li><span lang=\"NL-BE\">voorstelling en goedkeuring van het budget 2020 <\/span><\/li>\n<li><span lang=\"NL-BE\">verkiezing met het oog op de vervanging van de uittredende bestuurders: Guy Delsaut, Dominique Dewind, Vincent Duterme, St\u00e9phanie Fort, Didier Haas, Nad\u00e8ge Isbergue, Philippe Laurent, Cl\u00e9ment Montagne, Alain Reisenfeld, Marc Van den Bergh, Dominique J.P. Vanp\u00e9e<\/span><\/li>\n<li><span lang=\"NL-BE\">voorstelling van de kandidaat-bestuurders<\/span><\/li>\n<li><span lang=\"NL-BE\">stemming<\/span><\/li>\n<li><span lang=\"NL-BE\">voorstelling van het verslag van de raad van bestuur <\/span><\/li>\n<li><span lang=\"NL-BE\">kwijting aan de bestuurders en de commissarissen voor het boekjaar 2019<\/span><\/li>\n<li><span lang=\"NL-BE\">resultaat van de stemming <\/span><\/li>\n<li><span lang=\"NL-BE\">aanstelling van de commissarissen voor het boekjaar 2020<\/span><\/li>\n<\/ul>\n<\/div>\n<p><span style=\"color: #ff0000;\">Uit voorzorg zal het gebruik van een mondmasker verplicht zijn. De deelname is beperkt tot maximaal 50 personen. <strong>Verplichte registratie<\/strong> via de volgende link: <a href=\"https:\/\/www.eventbrite.co.uk\/e\/abd-bvd-assemblee-generale-extra-buitengewone-algemene-vergadering-tickets-116976199963\">Eventbrite<\/a>.<\/span><\/p>\n<h3>Bijeenroeping<\/h3>\n<p><span class=\"file-button\"><a href=\"https:\/\/www.abd-bvd.be\/wp-content\/uploads\/20200903_AG_invitations.pdf\">Download (NL-FR)<\/a><\/span><\/p>\n<h3>Volmacht<\/h3>\n<p><span class=\"file-button\"><a href=\"https:\/\/www.abd-bvd.be\/wp-content\/uploads\/ABD-BVD-AG-2020-VOLMACHT-PROCURATION.docx\">Download (NL-FR)<\/a><\/span><\/p>\n<hr \/>\n<p><em>Plaats<\/em>: KBR, Concert zaal (4de verdieping)<\/p>\n<p><em>Adres<\/em>: Kunstberg 28 te 1000 Brussel<\/p>\n<p><strong>Toegangsplan<\/strong><br \/>\n<span class=\"file-button\"><a href=\"https:\/\/www.kbr.be\/wp-content\/uploads\/2018\/11\/bereikbaarheidsplan_plandacces.pdf\">Bereiken (NL-FR)<\/a><\/span><\/p>\n","protected":false},"excerpt":{"rendered":"<p>U heeft tijd? U bent gepassioneerd door InfoDoc? U houdt van samenwerken? Twijfel er dan niet aan om uw kandidatuur te stellen voor bestuurder of commissaris! U hoeft dan enkel uw kandidatuur te versturen via het formulier v\u00f3\u00f3r 27 augustus 2020. De verkiezing van de nieuwe bestuurders gebeurt tijdens de Algemene Vergadering die doorgaat op [&hellip;]<\/p>\n","protected":false},"author":5,"featured_media":0,"comment_status":"closed","ping_status":"open","sticky":false,"template":"","format":"standard","meta":{"_acf_changed":false,"footnotes":"","_wpscppro_dont_share_socialmedia":false,"_wpscppro_custom_social_share_image":0,"_facebook_share_type":"","_twitter_share_type":"","_linkedin_share_type":"","_pinterest_share_type":"","_linkedin_share_type_page":"","_instagram_share_type":"","_medium_share_type":"","_threads_share_type":"","_google_business_share_type":"","_selected_social_profile":[],"_wpsp_enable_custom_social_template":false,"_wpsp_social_scheduling":{"enabled":false,"datetime":null,"platforms":[],"status":"template_only","dateOption":"today","timeOption":"now","customDays":"","customHours":"","customDate":"","customTime":"","schedulingType":"absolute"},"_wpsp_active_default_template":true},"categories":[3,85],"tags":[],"class_list":["post-21110","post","type-post","status-publish","format-standard","hentry","category-actualites","category-evenementen"],"acf":[],"yoast_head":"<!-- This site is optimized with the Yoast SEO plugin v27.4 - https:\/\/yoast.com\/product\/yoast-seo-wordpress\/ -->\n<title>Algemene vergadering 2020 - ABD-BVD<\/title>\n<meta name=\"robots\" content=\"index, follow, max-snippet:-1, max-image-preview:large, max-video-preview:-1\" \/>\n<link rel=\"canonical\" href=\"https:\/\/www.abd-bvd.be\/nl\/actualites\/algemene-vergadering-2020-2\/\" \/>\n<meta property=\"og:locale\" content=\"nl_NL\" \/>\n<meta property=\"og:type\" content=\"article\" \/>\n<meta property=\"og:title\" content=\"Algemene vergadering 2020 - ABD-BVD\" \/>\n<meta property=\"og:description\" content=\"U heeft tijd? U bent gepassioneerd door InfoDoc? U houdt van samenwerken? Twijfel er dan niet aan om uw kandidatuur te stellen voor bestuurder of commissaris! U hoeft dan enkel uw kandidatuur te versturen via het formulier v\u00f3\u00f3r 27 augustus 2020. De verkiezing van de nieuwe bestuurders gebeurt tijdens de Algemene Vergadering die doorgaat op [&hellip;]\" \/>\n<meta property=\"og:url\" content=\"https:\/\/www.abd-bvd.be\/nl\/actualites\/algemene-vergadering-2020-2\/\" \/>\n<meta property=\"og:site_name\" content=\"ABD-BVD\" \/>\n<meta property=\"article:published_time\" content=\"2020-08-26T17:37:12+00:00\" \/>\n<meta property=\"article:modified_time\" content=\"2020-08-26T17:37:30+00:00\" \/>\n<meta name=\"author\" content=\"Guy Delsaut\" \/>\n<meta name=\"twitter:card\" content=\"summary_large_image\" \/>\n<meta name=\"twitter:label1\" content=\"Geschreven door\" \/>\n\t<meta name=\"twitter:data1\" content=\"Guy Delsaut\" \/>\n\t<meta name=\"twitter:label2\" content=\"Geschatte leestijd\" \/>\n\t<meta name=\"twitter:data2\" content=\"1 minuut\" \/>\n<script type=\"application\/ld+json\" class=\"yoast-schema-graph\">{\"@context\":\"https:\\\/\\\/schema.org\",\"@graph\":[{\"@type\":\"Article\",\"@id\":\"https:\\\/\\\/www.abd-bvd.be\\\/nl\\\/actualites\\\/algemene-vergadering-2020-2\\\/#article\",\"isPartOf\":{\"@id\":\"https:\\\/\\\/www.abd-bvd.be\\\/nl\\\/actualites\\\/algemene-vergadering-2020-2\\\/\"},\"author\":{\"name\":\"Guy Delsaut\",\"@id\":\"https:\\\/\\\/www.abd-bvd.be\\\/fr\\\/#\\\/schema\\\/person\\\/b16d2027ba7bd24752b02f45e6c2d628\"},\"headline\":\"Algemene vergadering 2020\",\"datePublished\":\"2020-08-26T17:37:12+00:00\",\"dateModified\":\"2020-08-26T17:37:30+00:00\",\"mainEntityOfPage\":{\"@id\":\"https:\\\/\\\/www.abd-bvd.be\\\/nl\\\/actualites\\\/algemene-vergadering-2020-2\\\/\"},\"wordCount\":222,\"articleSection\":[\"Actualit\u00e9s\",\"Evenementen\"],\"inLanguage\":\"nl-NL\"},{\"@type\":\"WebPage\",\"@id\":\"https:\\\/\\\/www.abd-bvd.be\\\/nl\\\/actualites\\\/algemene-vergadering-2020-2\\\/\",\"url\":\"https:\\\/\\\/www.abd-bvd.be\\\/nl\\\/actualites\\\/algemene-vergadering-2020-2\\\/\",\"name\":\"Algemene vergadering 2020 - ABD-BVD\",\"isPartOf\":{\"@id\":\"https:\\\/\\\/www.abd-bvd.be\\\/fr\\\/#website\"},\"datePublished\":\"2020-08-26T17:37:12+00:00\",\"dateModified\":\"2020-08-26T17:37:30+00:00\",\"author\":{\"@id\":\"https:\\\/\\\/www.abd-bvd.be\\\/fr\\\/#\\\/schema\\\/person\\\/b16d2027ba7bd24752b02f45e6c2d628\"},\"breadcrumb\":{\"@id\":\"https:\\\/\\\/www.abd-bvd.be\\\/nl\\\/actualites\\\/algemene-vergadering-2020-2\\\/#breadcrumb\"},\"inLanguage\":\"nl-NL\",\"potentialAction\":[{\"@type\":\"ReadAction\",\"target\":[\"https:\\\/\\\/www.abd-bvd.be\\\/nl\\\/actualites\\\/algemene-vergadering-2020-2\\\/\"]}]},{\"@type\":\"BreadcrumbList\",\"@id\":\"https:\\\/\\\/www.abd-bvd.be\\\/nl\\\/actualites\\\/algemene-vergadering-2020-2\\\/#breadcrumb\",\"itemListElement\":[{\"@type\":\"ListItem\",\"position\":1,\"name\":\"Accueil\",\"item\":\"https:\\\/\\\/www.abd-bvd.be\\\/nl\\\/\"},{\"@type\":\"ListItem\",\"position\":2,\"name\":\"Algemene vergadering 2020\"}]},{\"@type\":\"WebSite\",\"@id\":\"https:\\\/\\\/www.abd-bvd.be\\\/fr\\\/#website\",\"url\":\"https:\\\/\\\/www.abd-bvd.be\\\/fr\\\/\",\"name\":\"ABD-BVD\",\"description\":\"association Belge de documentation - Belgische verniging voor documentatie\",\"potentialAction\":[{\"@type\":\"SearchAction\",\"target\":{\"@type\":\"EntryPoint\",\"urlTemplate\":\"https:\\\/\\\/www.abd-bvd.be\\\/fr\\\/?s={search_term_string}\"},\"query-input\":{\"@type\":\"PropertyValueSpecification\",\"valueRequired\":true,\"valueName\":\"search_term_string\"}}],\"inLanguage\":\"nl-NL\"},{\"@type\":\"Person\",\"@id\":\"https:\\\/\\\/www.abd-bvd.be\\\/fr\\\/#\\\/schema\\\/person\\\/b16d2027ba7bd24752b02f45e6c2d628\",\"name\":\"Guy Delsaut\",\"image\":{\"@type\":\"ImageObject\",\"inLanguage\":\"nl-NL\",\"@id\":\"https:\\\/\\\/secure.gravatar.com\\\/avatar\\\/661ab3e27256975e79639c97a039adabdf47fbcdcd1883bad66ee2e8b41bdfa7?s=96&d=mm&r=g\",\"url\":\"https:\\\/\\\/secure.gravatar.com\\\/avatar\\\/661ab3e27256975e79639c97a039adabdf47fbcdcd1883bad66ee2e8b41bdfa7?s=96&d=mm&r=g\",\"contentUrl\":\"https:\\\/\\\/secure.gravatar.com\\\/avatar\\\/661ab3e27256975e79639c97a039adabdf47fbcdcd1883bad66ee2e8b41bdfa7?s=96&d=mm&r=g\",\"caption\":\"Guy Delsaut\"},\"url\":\"https:\\\/\\\/www.abd-bvd.be\\\/nl\\\/author\\\/guy-delsaut\\\/\"}]}<\/script>\n<!-- \/ Yoast SEO plugin. -->","yoast_head_json":{"title":"Algemene vergadering 2020 - ABD-BVD","robots":{"index":"index","follow":"follow","max-snippet":"max-snippet:-1","max-image-preview":"max-image-preview:large","max-video-preview":"max-video-preview:-1"},"canonical":"https:\/\/www.abd-bvd.be\/nl\/actualites\/algemene-vergadering-2020-2\/","og_locale":"nl_NL","og_type":"article","og_title":"Algemene vergadering 2020 - ABD-BVD","og_description":"U heeft tijd? U bent gepassioneerd door InfoDoc? U houdt van samenwerken? Twijfel er dan niet aan om uw kandidatuur te stellen voor bestuurder of commissaris! U hoeft dan enkel uw kandidatuur te versturen via het formulier v\u00f3\u00f3r 27 augustus 2020. De verkiezing van de nieuwe bestuurders gebeurt tijdens de Algemene Vergadering die doorgaat op [&hellip;]","og_url":"https:\/\/www.abd-bvd.be\/nl\/actualites\/algemene-vergadering-2020-2\/","og_site_name":"ABD-BVD","article_published_time":"2020-08-26T17:37:12+00:00","article_modified_time":"2020-08-26T17:37:30+00:00","author":"Guy Delsaut","twitter_card":"summary_large_image","twitter_misc":{"Geschreven door":"Guy Delsaut","Geschatte leestijd":"1 minuut"},"schema":{"@context":"https:\/\/schema.org","@graph":[{"@type":"Article","@id":"https:\/\/www.abd-bvd.be\/nl\/actualites\/algemene-vergadering-2020-2\/#article","isPartOf":{"@id":"https:\/\/www.abd-bvd.be\/nl\/actualites\/algemene-vergadering-2020-2\/"},"author":{"name":"Guy Delsaut","@id":"https:\/\/www.abd-bvd.be\/fr\/#\/schema\/person\/b16d2027ba7bd24752b02f45e6c2d628"},"headline":"Algemene vergadering 2020","datePublished":"2020-08-26T17:37:12+00:00","dateModified":"2020-08-26T17:37:30+00:00","mainEntityOfPage":{"@id":"https:\/\/www.abd-bvd.be\/nl\/actualites\/algemene-vergadering-2020-2\/"},"wordCount":222,"articleSection":["Actualit\u00e9s","Evenementen"],"inLanguage":"nl-NL"},{"@type":"WebPage","@id":"https:\/\/www.abd-bvd.be\/nl\/actualites\/algemene-vergadering-2020-2\/","url":"https:\/\/www.abd-bvd.be\/nl\/actualites\/algemene-vergadering-2020-2\/","name":"Algemene vergadering 2020 - ABD-BVD","isPartOf":{"@id":"https:\/\/www.abd-bvd.be\/fr\/#website"},"datePublished":"2020-08-26T17:37:12+00:00","dateModified":"2020-08-26T17:37:30+00:00","author":{"@id":"https:\/\/www.abd-bvd.be\/fr\/#\/schema\/person\/b16d2027ba7bd24752b02f45e6c2d628"},"breadcrumb":{"@id":"https:\/\/www.abd-bvd.be\/nl\/actualites\/algemene-vergadering-2020-2\/#breadcrumb"},"inLanguage":"nl-NL","potentialAction":[{"@type":"ReadAction","target":["https:\/\/www.abd-bvd.be\/nl\/actualites\/algemene-vergadering-2020-2\/"]}]},{"@type":"BreadcrumbList","@id":"https:\/\/www.abd-bvd.be\/nl\/actualites\/algemene-vergadering-2020-2\/#breadcrumb","itemListElement":[{"@type":"ListItem","position":1,"name":"Accueil","item":"https:\/\/www.abd-bvd.be\/nl\/"},{"@type":"ListItem","position":2,"name":"Algemene vergadering 2020"}]},{"@type":"WebSite","@id":"https:\/\/www.abd-bvd.be\/fr\/#website","url":"https:\/\/www.abd-bvd.be\/fr\/","name":"ABD-BVD","description":"association Belge de documentation - Belgische verniging voor documentatie","potentialAction":[{"@type":"SearchAction","target":{"@type":"EntryPoint","urlTemplate":"https:\/\/www.abd-bvd.be\/fr\/?s={search_term_string}"},"query-input":{"@type":"PropertyValueSpecification","valueRequired":true,"valueName":"search_term_string"}}],"inLanguage":"nl-NL"},{"@type":"Person","@id":"https:\/\/www.abd-bvd.be\/fr\/#\/schema\/person\/b16d2027ba7bd24752b02f45e6c2d628","name":"Guy Delsaut","image":{"@type":"ImageObject","inLanguage":"nl-NL","@id":"https:\/\/secure.gravatar.com\/avatar\/661ab3e27256975e79639c97a039adabdf47fbcdcd1883bad66ee2e8b41bdfa7?s=96&d=mm&r=g","url":"https:\/\/secure.gravatar.com\/avatar\/661ab3e27256975e79639c97a039adabdf47fbcdcd1883bad66ee2e8b41bdfa7?s=96&d=mm&r=g","contentUrl":"https:\/\/secure.gravatar.com\/avatar\/661ab3e27256975e79639c97a039adabdf47fbcdcd1883bad66ee2e8b41bdfa7?s=96&d=mm&r=g","caption":"Guy Delsaut"},"url":"https:\/\/www.abd-bvd.be\/nl\/author\/guy-delsaut\/"}]}},"_links":{"self":[{"href":"https:\/\/www.abd-bvd.be\/nl\/wp-json\/wp\/v2\/posts\/21110","targetHints":{"allow":["GET"]}}],"collection":[{"href":"https:\/\/www.abd-bvd.be\/nl\/wp-json\/wp\/v2\/posts"}],"about":[{"href":"https:\/\/www.abd-bvd.be\/nl\/wp-json\/wp\/v2\/types\/post"}],"author":[{"embeddable":true,"href":"https:\/\/www.abd-bvd.be\/nl\/wp-json\/wp\/v2\/users\/5"}],"replies":[{"embeddable":true,"href":"https:\/\/www.abd-bvd.be\/nl\/wp-json\/wp\/v2\/comments?post=21110"}],"version-history":[{"count":4,"href":"https:\/\/www.abd-bvd.be\/nl\/wp-json\/wp\/v2\/posts\/21110\/revisions"}],"predecessor-version":[{"id":21114,"href":"https:\/\/www.abd-bvd.be\/nl\/wp-json\/wp\/v2\/posts\/21110\/revisions\/21114"}],"wp:attachment":[{"href":"https:\/\/www.abd-bvd.be\/nl\/wp-json\/wp\/v2\/media?parent=21110"}],"wp:term":[{"taxonomy":"category","embeddable":true,"href":"https:\/\/www.abd-bvd.be\/nl\/wp-json\/wp\/v2\/categories?post=21110"},{"taxonomy":"post_tag","embeddable":true,"href":"https:\/\/www.abd-bvd.be\/nl\/wp-json\/wp\/v2\/tags?post=21110"}],"curies":[{"name":"wp","href":"https:\/\/api.w.org\/{rel}","templated":true}]}}