{"id":13807,"date":"2019-05-09T12:59:41","date_gmt":"2019-05-09T10:59:41","guid":{"rendered":"https:\/\/www.abd-bvd.be\/?p=13807"},"modified":"2019-05-10T15:59:10","modified_gmt":"2019-05-10T13:59:10","slug":"inforum-2019","status":"publish","type":"post","link":"https:\/\/www.abd-bvd.be\/nl\/evenementen\/inforum-2019\/","title":{"rendered":"Inforum 2019 <br>Stronger together: samenwerking binnen I&#038;D"},"content":{"rendered":"<p style=\"text-align: left;\"><strong>Donderdag 9 mei 2019 (09:00 \u2013 18:00)<\/strong><\/p>\n<p style=\"text-align: left;\"><a class=\"lightbox\" href=\"https:\/\/www.abd-bvd.be\/wp-content\/uploads\/Inforum2019_affiche.pdf\" target=\"_blank\" rel=\"noopener noreferrer\"><img decoding=\"async\" class=\"size-medium wp-image-8436 aligncenter\" src=\"https:\/\/www.abd-bvd.be\/wp-content\/uploads\/Inforum2019-affiche-small.jpg\" alt=\"\" \/><\/a><\/p>\n<p style=\"text-align: right;\"><span class=\"file-button\"><a href=\"https:\/\/www.abd-bvd.be\/nl\/activiteiten-en-evenementen\/inschrijven-voor-inforum\/\">Inschrijven voor Inforum<\/a><\/span><\/p>\n<h2>Voormiddag<\/h2>\n<p>Sessieleiding (in het Frans): <strong>Chantal Stanescu<\/strong>, biblioth\u00e9caire dirigeante, Biblioth\u00e8que centrale pour la R\u00e9gion de Bruxelles-Capitale<\/p>\n<h3><span style=\"color: #808080;\">9:00-9:30<\/span> Onthaal, inschrijving (koffie, viennoiseries)<\/h3>\n<h3><span style=\"color: #808080;\">9:30-9:40<\/span> Inleiding en voorstelling van de dag<\/h3>\n<h3><span style=\"color: #808080;\">9:40-10:20<\/span> De participatieve omwenteling @ Actiris<\/h3>\n<p>door <strong>Dirk Vandendriessche<\/strong>, directeur Actiris Academy, Actiris<\/p>\n<p>Participatief management betekent dat je in het dagelijks beheer van een organisatie de mensen op het terrein meer ruimte geeft om zelf te beslissen. Je geeft ze ruimte van autonomie en verantwoordelijkheid, zodat ze zelf kunnen beslissen over operationele zaken. Ook stimuleer je de collectieve intelligentie. Dat is helemaal niet zo vanzelfsprekend binnen een klassieke hi\u00ebrarchische administratie. Deze presentatie zoomt in op de weg die Actiris (de Brusselse Gewestelijke Dienst voor Arbeidsbemiddeling) aflegt om over te schakelen naar een meer participatief management. Een aantal vragen staan centraal. Waarom vindt Actiris dit nodig? Hoe wordt dit participatief management bij Actiris vertaalt in concrete werkbare principes? Welke stappen werden gezet om vooruit te geraken in dit proces dat de bedrijfscultuur diepgaand verandert?<\/p>\n<h3><span style=\"color: #808080;\">10:20-11:00 <\/span>Intellectuele eigendom als een rem of als een hefboom bij samenwerkingsprojecten<\/h3>\n<p>door <strong>Zorana Rosic<\/strong>, onderzoekster Centre de Recherches Information Droit et Soci\u00e9t\u00e9 (CRIDS), Universit\u00e9 de Namur (UNamur)<\/p>\n<p>Als reactie op de steeds sterkere technologische inzet binnen onze samenlevingen staan de praktijken op het vlak samenwerking voortdurend onder druk. Veel bedrijven worden inderdaad gedwongen om een keuze te maken tussen een zgn. samenwerkingsmodel of een eerder beschermende benadering in het beheer van intellectuele eigendom. De vraag stelt zich dan ook welke strategie best gevolgd wordt om zowel openheid te bevorderen als juridische bescherming te bieden.<\/p>\n<p>Om hierop te antwoorden geeft deze presentatie eerst een analyse van de bescherming die intellectuele rechten biedt en van toepassing zijn op samenwerkingspraktijken. Vervolgens wordt stilgestaan bij het wettelijk regime van auteursrecht dat het meest geschikt lijkt om creaties te onkaderen die voortkomen uit samenwerking. We eindigen met het in perspectief plaatsen van de beschikbare juridische instrumenten opportuun voor een nuttig beheer van intellectuele rechten in de samenwerkende omgeving.<\/p>\n<h3><span style=\"color: #808080;\">11:30-11:30<\/span> Koffiepauze<\/h3>\n<h3><span style=\"color: #808080;\">11:30-12:10<\/span> De rol van hulpmiddelen en samenwerkingspraktijken bij attendering<\/h3>\n<p>door <strong>J\u00e9r\u00f4me Bondu<\/strong>, directeur Inter-Ligere<\/p>\n<p>Men zou geneigd zijn om te zeggen dat attenderen en samenwerken in die mate verweven zijn dat spreken van een &#8220;collaboratieve attendering&#8221; bijna een pleonasme zou zijn. Inderdaad of het tijdens de behoeftenanalyse is, bij de verwerking van informatie of bij het delen van de resultaten, de samenwerkingsdimensie is steeds aanwezig. Het is duidelijk dat het komen tot samenwerking vaak meer een wens is dan een realiteit.<\/p>\n<p>Tijdens deze uiteenzetting trachten we antwoord te bieden op vier vragen: waarom samenwerken een noodzaak is, welke belemmeringen er zijn, welke methodologie dient gevolgd en welke tools kunnen worden aangewend?<\/p>\n<h3><span style=\"color: #808080;\">1<strong>2<\/strong>:10-12:30<\/span> Debat, Q&amp;R<\/h3>\n<h2>Lunch<\/h2>\n<h2>Namiddag<\/h2>\n<p>Sessieleiding (in het Nederlands): <strong>Genevi\u00e8ve Audenaert<\/strong>, Information manager, Kamer van Volksvertegenwoordigers<\/p>\n<h3><span style=\"color: #808080;\">14:00-14:20<\/span> Uitreiking ABD-BVD-Prijs<\/h3>\n<p>door <strong>Isabelle Somville-Cornet<\/strong>, <span lang=\"fr-BE\">juryvoorzitster ABD-BVD-Prijs<\/span><\/p>\n<h3><span style=\"color: #808080;\">14:20-14:40\u00a0<\/span>Interbibliothecair leenverkeer<\/h3>\n<p>door <strong>Renke Saerens<\/strong>, baliemedewerker Biomedische bibliotheek Universiteit Antwerpen (UAntwerpen) en co\u00f6rdinator Impala<\/p>\n<p>Impala is het Belgische elektronische document bestelsysteem dat door bibliotheken wordt gebruikt om boeken en artikelen bij elkaar te vinden en te bestellen. Het is een ontwikkeling van de bibliotheek van de Universiteit Antwerpen en wordt door meer dan 500 bibliotheken gebruikt om documenten aan te leveren of aan te vragen. Met dit interbibliothecair leenverkeer (IBL) kunnen bibliotheken hun eindgebruikers helpen bij het verkrijgen van documenten die zij zelf niet in de eigen collectie hebben. Het aandeel en de vorm van IBL is door de jaren heen veranderd, maar het belang van samenwerking tussen de bibliotheken blijft hierbij een constante.<\/p>\n<h3><span style=\"color: #808080;\">1<strong>4<\/strong>:40-15:00<\/span> Ervaringen van de FARES-bibliotheek bij het gebruik van het elCurator platform<\/h3>\n<p>door <strong>Samuel Piret<\/strong>, cyberdocumentalist, Fonds des affections respiratoires vzw (FARES)<\/p>\n<p>Sinds 2015 gebruikt FARES vzw het elCurator-platform om inhoud te delen over de onderwerpen die te maken hebben met roken, tuberculose, astma en COPD (Chronic Obstructive Pulmonary Disease of chronisch obstructieve longziekte). De keuze voor deze tool komt voort uit de wens om intern informatie te delen en om een oplossing te vinden voor het op dat moment slecht functionerende het discussieforum. Na vier jaar is de balans eerder positief alhoewel het samenwerkingsaspect beter zou kunnen. Aan de andere kant is de specifieke ontwikkeling van de RSS-feed &#8220;tabak&#8221; voor het publiek een origineel aspect van de inventaris van tabaksspecialisten.<\/p>\n<h3><span style=\"color: #808080;\">1<strong>5<\/strong>:00-15:30<\/span> Koffiepauze<\/h3>\n<h3><span style=\"color: #808080;\">15:30-15:50<\/span> Het gemeenschappelijk verwerven van een databank en andere bibliotheekaankopen op federaal niveau<\/h3>\n<p>door <strong>Astrid De Spiegelaere<\/strong>, verantwoordelijke secretariaat van de hedendaagse verzamelingen, KBR<\/p>\n<p>Het merendeel van de federale instellingen verwerft in meer of mindere mate publicaties ter ondersteuning van hun werking of voor onderzoek. De Koninklijke Bibliotheek van Belgi\u00eb (KBR) onderzocht hoe de instellingen kunnen samenwerken om deze elektronische of papieren informatie samen aan te kopen. Dit resulteerde in een eerste proefproject voor de gemeenschappelijke aanschaf van een databank in de humane en sociale wetenschappen in samenwerking met het Koninklijk Museum voor Midden Afrika (KMMA) en de Koninklijke Musea voor Kunst en Geschiedenis (KMKG). De weg ligt nu open voor verdere gemeenschappelijke aankopen, maar hoe kan dit georganiseerd worden en aansluiting vinden bij het nieuwe Koninklijk Besluit inzake een gecentraliseerd federaal aankoopbeleid?<\/p>\n<h3><span style=\"color: #808080;\">1<strong>5<\/strong>:50-16:10<\/span> Personen overtuigen om kennis te delen binnen een organisatie: van het prisoner&#8217;s dilemma tot de overlevingstest van NASA<\/h3>\n<p>door <strong>Marc Borry<\/strong>, raadgever knowledge management, Federale Politie; docent, Universit\u00e9 de Lille en Haute \u00c9cole Bruxelles-Brabant (HE2B)<\/p>\n<p>Uitgaande van enkele voorbeelden uit de speltheorie (prisoner&#8217;s dilemma, ultimatumspel en dictator&#8217;s game) is het mogelijk om de karakteristieken van menselijk gedrag bij kennisuitwisseling of bij informatiebehoud te benadrukken. Het doel van deze uiteenzetting is om te laten zien hoe de NASA-overlevingstest een nuttig hulpmiddel is om leden van een team of gemeenschap te sensibiliseren en te overtuigen van het belang van een gezamenlijke aanpak om een gemeenschappelijk doel te bereiken. Deze benadering wordt door de Federale Politie geregeld gebruikt bij het opzetten en ontwikkelen van praktijkgemeenschappen.<\/p>\n<h3><span style=\"color: #808080;\">1<strong>6<\/strong>:10-16:30<\/span> Debat, Q&amp;R<\/h3>\n<h3><span style=\"color: #808080;\">16:30-16:40 <\/span>Conclusies en uitleiding<\/h3>\n<h3><span style=\"color: #808080;\">16:40-18:00<\/span> Receptie<\/h3>\n<h2><strong>Praktische informatie<\/strong><\/h2>\n<p><strong>Datum<\/strong>: donderdag 9 mei 2019<\/p>\n<p><strong>Plaats<\/strong>: The International Auditorium, in The International Trade Union House, <span class=\"st\">Koning Albert II-laan 5<\/span>, 1210 Brussel<\/p>\n<p><strong>Talen<\/strong>: Simultaanvertaling Frans\/Nederlands en Nederlands\/Frans<\/p>\n<p><strong>Inschrijvingskosten<\/strong>:<\/p>\n<table>\n<tbody>\n<tr>\n<td><\/td>\n<td style=\"text-align: center;\">ABD-BVD-leden<\/td>\n<td style=\"text-align: center;\">leden verwante<br \/>\nverenigingen(*)<\/td>\n<td style=\"text-align: center;\">niet-leden<\/td>\n<\/tr>\n<tr>\n<td>Conferentie<\/td>\n<td style=\"text-align: center;\">gratis<\/td>\n<td style=\"text-align: center;\">\u20ac 100<\/td>\n<td style=\"text-align: center;\">\u20ac 200<\/td>\n<\/tr>\n<tr>\n<td>Lunch<\/td>\n<td style=\"text-align: center;\">\u20ac 25<\/td>\n<td style=\"text-align: center;\">\u20ac 25<\/td>\n<td style=\"text-align: center;\">\u20ac 25<\/td>\n<\/tr>\n<\/tbody>\n<\/table>\n<p>(*) Indien aantoonbaar lid van een van volgende verenigingen geniet u van het voordeeltarief:<\/p>\n<p>AAFB, ABBEF, ABF, ADBS, AGBD, AIFBD, APBFB, ALBAD, BIBForum, BiblioSuisse, CILIP, DGI, FAF, FELNET, FIBBC, KNVI, OKVB, RBD Sant\u00e9 of VVBAD.<\/p>\n<p>De inschrijving geeft toegang tot de lezingen en recht op de documentatie alsook de koffie\/verfrissingen.<\/p>\n<p>U kan lid worden van ABD-BVD <a href=\"https:\/\/www.abd-bvd.be\/nl\/abd-bvd\/lid-worden\/\">on line op deze website<\/a>. Lidmaatschap geeft tal van voordelen en schommelt tussen \u20ac 12,50 voor studenten en \u20ac 150 voor ondernemingen en ministeries.<\/p>\n<p style=\"text-align: right;\"><span class=\"file-button\"><a href=\"https:\/\/www.abd-bvd.be\/nl\/activiteiten-en-evenementen\/inschrijven-voor-inforum\/\">Inschrijven voor Inforum<\/a><\/span><\/p>\n<p><strong>Annulatie:<\/strong><\/p>\n<p>Een deelnemer die de conferentie niet kan bijwonen, mag zich laten vervangen indien hij 24 uur op voorhand het secretariaat verwittigt via <a href=\"mailto:inforum@abd-bvd.be\">inforum@abd-bvd.be<\/a>. Annuleren (conferentie en\/of lunch) kan tot en met 2 mei 2019.<\/p>\n<p><strong>Inlichtingen:<\/strong><\/p>\n<p style=\"text-align: justify;\">Voor verdere inlichtingen kan u contact nemen met de Belgische Vereniging voor Documentatie via <a href=\"mailto:inforum@abd-bvd.be\">inforum@abd-bvd.be<\/a>.<\/p>\n<p><strong>Hoe naar The International Auditorium:<\/strong><\/p>\n<ul>\n<li>Per trein: <em>Brussel-Noord <\/em>station<\/li>\n<li>Per metro: <em>Rogier <\/em>station (lijnen 2 en 6)<\/li>\n<li>Per pre-metro: <em>Rogier <\/em>station (lijnen 3 en 4)<\/li>\n<li>Per tram: <em>Rogier<\/em> halte (lijnen 25, 32, 55)<\/li>\n<li>Per bus: <em>Rogier<\/em> halte (lijnen 47, 58, 61, 88, De Lijn-netwerk) of <em>Noordstation<\/em> (lijnen 14, 20, 57, 58, 61, De Lijn-netwerk)<\/li>\n<li>Per deelauto: Cambio standplaats <em>Rogier<\/em> en <em>Noord<\/em><\/li>\n<li>Per deelfiets: Villo! station nr 22 <em>Jacqmain &#8211; Antwerpselaan<\/em><\/li>\n<li>Per wagen (parkings): <em>Rogier<\/em> (BePark &#8211; Marktstraat),\u00a0 <em>Manhattan<\/em> (Indigo Park &#8211; Kruisvaartenstraat), <em>Rogier<\/em> (Interparking &#8211; Rogierplein), <em>CCN<\/em> (Inteparking &#8211; Vooruitgangsstraat)<\/li>\n<\/ul>\n<p><span class=\"file-button\"><a href=\"https:\/\/www.google.be\/maps\/place\/Koning+Albert+II+laan+5,+1000+Brussel\/@50.857117,4.356208,17z\/data=!3m1!4b1!4m2!3m1!1s0x47c3c383233cb83b:0x9fce69cb5623bb4f\" target=\"_blank\" rel=\"noopener noreferrer\"><span style=\"color: #ffffff;\">Toegangsplan<\/span><\/a><\/span><\/p>\n<p><strong>Affiche:<\/strong><br \/>\n<span class=\"file-button\"><a href=\"https:\/\/www.abd-bvd.be\/wp-content\/uploads\/Inforum2019_affiche.pdf\" target=\"_blank\" rel=\"noopener noreferrer\"><span style=\"color: #ffffff;\">Download affiche in HD<\/span><\/a><\/span><\/p>\n<p><strong>met de steun van:<\/strong><br \/>\n<a class=\"lightbox\" href=\"http:\/\/www.archimed.fr\/\" target=\"_blank\" rel=\"noopener noreferrer\"><img decoding=\"async\" class=\"wp-image-1722 aligncenter\" src=\"https:\/\/www.abd-bvd.be\/wp-content\/uploads\/logo-Archimed-small.jpg\" alt=\"Archimed logo\" width=\"140\" \/><\/a><br \/>\n<a class=\"lightbox\" href=\"https:\/\/www.cairn.info\/\" target=\"_blank\" rel=\"noopener noreferrer\"><img decoding=\"async\" class=\"wp-image-1722 aligncenter\" src=\"https:\/\/www.abd-bvd.be\/wp-content\/uploads\/logo_cairn_vectoriel.jpg\" alt=\"Cairn logo\" width=\"140\" \/><\/a><br \/>\n<a class=\"lightbox\" href=\"https:\/\/www.ebsco.com\/\" target=\"_blank\" rel=\"noopener noreferrer\"><img decoding=\"async\" class=\"wp-image-1722 aligncenter\" src=\"https:\/\/www.abd-bvd.be\/wp-content\/uploads\/EBSCO_Logo_RGB_2018_small.png\" alt=\"EBSCO logo\" width=\"140\" \/><\/a><br \/>\n<a class=\"lightbox\" href=\"http:\/\/www.gbconcept.com\/\" target=\"_blank\" rel=\"noopener noreferrer\"><img decoding=\"async\" class=\"wp-image-1722 aligncenter\" src=\"https:\/\/www.abd-bvd.be\/wp-content\/uploads\/GB-Concept-small.png\" alt=\"G.B. Concept logo\" width=\"140\" \/><\/a><\/p>\n<p><strong>perspartner:<\/strong><br \/>\n<a href=\"https:\/\/www.archimag.com\/\" target=\"_blank\" rel=\"noopener noreferrer\"><img decoding=\"async\" class=\"wp-image-1722 aligncenter\" src=\"https:\/\/www.abd-bvd.be\/wp-content\/uploads\/logo-archimag-HD.jpg\" alt=\"Archimag logo\" width=\"140\" \/><\/a><\/p>\n","protected":false},"excerpt":{"rendered":"<p>Donderdag 9 mei 2019 (09:00 \u2013 18:00) Inschrijven voor Inforum Voormiddag Sessieleiding (in het Frans): Chantal Stanescu, biblioth\u00e9caire dirigeante, Biblioth\u00e8que centrale pour la R\u00e9gion de Bruxelles-Capitale 9:00-9:30 Onthaal, inschrijving (koffie, viennoiseries) 9:30-9:40 Inleiding en voorstelling van de dag 9:40-10:20 De participatieve omwenteling @ Actiris door Dirk Vandendriessche, directeur Actiris Academy, Actiris Participatief management betekent dat [&hellip;]<\/p>\n","protected":false},"author":5,"featured_media":0,"comment_status":"closed","ping_status":"open","sticky":false,"template":"","format":"standard","meta":{"_acf_changed":false,"footnotes":"","_wpscppro_dont_share_socialmedia":false,"_wpscppro_custom_social_share_image":0,"_facebook_share_type":"","_twitter_share_type":"","_linkedin_share_type":"","_pinterest_share_type":"","_linkedin_share_type_page":"","_instagram_share_type":"","_medium_share_type":"","_threads_share_type":"","_google_business_share_type":"","_selected_social_profile":[],"_wpsp_enable_custom_social_template":false,"_wpsp_social_scheduling":{"enabled":false,"datetime":null,"platforms":[],"status":"template_only","dateOption":"today","timeOption":"now","customDays":"","customHours":"","customDate":"","customTime":"","schedulingType":"absolute"},"_wpsp_active_default_template":true},"categories":[85],"tags":[],"class_list":["post-13807","post","type-post","status-publish","format-standard","hentry","category-evenementen"],"acf":[],"yoast_head":"<!-- This site is optimized with the Yoast SEO plugin v27.4 - https:\/\/yoast.com\/product\/yoast-seo-wordpress\/ -->\n<title>Inforum 2019 Stronger together: samenwerking binnen I&amp;D - ABD-BVD<\/title>\n<meta name=\"robots\" content=\"index, follow, max-snippet:-1, max-image-preview:large, max-video-preview:-1\" \/>\n<link rel=\"canonical\" href=\"https:\/\/www.abd-bvd.be\/nl\/evenementen\/inforum-2019\/\" \/>\n<meta property=\"og:locale\" content=\"nl_NL\" \/>\n<meta property=\"og:type\" content=\"article\" \/>\n<meta property=\"og:title\" content=\"Inforum 2019 Stronger together: samenwerking binnen I&amp;D - ABD-BVD\" \/>\n<meta property=\"og:description\" content=\"Donderdag 9 mei 2019 (09:00 \u2013 18:00) Inschrijven voor Inforum Voormiddag Sessieleiding (in het Frans): Chantal Stanescu, biblioth\u00e9caire dirigeante, Biblioth\u00e8que centrale pour la R\u00e9gion de Bruxelles-Capitale 9:00-9:30 Onthaal, inschrijving (koffie, viennoiseries) 9:30-9:40 Inleiding en voorstelling van de dag 9:40-10:20 De participatieve omwenteling @ Actiris door Dirk Vandendriessche, directeur Actiris Academy, Actiris Participatief management betekent dat [&hellip;]\" \/>\n<meta property=\"og:url\" content=\"https:\/\/www.abd-bvd.be\/nl\/evenementen\/inforum-2019\/\" \/>\n<meta property=\"og:site_name\" content=\"ABD-BVD\" \/>\n<meta property=\"article:published_time\" content=\"2019-05-09T10:59:41+00:00\" \/>\n<meta property=\"article:modified_time\" content=\"2019-05-10T13:59:10+00:00\" \/>\n<meta property=\"og:image\" content=\"https:\/\/www.abd-bvd.be\/wp-content\/uploads\/Inforum2019-affiche-small.jpg\" \/>\n<meta name=\"author\" content=\"Guy Delsaut\" \/>\n<meta name=\"twitter:card\" content=\"summary_large_image\" \/>\n<meta name=\"twitter:label1\" content=\"Geschreven door\" \/>\n\t<meta name=\"twitter:data1\" content=\"Guy Delsaut\" \/>\n\t<meta name=\"twitter:label2\" content=\"Geschatte leestijd\" \/>\n\t<meta name=\"twitter:data2\" content=\"6 minuten\" \/>\n<script type=\"application\/ld+json\" class=\"yoast-schema-graph\">{\"@context\":\"https:\\\/\\\/schema.org\",\"@graph\":[{\"@type\":\"Article\",\"@id\":\"https:\\\/\\\/www.abd-bvd.be\\\/nl\\\/evenementen\\\/inforum-2019\\\/#article\",\"isPartOf\":{\"@id\":\"https:\\\/\\\/www.abd-bvd.be\\\/nl\\\/evenementen\\\/inforum-2019\\\/\"},\"author\":{\"name\":\"Guy Delsaut\",\"@id\":\"https:\\\/\\\/www.abd-bvd.be\\\/fr\\\/#\\\/schema\\\/person\\\/b16d2027ba7bd24752b02f45e6c2d628\"},\"headline\":\"Inforum 2019 Stronger together: samenwerking binnen I&#038;D\",\"datePublished\":\"2019-05-09T10:59:41+00:00\",\"dateModified\":\"2019-05-10T13:59:10+00:00\",\"mainEntityOfPage\":{\"@id\":\"https:\\\/\\\/www.abd-bvd.be\\\/nl\\\/evenementen\\\/inforum-2019\\\/\"},\"wordCount\":1242,\"image\":{\"@id\":\"https:\\\/\\\/www.abd-bvd.be\\\/nl\\\/evenementen\\\/inforum-2019\\\/#primaryimage\"},\"thumbnailUrl\":\"https:\\\/\\\/www.abd-bvd.be\\\/wp-content\\\/uploads\\\/Inforum2019-affiche-small.jpg\",\"articleSection\":[\"Evenementen\"],\"inLanguage\":\"nl-NL\"},{\"@type\":\"WebPage\",\"@id\":\"https:\\\/\\\/www.abd-bvd.be\\\/nl\\\/evenementen\\\/inforum-2019\\\/\",\"url\":\"https:\\\/\\\/www.abd-bvd.be\\\/nl\\\/evenementen\\\/inforum-2019\\\/\",\"name\":\"Inforum 2019 Stronger together: samenwerking binnen I&D - ABD-BVD\",\"isPartOf\":{\"@id\":\"https:\\\/\\\/www.abd-bvd.be\\\/fr\\\/#website\"},\"primaryImageOfPage\":{\"@id\":\"https:\\\/\\\/www.abd-bvd.be\\\/nl\\\/evenementen\\\/inforum-2019\\\/#primaryimage\"},\"image\":{\"@id\":\"https:\\\/\\\/www.abd-bvd.be\\\/nl\\\/evenementen\\\/inforum-2019\\\/#primaryimage\"},\"thumbnailUrl\":\"https:\\\/\\\/www.abd-bvd.be\\\/wp-content\\\/uploads\\\/Inforum2019-affiche-small.jpg\",\"datePublished\":\"2019-05-09T10:59:41+00:00\",\"dateModified\":\"2019-05-10T13:59:10+00:00\",\"author\":{\"@id\":\"https:\\\/\\\/www.abd-bvd.be\\\/fr\\\/#\\\/schema\\\/person\\\/b16d2027ba7bd24752b02f45e6c2d628\"},\"breadcrumb\":{\"@id\":\"https:\\\/\\\/www.abd-bvd.be\\\/nl\\\/evenementen\\\/inforum-2019\\\/#breadcrumb\"},\"inLanguage\":\"nl-NL\",\"potentialAction\":[{\"@type\":\"ReadAction\",\"target\":[\"https:\\\/\\\/www.abd-bvd.be\\\/nl\\\/evenementen\\\/inforum-2019\\\/\"]}]},{\"@type\":\"ImageObject\",\"inLanguage\":\"nl-NL\",\"@id\":\"https:\\\/\\\/www.abd-bvd.be\\\/nl\\\/evenementen\\\/inforum-2019\\\/#primaryimage\",\"url\":\"https:\\\/\\\/www.abd-bvd.be\\\/wp-content\\\/uploads\\\/Inforum2019-affiche-small.jpg\",\"contentUrl\":\"https:\\\/\\\/www.abd-bvd.be\\\/wp-content\\\/uploads\\\/Inforum2019-affiche-small.jpg\"},{\"@type\":\"BreadcrumbList\",\"@id\":\"https:\\\/\\\/www.abd-bvd.be\\\/nl\\\/evenementen\\\/inforum-2019\\\/#breadcrumb\",\"itemListElement\":[{\"@type\":\"ListItem\",\"position\":1,\"name\":\"Accueil\",\"item\":\"https:\\\/\\\/www.abd-bvd.be\\\/nl\\\/\"},{\"@type\":\"ListItem\",\"position\":2,\"name\":\"Inforum 2019 Stronger together: samenwerking binnen I&#038;D\"}]},{\"@type\":\"WebSite\",\"@id\":\"https:\\\/\\\/www.abd-bvd.be\\\/fr\\\/#website\",\"url\":\"https:\\\/\\\/www.abd-bvd.be\\\/fr\\\/\",\"name\":\"ABD-BVD\",\"description\":\"association Belge de documentation - Belgische verniging voor documentatie\",\"potentialAction\":[{\"@type\":\"SearchAction\",\"target\":{\"@type\":\"EntryPoint\",\"urlTemplate\":\"https:\\\/\\\/www.abd-bvd.be\\\/fr\\\/?s={search_term_string}\"},\"query-input\":{\"@type\":\"PropertyValueSpecification\",\"valueRequired\":true,\"valueName\":\"search_term_string\"}}],\"inLanguage\":\"nl-NL\"},{\"@type\":\"Person\",\"@id\":\"https:\\\/\\\/www.abd-bvd.be\\\/fr\\\/#\\\/schema\\\/person\\\/b16d2027ba7bd24752b02f45e6c2d628\",\"name\":\"Guy Delsaut\",\"image\":{\"@type\":\"ImageObject\",\"inLanguage\":\"nl-NL\",\"@id\":\"https:\\\/\\\/secure.gravatar.com\\\/avatar\\\/661ab3e27256975e79639c97a039adabdf47fbcdcd1883bad66ee2e8b41bdfa7?s=96&d=mm&r=g\",\"url\":\"https:\\\/\\\/secure.gravatar.com\\\/avatar\\\/661ab3e27256975e79639c97a039adabdf47fbcdcd1883bad66ee2e8b41bdfa7?s=96&d=mm&r=g\",\"contentUrl\":\"https:\\\/\\\/secure.gravatar.com\\\/avatar\\\/661ab3e27256975e79639c97a039adabdf47fbcdcd1883bad66ee2e8b41bdfa7?s=96&d=mm&r=g\",\"caption\":\"Guy Delsaut\"},\"url\":\"https:\\\/\\\/www.abd-bvd.be\\\/nl\\\/author\\\/guy-delsaut\\\/\"}]}<\/script>\n<!-- \/ Yoast SEO plugin. -->","yoast_head_json":{"title":"Inforum 2019 Stronger together: samenwerking binnen I&D - ABD-BVD","robots":{"index":"index","follow":"follow","max-snippet":"max-snippet:-1","max-image-preview":"max-image-preview:large","max-video-preview":"max-video-preview:-1"},"canonical":"https:\/\/www.abd-bvd.be\/nl\/evenementen\/inforum-2019\/","og_locale":"nl_NL","og_type":"article","og_title":"Inforum 2019 Stronger together: samenwerking binnen I&D - ABD-BVD","og_description":"Donderdag 9 mei 2019 (09:00 \u2013 18:00) Inschrijven voor Inforum Voormiddag Sessieleiding (in het Frans): Chantal Stanescu, biblioth\u00e9caire dirigeante, Biblioth\u00e8que centrale pour la R\u00e9gion de Bruxelles-Capitale 9:00-9:30 Onthaal, inschrijving (koffie, viennoiseries) 9:30-9:40 Inleiding en voorstelling van de dag 9:40-10:20 De participatieve omwenteling @ Actiris door Dirk Vandendriessche, directeur Actiris Academy, Actiris Participatief management betekent dat [&hellip;]","og_url":"https:\/\/www.abd-bvd.be\/nl\/evenementen\/inforum-2019\/","og_site_name":"ABD-BVD","article_published_time":"2019-05-09T10:59:41+00:00","article_modified_time":"2019-05-10T13:59:10+00:00","og_image":[{"url":"https:\/\/www.abd-bvd.be\/wp-content\/uploads\/Inforum2019-affiche-small.jpg","type":"","width":"","height":""}],"author":"Guy Delsaut","twitter_card":"summary_large_image","twitter_misc":{"Geschreven door":"Guy Delsaut","Geschatte leestijd":"6 minuten"},"schema":{"@context":"https:\/\/schema.org","@graph":[{"@type":"Article","@id":"https:\/\/www.abd-bvd.be\/nl\/evenementen\/inforum-2019\/#article","isPartOf":{"@id":"https:\/\/www.abd-bvd.be\/nl\/evenementen\/inforum-2019\/"},"author":{"name":"Guy Delsaut","@id":"https:\/\/www.abd-bvd.be\/fr\/#\/schema\/person\/b16d2027ba7bd24752b02f45e6c2d628"},"headline":"Inforum 2019 Stronger together: samenwerking binnen I&#038;D","datePublished":"2019-05-09T10:59:41+00:00","dateModified":"2019-05-10T13:59:10+00:00","mainEntityOfPage":{"@id":"https:\/\/www.abd-bvd.be\/nl\/evenementen\/inforum-2019\/"},"wordCount":1242,"image":{"@id":"https:\/\/www.abd-bvd.be\/nl\/evenementen\/inforum-2019\/#primaryimage"},"thumbnailUrl":"https:\/\/www.abd-bvd.be\/wp-content\/uploads\/Inforum2019-affiche-small.jpg","articleSection":["Evenementen"],"inLanguage":"nl-NL"},{"@type":"WebPage","@id":"https:\/\/www.abd-bvd.be\/nl\/evenementen\/inforum-2019\/","url":"https:\/\/www.abd-bvd.be\/nl\/evenementen\/inforum-2019\/","name":"Inforum 2019 Stronger together: samenwerking binnen I&D - ABD-BVD","isPartOf":{"@id":"https:\/\/www.abd-bvd.be\/fr\/#website"},"primaryImageOfPage":{"@id":"https:\/\/www.abd-bvd.be\/nl\/evenementen\/inforum-2019\/#primaryimage"},"image":{"@id":"https:\/\/www.abd-bvd.be\/nl\/evenementen\/inforum-2019\/#primaryimage"},"thumbnailUrl":"https:\/\/www.abd-bvd.be\/wp-content\/uploads\/Inforum2019-affiche-small.jpg","datePublished":"2019-05-09T10:59:41+00:00","dateModified":"2019-05-10T13:59:10+00:00","author":{"@id":"https:\/\/www.abd-bvd.be\/fr\/#\/schema\/person\/b16d2027ba7bd24752b02f45e6c2d628"},"breadcrumb":{"@id":"https:\/\/www.abd-bvd.be\/nl\/evenementen\/inforum-2019\/#breadcrumb"},"inLanguage":"nl-NL","potentialAction":[{"@type":"ReadAction","target":["https:\/\/www.abd-bvd.be\/nl\/evenementen\/inforum-2019\/"]}]},{"@type":"ImageObject","inLanguage":"nl-NL","@id":"https:\/\/www.abd-bvd.be\/nl\/evenementen\/inforum-2019\/#primaryimage","url":"https:\/\/www.abd-bvd.be\/wp-content\/uploads\/Inforum2019-affiche-small.jpg","contentUrl":"https:\/\/www.abd-bvd.be\/wp-content\/uploads\/Inforum2019-affiche-small.jpg"},{"@type":"BreadcrumbList","@id":"https:\/\/www.abd-bvd.be\/nl\/evenementen\/inforum-2019\/#breadcrumb","itemListElement":[{"@type":"ListItem","position":1,"name":"Accueil","item":"https:\/\/www.abd-bvd.be\/nl\/"},{"@type":"ListItem","position":2,"name":"Inforum 2019 Stronger together: samenwerking binnen I&#038;D"}]},{"@type":"WebSite","@id":"https:\/\/www.abd-bvd.be\/fr\/#website","url":"https:\/\/www.abd-bvd.be\/fr\/","name":"ABD-BVD","description":"association Belge de documentation - Belgische verniging voor documentatie","potentialAction":[{"@type":"SearchAction","target":{"@type":"EntryPoint","urlTemplate":"https:\/\/www.abd-bvd.be\/fr\/?s={search_term_string}"},"query-input":{"@type":"PropertyValueSpecification","valueRequired":true,"valueName":"search_term_string"}}],"inLanguage":"nl-NL"},{"@type":"Person","@id":"https:\/\/www.abd-bvd.be\/fr\/#\/schema\/person\/b16d2027ba7bd24752b02f45e6c2d628","name":"Guy Delsaut","image":{"@type":"ImageObject","inLanguage":"nl-NL","@id":"https:\/\/secure.gravatar.com\/avatar\/661ab3e27256975e79639c97a039adabdf47fbcdcd1883bad66ee2e8b41bdfa7?s=96&d=mm&r=g","url":"https:\/\/secure.gravatar.com\/avatar\/661ab3e27256975e79639c97a039adabdf47fbcdcd1883bad66ee2e8b41bdfa7?s=96&d=mm&r=g","contentUrl":"https:\/\/secure.gravatar.com\/avatar\/661ab3e27256975e79639c97a039adabdf47fbcdcd1883bad66ee2e8b41bdfa7?s=96&d=mm&r=g","caption":"Guy Delsaut"},"url":"https:\/\/www.abd-bvd.be\/nl\/author\/guy-delsaut\/"}]}},"_links":{"self":[{"href":"https:\/\/www.abd-bvd.be\/nl\/wp-json\/wp\/v2\/posts\/13807","targetHints":{"allow":["GET"]}}],"collection":[{"href":"https:\/\/www.abd-bvd.be\/nl\/wp-json\/wp\/v2\/posts"}],"about":[{"href":"https:\/\/www.abd-bvd.be\/nl\/wp-json\/wp\/v2\/types\/post"}],"author":[{"embeddable":true,"href":"https:\/\/www.abd-bvd.be\/nl\/wp-json\/wp\/v2\/users\/5"}],"replies":[{"embeddable":true,"href":"https:\/\/www.abd-bvd.be\/nl\/wp-json\/wp\/v2\/comments?post=13807"}],"version-history":[{"count":23,"href":"https:\/\/www.abd-bvd.be\/nl\/wp-json\/wp\/v2\/posts\/13807\/revisions"}],"predecessor-version":[{"id":14765,"href":"https:\/\/www.abd-bvd.be\/nl\/wp-json\/wp\/v2\/posts\/13807\/revisions\/14765"}],"wp:attachment":[{"href":"https:\/\/www.abd-bvd.be\/nl\/wp-json\/wp\/v2\/media?parent=13807"}],"wp:term":[{"taxonomy":"category","embeddable":true,"href":"https:\/\/www.abd-bvd.be\/nl\/wp-json\/wp\/v2\/categories?post=13807"},{"taxonomy":"post_tag","embeddable":true,"href":"https:\/\/www.abd-bvd.be\/nl\/wp-json\/wp\/v2\/tags?post=13807"}],"curies":[{"name":"wp","href":"https:\/\/api.w.org\/{rel}","templated":true}]}}