{"id":10599,"date":"2018-01-27T18:53:11","date_gmt":"2018-01-27T17:53:11","guid":{"rendered":"https:\/\/www.abd-bvd.be\/?p=10599"},"modified":"2018-02-13T09:56:04","modified_gmt":"2018-02-13T08:56:04","slug":"docmoment-feb2018","status":"publish","type":"post","link":"https:\/\/www.abd-bvd.be\/nl\/evenementen\/docmoment-feb2018\/","title":{"rendered":"Doc&#8217;Moment <br \/>De audiovisuele archieven van de RTBF"},"content":{"rendered":"<p><strong>Doc\u2019Moment: het ABD-BVD-Studiemoment \u2013 Donderdag 22 februari 2018 (14:30 \u2013 17:00)<\/strong><\/p>\n<p style=\"text-align: right;\"><span style=\"color: #800000;\"><strong>Inschrijvingen gesloten<\/strong><\/span><\/p>\n<p>Audiovisuele archieven \u00a0(of ze nu historisch of actueel zijn) zijn een essentieel element geworden in de wereld van de documentatie. Daarom nodigt de dienst archieven van de RTBF ons uit om hen een bezoek te brengen en kennis te maken met hun archieffaciliteiten en samen na te denken over de verwerking van documenten en de valorisatie van deze archieven.<\/p>\n<p>&nbsp;<\/p>\n<p><strong>Plaatsen zijn tot 40 inschrijvingen beperkt.<\/strong><\/p>\n<p>De uiteenzettingen en het bezoek gebeuren in het <strong>Frans<\/strong> en in het <strong>Nederlands<\/strong>.<\/p>\n<p><em>Plaats<\/em>: Radio-t\u00e9l\u00e9vision belge de la F\u00e9d\u00e9ration Wallonie-Bruxelles (RTBF)<\/p>\n<p><em>Adres<\/em>: <span class=\"st\">Auguste Reyerslaan 52<\/span>, te 1044 Brussel<\/p>\n<p>&nbsp;<\/p>\n<p><strong>Toegangsplan<\/strong><br \/>\n<span class=\"file-button\"><a href=\"http:\/\/www.rtbf.be\/entreprise\/article_venir-a-lartbf?id=404\">Download (FR)<\/a><\/span><\/p>\n<p><strong>\u00a0<\/strong><strong>Gratis voor de leden<\/strong>\u00a0(niet-leden betalen \u20ac25)<\/p>\n<p style=\"text-align: right;\"><span style=\"color: #800000;\"><strong>Inschrijvingen gesloten<\/strong><\/span><\/p>\n<p><strong>\u00a0<\/strong><\/p>\n","protected":false},"excerpt":{"rendered":"<p>Doc\u2019Moment: het ABD-BVD-Studiemoment \u2013 Donderdag 22 februari 2018 (14:30 \u2013 17:00) Inschrijvingen gesloten Audiovisuele archieven \u00a0(of ze nu historisch of actueel zijn) zijn een essentieel element geworden in de wereld van de documentatie. Daarom nodigt de dienst archieven van de RTBF ons uit om hen een bezoek te brengen en kennis te maken met hun [&hellip;]<\/p>\n","protected":false},"author":5,"featured_media":0,"comment_status":"closed","ping_status":"open","sticky":false,"template":"","format":"standard","meta":{"_acf_changed":false,"footnotes":"","_wpscppro_dont_share_socialmedia":false,"_wpscppro_custom_social_share_image":0,"_facebook_share_type":"","_twitter_share_type":"","_linkedin_share_type":"","_pinterest_share_type":"","_linkedin_share_type_page":"","_instagram_share_type":"","_medium_share_type":"","_threads_share_type":"","_google_business_share_type":"","_selected_social_profile":[],"_wpsp_enable_custom_social_template":false,"_wpsp_social_scheduling":{"enabled":false,"datetime":null,"platforms":[],"status":"template_only","dateOption":"today","timeOption":"now","customDays":"","customHours":"","customDate":"","customTime":"","schedulingType":"absolute"},"_wpsp_active_default_template":true},"categories":[85],"tags":[],"class_list":["post-10599","post","type-post","status-publish","format-standard","hentry","category-evenementen"],"acf":[],"yoast_head":"<!-- This site is optimized with the Yoast SEO plugin v27.4 - https:\/\/yoast.com\/product\/yoast-seo-wordpress\/ -->\n<title>Doc&#039;Moment De audiovisuele archieven van de RTBF - ABD-BVD<\/title>\n<meta name=\"description\" content=\"Op 22 februari organiseert de ABD-BVD een Doc\u2019Moment over de audiovisuele archieven van de RTBF\" \/>\n<meta name=\"robots\" content=\"index, follow, max-snippet:-1, max-image-preview:large, max-video-preview:-1\" \/>\n<link rel=\"canonical\" href=\"https:\/\/www.abd-bvd.be\/nl\/evenementen\/docmoment-feb2018\/\" \/>\n<meta property=\"og:locale\" content=\"nl_NL\" \/>\n<meta property=\"og:type\" content=\"article\" \/>\n<meta property=\"og:title\" content=\"Doc&#039;Moment De audiovisuele archieven van de RTBF - ABD-BVD\" \/>\n<meta property=\"og:description\" content=\"Op 22 februari organiseert de ABD-BVD een Doc\u2019Moment over de audiovisuele archieven van de RTBF\" \/>\n<meta property=\"og:url\" content=\"https:\/\/www.abd-bvd.be\/nl\/evenementen\/docmoment-feb2018\/\" \/>\n<meta property=\"og:site_name\" content=\"ABD-BVD\" \/>\n<meta property=\"article:published_time\" content=\"2018-01-27T17:53:11+00:00\" \/>\n<meta property=\"article:modified_time\" content=\"2018-02-13T08:56:04+00:00\" \/>\n<meta name=\"author\" content=\"Guy Delsaut\" \/>\n<meta name=\"twitter:card\" content=\"summary_large_image\" \/>\n<meta name=\"twitter:label1\" content=\"Geschreven door\" \/>\n\t<meta name=\"twitter:data1\" content=\"Guy Delsaut\" \/>\n\t<meta name=\"twitter:label2\" content=\"Geschatte leestijd\" \/>\n\t<meta name=\"twitter:data2\" content=\"1 minuut\" \/>\n<script type=\"application\/ld+json\" class=\"yoast-schema-graph\">{\"@context\":\"https:\\\/\\\/schema.org\",\"@graph\":[{\"@type\":\"Article\",\"@id\":\"https:\\\/\\\/www.abd-bvd.be\\\/nl\\\/evenementen\\\/docmoment-feb2018\\\/#article\",\"isPartOf\":{\"@id\":\"https:\\\/\\\/www.abd-bvd.be\\\/nl\\\/evenementen\\\/docmoment-feb2018\\\/\"},\"author\":{\"name\":\"Guy Delsaut\",\"@id\":\"https:\\\/\\\/www.abd-bvd.be\\\/fr\\\/#\\\/schema\\\/person\\\/b16d2027ba7bd24752b02f45e6c2d628\"},\"headline\":\"Doc&#8217;Moment De audiovisuele archieven van de RTBF\",\"datePublished\":\"2018-01-27T17:53:11+00:00\",\"dateModified\":\"2018-02-13T08:56:04+00:00\",\"mainEntityOfPage\":{\"@id\":\"https:\\\/\\\/www.abd-bvd.be\\\/nl\\\/evenementen\\\/docmoment-feb2018\\\/\"},\"wordCount\":123,\"articleSection\":[\"Evenementen\"],\"inLanguage\":\"nl-NL\"},{\"@type\":\"WebPage\",\"@id\":\"https:\\\/\\\/www.abd-bvd.be\\\/nl\\\/evenementen\\\/docmoment-feb2018\\\/\",\"url\":\"https:\\\/\\\/www.abd-bvd.be\\\/nl\\\/evenementen\\\/docmoment-feb2018\\\/\",\"name\":\"Doc'Moment De audiovisuele archieven van de RTBF - ABD-BVD\",\"isPartOf\":{\"@id\":\"https:\\\/\\\/www.abd-bvd.be\\\/fr\\\/#website\"},\"datePublished\":\"2018-01-27T17:53:11+00:00\",\"dateModified\":\"2018-02-13T08:56:04+00:00\",\"author\":{\"@id\":\"https:\\\/\\\/www.abd-bvd.be\\\/fr\\\/#\\\/schema\\\/person\\\/b16d2027ba7bd24752b02f45e6c2d628\"},\"description\":\"Op 22 februari organiseert de ABD-BVD een Doc\u2019Moment over de audiovisuele archieven van de RTBF\",\"breadcrumb\":{\"@id\":\"https:\\\/\\\/www.abd-bvd.be\\\/nl\\\/evenementen\\\/docmoment-feb2018\\\/#breadcrumb\"},\"inLanguage\":\"nl-NL\",\"potentialAction\":[{\"@type\":\"ReadAction\",\"target\":[\"https:\\\/\\\/www.abd-bvd.be\\\/nl\\\/evenementen\\\/docmoment-feb2018\\\/\"]}]},{\"@type\":\"BreadcrumbList\",\"@id\":\"https:\\\/\\\/www.abd-bvd.be\\\/nl\\\/evenementen\\\/docmoment-feb2018\\\/#breadcrumb\",\"itemListElement\":[{\"@type\":\"ListItem\",\"position\":1,\"name\":\"Accueil\",\"item\":\"https:\\\/\\\/www.abd-bvd.be\\\/nl\\\/\"},{\"@type\":\"ListItem\",\"position\":2,\"name\":\"Doc&#8217;Moment De audiovisuele archieven van de RTBF\"}]},{\"@type\":\"WebSite\",\"@id\":\"https:\\\/\\\/www.abd-bvd.be\\\/fr\\\/#website\",\"url\":\"https:\\\/\\\/www.abd-bvd.be\\\/fr\\\/\",\"name\":\"ABD-BVD\",\"description\":\"association Belge de documentation - Belgische verniging voor documentatie\",\"potentialAction\":[{\"@type\":\"SearchAction\",\"target\":{\"@type\":\"EntryPoint\",\"urlTemplate\":\"https:\\\/\\\/www.abd-bvd.be\\\/fr\\\/?s={search_term_string}\"},\"query-input\":{\"@type\":\"PropertyValueSpecification\",\"valueRequired\":true,\"valueName\":\"search_term_string\"}}],\"inLanguage\":\"nl-NL\"},{\"@type\":\"Person\",\"@id\":\"https:\\\/\\\/www.abd-bvd.be\\\/fr\\\/#\\\/schema\\\/person\\\/b16d2027ba7bd24752b02f45e6c2d628\",\"name\":\"Guy Delsaut\",\"image\":{\"@type\":\"ImageObject\",\"inLanguage\":\"nl-NL\",\"@id\":\"https:\\\/\\\/secure.gravatar.com\\\/avatar\\\/661ab3e27256975e79639c97a039adabdf47fbcdcd1883bad66ee2e8b41bdfa7?s=96&d=mm&r=g\",\"url\":\"https:\\\/\\\/secure.gravatar.com\\\/avatar\\\/661ab3e27256975e79639c97a039adabdf47fbcdcd1883bad66ee2e8b41bdfa7?s=96&d=mm&r=g\",\"contentUrl\":\"https:\\\/\\\/secure.gravatar.com\\\/avatar\\\/661ab3e27256975e79639c97a039adabdf47fbcdcd1883bad66ee2e8b41bdfa7?s=96&d=mm&r=g\",\"caption\":\"Guy Delsaut\"},\"url\":\"https:\\\/\\\/www.abd-bvd.be\\\/nl\\\/author\\\/guy-delsaut\\\/\"}]}<\/script>\n<!-- \/ Yoast SEO plugin. -->","yoast_head_json":{"title":"Doc'Moment De audiovisuele archieven van de RTBF - ABD-BVD","description":"Op 22 februari organiseert de ABD-BVD een Doc\u2019Moment over de audiovisuele archieven van de RTBF","robots":{"index":"index","follow":"follow","max-snippet":"max-snippet:-1","max-image-preview":"max-image-preview:large","max-video-preview":"max-video-preview:-1"},"canonical":"https:\/\/www.abd-bvd.be\/nl\/evenementen\/docmoment-feb2018\/","og_locale":"nl_NL","og_type":"article","og_title":"Doc'Moment De audiovisuele archieven van de RTBF - ABD-BVD","og_description":"Op 22 februari organiseert de ABD-BVD een Doc\u2019Moment over de audiovisuele archieven van de RTBF","og_url":"https:\/\/www.abd-bvd.be\/nl\/evenementen\/docmoment-feb2018\/","og_site_name":"ABD-BVD","article_published_time":"2018-01-27T17:53:11+00:00","article_modified_time":"2018-02-13T08:56:04+00:00","author":"Guy Delsaut","twitter_card":"summary_large_image","twitter_misc":{"Geschreven door":"Guy Delsaut","Geschatte leestijd":"1 minuut"},"schema":{"@context":"https:\/\/schema.org","@graph":[{"@type":"Article","@id":"https:\/\/www.abd-bvd.be\/nl\/evenementen\/docmoment-feb2018\/#article","isPartOf":{"@id":"https:\/\/www.abd-bvd.be\/nl\/evenementen\/docmoment-feb2018\/"},"author":{"name":"Guy Delsaut","@id":"https:\/\/www.abd-bvd.be\/fr\/#\/schema\/person\/b16d2027ba7bd24752b02f45e6c2d628"},"headline":"Doc&#8217;Moment De audiovisuele archieven van de RTBF","datePublished":"2018-01-27T17:53:11+00:00","dateModified":"2018-02-13T08:56:04+00:00","mainEntityOfPage":{"@id":"https:\/\/www.abd-bvd.be\/nl\/evenementen\/docmoment-feb2018\/"},"wordCount":123,"articleSection":["Evenementen"],"inLanguage":"nl-NL"},{"@type":"WebPage","@id":"https:\/\/www.abd-bvd.be\/nl\/evenementen\/docmoment-feb2018\/","url":"https:\/\/www.abd-bvd.be\/nl\/evenementen\/docmoment-feb2018\/","name":"Doc'Moment De audiovisuele archieven van de RTBF - ABD-BVD","isPartOf":{"@id":"https:\/\/www.abd-bvd.be\/fr\/#website"},"datePublished":"2018-01-27T17:53:11+00:00","dateModified":"2018-02-13T08:56:04+00:00","author":{"@id":"https:\/\/www.abd-bvd.be\/fr\/#\/schema\/person\/b16d2027ba7bd24752b02f45e6c2d628"},"description":"Op 22 februari organiseert de ABD-BVD een Doc\u2019Moment over de audiovisuele archieven van de RTBF","breadcrumb":{"@id":"https:\/\/www.abd-bvd.be\/nl\/evenementen\/docmoment-feb2018\/#breadcrumb"},"inLanguage":"nl-NL","potentialAction":[{"@type":"ReadAction","target":["https:\/\/www.abd-bvd.be\/nl\/evenementen\/docmoment-feb2018\/"]}]},{"@type":"BreadcrumbList","@id":"https:\/\/www.abd-bvd.be\/nl\/evenementen\/docmoment-feb2018\/#breadcrumb","itemListElement":[{"@type":"ListItem","position":1,"name":"Accueil","item":"https:\/\/www.abd-bvd.be\/nl\/"},{"@type":"ListItem","position":2,"name":"Doc&#8217;Moment De audiovisuele archieven van de RTBF"}]},{"@type":"WebSite","@id":"https:\/\/www.abd-bvd.be\/fr\/#website","url":"https:\/\/www.abd-bvd.be\/fr\/","name":"ABD-BVD","description":"association Belge de documentation - Belgische verniging voor documentatie","potentialAction":[{"@type":"SearchAction","target":{"@type":"EntryPoint","urlTemplate":"https:\/\/www.abd-bvd.be\/fr\/?s={search_term_string}"},"query-input":{"@type":"PropertyValueSpecification","valueRequired":true,"valueName":"search_term_string"}}],"inLanguage":"nl-NL"},{"@type":"Person","@id":"https:\/\/www.abd-bvd.be\/fr\/#\/schema\/person\/b16d2027ba7bd24752b02f45e6c2d628","name":"Guy Delsaut","image":{"@type":"ImageObject","inLanguage":"nl-NL","@id":"https:\/\/secure.gravatar.com\/avatar\/661ab3e27256975e79639c97a039adabdf47fbcdcd1883bad66ee2e8b41bdfa7?s=96&d=mm&r=g","url":"https:\/\/secure.gravatar.com\/avatar\/661ab3e27256975e79639c97a039adabdf47fbcdcd1883bad66ee2e8b41bdfa7?s=96&d=mm&r=g","contentUrl":"https:\/\/secure.gravatar.com\/avatar\/661ab3e27256975e79639c97a039adabdf47fbcdcd1883bad66ee2e8b41bdfa7?s=96&d=mm&r=g","caption":"Guy Delsaut"},"url":"https:\/\/www.abd-bvd.be\/nl\/author\/guy-delsaut\/"}]}},"_links":{"self":[{"href":"https:\/\/www.abd-bvd.be\/nl\/wp-json\/wp\/v2\/posts\/10599","targetHints":{"allow":["GET"]}}],"collection":[{"href":"https:\/\/www.abd-bvd.be\/nl\/wp-json\/wp\/v2\/posts"}],"about":[{"href":"https:\/\/www.abd-bvd.be\/nl\/wp-json\/wp\/v2\/types\/post"}],"author":[{"embeddable":true,"href":"https:\/\/www.abd-bvd.be\/nl\/wp-json\/wp\/v2\/users\/5"}],"replies":[{"embeddable":true,"href":"https:\/\/www.abd-bvd.be\/nl\/wp-json\/wp\/v2\/comments?post=10599"}],"version-history":[{"count":0,"href":"https:\/\/www.abd-bvd.be\/nl\/wp-json\/wp\/v2\/posts\/10599\/revisions"}],"wp:attachment":[{"href":"https:\/\/www.abd-bvd.be\/nl\/wp-json\/wp\/v2\/media?parent=10599"}],"wp:term":[{"taxonomy":"category","embeddable":true,"href":"https:\/\/www.abd-bvd.be\/nl\/wp-json\/wp\/v2\/categories?post=10599"},{"taxonomy":"post_tag","embeddable":true,"href":"https:\/\/www.abd-bvd.be\/nl\/wp-json\/wp\/v2\/tags?post=10599"}],"curies":[{"name":"wp","href":"https:\/\/api.w.org\/{rel}","templated":true}]}}