{"id":9940,"date":"2017-11-09T17:00:35","date_gmt":"2017-11-09T16:00:35","guid":{"rendered":"https:\/\/www.abd-bvd.be\/?p=9940"},"modified":"2018-04-02T10:15:16","modified_gmt":"2018-04-02T08:15:16","slug":"novembre-2017","status":"publish","type":"post","link":"https:\/\/www.abd-bvd.be\/fr\/doc-moments\/novembre-2017\/","title":{"rendered":"Novembre 2017 &#8211; R\u00e9union conjointe ABD-BVD\/AAFB"},"content":{"rendered":"<h2><b><span lang=\"EN-GB\">GID : Le cycle de vie de l&rsquo;information comme mantra<\/span><\/b><b><\/b><\/h2>\n<p style=\"text-align: justify;\"><span lang=\"EN-GB\">par\u00a0Florian <strong>Delabie<\/strong>,\u00a0<\/span>consultant en gestion de l&rsquo;information et archivage \u00e9lectronique chez Docbyte<\/p>\n<h2>La gouvernance de l\u2019information<\/h2>\n<p style=\"text-align: justify;\">par Marie-Laurence <strong>Dubois<\/strong>,\u00a0consultante en gestion documentaire et archivage manag\u00e9rial chez Valorescence. Pr\u00e9sidente de l\u2019AAFB depuis 2015 et Professeure au sein de la sp\u00e9cialisation en Gestion des ressources documentaires multim\u00e9dia \u00e0 l\u2019Henallux.<\/p>\n<p><span class=\"file-button\"><a href=\"https:\/\/www.abd-bvd.be\/wp-content\/uploads\/docmoment-112017-Marie-Laurence-Dubois.pdf\">T\u00e9l\u00e9charger (FR)<\/a><\/span><\/p>\n<p><span lang=\"EN-GB\">La gestion des documents a bien longtemps \u00e9t\u00e9 scind\u00e9e entre les professionnels de la documentation, les responsables de l&rsquo;archivage, les \u00e9quipes administratives, les managers op\u00e9rationnels ou IT. Ces scissions et cloisonnements ont cr\u00e9\u00e9 des situations complexes r\u00e9sultant \u00e0 des pertes d&rsquo;informations, des informations absentes ou non communiqu\u00e9es \u00e0 temps, voire \u00e0 une d\u00e9multiplication d&rsquo;un m\u00eame document avec des informations parfois contradictoires.<\/span><\/p>\n<p style=\"text-align: justify;\"><span lang=\"EN-GB\">Afin de rem\u00e9dier \u00e0 cette situation, les orateurs ont pr\u00e9sent\u00e9 l&rsquo;approche de la gestion int\u00e9gr\u00e9e des documents, qui vise \u00e0 doter les professionnels de l&rsquo;information des connaissances et comp\u00e9tences n\u00e9cessaires pour s&rsquo;attaquer \u00e0 ces enjeux d&rsquo;importance. Apr\u00e8s une introduction th\u00e9orique sur la gestion int\u00e9gr\u00e9e des documents et un aper\u00e7u des nouveaux challenges (notamment l\u00e9gaux), l&rsquo;accent fut plac\u00e9 sur les retours d&rsquo;exp\u00e9riences de ce qui a pu \u00eatre mis en place, permettant aux participants de comprendre et de se rendre compte de l&rsquo;importance d&rsquo;une vision globale de la gestion de l&rsquo;information et des approches possibles pour l&rsquo;organiser.<\/span><\/p>\n<p><img loading=\"lazy\" decoding=\"async\" class=\"alignnone size-medium wp-image-11273\" src=\"https:\/\/www.abd-bvd.be\/wp-content\/uploads\/abd-bvd-dm-novembre-2017-004-300x225.jpg\" alt=\"\" width=\"300\" height=\"225\" srcset=\"https:\/\/www.abd-bvd.be\/wp-content\/uploads\/abd-bvd-dm-novembre-2017-004-300x225.jpg 300w, https:\/\/www.abd-bvd.be\/wp-content\/uploads\/abd-bvd-dm-novembre-2017-004-768x576.jpg 768w, https:\/\/www.abd-bvd.be\/wp-content\/uploads\/abd-bvd-dm-novembre-2017-004-1024x768.jpg 1024w\" sizes=\"auto, (max-width: 300px) 100vw, 300px\" \/> <img loading=\"lazy\" decoding=\"async\" class=\"alignnone size-medium wp-image-11272\" src=\"https:\/\/www.abd-bvd.be\/wp-content\/uploads\/abd-bvd-dm-novembre-2017-003-300x225.jpg\" alt=\"\" width=\"300\" height=\"225\" srcset=\"https:\/\/www.abd-bvd.be\/wp-content\/uploads\/abd-bvd-dm-novembre-2017-003-300x225.jpg 300w, https:\/\/www.abd-bvd.be\/wp-content\/uploads\/abd-bvd-dm-novembre-2017-003-768x576.jpg 768w, https:\/\/www.abd-bvd.be\/wp-content\/uploads\/abd-bvd-dm-novembre-2017-003-1024x768.jpg 1024w\" sizes=\"auto, (max-width: 300px) 100vw, 300px\" \/> <img loading=\"lazy\" decoding=\"async\" class=\"alignnone size-medium wp-image-11271\" src=\"https:\/\/www.abd-bvd.be\/wp-content\/uploads\/abd-bvd-dm-novembre-2017-002-300x225.jpg\" alt=\"\" width=\"300\" height=\"225\" srcset=\"https:\/\/www.abd-bvd.be\/wp-content\/uploads\/abd-bvd-dm-novembre-2017-002-300x225.jpg 300w, https:\/\/www.abd-bvd.be\/wp-content\/uploads\/abd-bvd-dm-novembre-2017-002-768x576.jpg 768w, https:\/\/www.abd-bvd.be\/wp-content\/uploads\/abd-bvd-dm-novembre-2017-002-1024x768.jpg 1024w\" sizes=\"auto, (max-width: 300px) 100vw, 300px\" \/> <img loading=\"lazy\" decoding=\"async\" class=\"alignnone size-medium wp-image-11270\" src=\"https:\/\/www.abd-bvd.be\/wp-content\/uploads\/abd-bvd-dm-novembre-2017-001-300x225.jpg\" alt=\"\" width=\"300\" height=\"225\" srcset=\"https:\/\/www.abd-bvd.be\/wp-content\/uploads\/abd-bvd-dm-novembre-2017-001-300x225.jpg 300w, https:\/\/www.abd-bvd.be\/wp-content\/uploads\/abd-bvd-dm-novembre-2017-001-768x576.jpg 768w, https:\/\/www.abd-bvd.be\/wp-content\/uploads\/abd-bvd-dm-novembre-2017-001-1024x768.jpg 1024w\" sizes=\"auto, (max-width: 300px) 100vw, 300px\" \/><\/p>\n<p style=\"text-align: justify;\">Lieu :\u00a0Biblioth\u00e8que royale de Belgique (KBR)<\/p>\n","protected":false},"excerpt":{"rendered":"<p>GID : Le cycle de vie de l&rsquo;information comme mantra par\u00a0Florian Delabie,\u00a0consultant en gestion de l&rsquo;information et archivage \u00e9lectronique chez Docbyte La gouvernance de l\u2019information par Marie-Laurence Dubois,\u00a0consultante en gestion documentaire et archivage manag\u00e9rial chez Valorescence. Pr\u00e9sidente de l\u2019AAFB depuis 2015 et Professeure au sein de la sp\u00e9cialisation en Gestion des ressources documentaires multim\u00e9dia \u00e0 [&hellip;]<\/p>\n","protected":false},"author":11,"featured_media":0,"comment_status":"closed","ping_status":"open","sticky":false,"template":"","format":"standard","meta":{"_acf_changed":false,"footnotes":"","_wpscppro_dont_share_socialmedia":false,"_wpscppro_custom_social_share_image":0,"_facebook_share_type":"","_twitter_share_type":"","_linkedin_share_type":"","_pinterest_share_type":"","_linkedin_share_type_page":"","_instagram_share_type":"","_medium_share_type":"","_threads_share_type":"","_google_business_share_type":"","_selected_social_profile":[],"_wpsp_enable_custom_social_template":false,"_wpsp_social_scheduling":{"enabled":false,"datetime":null,"platforms":[],"status":"template_only","dateOption":"today","timeOption":"now","customDays":"","customHours":"","customDate":"","customTime":"","schedulingType":"absolute"},"_wpsp_active_default_template":true},"categories":[92],"tags":[],"class_list":["post-9940","post","type-post","status-publish","format-standard","hentry","category-doc-moments"],"acf":[],"yoast_head":"<!-- This site is optimized with the Yoast SEO plugin v27.4 - https:\/\/yoast.com\/product\/yoast-seo-wordpress\/ -->\n<title>Novembre 2017 - R\u00e9union conjointe ABD-BVD\/AAFB - ABD-BVD<\/title>\n<meta name=\"robots\" content=\"index, follow, max-snippet:-1, max-image-preview:large, max-video-preview:-1\" \/>\n<link rel=\"canonical\" href=\"https:\/\/www.abd-bvd.be\/fr\/doc-moments\/novembre-2017\/\" \/>\n<meta property=\"og:locale\" content=\"fr_FR\" \/>\n<meta property=\"og:type\" content=\"article\" \/>\n<meta property=\"og:title\" content=\"Novembre 2017 - R\u00e9union conjointe ABD-BVD\/AAFB - ABD-BVD\" \/>\n<meta property=\"og:description\" content=\"GID : Le cycle de vie de l&rsquo;information comme mantra par\u00a0Florian Delabie,\u00a0consultant en gestion de l&rsquo;information et archivage \u00e9lectronique chez Docbyte La gouvernance de l\u2019information par Marie-Laurence Dubois,\u00a0consultante en gestion documentaire et archivage manag\u00e9rial chez Valorescence. Pr\u00e9sidente de l\u2019AAFB depuis 2015 et Professeure au sein de la sp\u00e9cialisation en Gestion des ressources documentaires multim\u00e9dia \u00e0 [&hellip;]\" \/>\n<meta property=\"og:url\" content=\"https:\/\/www.abd-bvd.be\/fr\/doc-moments\/novembre-2017\/\" \/>\n<meta property=\"og:site_name\" content=\"ABD-BVD\" \/>\n<meta property=\"article:published_time\" content=\"2017-11-09T16:00:35+00:00\" \/>\n<meta property=\"article:modified_time\" content=\"2018-04-02T08:15:16+00:00\" \/>\n<meta property=\"og:image\" content=\"https:\/\/www.abd-bvd.be\/wp-content\/uploads\/abd-bvd-dm-novembre-2017-004-300x225.jpg\" \/>\n<meta name=\"author\" content=\"Catherine G\u00e9rard\" \/>\n<meta name=\"twitter:card\" content=\"summary_large_image\" \/>\n<meta name=\"twitter:label1\" content=\"\u00c9crit par\" \/>\n\t<meta name=\"twitter:data1\" content=\"Catherine G\u00e9rard\" \/>\n\t<meta name=\"twitter:label2\" content=\"Dur\u00e9e de lecture estim\u00e9e\" \/>\n\t<meta name=\"twitter:data2\" content=\"1 minute\" \/>\n<script type=\"application\/ld+json\" class=\"yoast-schema-graph\">{\"@context\":\"https:\\\/\\\/schema.org\",\"@graph\":[{\"@type\":\"Article\",\"@id\":\"https:\\\/\\\/www.abd-bvd.be\\\/fr\\\/doc-moments\\\/novembre-2017\\\/#article\",\"isPartOf\":{\"@id\":\"https:\\\/\\\/www.abd-bvd.be\\\/fr\\\/doc-moments\\\/novembre-2017\\\/\"},\"author\":{\"name\":\"Catherine G\u00e9rard\",\"@id\":\"https:\\\/\\\/www.abd-bvd.be\\\/fr\\\/#\\\/schema\\\/person\\\/b6755b61a1d8f94d075def4981f46068\"},\"headline\":\"Novembre 2017 &#8211; R\u00e9union conjointe ABD-BVD\\\/AAFB\",\"datePublished\":\"2017-11-09T16:00:35+00:00\",\"dateModified\":\"2018-04-02T08:15:16+00:00\",\"mainEntityOfPage\":{\"@id\":\"https:\\\/\\\/www.abd-bvd.be\\\/fr\\\/doc-moments\\\/novembre-2017\\\/\"},\"wordCount\":266,\"image\":{\"@id\":\"https:\\\/\\\/www.abd-bvd.be\\\/fr\\\/doc-moments\\\/novembre-2017\\\/#primaryimage\"},\"thumbnailUrl\":\"https:\\\/\\\/www.abd-bvd.be\\\/wp-content\\\/uploads\\\/abd-bvd-dm-novembre-2017-004-300x225.jpg\",\"articleSection\":[\"Doc'Moments\"],\"inLanguage\":\"fr-FR\"},{\"@type\":\"WebPage\",\"@id\":\"https:\\\/\\\/www.abd-bvd.be\\\/fr\\\/doc-moments\\\/novembre-2017\\\/\",\"url\":\"https:\\\/\\\/www.abd-bvd.be\\\/fr\\\/doc-moments\\\/novembre-2017\\\/\",\"name\":\"Novembre 2017 - R\u00e9union conjointe ABD-BVD\\\/AAFB - ABD-BVD\",\"isPartOf\":{\"@id\":\"https:\\\/\\\/www.abd-bvd.be\\\/fr\\\/#website\"},\"primaryImageOfPage\":{\"@id\":\"https:\\\/\\\/www.abd-bvd.be\\\/fr\\\/doc-moments\\\/novembre-2017\\\/#primaryimage\"},\"image\":{\"@id\":\"https:\\\/\\\/www.abd-bvd.be\\\/fr\\\/doc-moments\\\/novembre-2017\\\/#primaryimage\"},\"thumbnailUrl\":\"https:\\\/\\\/www.abd-bvd.be\\\/wp-content\\\/uploads\\\/abd-bvd-dm-novembre-2017-004-300x225.jpg\",\"datePublished\":\"2017-11-09T16:00:35+00:00\",\"dateModified\":\"2018-04-02T08:15:16+00:00\",\"author\":{\"@id\":\"https:\\\/\\\/www.abd-bvd.be\\\/fr\\\/#\\\/schema\\\/person\\\/b6755b61a1d8f94d075def4981f46068\"},\"breadcrumb\":{\"@id\":\"https:\\\/\\\/www.abd-bvd.be\\\/fr\\\/doc-moments\\\/novembre-2017\\\/#breadcrumb\"},\"inLanguage\":\"fr-FR\",\"potentialAction\":[{\"@type\":\"ReadAction\",\"target\":[\"https:\\\/\\\/www.abd-bvd.be\\\/fr\\\/doc-moments\\\/novembre-2017\\\/\"]}]},{\"@type\":\"ImageObject\",\"inLanguage\":\"fr-FR\",\"@id\":\"https:\\\/\\\/www.abd-bvd.be\\\/fr\\\/doc-moments\\\/novembre-2017\\\/#primaryimage\",\"url\":\"https:\\\/\\\/www.abd-bvd.be\\\/wp-content\\\/uploads\\\/abd-bvd-dm-novembre-2017-004-300x225.jpg\",\"contentUrl\":\"https:\\\/\\\/www.abd-bvd.be\\\/wp-content\\\/uploads\\\/abd-bvd-dm-novembre-2017-004-300x225.jpg\"},{\"@type\":\"BreadcrumbList\",\"@id\":\"https:\\\/\\\/www.abd-bvd.be\\\/fr\\\/doc-moments\\\/novembre-2017\\\/#breadcrumb\",\"itemListElement\":[{\"@type\":\"ListItem\",\"position\":1,\"name\":\"Accueil\",\"item\":\"https:\\\/\\\/www.abd-bvd.be\\\/fr\\\/\"},{\"@type\":\"ListItem\",\"position\":2,\"name\":\"Novembre 2017 &#8211; R\u00e9union conjointe ABD-BVD\\\/AAFB\"}]},{\"@type\":\"WebSite\",\"@id\":\"https:\\\/\\\/www.abd-bvd.be\\\/fr\\\/#website\",\"url\":\"https:\\\/\\\/www.abd-bvd.be\\\/fr\\\/\",\"name\":\"ABD-BVD\",\"description\":\"Association Belge de documentation - Belgische verniging voor documentatie\",\"potentialAction\":[{\"@type\":\"SearchAction\",\"target\":{\"@type\":\"EntryPoint\",\"urlTemplate\":\"https:\\\/\\\/www.abd-bvd.be\\\/fr\\\/?s={search_term_string}\"},\"query-input\":{\"@type\":\"PropertyValueSpecification\",\"valueRequired\":true,\"valueName\":\"search_term_string\"}}],\"inLanguage\":\"fr-FR\"},{\"@type\":\"Person\",\"@id\":\"https:\\\/\\\/www.abd-bvd.be\\\/fr\\\/#\\\/schema\\\/person\\\/b6755b61a1d8f94d075def4981f46068\",\"name\":\"Catherine G\u00e9rard\",\"image\":{\"@type\":\"ImageObject\",\"inLanguage\":\"fr-FR\",\"@id\":\"https:\\\/\\\/secure.gravatar.com\\\/avatar\\\/056de6abd907d96ee36216f287a04afb1792e8f76d2bb0915afff30cd81c37a2?s=96&d=mm&r=g\",\"url\":\"https:\\\/\\\/secure.gravatar.com\\\/avatar\\\/056de6abd907d96ee36216f287a04afb1792e8f76d2bb0915afff30cd81c37a2?s=96&d=mm&r=g\",\"contentUrl\":\"https:\\\/\\\/secure.gravatar.com\\\/avatar\\\/056de6abd907d96ee36216f287a04afb1792e8f76d2bb0915afff30cd81c37a2?s=96&d=mm&r=g\",\"caption\":\"Catherine G\u00e9rard\"},\"url\":\"https:\\\/\\\/www.abd-bvd.be\\\/fr\\\/author\\\/catherine-gerard\\\/\"}]}<\/script>\n<!-- \/ Yoast SEO plugin. -->","yoast_head_json":{"title":"Novembre 2017 - R\u00e9union conjointe ABD-BVD\/AAFB - ABD-BVD","robots":{"index":"index","follow":"follow","max-snippet":"max-snippet:-1","max-image-preview":"max-image-preview:large","max-video-preview":"max-video-preview:-1"},"canonical":"https:\/\/www.abd-bvd.be\/fr\/doc-moments\/novembre-2017\/","og_locale":"fr_FR","og_type":"article","og_title":"Novembre 2017 - R\u00e9union conjointe ABD-BVD\/AAFB - ABD-BVD","og_description":"GID : Le cycle de vie de l&rsquo;information comme mantra par\u00a0Florian Delabie,\u00a0consultant en gestion de l&rsquo;information et archivage \u00e9lectronique chez Docbyte La gouvernance de l\u2019information par Marie-Laurence Dubois,\u00a0consultante en gestion documentaire et archivage manag\u00e9rial chez Valorescence. Pr\u00e9sidente de l\u2019AAFB depuis 2015 et Professeure au sein de la sp\u00e9cialisation en Gestion des ressources documentaires multim\u00e9dia \u00e0 [&hellip;]","og_url":"https:\/\/www.abd-bvd.be\/fr\/doc-moments\/novembre-2017\/","og_site_name":"ABD-BVD","article_published_time":"2017-11-09T16:00:35+00:00","article_modified_time":"2018-04-02T08:15:16+00:00","og_image":[{"url":"https:\/\/www.abd-bvd.be\/wp-content\/uploads\/abd-bvd-dm-novembre-2017-004-300x225.jpg","type":"","width":"","height":""}],"author":"Catherine G\u00e9rard","twitter_card":"summary_large_image","twitter_misc":{"\u00c9crit par":"Catherine G\u00e9rard","Dur\u00e9e de lecture estim\u00e9e":"1 minute"},"schema":{"@context":"https:\/\/schema.org","@graph":[{"@type":"Article","@id":"https:\/\/www.abd-bvd.be\/fr\/doc-moments\/novembre-2017\/#article","isPartOf":{"@id":"https:\/\/www.abd-bvd.be\/fr\/doc-moments\/novembre-2017\/"},"author":{"name":"Catherine G\u00e9rard","@id":"https:\/\/www.abd-bvd.be\/fr\/#\/schema\/person\/b6755b61a1d8f94d075def4981f46068"},"headline":"Novembre 2017 &#8211; R\u00e9union conjointe ABD-BVD\/AAFB","datePublished":"2017-11-09T16:00:35+00:00","dateModified":"2018-04-02T08:15:16+00:00","mainEntityOfPage":{"@id":"https:\/\/www.abd-bvd.be\/fr\/doc-moments\/novembre-2017\/"},"wordCount":266,"image":{"@id":"https:\/\/www.abd-bvd.be\/fr\/doc-moments\/novembre-2017\/#primaryimage"},"thumbnailUrl":"https:\/\/www.abd-bvd.be\/wp-content\/uploads\/abd-bvd-dm-novembre-2017-004-300x225.jpg","articleSection":["Doc'Moments"],"inLanguage":"fr-FR"},{"@type":"WebPage","@id":"https:\/\/www.abd-bvd.be\/fr\/doc-moments\/novembre-2017\/","url":"https:\/\/www.abd-bvd.be\/fr\/doc-moments\/novembre-2017\/","name":"Novembre 2017 - R\u00e9union conjointe ABD-BVD\/AAFB - ABD-BVD","isPartOf":{"@id":"https:\/\/www.abd-bvd.be\/fr\/#website"},"primaryImageOfPage":{"@id":"https:\/\/www.abd-bvd.be\/fr\/doc-moments\/novembre-2017\/#primaryimage"},"image":{"@id":"https:\/\/www.abd-bvd.be\/fr\/doc-moments\/novembre-2017\/#primaryimage"},"thumbnailUrl":"https:\/\/www.abd-bvd.be\/wp-content\/uploads\/abd-bvd-dm-novembre-2017-004-300x225.jpg","datePublished":"2017-11-09T16:00:35+00:00","dateModified":"2018-04-02T08:15:16+00:00","author":{"@id":"https:\/\/www.abd-bvd.be\/fr\/#\/schema\/person\/b6755b61a1d8f94d075def4981f46068"},"breadcrumb":{"@id":"https:\/\/www.abd-bvd.be\/fr\/doc-moments\/novembre-2017\/#breadcrumb"},"inLanguage":"fr-FR","potentialAction":[{"@type":"ReadAction","target":["https:\/\/www.abd-bvd.be\/fr\/doc-moments\/novembre-2017\/"]}]},{"@type":"ImageObject","inLanguage":"fr-FR","@id":"https:\/\/www.abd-bvd.be\/fr\/doc-moments\/novembre-2017\/#primaryimage","url":"https:\/\/www.abd-bvd.be\/wp-content\/uploads\/abd-bvd-dm-novembre-2017-004-300x225.jpg","contentUrl":"https:\/\/www.abd-bvd.be\/wp-content\/uploads\/abd-bvd-dm-novembre-2017-004-300x225.jpg"},{"@type":"BreadcrumbList","@id":"https:\/\/www.abd-bvd.be\/fr\/doc-moments\/novembre-2017\/#breadcrumb","itemListElement":[{"@type":"ListItem","position":1,"name":"Accueil","item":"https:\/\/www.abd-bvd.be\/fr\/"},{"@type":"ListItem","position":2,"name":"Novembre 2017 &#8211; R\u00e9union conjointe ABD-BVD\/AAFB"}]},{"@type":"WebSite","@id":"https:\/\/www.abd-bvd.be\/fr\/#website","url":"https:\/\/www.abd-bvd.be\/fr\/","name":"ABD-BVD","description":"Association Belge de documentation - Belgische verniging voor documentatie","potentialAction":[{"@type":"SearchAction","target":{"@type":"EntryPoint","urlTemplate":"https:\/\/www.abd-bvd.be\/fr\/?s={search_term_string}"},"query-input":{"@type":"PropertyValueSpecification","valueRequired":true,"valueName":"search_term_string"}}],"inLanguage":"fr-FR"},{"@type":"Person","@id":"https:\/\/www.abd-bvd.be\/fr\/#\/schema\/person\/b6755b61a1d8f94d075def4981f46068","name":"Catherine G\u00e9rard","image":{"@type":"ImageObject","inLanguage":"fr-FR","@id":"https:\/\/secure.gravatar.com\/avatar\/056de6abd907d96ee36216f287a04afb1792e8f76d2bb0915afff30cd81c37a2?s=96&d=mm&r=g","url":"https:\/\/secure.gravatar.com\/avatar\/056de6abd907d96ee36216f287a04afb1792e8f76d2bb0915afff30cd81c37a2?s=96&d=mm&r=g","contentUrl":"https:\/\/secure.gravatar.com\/avatar\/056de6abd907d96ee36216f287a04afb1792e8f76d2bb0915afff30cd81c37a2?s=96&d=mm&r=g","caption":"Catherine G\u00e9rard"},"url":"https:\/\/www.abd-bvd.be\/fr\/author\/catherine-gerard\/"}]}},"_links":{"self":[{"href":"https:\/\/www.abd-bvd.be\/fr\/wp-json\/wp\/v2\/posts\/9940","targetHints":{"allow":["GET"]}}],"collection":[{"href":"https:\/\/www.abd-bvd.be\/fr\/wp-json\/wp\/v2\/posts"}],"about":[{"href":"https:\/\/www.abd-bvd.be\/fr\/wp-json\/wp\/v2\/types\/post"}],"author":[{"embeddable":true,"href":"https:\/\/www.abd-bvd.be\/fr\/wp-json\/wp\/v2\/users\/11"}],"replies":[{"embeddable":true,"href":"https:\/\/www.abd-bvd.be\/fr\/wp-json\/wp\/v2\/comments?post=9940"}],"version-history":[{"count":2,"href":"https:\/\/www.abd-bvd.be\/fr\/wp-json\/wp\/v2\/posts\/9940\/revisions"}],"predecessor-version":[{"id":11275,"href":"https:\/\/www.abd-bvd.be\/fr\/wp-json\/wp\/v2\/posts\/9940\/revisions\/11275"}],"wp:attachment":[{"href":"https:\/\/www.abd-bvd.be\/fr\/wp-json\/wp\/v2\/media?parent=9940"}],"wp:term":[{"taxonomy":"category","embeddable":true,"href":"https:\/\/www.abd-bvd.be\/fr\/wp-json\/wp\/v2\/categories?post=9940"},{"taxonomy":"post_tag","embeddable":true,"href":"https:\/\/www.abd-bvd.be\/fr\/wp-json\/wp\/v2\/tags?post=9940"}],"curies":[{"name":"wp","href":"https:\/\/api.w.org\/{rel}","templated":true}]}}