{"id":9864,"date":"2017-10-18T15:46:02","date_gmt":"2017-10-18T13:46:02","guid":{"rendered":"https:\/\/www.abd-bvd.be\/?p=9864"},"modified":"2017-10-24T15:27:02","modified_gmt":"2017-10-24T13:27:02","slug":"docmoment-nov2017","status":"publish","type":"post","link":"https:\/\/www.abd-bvd.be\/fr\/agenda\/docmoment-nov2017\/","title":{"rendered":"Doc&rsquo;Moment <br\/>GID : Le cycle de vie de l&rsquo;information comme mantra"},"content":{"rendered":"<p><strong>Doc\u2019Moment : les rendez-vous de l\u2019ABD-BVD \u2013\u00a0Jeudi 9 novembre 2017 (14:00 &#8211; 16:00)<\/strong><\/p>\n<p>R\u00e9union conjointe avec l&rsquo;<a href=\"https:\/\/www.archivistes.be\" target=\"_blank\" rel=\"noopener\">AAFB<\/a><br \/>\n<img loading=\"lazy\" decoding=\"async\" class=\"alignnone size-medium wp-image-9950\" src=\"https:\/\/www.abd-bvd.be\/wp-content\/uploads\/AAFB-300x96.jpg\" alt=\"\" width=\"300\" height=\"96\" srcset=\"https:\/\/www.abd-bvd.be\/wp-content\/uploads\/AAFB-300x96.jpg 300w, https:\/\/www.abd-bvd.be\/wp-content\/uploads\/AAFB-768x245.jpg 768w, https:\/\/www.abd-bvd.be\/wp-content\/uploads\/AAFB.jpg 883w\" sizes=\"auto, (max-width: 300px) 100vw, 300px\" \/><\/p>\n<p style=\"text-align: right;\"><span class=\"file-button\"><a href=\"https:\/\/www.abd-bvd.be\/fr\/activites-evenements\/sinscrire-a-un-docmoment\/\">S&rsquo;inscrire au Doc&rsquo;Moment<\/a><\/span><\/p>\n<h2>GID : Le cycle de vie de l&rsquo;information comme mantra<\/h2>\n<p>par <strong>Florian Delabie<\/strong>, consultant en gestion de l&rsquo;information et archivage \u00e9lectronique chez Docbyte<\/p>\n<p>et\u00a0<strong>Marie-Laurence Dubois<\/strong>,\u00a0consultante en gestion documentaire et archivage manag\u00e9rial chez Valorescence. Pr\u00e9sidente de l\u2019AAFB depuis 2015 et Professeure au sein de la sp\u00e9cialisation en Gestion des ressources documentaires multim\u00e9dia \u00e0 l\u2019Henallux.<\/p>\n<p>La gestion des documents a bien longtemps \u00e9t\u00e9 scind\u00e9e entre les professionnels de la documentation, les responsables de l&rsquo;archivage, les \u00e9quipes administratives, les managers op\u00e9rationnels ou IT. Ces scissions et cloisonnements ont cr\u00e9\u00e9 des situations complexes r\u00e9sultant \u00e0 des pertes d&rsquo;informations, des informations absentes ou non communiqu\u00e9es \u00e0 temps, voire \u00e0 une d\u00e9multiplication d&rsquo;un m\u00eame document avec des informations parfois contradictoires.<\/p>\n<p>Afin de rem\u00e9dier \u00e0 cette situation, l&rsquo;orateur pr\u00e9sentera l&rsquo;approche de la gestion int\u00e9gr\u00e9e des documents, qui vise \u00e0 doter les professionnels de l&rsquo;information des connaissances et comp\u00e9tences n\u00e9cessaires pour s&rsquo;attaquer \u00e0 ces enjeux d&rsquo;importance. Apr\u00e8s une introduction th\u00e9orique sur la gestion int\u00e9gr\u00e9e des documents et un aper\u00e7u des nouveaux challenges (notamment l\u00e9gaux), l&rsquo;accent sera plac\u00e9 sur les retours d&rsquo;exp\u00e9riences de ce qui a pu \u00eatre mis en place, permettant aux participants de comprendre et de se rendre compte de l&rsquo;importance d&rsquo;une vision globale de la gestion de l&rsquo;information et des approches possibles pour l&rsquo;organiser.<\/p>\n<p>L&rsquo;expos\u00e9 se d\u00e9roulera en <strong>fran\u00e7ais<\/strong>.<\/p>\n<p><em>Lieu <\/em>: Biblioth\u00e8que royale de Belgique \u2013 Salle Park room (2<sup>e<\/sup> \u00e9tage)<\/p>\n<p><em>Adresse<\/em> : Boulevard de l\u2019Empereur 2, \u00e0 1000 Bruxelles<\/p>\n<p><strong>Attention<\/strong> : Pour des raisons de s\u00e9curit\u00e9, la Biblioth\u00e8que royale a d\u00e9cid\u00e9 de n\u2019ouvrir en ce moment que l\u2019entr\u00e9e situ\u00e9e dans le jardin du Mont des Arts (entr\u00e9e n\u00b01 sur le plan d\u2019acc\u00e8s). \u00c0 l\u2019entr\u00e9e, un renforcement du contr\u00f4le a \u00e9t\u00e9 mis en place.<\/p>\n<p><strong>Plan d&rsquo;acc\u00e8s<\/strong><br \/>\n<span class=\"file-button\"><a href=\"http:\/\/www.kbr.be\/sites\/default\/files\/content\/pdf\/Praktisch_pratique\/bereikbaarheidsplan_plandacces.pdf\">T\u00e9l\u00e9charger (FR-NL)<\/a><\/span><\/p>\n<p><strong>Gratuit pour les membres ABD-BVD et AAFB<\/strong> (25 \u20ac pour les non-membres)<\/p>\n<p style=\"text-align: right;\"><span class=\"file-button\"><a href=\"https:\/\/www.abd-bvd.be\/fr\/activites-evenements\/sinscrire-a-un-docmoment\/\">S&rsquo;inscrire au Doc&rsquo;Moment<\/a><\/span><\/p>\n","protected":false},"excerpt":{"rendered":"<p>Doc\u2019Moment : les rendez-vous de l\u2019ABD-BVD \u2013\u00a0Jeudi 9 novembre 2017 (14:00 &#8211; 16:00) R\u00e9union conjointe avec l&rsquo;AAFB S&rsquo;inscrire au Doc&rsquo;Moment GID : Le cycle de vie de l&rsquo;information comme mantra par Florian Delabie, consultant en gestion de l&rsquo;information et archivage \u00e9lectronique chez Docbyte et\u00a0Marie-Laurence Dubois,\u00a0consultante en gestion documentaire et archivage manag\u00e9rial chez Valorescence. Pr\u00e9sidente de [&hellip;]<\/p>\n","protected":false},"author":5,"featured_media":0,"comment_status":"closed","ping_status":"open","sticky":false,"template":"","format":"standard","meta":{"_acf_changed":false,"footnotes":"","_wpscppro_dont_share_socialmedia":false,"_wpscppro_custom_social_share_image":0,"_facebook_share_type":"","_twitter_share_type":"","_linkedin_share_type":"","_pinterest_share_type":"","_linkedin_share_type_page":"","_instagram_share_type":"","_medium_share_type":"","_threads_share_type":"","_google_business_share_type":"","_selected_social_profile":[],"_wpsp_enable_custom_social_template":false,"_wpsp_social_scheduling":{"enabled":false,"datetime":null,"platforms":[],"status":"template_only","dateOption":"today","timeOption":"now","customDays":"","customHours":"","customDate":"","customTime":"","schedulingType":"absolute"},"_wpsp_active_default_template":true},"categories":[67],"tags":[],"class_list":["post-9864","post","type-post","status-publish","format-standard","hentry","category-agenda"],"acf":[],"yoast_head":"<!-- This site is optimized with the Yoast SEO plugin v27.4 - https:\/\/yoast.com\/product\/yoast-seo-wordpress\/ -->\n<title>Doc&#039;Moment GID : Le cycle de vie de l&#039;information comme mantra - ABD-BVD<\/title>\n<meta name=\"description\" content=\"Le 9 novembre, l&#039;ABD-BVD organise un Doc&#039;Moment sur la gestion int\u00e9gr\u00e9e des documents d&#039;activit\u00e9 (au sein d&#039;une entreprise)\" \/>\n<meta name=\"robots\" content=\"index, follow, max-snippet:-1, max-image-preview:large, max-video-preview:-1\" \/>\n<link rel=\"canonical\" href=\"https:\/\/www.abd-bvd.be\/fr\/agenda\/docmoment-nov2017\/\" \/>\n<meta property=\"og:locale\" content=\"fr_FR\" \/>\n<meta property=\"og:type\" content=\"article\" \/>\n<meta property=\"og:title\" content=\"Doc&#039;Moment GID : Le cycle de vie de l&#039;information comme mantra - ABD-BVD\" \/>\n<meta property=\"og:description\" content=\"Le 9 novembre, l&#039;ABD-BVD organise un Doc&#039;Moment sur la gestion int\u00e9gr\u00e9e des documents d&#039;activit\u00e9 (au sein d&#039;une entreprise)\" \/>\n<meta property=\"og:url\" content=\"https:\/\/www.abd-bvd.be\/fr\/agenda\/docmoment-nov2017\/\" \/>\n<meta property=\"og:site_name\" content=\"ABD-BVD\" \/>\n<meta property=\"article:published_time\" content=\"2017-10-18T13:46:02+00:00\" \/>\n<meta property=\"article:modified_time\" content=\"2017-10-24T13:27:02+00:00\" \/>\n<meta property=\"og:image\" content=\"https:\/\/www.abd-bvd.be\/wp-content\/uploads\/AAFB-300x96.jpg\" \/>\n<meta name=\"author\" content=\"Guy Delsaut\" \/>\n<meta name=\"twitter:card\" content=\"summary_large_image\" \/>\n<meta name=\"twitter:label1\" content=\"\u00c9crit par\" \/>\n\t<meta name=\"twitter:data1\" content=\"Guy Delsaut\" \/>\n\t<meta name=\"twitter:label2\" content=\"Dur\u00e9e de lecture estim\u00e9e\" \/>\n\t<meta name=\"twitter:data2\" content=\"2 minutes\" \/>\n<script type=\"application\/ld+json\" class=\"yoast-schema-graph\">{\"@context\":\"https:\\\/\\\/schema.org\",\"@graph\":[{\"@type\":\"Article\",\"@id\":\"https:\\\/\\\/www.abd-bvd.be\\\/fr\\\/agenda\\\/docmoment-nov2017\\\/#article\",\"isPartOf\":{\"@id\":\"https:\\\/\\\/www.abd-bvd.be\\\/fr\\\/agenda\\\/docmoment-nov2017\\\/\"},\"author\":{\"name\":\"Guy Delsaut\",\"@id\":\"https:\\\/\\\/www.abd-bvd.be\\\/fr\\\/#\\\/schema\\\/person\\\/b16d2027ba7bd24752b02f45e6c2d628\"},\"headline\":\"Doc&rsquo;Moment GID : Le cycle de vie de l&rsquo;information comme mantra\",\"datePublished\":\"2017-10-18T13:46:02+00:00\",\"dateModified\":\"2017-10-24T13:27:02+00:00\",\"mainEntityOfPage\":{\"@id\":\"https:\\\/\\\/www.abd-bvd.be\\\/fr\\\/agenda\\\/docmoment-nov2017\\\/\"},\"wordCount\":378,\"image\":{\"@id\":\"https:\\\/\\\/www.abd-bvd.be\\\/fr\\\/agenda\\\/docmoment-nov2017\\\/#primaryimage\"},\"thumbnailUrl\":\"https:\\\/\\\/www.abd-bvd.be\\\/wp-content\\\/uploads\\\/AAFB-300x96.jpg\",\"articleSection\":[\"Agenda\"],\"inLanguage\":\"fr-FR\"},{\"@type\":\"WebPage\",\"@id\":\"https:\\\/\\\/www.abd-bvd.be\\\/fr\\\/agenda\\\/docmoment-nov2017\\\/\",\"url\":\"https:\\\/\\\/www.abd-bvd.be\\\/fr\\\/agenda\\\/docmoment-nov2017\\\/\",\"name\":\"Doc'Moment GID : Le cycle de vie de l'information comme mantra - ABD-BVD\",\"isPartOf\":{\"@id\":\"https:\\\/\\\/www.abd-bvd.be\\\/fr\\\/#website\"},\"primaryImageOfPage\":{\"@id\":\"https:\\\/\\\/www.abd-bvd.be\\\/fr\\\/agenda\\\/docmoment-nov2017\\\/#primaryimage\"},\"image\":{\"@id\":\"https:\\\/\\\/www.abd-bvd.be\\\/fr\\\/agenda\\\/docmoment-nov2017\\\/#primaryimage\"},\"thumbnailUrl\":\"https:\\\/\\\/www.abd-bvd.be\\\/wp-content\\\/uploads\\\/AAFB-300x96.jpg\",\"datePublished\":\"2017-10-18T13:46:02+00:00\",\"dateModified\":\"2017-10-24T13:27:02+00:00\",\"author\":{\"@id\":\"https:\\\/\\\/www.abd-bvd.be\\\/fr\\\/#\\\/schema\\\/person\\\/b16d2027ba7bd24752b02f45e6c2d628\"},\"description\":\"Le 9 novembre, l'ABD-BVD organise un Doc'Moment sur la gestion int\u00e9gr\u00e9e des documents d'activit\u00e9 (au sein d'une entreprise)\",\"breadcrumb\":{\"@id\":\"https:\\\/\\\/www.abd-bvd.be\\\/fr\\\/agenda\\\/docmoment-nov2017\\\/#breadcrumb\"},\"inLanguage\":\"fr-FR\",\"potentialAction\":[{\"@type\":\"ReadAction\",\"target\":[\"https:\\\/\\\/www.abd-bvd.be\\\/fr\\\/agenda\\\/docmoment-nov2017\\\/\"]}]},{\"@type\":\"ImageObject\",\"inLanguage\":\"fr-FR\",\"@id\":\"https:\\\/\\\/www.abd-bvd.be\\\/fr\\\/agenda\\\/docmoment-nov2017\\\/#primaryimage\",\"url\":\"https:\\\/\\\/www.abd-bvd.be\\\/wp-content\\\/uploads\\\/AAFB-300x96.jpg\",\"contentUrl\":\"https:\\\/\\\/www.abd-bvd.be\\\/wp-content\\\/uploads\\\/AAFB-300x96.jpg\"},{\"@type\":\"BreadcrumbList\",\"@id\":\"https:\\\/\\\/www.abd-bvd.be\\\/fr\\\/agenda\\\/docmoment-nov2017\\\/#breadcrumb\",\"itemListElement\":[{\"@type\":\"ListItem\",\"position\":1,\"name\":\"Accueil\",\"item\":\"https:\\\/\\\/www.abd-bvd.be\\\/fr\\\/\"},{\"@type\":\"ListItem\",\"position\":2,\"name\":\"Doc&rsquo;Moment GID : Le cycle de vie de l&rsquo;information comme mantra\"}]},{\"@type\":\"WebSite\",\"@id\":\"https:\\\/\\\/www.abd-bvd.be\\\/fr\\\/#website\",\"url\":\"https:\\\/\\\/www.abd-bvd.be\\\/fr\\\/\",\"name\":\"ABD-BVD\",\"description\":\"Association Belge de documentation - Belgische verniging voor documentatie\",\"potentialAction\":[{\"@type\":\"SearchAction\",\"target\":{\"@type\":\"EntryPoint\",\"urlTemplate\":\"https:\\\/\\\/www.abd-bvd.be\\\/fr\\\/?s={search_term_string}\"},\"query-input\":{\"@type\":\"PropertyValueSpecification\",\"valueRequired\":true,\"valueName\":\"search_term_string\"}}],\"inLanguage\":\"fr-FR\"},{\"@type\":\"Person\",\"@id\":\"https:\\\/\\\/www.abd-bvd.be\\\/fr\\\/#\\\/schema\\\/person\\\/b16d2027ba7bd24752b02f45e6c2d628\",\"name\":\"Guy Delsaut\",\"image\":{\"@type\":\"ImageObject\",\"inLanguage\":\"fr-FR\",\"@id\":\"https:\\\/\\\/secure.gravatar.com\\\/avatar\\\/661ab3e27256975e79639c97a039adabdf47fbcdcd1883bad66ee2e8b41bdfa7?s=96&d=mm&r=g\",\"url\":\"https:\\\/\\\/secure.gravatar.com\\\/avatar\\\/661ab3e27256975e79639c97a039adabdf47fbcdcd1883bad66ee2e8b41bdfa7?s=96&d=mm&r=g\",\"contentUrl\":\"https:\\\/\\\/secure.gravatar.com\\\/avatar\\\/661ab3e27256975e79639c97a039adabdf47fbcdcd1883bad66ee2e8b41bdfa7?s=96&d=mm&r=g\",\"caption\":\"Guy Delsaut\"},\"url\":\"https:\\\/\\\/www.abd-bvd.be\\\/fr\\\/author\\\/guy-delsaut\\\/\"}]}<\/script>\n<!-- \/ Yoast SEO plugin. -->","yoast_head_json":{"title":"Doc'Moment GID : Le cycle de vie de l'information comme mantra - ABD-BVD","description":"Le 9 novembre, l'ABD-BVD organise un Doc'Moment sur la gestion int\u00e9gr\u00e9e des documents d'activit\u00e9 (au sein d'une entreprise)","robots":{"index":"index","follow":"follow","max-snippet":"max-snippet:-1","max-image-preview":"max-image-preview:large","max-video-preview":"max-video-preview:-1"},"canonical":"https:\/\/www.abd-bvd.be\/fr\/agenda\/docmoment-nov2017\/","og_locale":"fr_FR","og_type":"article","og_title":"Doc'Moment GID : Le cycle de vie de l'information comme mantra - ABD-BVD","og_description":"Le 9 novembre, l'ABD-BVD organise un Doc'Moment sur la gestion int\u00e9gr\u00e9e des documents d'activit\u00e9 (au sein d'une entreprise)","og_url":"https:\/\/www.abd-bvd.be\/fr\/agenda\/docmoment-nov2017\/","og_site_name":"ABD-BVD","article_published_time":"2017-10-18T13:46:02+00:00","article_modified_time":"2017-10-24T13:27:02+00:00","og_image":[{"url":"https:\/\/www.abd-bvd.be\/wp-content\/uploads\/AAFB-300x96.jpg","type":"","width":"","height":""}],"author":"Guy Delsaut","twitter_card":"summary_large_image","twitter_misc":{"\u00c9crit par":"Guy Delsaut","Dur\u00e9e de lecture estim\u00e9e":"2 minutes"},"schema":{"@context":"https:\/\/schema.org","@graph":[{"@type":"Article","@id":"https:\/\/www.abd-bvd.be\/fr\/agenda\/docmoment-nov2017\/#article","isPartOf":{"@id":"https:\/\/www.abd-bvd.be\/fr\/agenda\/docmoment-nov2017\/"},"author":{"name":"Guy Delsaut","@id":"https:\/\/www.abd-bvd.be\/fr\/#\/schema\/person\/b16d2027ba7bd24752b02f45e6c2d628"},"headline":"Doc&rsquo;Moment GID : Le cycle de vie de l&rsquo;information comme mantra","datePublished":"2017-10-18T13:46:02+00:00","dateModified":"2017-10-24T13:27:02+00:00","mainEntityOfPage":{"@id":"https:\/\/www.abd-bvd.be\/fr\/agenda\/docmoment-nov2017\/"},"wordCount":378,"image":{"@id":"https:\/\/www.abd-bvd.be\/fr\/agenda\/docmoment-nov2017\/#primaryimage"},"thumbnailUrl":"https:\/\/www.abd-bvd.be\/wp-content\/uploads\/AAFB-300x96.jpg","articleSection":["Agenda"],"inLanguage":"fr-FR"},{"@type":"WebPage","@id":"https:\/\/www.abd-bvd.be\/fr\/agenda\/docmoment-nov2017\/","url":"https:\/\/www.abd-bvd.be\/fr\/agenda\/docmoment-nov2017\/","name":"Doc'Moment GID : Le cycle de vie de l'information comme mantra - ABD-BVD","isPartOf":{"@id":"https:\/\/www.abd-bvd.be\/fr\/#website"},"primaryImageOfPage":{"@id":"https:\/\/www.abd-bvd.be\/fr\/agenda\/docmoment-nov2017\/#primaryimage"},"image":{"@id":"https:\/\/www.abd-bvd.be\/fr\/agenda\/docmoment-nov2017\/#primaryimage"},"thumbnailUrl":"https:\/\/www.abd-bvd.be\/wp-content\/uploads\/AAFB-300x96.jpg","datePublished":"2017-10-18T13:46:02+00:00","dateModified":"2017-10-24T13:27:02+00:00","author":{"@id":"https:\/\/www.abd-bvd.be\/fr\/#\/schema\/person\/b16d2027ba7bd24752b02f45e6c2d628"},"description":"Le 9 novembre, l'ABD-BVD organise un Doc'Moment sur la gestion int\u00e9gr\u00e9e des documents d'activit\u00e9 (au sein d'une entreprise)","breadcrumb":{"@id":"https:\/\/www.abd-bvd.be\/fr\/agenda\/docmoment-nov2017\/#breadcrumb"},"inLanguage":"fr-FR","potentialAction":[{"@type":"ReadAction","target":["https:\/\/www.abd-bvd.be\/fr\/agenda\/docmoment-nov2017\/"]}]},{"@type":"ImageObject","inLanguage":"fr-FR","@id":"https:\/\/www.abd-bvd.be\/fr\/agenda\/docmoment-nov2017\/#primaryimage","url":"https:\/\/www.abd-bvd.be\/wp-content\/uploads\/AAFB-300x96.jpg","contentUrl":"https:\/\/www.abd-bvd.be\/wp-content\/uploads\/AAFB-300x96.jpg"},{"@type":"BreadcrumbList","@id":"https:\/\/www.abd-bvd.be\/fr\/agenda\/docmoment-nov2017\/#breadcrumb","itemListElement":[{"@type":"ListItem","position":1,"name":"Accueil","item":"https:\/\/www.abd-bvd.be\/fr\/"},{"@type":"ListItem","position":2,"name":"Doc&rsquo;Moment GID : Le cycle de vie de l&rsquo;information comme mantra"}]},{"@type":"WebSite","@id":"https:\/\/www.abd-bvd.be\/fr\/#website","url":"https:\/\/www.abd-bvd.be\/fr\/","name":"ABD-BVD","description":"Association Belge de documentation - Belgische verniging voor documentatie","potentialAction":[{"@type":"SearchAction","target":{"@type":"EntryPoint","urlTemplate":"https:\/\/www.abd-bvd.be\/fr\/?s={search_term_string}"},"query-input":{"@type":"PropertyValueSpecification","valueRequired":true,"valueName":"search_term_string"}}],"inLanguage":"fr-FR"},{"@type":"Person","@id":"https:\/\/www.abd-bvd.be\/fr\/#\/schema\/person\/b16d2027ba7bd24752b02f45e6c2d628","name":"Guy Delsaut","image":{"@type":"ImageObject","inLanguage":"fr-FR","@id":"https:\/\/secure.gravatar.com\/avatar\/661ab3e27256975e79639c97a039adabdf47fbcdcd1883bad66ee2e8b41bdfa7?s=96&d=mm&r=g","url":"https:\/\/secure.gravatar.com\/avatar\/661ab3e27256975e79639c97a039adabdf47fbcdcd1883bad66ee2e8b41bdfa7?s=96&d=mm&r=g","contentUrl":"https:\/\/secure.gravatar.com\/avatar\/661ab3e27256975e79639c97a039adabdf47fbcdcd1883bad66ee2e8b41bdfa7?s=96&d=mm&r=g","caption":"Guy Delsaut"},"url":"https:\/\/www.abd-bvd.be\/fr\/author\/guy-delsaut\/"}]}},"_links":{"self":[{"href":"https:\/\/www.abd-bvd.be\/fr\/wp-json\/wp\/v2\/posts\/9864","targetHints":{"allow":["GET"]}}],"collection":[{"href":"https:\/\/www.abd-bvd.be\/fr\/wp-json\/wp\/v2\/posts"}],"about":[{"href":"https:\/\/www.abd-bvd.be\/fr\/wp-json\/wp\/v2\/types\/post"}],"author":[{"embeddable":true,"href":"https:\/\/www.abd-bvd.be\/fr\/wp-json\/wp\/v2\/users\/5"}],"replies":[{"embeddable":true,"href":"https:\/\/www.abd-bvd.be\/fr\/wp-json\/wp\/v2\/comments?post=9864"}],"version-history":[{"count":0,"href":"https:\/\/www.abd-bvd.be\/fr\/wp-json\/wp\/v2\/posts\/9864\/revisions"}],"wp:attachment":[{"href":"https:\/\/www.abd-bvd.be\/fr\/wp-json\/wp\/v2\/media?parent=9864"}],"wp:term":[{"taxonomy":"category","embeddable":true,"href":"https:\/\/www.abd-bvd.be\/fr\/wp-json\/wp\/v2\/categories?post=9864"},{"taxonomy":"post_tag","embeddable":true,"href":"https:\/\/www.abd-bvd.be\/fr\/wp-json\/wp\/v2\/tags?post=9864"}],"curies":[{"name":"wp","href":"https:\/\/api.w.org\/{rel}","templated":true}]}}