{"id":9739,"date":"2017-10-04T11:39:31","date_gmt":"2017-10-04T09:39:31","guid":{"rendered":"https:\/\/www.abd-bvd.be\/?p=9739"},"modified":"2017-11-25T10:50:42","modified_gmt":"2017-11-25T09:50:42","slug":"docmoment-oct2017","status":"publish","type":"post","link":"https:\/\/www.abd-bvd.be\/fr\/agenda\/docmoment-oct2017\/","title":{"rendered":"Doc&rsquo;Moment <br>La mutation des services et visite de la biblioth\u00e8que \u00ab De Krook \u00bb \u00e0 Gand"},"content":{"rendered":"<p><strong>Doc\u2019Moment : les rendez-vous de l\u2019ABD-BVD \u2013\u00a0Jeudi 19 octobre 2017 (14:00 &#8211; 16:00)<\/strong><\/p>\n<p style=\"text-align: right;\"><span class=\"file-button\"><a href=\"https:\/\/www.eventbrite.com\/e\/abd-bvd-docmoment-de-krook-tickets-38581066007\">S&rsquo;inscrire au Doc&rsquo;Moment<\/a><\/span><\/p>\n<h2><span style=\"color: #808080;\">14:00-15:00<\/span> Introduction et explications sur \u00ab\u00a0De Krook\u00a0\u00bb, la nouvelle biblioth\u00e8que de la ville de Gand<\/h2>\n<p><span lang=\"FR\">par\u00a0<\/span><strong>Krist Biebauw<\/strong>, directeur de la biblioth\u00e8que de la ville de Gand<\/p>\n<p>Depuis fin janvier 2017, la biblioth\u00e8que gantoise est install\u00e9e \u00e0 \u201cDe Krook\u201d, b\u00e9n\u00e9ficiant d\u2019une attention particuli\u00e8re pour la qualit\u00e9 de son architecture, caract\u00e9ristique des biblioth\u00e8ques flamandes de ces derni\u00e8res ann\u00e9es, et \u00e9tablissant une nouvelle balise dans la transformation sociale, \u00e9conomique et culturelle de la ville de Gand. Cette pr\u00e9sentation et cette visite prolongent le cadre de notre Inforum 2017 \u00ab\u00a0<em>Changing publics, changing services\u00a0\u00bb. <\/em>Le mod\u00e8le classique de la biblioth\u00e8que de pr\u00eat est ici remis en question. L\u2019information est omnipr\u00e9sente, mais en soi peu utile, et ne re\u00e7oit une signification et ne devient connaissance que par recoupement. La collaboration avec l\u2019Universit\u00e9 de Gand se marque fortement. Au lieu d\u2019acqu\u00e9rir des ouvrages sur un th\u00e8me de soci\u00e9t\u00e9 pertinent, la biblioth\u00e8que va d\u00e9velopper des programmes \u00e0 ce sujet, en collaboration avec des partenaires externes. L\u2019offre d\u2019une lecture dirig\u00e9e vers l\u2019individu et la recherche de fronti\u00e8res donnent \u00e0 la biblioth\u00e8que une nouvelle signification. La mission de la biblioth\u00e8que est maintenue, mais est l\u2019objet d\u2019une actualisation. Nous d\u00e9couvrirons ensemble comment cela est mis en pratique \u00e0 la biblioth\u00e8que \u00ab\u00a0De Krook\u00a0\u00bb.<\/p>\n<h2><span style=\"color: #808080;\">15:00-16:00 <\/span>Visite guid\u00e9e de \u00ab\u00a0De Krook\u00a0\u00bb<\/h2>\n<p><span lang=\"FR\">par <\/span><strong>Myriam Verreycken<\/strong>, biblioth\u00e9caire, direction du Service Communication<\/p>\n<p>&nbsp;<\/p>\n<p>La pr\u00e9sentation se d\u00e9roulera en <strong>n\u00e9erlandais<\/strong>. La visite sera possible en <strong>n\u00e9erlandais<\/strong> ou en <strong>fran\u00e7ais<\/strong>.<\/p>\n<p><em>Lieu <\/em>: <a href=\"http:\/\/www.stad.gent\/bibliotheek\" target=\"_blank\" rel=\"noopener\">Bibliotheek De Krook<\/a>, zaal Vergeten Straat (2<sup>e<\/sup> \u00e9tage)<\/p>\n<p><em>Adresse<\/em> :\u00a0 Miriam Makebaplein 1, \u00e0 9000 Gent<\/p>\n<p>&nbsp;<\/p>\n<p><strong>Plan d&rsquo;acc\u00e8s<\/strong><\/p>\n<p>En voiture : il est pr\u00e9f\u00e9rable de se garer au <a href=\"https:\/\/stad.gent\/openingsuren-adressen\/parking-gent-zuid-p3\" target=\"_blank\" rel=\"noopener\">Parking Zuid<\/a>, Woodrow Wilsonplein, \u00e0 proximit\u00e9 de \u00ab\u00a0De Krook\u00a0\u00bb.<\/p>\n<p>En train : descendre \u00e0 la gare de Gand-Saint-Pierre (Gent-Sint-Pieters), et prendre ensuite le bus 55, 58, 71 ou 72 jusqu\u2019au quartier Zuid.<\/p>\n<p>&nbsp;<\/p>\n<p><strong>Gratuit pour les membres<\/strong> (25 \u20ac pour les non-membres)<\/p>\n<p><strong>Inscription obligatoire<\/strong><\/p>\n<p style=\"text-align: right;\"><span class=\"file-button\"><a href=\"https:\/\/www.eventbrite.com\/e\/abd-bvd-docmoment-de-krook-tickets-38581066007\">S&rsquo;inscrire au Doc&rsquo;Moment<\/a><\/span><\/p>\n","protected":false},"excerpt":{"rendered":"<p>Doc\u2019Moment : les rendez-vous de l\u2019ABD-BVD \u2013\u00a0Jeudi 19 octobre 2017 (14:00 &#8211; 16:00) S&rsquo;inscrire au Doc&rsquo;Moment 14:00-15:00 Introduction et explications sur \u00ab\u00a0De Krook\u00a0\u00bb, la nouvelle biblioth\u00e8que de la ville de Gand par\u00a0Krist Biebauw, directeur de la biblioth\u00e8que de la ville de Gand Depuis fin janvier 2017, la biblioth\u00e8que gantoise est install\u00e9e \u00e0 \u201cDe Krook\u201d, b\u00e9n\u00e9ficiant [&hellip;]<\/p>\n","protected":false},"author":5,"featured_media":5266,"comment_status":"closed","ping_status":"open","sticky":false,"template":"","format":"standard","meta":{"_acf_changed":false,"footnotes":"","_wpscppro_dont_share_socialmedia":false,"_wpscppro_custom_social_share_image":0,"_facebook_share_type":"","_twitter_share_type":"","_linkedin_share_type":"","_pinterest_share_type":"","_linkedin_share_type_page":"","_instagram_share_type":"","_medium_share_type":"","_threads_share_type":"","_google_business_share_type":"","_selected_social_profile":[],"_wpsp_enable_custom_social_template":false,"_wpsp_social_scheduling":{"enabled":false,"datetime":null,"platforms":[],"status":"template_only","dateOption":"today","timeOption":"now","customDays":"","customHours":"","customDate":"","customTime":"","schedulingType":"absolute"},"_wpsp_active_default_template":true},"categories":[67],"tags":[],"class_list":["post-9739","post","type-post","status-publish","format-standard","has-post-thumbnail","hentry","category-agenda"],"acf":[],"yoast_head":"<!-- This site is optimized with the Yoast SEO plugin v27.4 - https:\/\/yoast.com\/product\/yoast-seo-wordpress\/ -->\n<title>Doc&#039;Moment La mutation des services et visite de la biblioth\u00e8que \u00ab De Krook \u00bb \u00e0 Gand - ABD-BVD<\/title>\n<meta name=\"description\" content=\"Le 19 octobre, l&#039;ABD-BVD organise un Doc&#039;Moment \u00e0 la Biblioth\u00e8que De Krook \u00e0 Gand.\" \/>\n<meta name=\"robots\" content=\"index, follow, max-snippet:-1, max-image-preview:large, max-video-preview:-1\" \/>\n<link rel=\"canonical\" href=\"https:\/\/www.abd-bvd.be\/fr\/agenda\/docmoment-oct2017\/\" \/>\n<meta property=\"og:locale\" content=\"fr_FR\" \/>\n<meta property=\"og:type\" content=\"article\" \/>\n<meta property=\"og:title\" content=\"Doc&#039;Moment La mutation des services et visite de la biblioth\u00e8que \u00ab De Krook \u00bb \u00e0 Gand - ABD-BVD\" \/>\n<meta property=\"og:description\" content=\"Le 19 octobre, l&#039;ABD-BVD organise un Doc&#039;Moment \u00e0 la Biblioth\u00e8que De Krook \u00e0 Gand.\" \/>\n<meta property=\"og:url\" content=\"https:\/\/www.abd-bvd.be\/fr\/agenda\/docmoment-oct2017\/\" \/>\n<meta property=\"og:site_name\" content=\"ABD-BVD\" \/>\n<meta property=\"article:published_time\" content=\"2017-10-04T09:39:31+00:00\" \/>\n<meta property=\"article:modified_time\" content=\"2017-11-25T09:50:42+00:00\" \/>\n<meta property=\"og:image\" content=\"https:\/\/www.abd-bvd.be\/wp-content\/uploads\/Inforum2016_bonshommes.jpg\" \/>\n\t<meta property=\"og:image:width\" content=\"1050\" \/>\n\t<meta property=\"og:image:height\" content=\"1050\" \/>\n\t<meta property=\"og:image:type\" content=\"image\/jpeg\" \/>\n<meta name=\"author\" content=\"Guy Delsaut\" \/>\n<meta name=\"twitter:card\" content=\"summary_large_image\" \/>\n<meta name=\"twitter:label1\" content=\"\u00c9crit par\" \/>\n\t<meta name=\"twitter:data1\" content=\"Guy Delsaut\" \/>\n\t<meta name=\"twitter:label2\" content=\"Dur\u00e9e de lecture estim\u00e9e\" \/>\n\t<meta name=\"twitter:data2\" content=\"2 minutes\" \/>\n<script type=\"application\/ld+json\" class=\"yoast-schema-graph\">{\"@context\":\"https:\\\/\\\/schema.org\",\"@graph\":[{\"@type\":\"Article\",\"@id\":\"https:\\\/\\\/www.abd-bvd.be\\\/fr\\\/agenda\\\/docmoment-oct2017\\\/#article\",\"isPartOf\":{\"@id\":\"https:\\\/\\\/www.abd-bvd.be\\\/fr\\\/agenda\\\/docmoment-oct2017\\\/\"},\"author\":{\"name\":\"Guy Delsaut\",\"@id\":\"https:\\\/\\\/www.abd-bvd.be\\\/fr\\\/#\\\/schema\\\/person\\\/b16d2027ba7bd24752b02f45e6c2d628\"},\"headline\":\"Doc&rsquo;Moment La mutation des services et visite de la biblioth\u00e8que \u00ab De Krook \u00bb \u00e0 Gand\",\"datePublished\":\"2017-10-04T09:39:31+00:00\",\"dateModified\":\"2017-11-25T09:50:42+00:00\",\"mainEntityOfPage\":{\"@id\":\"https:\\\/\\\/www.abd-bvd.be\\\/fr\\\/agenda\\\/docmoment-oct2017\\\/\"},\"wordCount\":370,\"image\":{\"@id\":\"https:\\\/\\\/www.abd-bvd.be\\\/fr\\\/agenda\\\/docmoment-oct2017\\\/#primaryimage\"},\"thumbnailUrl\":\"https:\\\/\\\/www.abd-bvd.be\\\/wp-content\\\/uploads\\\/Inforum2016_bonshommes.jpg\",\"articleSection\":[\"Agenda\"],\"inLanguage\":\"fr-FR\"},{\"@type\":\"WebPage\",\"@id\":\"https:\\\/\\\/www.abd-bvd.be\\\/fr\\\/agenda\\\/docmoment-oct2017\\\/\",\"url\":\"https:\\\/\\\/www.abd-bvd.be\\\/fr\\\/agenda\\\/docmoment-oct2017\\\/\",\"name\":\"Doc'Moment La mutation des services et visite de la biblioth\u00e8que \u00ab De Krook \u00bb \u00e0 Gand - ABD-BVD\",\"isPartOf\":{\"@id\":\"https:\\\/\\\/www.abd-bvd.be\\\/fr\\\/#website\"},\"primaryImageOfPage\":{\"@id\":\"https:\\\/\\\/www.abd-bvd.be\\\/fr\\\/agenda\\\/docmoment-oct2017\\\/#primaryimage\"},\"image\":{\"@id\":\"https:\\\/\\\/www.abd-bvd.be\\\/fr\\\/agenda\\\/docmoment-oct2017\\\/#primaryimage\"},\"thumbnailUrl\":\"https:\\\/\\\/www.abd-bvd.be\\\/wp-content\\\/uploads\\\/Inforum2016_bonshommes.jpg\",\"datePublished\":\"2017-10-04T09:39:31+00:00\",\"dateModified\":\"2017-11-25T09:50:42+00:00\",\"author\":{\"@id\":\"https:\\\/\\\/www.abd-bvd.be\\\/fr\\\/#\\\/schema\\\/person\\\/b16d2027ba7bd24752b02f45e6c2d628\"},\"description\":\"Le 19 octobre, l'ABD-BVD organise un Doc'Moment \u00e0 la Biblioth\u00e8que De Krook \u00e0 Gand.\",\"breadcrumb\":{\"@id\":\"https:\\\/\\\/www.abd-bvd.be\\\/fr\\\/agenda\\\/docmoment-oct2017\\\/#breadcrumb\"},\"inLanguage\":\"fr-FR\",\"potentialAction\":[{\"@type\":\"ReadAction\",\"target\":[\"https:\\\/\\\/www.abd-bvd.be\\\/fr\\\/agenda\\\/docmoment-oct2017\\\/\"]}]},{\"@type\":\"ImageObject\",\"inLanguage\":\"fr-FR\",\"@id\":\"https:\\\/\\\/www.abd-bvd.be\\\/fr\\\/agenda\\\/docmoment-oct2017\\\/#primaryimage\",\"url\":\"https:\\\/\\\/www.abd-bvd.be\\\/wp-content\\\/uploads\\\/Inforum2016_bonshommes.jpg\",\"contentUrl\":\"https:\\\/\\\/www.abd-bvd.be\\\/wp-content\\\/uploads\\\/Inforum2016_bonshommes.jpg\",\"width\":1050,\"height\":1050},{\"@type\":\"BreadcrumbList\",\"@id\":\"https:\\\/\\\/www.abd-bvd.be\\\/fr\\\/agenda\\\/docmoment-oct2017\\\/#breadcrumb\",\"itemListElement\":[{\"@type\":\"ListItem\",\"position\":1,\"name\":\"Accueil\",\"item\":\"https:\\\/\\\/www.abd-bvd.be\\\/fr\\\/\"},{\"@type\":\"ListItem\",\"position\":2,\"name\":\"Doc&rsquo;Moment La mutation des services et visite de la biblioth\u00e8que \u00ab De Krook \u00bb \u00e0 Gand\"}]},{\"@type\":\"WebSite\",\"@id\":\"https:\\\/\\\/www.abd-bvd.be\\\/fr\\\/#website\",\"url\":\"https:\\\/\\\/www.abd-bvd.be\\\/fr\\\/\",\"name\":\"ABD-BVD\",\"description\":\"Association Belge de documentation - Belgische verniging voor documentatie\",\"potentialAction\":[{\"@type\":\"SearchAction\",\"target\":{\"@type\":\"EntryPoint\",\"urlTemplate\":\"https:\\\/\\\/www.abd-bvd.be\\\/fr\\\/?s={search_term_string}\"},\"query-input\":{\"@type\":\"PropertyValueSpecification\",\"valueRequired\":true,\"valueName\":\"search_term_string\"}}],\"inLanguage\":\"fr-FR\"},{\"@type\":\"Person\",\"@id\":\"https:\\\/\\\/www.abd-bvd.be\\\/fr\\\/#\\\/schema\\\/person\\\/b16d2027ba7bd24752b02f45e6c2d628\",\"name\":\"Guy Delsaut\",\"image\":{\"@type\":\"ImageObject\",\"inLanguage\":\"fr-FR\",\"@id\":\"https:\\\/\\\/secure.gravatar.com\\\/avatar\\\/661ab3e27256975e79639c97a039adabdf47fbcdcd1883bad66ee2e8b41bdfa7?s=96&d=mm&r=g\",\"url\":\"https:\\\/\\\/secure.gravatar.com\\\/avatar\\\/661ab3e27256975e79639c97a039adabdf47fbcdcd1883bad66ee2e8b41bdfa7?s=96&d=mm&r=g\",\"contentUrl\":\"https:\\\/\\\/secure.gravatar.com\\\/avatar\\\/661ab3e27256975e79639c97a039adabdf47fbcdcd1883bad66ee2e8b41bdfa7?s=96&d=mm&r=g\",\"caption\":\"Guy Delsaut\"},\"url\":\"https:\\\/\\\/www.abd-bvd.be\\\/fr\\\/author\\\/guy-delsaut\\\/\"}]}<\/script>\n<!-- \/ Yoast SEO plugin. -->","yoast_head_json":{"title":"Doc'Moment La mutation des services et visite de la biblioth\u00e8que \u00ab De Krook \u00bb \u00e0 Gand - ABD-BVD","description":"Le 19 octobre, l'ABD-BVD organise un Doc'Moment \u00e0 la Biblioth\u00e8que De Krook \u00e0 Gand.","robots":{"index":"index","follow":"follow","max-snippet":"max-snippet:-1","max-image-preview":"max-image-preview:large","max-video-preview":"max-video-preview:-1"},"canonical":"https:\/\/www.abd-bvd.be\/fr\/agenda\/docmoment-oct2017\/","og_locale":"fr_FR","og_type":"article","og_title":"Doc'Moment La mutation des services et visite de la biblioth\u00e8que \u00ab De Krook \u00bb \u00e0 Gand - ABD-BVD","og_description":"Le 19 octobre, l'ABD-BVD organise un Doc'Moment \u00e0 la Biblioth\u00e8que De Krook \u00e0 Gand.","og_url":"https:\/\/www.abd-bvd.be\/fr\/agenda\/docmoment-oct2017\/","og_site_name":"ABD-BVD","article_published_time":"2017-10-04T09:39:31+00:00","article_modified_time":"2017-11-25T09:50:42+00:00","og_image":[{"width":1050,"height":1050,"url":"https:\/\/www.abd-bvd.be\/wp-content\/uploads\/Inforum2016_bonshommes.jpg","type":"image\/jpeg"}],"author":"Guy Delsaut","twitter_card":"summary_large_image","twitter_misc":{"\u00c9crit par":"Guy Delsaut","Dur\u00e9e de lecture estim\u00e9e":"2 minutes"},"schema":{"@context":"https:\/\/schema.org","@graph":[{"@type":"Article","@id":"https:\/\/www.abd-bvd.be\/fr\/agenda\/docmoment-oct2017\/#article","isPartOf":{"@id":"https:\/\/www.abd-bvd.be\/fr\/agenda\/docmoment-oct2017\/"},"author":{"name":"Guy Delsaut","@id":"https:\/\/www.abd-bvd.be\/fr\/#\/schema\/person\/b16d2027ba7bd24752b02f45e6c2d628"},"headline":"Doc&rsquo;Moment La mutation des services et visite de la biblioth\u00e8que \u00ab De Krook \u00bb \u00e0 Gand","datePublished":"2017-10-04T09:39:31+00:00","dateModified":"2017-11-25T09:50:42+00:00","mainEntityOfPage":{"@id":"https:\/\/www.abd-bvd.be\/fr\/agenda\/docmoment-oct2017\/"},"wordCount":370,"image":{"@id":"https:\/\/www.abd-bvd.be\/fr\/agenda\/docmoment-oct2017\/#primaryimage"},"thumbnailUrl":"https:\/\/www.abd-bvd.be\/wp-content\/uploads\/Inforum2016_bonshommes.jpg","articleSection":["Agenda"],"inLanguage":"fr-FR"},{"@type":"WebPage","@id":"https:\/\/www.abd-bvd.be\/fr\/agenda\/docmoment-oct2017\/","url":"https:\/\/www.abd-bvd.be\/fr\/agenda\/docmoment-oct2017\/","name":"Doc'Moment La mutation des services et visite de la biblioth\u00e8que \u00ab De Krook \u00bb \u00e0 Gand - ABD-BVD","isPartOf":{"@id":"https:\/\/www.abd-bvd.be\/fr\/#website"},"primaryImageOfPage":{"@id":"https:\/\/www.abd-bvd.be\/fr\/agenda\/docmoment-oct2017\/#primaryimage"},"image":{"@id":"https:\/\/www.abd-bvd.be\/fr\/agenda\/docmoment-oct2017\/#primaryimage"},"thumbnailUrl":"https:\/\/www.abd-bvd.be\/wp-content\/uploads\/Inforum2016_bonshommes.jpg","datePublished":"2017-10-04T09:39:31+00:00","dateModified":"2017-11-25T09:50:42+00:00","author":{"@id":"https:\/\/www.abd-bvd.be\/fr\/#\/schema\/person\/b16d2027ba7bd24752b02f45e6c2d628"},"description":"Le 19 octobre, l'ABD-BVD organise un Doc'Moment \u00e0 la Biblioth\u00e8que De Krook \u00e0 Gand.","breadcrumb":{"@id":"https:\/\/www.abd-bvd.be\/fr\/agenda\/docmoment-oct2017\/#breadcrumb"},"inLanguage":"fr-FR","potentialAction":[{"@type":"ReadAction","target":["https:\/\/www.abd-bvd.be\/fr\/agenda\/docmoment-oct2017\/"]}]},{"@type":"ImageObject","inLanguage":"fr-FR","@id":"https:\/\/www.abd-bvd.be\/fr\/agenda\/docmoment-oct2017\/#primaryimage","url":"https:\/\/www.abd-bvd.be\/wp-content\/uploads\/Inforum2016_bonshommes.jpg","contentUrl":"https:\/\/www.abd-bvd.be\/wp-content\/uploads\/Inforum2016_bonshommes.jpg","width":1050,"height":1050},{"@type":"BreadcrumbList","@id":"https:\/\/www.abd-bvd.be\/fr\/agenda\/docmoment-oct2017\/#breadcrumb","itemListElement":[{"@type":"ListItem","position":1,"name":"Accueil","item":"https:\/\/www.abd-bvd.be\/fr\/"},{"@type":"ListItem","position":2,"name":"Doc&rsquo;Moment La mutation des services et visite de la biblioth\u00e8que \u00ab De Krook \u00bb \u00e0 Gand"}]},{"@type":"WebSite","@id":"https:\/\/www.abd-bvd.be\/fr\/#website","url":"https:\/\/www.abd-bvd.be\/fr\/","name":"ABD-BVD","description":"Association Belge de documentation - Belgische verniging voor documentatie","potentialAction":[{"@type":"SearchAction","target":{"@type":"EntryPoint","urlTemplate":"https:\/\/www.abd-bvd.be\/fr\/?s={search_term_string}"},"query-input":{"@type":"PropertyValueSpecification","valueRequired":true,"valueName":"search_term_string"}}],"inLanguage":"fr-FR"},{"@type":"Person","@id":"https:\/\/www.abd-bvd.be\/fr\/#\/schema\/person\/b16d2027ba7bd24752b02f45e6c2d628","name":"Guy Delsaut","image":{"@type":"ImageObject","inLanguage":"fr-FR","@id":"https:\/\/secure.gravatar.com\/avatar\/661ab3e27256975e79639c97a039adabdf47fbcdcd1883bad66ee2e8b41bdfa7?s=96&d=mm&r=g","url":"https:\/\/secure.gravatar.com\/avatar\/661ab3e27256975e79639c97a039adabdf47fbcdcd1883bad66ee2e8b41bdfa7?s=96&d=mm&r=g","contentUrl":"https:\/\/secure.gravatar.com\/avatar\/661ab3e27256975e79639c97a039adabdf47fbcdcd1883bad66ee2e8b41bdfa7?s=96&d=mm&r=g","caption":"Guy Delsaut"},"url":"https:\/\/www.abd-bvd.be\/fr\/author\/guy-delsaut\/"}]}},"_links":{"self":[{"href":"https:\/\/www.abd-bvd.be\/fr\/wp-json\/wp\/v2\/posts\/9739","targetHints":{"allow":["GET"]}}],"collection":[{"href":"https:\/\/www.abd-bvd.be\/fr\/wp-json\/wp\/v2\/posts"}],"about":[{"href":"https:\/\/www.abd-bvd.be\/fr\/wp-json\/wp\/v2\/types\/post"}],"author":[{"embeddable":true,"href":"https:\/\/www.abd-bvd.be\/fr\/wp-json\/wp\/v2\/users\/5"}],"replies":[{"embeddable":true,"href":"https:\/\/www.abd-bvd.be\/fr\/wp-json\/wp\/v2\/comments?post=9739"}],"version-history":[{"count":0,"href":"https:\/\/www.abd-bvd.be\/fr\/wp-json\/wp\/v2\/posts\/9739\/revisions"}],"wp:featuredmedia":[{"embeddable":true,"href":"https:\/\/www.abd-bvd.be\/fr\/wp-json\/wp\/v2\/media\/5266"}],"wp:attachment":[{"href":"https:\/\/www.abd-bvd.be\/fr\/wp-json\/wp\/v2\/media?parent=9739"}],"wp:term":[{"taxonomy":"category","embeddable":true,"href":"https:\/\/www.abd-bvd.be\/fr\/wp-json\/wp\/v2\/categories?post=9739"},{"taxonomy":"post_tag","embeddable":true,"href":"https:\/\/www.abd-bvd.be\/fr\/wp-json\/wp\/v2\/tags?post=9739"}],"curies":[{"name":"wp","href":"https:\/\/api.w.org\/{rel}","templated":true}]}}