{"id":9701,"date":"2017-09-29T10:32:25","date_gmt":"2017-09-29T08:32:25","guid":{"rendered":"https:\/\/www.abd-bvd.be\/?p=9701"},"modified":"2017-10-19T10:46:59","modified_gmt":"2017-10-19T08:46:59","slug":"lenvironnement-lhonneur-dans-les-cahiers","status":"publish","type":"post","link":"https:\/\/www.abd-bvd.be\/fr\/actualites\/lenvironnement-lhonneur-dans-les-cahiers\/","title":{"rendered":"L\u2019environnement \u00e0 l\u2019honneur dans les Cahiers"},"content":{"rendered":"<p>L&rsquo;automne est \u00e0 nos portes&#8230; et les Cahiers 2017\/3 sont arriv\u00e9s !<\/p>\n<div>Dans ce num\u00e9ro, vous pourrez d\u00e9couvrir un dossier consacr\u00e9 \u00e0 FELNET, fruit d&rsquo;une collaboration entre des centres de documentation sur la th\u00e9matique de l&rsquo;environnement sp\u00e9cialis\u00e9s dans la collecte d&rsquo;informations environnementales et leur transmission \u00e0 l&rsquo;utilisateur via un catalogue en ligne. A travers des articles explicatifs en n\u00e9erlandais, vous en saurez davantage sur l&rsquo;historique de FELNET et le fonctionnement d\u00e9taill\u00e9 de la base de donn\u00e9es en ligne.&nbsp;Un autre article examine la valeur ajout\u00e9e de l&rsquo;open data, plus loin nous examinons le projet FRIS et montrons comment nous obtenons plus de visiteurs sur un site web.<\/div>\n<div>&nbsp;<\/div>\n<div>A c\u00f4t\u00e9 de ce dossier fort int\u00e9ressant, un autre article propose un regard sur l&rsquo;\u00e9volution de la fonction documentaire, tandis qu&rsquo;un autre se penche sur les d\u00e9veloppements r\u00e9cents \u00e0 la biblioth\u00e8que des sciences de Li\u00e8ge. Ensuite nous nous penchons sur le r\u00f4le futur des m\u00e9diateurs d&rsquo;information dans le secteur en pleine croissance du podcasting. Enfin, il y a un reportage sur l&rsquo;impact de la num\u00e9risation sur les m\u00e9dias et nos traditionnelles rubriques de nouvelles parutions et de regard sur la presse<\/div>\n<div>&nbsp;<\/div>\n<div><a href=\"https:\/\/www.abd-bvd.be\/fr\/cahiers-de-la-documentation\/2017-3\/\"><span class=\"file-button\">Sommaire Cahiers 2017\/3<\/span><\/a><\/div>\n<div>&nbsp;<\/div>\n<div>&nbsp;<\/div>\n","protected":false},"excerpt":{"rendered":"<p>L&rsquo;automne est \u00e0 nos portes&#8230; et les Cahiers 2017\/3 sont arriv\u00e9s ! Dans ce num\u00e9ro, vous pourrez d\u00e9couvrir un dossier consacr\u00e9 \u00e0 FELNET, fruit d&rsquo;une collaboration entre des centres de documentation sur la th\u00e9matique de l&rsquo;environnement sp\u00e9cialis\u00e9s dans la collecte d&rsquo;informations environnementales et leur transmission \u00e0 l&rsquo;utilisateur via un catalogue en ligne. A travers des [&hellip;]<\/p>\n","protected":false},"author":25,"featured_media":0,"comment_status":"closed","ping_status":"open","sticky":false,"template":"","format":"standard","meta":{"_acf_changed":false,"footnotes":"","_wpscppro_dont_share_socialmedia":false,"_wpscppro_custom_social_share_image":0,"_facebook_share_type":"","_twitter_share_type":"","_linkedin_share_type":"","_pinterest_share_type":"","_linkedin_share_type_page":"","_instagram_share_type":"","_medium_share_type":"","_threads_share_type":"","_google_business_share_type":"","_selected_social_profile":[],"_wpsp_enable_custom_social_template":false,"_wpsp_social_scheduling":{"enabled":false,"datetime":null,"platforms":[],"status":"template_only","dateOption":"today","timeOption":"now","customDays":"","customHours":"","customDate":"","customTime":"","schedulingType":"absolute"},"_wpsp_active_default_template":true},"categories":[3],"tags":[],"class_list":["post-9701","post","type-post","status-publish","format-standard","hentry","category-actualites"],"acf":[],"yoast_head":"<!-- This site is optimized with the Yoast SEO plugin v27.4 - https:\/\/yoast.com\/product\/yoast-seo-wordpress\/ -->\n<title>L\u2019environnement \u00e0 l\u2019honneur dans les Cahiers - ABD-BVD<\/title>\n<meta name=\"robots\" content=\"index, follow, max-snippet:-1, max-image-preview:large, max-video-preview:-1\" \/>\n<link rel=\"canonical\" href=\"https:\/\/www.abd-bvd.be\/fr\/actualites\/lenvironnement-lhonneur-dans-les-cahiers\/\" \/>\n<meta property=\"og:locale\" content=\"fr_FR\" \/>\n<meta property=\"og:type\" content=\"article\" \/>\n<meta property=\"og:title\" content=\"L\u2019environnement \u00e0 l\u2019honneur dans les Cahiers - ABD-BVD\" \/>\n<meta property=\"og:description\" content=\"L&rsquo;automne est \u00e0 nos portes&#8230; et les Cahiers 2017\/3 sont arriv\u00e9s ! Dans ce num\u00e9ro, vous pourrez d\u00e9couvrir un dossier consacr\u00e9 \u00e0 FELNET, fruit d&rsquo;une collaboration entre des centres de documentation sur la th\u00e9matique de l&rsquo;environnement sp\u00e9cialis\u00e9s dans la collecte d&rsquo;informations environnementales et leur transmission \u00e0 l&rsquo;utilisateur via un catalogue en ligne. A travers des [&hellip;]\" \/>\n<meta property=\"og:url\" content=\"https:\/\/www.abd-bvd.be\/fr\/actualites\/lenvironnement-lhonneur-dans-les-cahiers\/\" \/>\n<meta property=\"og:site_name\" content=\"ABD-BVD\" \/>\n<meta property=\"article:published_time\" content=\"2017-09-29T08:32:25+00:00\" \/>\n<meta property=\"article:modified_time\" content=\"2017-10-19T08:46:59+00:00\" \/>\n<meta name=\"author\" content=\"Samuel Piret\" \/>\n<meta name=\"twitter:card\" content=\"summary_large_image\" \/>\n<meta name=\"twitter:label1\" content=\"\u00c9crit par\" \/>\n\t<meta name=\"twitter:data1\" content=\"Samuel Piret\" \/>\n\t<meta name=\"twitter:label2\" content=\"Dur\u00e9e de lecture estim\u00e9e\" \/>\n\t<meta name=\"twitter:data2\" content=\"1 minute\" \/>\n<script type=\"application\/ld+json\" class=\"yoast-schema-graph\">{\"@context\":\"https:\\\/\\\/schema.org\",\"@graph\":[{\"@type\":\"Article\",\"@id\":\"https:\\\/\\\/www.abd-bvd.be\\\/fr\\\/actualites\\\/lenvironnement-lhonneur-dans-les-cahiers\\\/#article\",\"isPartOf\":{\"@id\":\"https:\\\/\\\/www.abd-bvd.be\\\/fr\\\/actualites\\\/lenvironnement-lhonneur-dans-les-cahiers\\\/\"},\"author\":{\"name\":\"Samuel Piret\",\"@id\":\"https:\\\/\\\/www.abd-bvd.be\\\/fr\\\/#\\\/schema\\\/person\\\/8c1477a1481ed8775cc8dc40620a7fc4\"},\"headline\":\"L\u2019environnement \u00e0 l\u2019honneur dans les Cahiers\",\"datePublished\":\"2017-09-29T08:32:25+00:00\",\"dateModified\":\"2017-10-19T08:46:59+00:00\",\"mainEntityOfPage\":{\"@id\":\"https:\\\/\\\/www.abd-bvd.be\\\/fr\\\/actualites\\\/lenvironnement-lhonneur-dans-les-cahiers\\\/\"},\"wordCount\":227,\"articleSection\":[\"Actualit\u00e9s\"],\"inLanguage\":\"fr-FR\"},{\"@type\":\"WebPage\",\"@id\":\"https:\\\/\\\/www.abd-bvd.be\\\/fr\\\/actualites\\\/lenvironnement-lhonneur-dans-les-cahiers\\\/\",\"url\":\"https:\\\/\\\/www.abd-bvd.be\\\/fr\\\/actualites\\\/lenvironnement-lhonneur-dans-les-cahiers\\\/\",\"name\":\"L\u2019environnement \u00e0 l\u2019honneur dans les Cahiers - ABD-BVD\",\"isPartOf\":{\"@id\":\"https:\\\/\\\/www.abd-bvd.be\\\/fr\\\/#website\"},\"datePublished\":\"2017-09-29T08:32:25+00:00\",\"dateModified\":\"2017-10-19T08:46:59+00:00\",\"author\":{\"@id\":\"https:\\\/\\\/www.abd-bvd.be\\\/fr\\\/#\\\/schema\\\/person\\\/8c1477a1481ed8775cc8dc40620a7fc4\"},\"breadcrumb\":{\"@id\":\"https:\\\/\\\/www.abd-bvd.be\\\/fr\\\/actualites\\\/lenvironnement-lhonneur-dans-les-cahiers\\\/#breadcrumb\"},\"inLanguage\":\"fr-FR\",\"potentialAction\":[{\"@type\":\"ReadAction\",\"target\":[\"https:\\\/\\\/www.abd-bvd.be\\\/fr\\\/actualites\\\/lenvironnement-lhonneur-dans-les-cahiers\\\/\"]}]},{\"@type\":\"BreadcrumbList\",\"@id\":\"https:\\\/\\\/www.abd-bvd.be\\\/fr\\\/actualites\\\/lenvironnement-lhonneur-dans-les-cahiers\\\/#breadcrumb\",\"itemListElement\":[{\"@type\":\"ListItem\",\"position\":1,\"name\":\"Accueil\",\"item\":\"https:\\\/\\\/www.abd-bvd.be\\\/fr\\\/\"},{\"@type\":\"ListItem\",\"position\":2,\"name\":\"L\u2019environnement \u00e0 l\u2019honneur dans les Cahiers\"}]},{\"@type\":\"WebSite\",\"@id\":\"https:\\\/\\\/www.abd-bvd.be\\\/fr\\\/#website\",\"url\":\"https:\\\/\\\/www.abd-bvd.be\\\/fr\\\/\",\"name\":\"ABD-BVD\",\"description\":\"Association Belge de documentation - Belgische verniging voor documentatie\",\"potentialAction\":[{\"@type\":\"SearchAction\",\"target\":{\"@type\":\"EntryPoint\",\"urlTemplate\":\"https:\\\/\\\/www.abd-bvd.be\\\/fr\\\/?s={search_term_string}\"},\"query-input\":{\"@type\":\"PropertyValueSpecification\",\"valueRequired\":true,\"valueName\":\"search_term_string\"}}],\"inLanguage\":\"fr-FR\"},{\"@type\":\"Person\",\"@id\":\"https:\\\/\\\/www.abd-bvd.be\\\/fr\\\/#\\\/schema\\\/person\\\/8c1477a1481ed8775cc8dc40620a7fc4\",\"name\":\"Samuel Piret\",\"image\":{\"@type\":\"ImageObject\",\"inLanguage\":\"fr-FR\",\"@id\":\"https:\\\/\\\/secure.gravatar.com\\\/avatar\\\/cee3a2d3b154849fab4023fe8528c315fac5f6770fdae8bb480de9d0e0b272a8?s=96&d=mm&r=g\",\"url\":\"https:\\\/\\\/secure.gravatar.com\\\/avatar\\\/cee3a2d3b154849fab4023fe8528c315fac5f6770fdae8bb480de9d0e0b272a8?s=96&d=mm&r=g\",\"contentUrl\":\"https:\\\/\\\/secure.gravatar.com\\\/avatar\\\/cee3a2d3b154849fab4023fe8528c315fac5f6770fdae8bb480de9d0e0b272a8?s=96&d=mm&r=g\",\"caption\":\"Samuel Piret\"},\"url\":\"https:\\\/\\\/www.abd-bvd.be\\\/fr\\\/author\\\/samuel-piret\\\/\"}]}<\/script>\n<!-- \/ Yoast SEO plugin. -->","yoast_head_json":{"title":"L\u2019environnement \u00e0 l\u2019honneur dans les Cahiers - ABD-BVD","robots":{"index":"index","follow":"follow","max-snippet":"max-snippet:-1","max-image-preview":"max-image-preview:large","max-video-preview":"max-video-preview:-1"},"canonical":"https:\/\/www.abd-bvd.be\/fr\/actualites\/lenvironnement-lhonneur-dans-les-cahiers\/","og_locale":"fr_FR","og_type":"article","og_title":"L\u2019environnement \u00e0 l\u2019honneur dans les Cahiers - ABD-BVD","og_description":"L&rsquo;automne est \u00e0 nos portes&#8230; et les Cahiers 2017\/3 sont arriv\u00e9s ! Dans ce num\u00e9ro, vous pourrez d\u00e9couvrir un dossier consacr\u00e9 \u00e0 FELNET, fruit d&rsquo;une collaboration entre des centres de documentation sur la th\u00e9matique de l&rsquo;environnement sp\u00e9cialis\u00e9s dans la collecte d&rsquo;informations environnementales et leur transmission \u00e0 l&rsquo;utilisateur via un catalogue en ligne. A travers des [&hellip;]","og_url":"https:\/\/www.abd-bvd.be\/fr\/actualites\/lenvironnement-lhonneur-dans-les-cahiers\/","og_site_name":"ABD-BVD","article_published_time":"2017-09-29T08:32:25+00:00","article_modified_time":"2017-10-19T08:46:59+00:00","author":"Samuel Piret","twitter_card":"summary_large_image","twitter_misc":{"\u00c9crit par":"Samuel Piret","Dur\u00e9e de lecture estim\u00e9e":"1 minute"},"schema":{"@context":"https:\/\/schema.org","@graph":[{"@type":"Article","@id":"https:\/\/www.abd-bvd.be\/fr\/actualites\/lenvironnement-lhonneur-dans-les-cahiers\/#article","isPartOf":{"@id":"https:\/\/www.abd-bvd.be\/fr\/actualites\/lenvironnement-lhonneur-dans-les-cahiers\/"},"author":{"name":"Samuel Piret","@id":"https:\/\/www.abd-bvd.be\/fr\/#\/schema\/person\/8c1477a1481ed8775cc8dc40620a7fc4"},"headline":"L\u2019environnement \u00e0 l\u2019honneur dans les Cahiers","datePublished":"2017-09-29T08:32:25+00:00","dateModified":"2017-10-19T08:46:59+00:00","mainEntityOfPage":{"@id":"https:\/\/www.abd-bvd.be\/fr\/actualites\/lenvironnement-lhonneur-dans-les-cahiers\/"},"wordCount":227,"articleSection":["Actualit\u00e9s"],"inLanguage":"fr-FR"},{"@type":"WebPage","@id":"https:\/\/www.abd-bvd.be\/fr\/actualites\/lenvironnement-lhonneur-dans-les-cahiers\/","url":"https:\/\/www.abd-bvd.be\/fr\/actualites\/lenvironnement-lhonneur-dans-les-cahiers\/","name":"L\u2019environnement \u00e0 l\u2019honneur dans les Cahiers - ABD-BVD","isPartOf":{"@id":"https:\/\/www.abd-bvd.be\/fr\/#website"},"datePublished":"2017-09-29T08:32:25+00:00","dateModified":"2017-10-19T08:46:59+00:00","author":{"@id":"https:\/\/www.abd-bvd.be\/fr\/#\/schema\/person\/8c1477a1481ed8775cc8dc40620a7fc4"},"breadcrumb":{"@id":"https:\/\/www.abd-bvd.be\/fr\/actualites\/lenvironnement-lhonneur-dans-les-cahiers\/#breadcrumb"},"inLanguage":"fr-FR","potentialAction":[{"@type":"ReadAction","target":["https:\/\/www.abd-bvd.be\/fr\/actualites\/lenvironnement-lhonneur-dans-les-cahiers\/"]}]},{"@type":"BreadcrumbList","@id":"https:\/\/www.abd-bvd.be\/fr\/actualites\/lenvironnement-lhonneur-dans-les-cahiers\/#breadcrumb","itemListElement":[{"@type":"ListItem","position":1,"name":"Accueil","item":"https:\/\/www.abd-bvd.be\/fr\/"},{"@type":"ListItem","position":2,"name":"L\u2019environnement \u00e0 l\u2019honneur dans les Cahiers"}]},{"@type":"WebSite","@id":"https:\/\/www.abd-bvd.be\/fr\/#website","url":"https:\/\/www.abd-bvd.be\/fr\/","name":"ABD-BVD","description":"Association Belge de documentation - Belgische verniging voor documentatie","potentialAction":[{"@type":"SearchAction","target":{"@type":"EntryPoint","urlTemplate":"https:\/\/www.abd-bvd.be\/fr\/?s={search_term_string}"},"query-input":{"@type":"PropertyValueSpecification","valueRequired":true,"valueName":"search_term_string"}}],"inLanguage":"fr-FR"},{"@type":"Person","@id":"https:\/\/www.abd-bvd.be\/fr\/#\/schema\/person\/8c1477a1481ed8775cc8dc40620a7fc4","name":"Samuel Piret","image":{"@type":"ImageObject","inLanguage":"fr-FR","@id":"https:\/\/secure.gravatar.com\/avatar\/cee3a2d3b154849fab4023fe8528c315fac5f6770fdae8bb480de9d0e0b272a8?s=96&d=mm&r=g","url":"https:\/\/secure.gravatar.com\/avatar\/cee3a2d3b154849fab4023fe8528c315fac5f6770fdae8bb480de9d0e0b272a8?s=96&d=mm&r=g","contentUrl":"https:\/\/secure.gravatar.com\/avatar\/cee3a2d3b154849fab4023fe8528c315fac5f6770fdae8bb480de9d0e0b272a8?s=96&d=mm&r=g","caption":"Samuel Piret"},"url":"https:\/\/www.abd-bvd.be\/fr\/author\/samuel-piret\/"}]}},"_links":{"self":[{"href":"https:\/\/www.abd-bvd.be\/fr\/wp-json\/wp\/v2\/posts\/9701","targetHints":{"allow":["GET"]}}],"collection":[{"href":"https:\/\/www.abd-bvd.be\/fr\/wp-json\/wp\/v2\/posts"}],"about":[{"href":"https:\/\/www.abd-bvd.be\/fr\/wp-json\/wp\/v2\/types\/post"}],"author":[{"embeddable":true,"href":"https:\/\/www.abd-bvd.be\/fr\/wp-json\/wp\/v2\/users\/25"}],"replies":[{"embeddable":true,"href":"https:\/\/www.abd-bvd.be\/fr\/wp-json\/wp\/v2\/comments?post=9701"}],"version-history":[{"count":0,"href":"https:\/\/www.abd-bvd.be\/fr\/wp-json\/wp\/v2\/posts\/9701\/revisions"}],"wp:attachment":[{"href":"https:\/\/www.abd-bvd.be\/fr\/wp-json\/wp\/v2\/media?parent=9701"}],"wp:term":[{"taxonomy":"category","embeddable":true,"href":"https:\/\/www.abd-bvd.be\/fr\/wp-json\/wp\/v2\/categories?post=9701"},{"taxonomy":"post_tag","embeddable":true,"href":"https:\/\/www.abd-bvd.be\/fr\/wp-json\/wp\/v2\/tags?post=9701"}],"curies":[{"name":"wp","href":"https:\/\/api.w.org\/{rel}","templated":true}]}}