{"id":9376,"date":"2017-08-01T23:21:25","date_gmt":"2017-08-01T21:21:25","guid":{"rendered":"https:\/\/www.abd-bvd.be\/?p=9376\/"},"modified":"2017-08-10T23:25:16","modified_gmt":"2017-08-10T21:25:16","slug":"docmoment-sept2017","status":"publish","type":"post","link":"https:\/\/www.abd-bvd.be\/fr\/agenda\/docmoment-sept2017\/","title":{"rendered":"Doc&rsquo;Moment<br>Donn\u00e9es personnelles, \u00eates-vous pr\u00eats pour 2018 ?"},"content":{"rendered":"<p><strong>Doc\u2019Moment : les rendez-vous de l\u2019ABD-BVD \u2013 Lundi 18 septembre 2017 (14:15 \u2013 16:30)<\/strong><\/p>\n<p style=\"text-align: right;\"><span class=\"file-button\"><a href=\"https:\/\/www.eventbrite.com\/e\/abd-bvd-docmoment-gdpr-privacy-data-protection-tickets-36899203511\/\">S&rsquo;inscrire au Doc&rsquo;Moment<\/a><\/span><\/p>\n<h2>Donn\u00e9es personnelles, \u00eates-vous pr\u00eats pour 2018 ?<\/h2>\n<p>par <strong>Pierre-Yves<\/strong> <strong>Thoumsin<\/strong>, Avocat au barreau de Bruxelles, JVM Avocats &#8211; Sp\u00e9cialiste en droits intellectuels &#8211; Assistant \u00e0 l\u2019Universit\u00e9 Libre de Bruxelles (en fran\u00e7ais)<br \/>\net <strong>Caroline<\/strong> <strong>De Geest<\/strong>, Responsable Communication mati\u00e8res juridiques, Commission de la protection de la vie priv\u00e9e (en n\u00e9erlandais)<\/p>\n<p><span lang=\"FR\">Les donn\u00e9es \u00e0 caract\u00e8re personnel sont devenues un v\u00e9ritable enjeu pour ceux qui y donnent acc\u00e8s, comme pour ceux qui les utilisent. Le nouveau \u00ab\u00a0R\u00e8glement g\u00e9n\u00e9ral sur la protection des donn\u00e9es\u00a0\u00bb (RGPD), qui est entr\u00e9 en vigueur en mai 2016, laisse aux entreprises et aux organisations jusqu&rsquo;au 25 mai 2018 pour se plier aux nouvelles exigences. Il importe de prendre d\u00e8s \u00e0 pr\u00e9sent des dispositions afin de faciliter la transition vers la nouvelle r\u00e9glementation.<\/span><\/p>\n<p><span lang=\"FR\">Lors de ce Doc&rsquo;Moment, nous vous proposons de prendre connaissance des principes g\u00e9n\u00e9raux du RGPD, des nouveaux droits et des nouvelles obligations. Quelles sont les cons\u00e9quences pour le traitement de l&rsquo;information ? Comment g\u00e9rer au quotidien les contraintes juridiques ? Comment se pr\u00e9parer \u00e0 la mise en conformit\u00e9 ?<\/span><\/p>\n<p><span lang=\"FR\">Afin d&rsquo;orienter les d\u00e9bats, nous vous invitons \u00e0 nous faire parvenir au pr\u00e9alable des questions pratiques que vous souhaiteriez voir abord\u00e9es (via le formulaire d\u2019inscription ou <a href=\"mailto:christopherboon@hotmail.com\">par mail<\/a>).<\/span><\/p>\n<p>Les expos\u00e9s et la visite se d\u00e9rouleront\u00a0en <strong>fran\u00e7ais <\/strong>et en<strong> n\u00e9erlandais<\/strong>.<\/p>\n<p><em>Lieu\u00a0<\/em>: Biblioth\u00e8que royale de Belgique \u2013 Salle Park room (2<sup>e<\/sup>\u00a0\u00e9tage)<\/p>\n<p><em>Adresse<\/em>\u00a0: Boulevard de l\u2019Empereur 2, \u00e0 1000 Bruxelles<\/p>\n<p><strong>Attention<\/strong>\u00a0: Pour des raisons de s\u00e9curit\u00e9, la Biblioth\u00e8que royale a d\u00e9cid\u00e9 de n\u2019ouvrir en ce moment que l\u2019entr\u00e9e\u00a0situ\u00e9e dans le jardin du Mont des Arts (entr\u00e9e n\u00b01 sur le plan d\u2019acc\u00e8s). \u00c0 l\u2019entr\u00e9e, un renforcement du contr\u00f4le a \u00e9t\u00e9 mis en place.<\/p>\n<p><strong>Plan d&rsquo;acc\u00e8s<\/strong><br \/>\n<span class=\"file-button\"><a href=\"http:\/\/www.kbr.be\/sites\/default\/files\/content\/pdf\/Praktisch_pratique\/bereikbaarheidsplan_plandacces.pdf\">T\u00e9l\u00e9charger (FR-NL)<\/a><\/span><\/p>\n<p><strong>Gratuit pour les membres<\/strong>\u00a0(25 \u20ac pour les non-membres)<\/p>\n<p style=\"text-align: right;\"><span class=\"file-button\"><a href=\"https:\/\/www.eventbrite.com\/e\/abd-bvd-docmoment-gdpr-privacy-data-protection-tickets-36899203511\/\">S&rsquo;inscrire au Doc&rsquo;Moment<\/a><\/span><\/p>\n","protected":false},"excerpt":{"rendered":"<p>Doc\u2019Moment : les rendez-vous de l\u2019ABD-BVD \u2013 Lundi 18 septembre 2017 (14:15 \u2013 16:30) S&rsquo;inscrire au Doc&rsquo;Moment Donn\u00e9es personnelles, \u00eates-vous pr\u00eats pour 2018 ? par Pierre-Yves Thoumsin, Avocat au barreau de Bruxelles, JVM Avocats &#8211; Sp\u00e9cialiste en droits intellectuels &#8211; Assistant \u00e0 l\u2019Universit\u00e9 Libre de Bruxelles (en fran\u00e7ais) et Caroline De Geest, Responsable Communication mati\u00e8res [&hellip;]<\/p>\n","protected":false},"author":5,"featured_media":0,"comment_status":"closed","ping_status":"open","sticky":false,"template":"","format":"standard","meta":{"_acf_changed":false,"footnotes":"","_wpscppro_dont_share_socialmedia":false,"_wpscppro_custom_social_share_image":0,"_facebook_share_type":"","_twitter_share_type":"","_linkedin_share_type":"","_pinterest_share_type":"","_linkedin_share_type_page":"","_instagram_share_type":"","_medium_share_type":"","_threads_share_type":"","_google_business_share_type":"","_selected_social_profile":[],"_wpsp_enable_custom_social_template":false,"_wpsp_social_scheduling":{"enabled":false,"datetime":null,"platforms":[],"status":"template_only","dateOption":"today","timeOption":"now","customDays":"","customHours":"","customDate":"","customTime":"","schedulingType":"absolute"},"_wpsp_active_default_template":true},"categories":[67],"tags":[],"class_list":["post-9376","post","type-post","status-publish","format-standard","hentry","category-agenda"],"acf":[],"yoast_head":"<!-- This site is optimized with the Yoast SEO plugin v27.4 - https:\/\/yoast.com\/product\/yoast-seo-wordpress\/ -->\n<title>Doc&#039;MomentDonn\u00e9es personnelles, \u00eates-vous pr\u00eats pour 2018 ? - ABD-BVD<\/title>\n<meta name=\"description\" content=\"Le 18 septembre, l&#039;ABD-BVD organise un Doc&#039;Moment sur le R\u00e8glement g\u00e9n\u00e9ral sur la protection des donn\u00e9es (RGPD) et les donn\u00e9es personnelles\" \/>\n<meta name=\"robots\" content=\"index, follow, max-snippet:-1, max-image-preview:large, max-video-preview:-1\" \/>\n<link rel=\"canonical\" href=\"https:\/\/www.abd-bvd.be\/fr\/agenda\/docmoment-sept2017\/\" \/>\n<meta property=\"og:locale\" content=\"fr_FR\" \/>\n<meta property=\"og:type\" content=\"article\" \/>\n<meta property=\"og:title\" content=\"Doc&#039;MomentDonn\u00e9es personnelles, \u00eates-vous pr\u00eats pour 2018 ? - ABD-BVD\" \/>\n<meta property=\"og:description\" content=\"Le 18 septembre, l&#039;ABD-BVD organise un Doc&#039;Moment sur le R\u00e8glement g\u00e9n\u00e9ral sur la protection des donn\u00e9es (RGPD) et les donn\u00e9es personnelles\" \/>\n<meta property=\"og:url\" content=\"https:\/\/www.abd-bvd.be\/fr\/agenda\/docmoment-sept2017\/\" \/>\n<meta property=\"og:site_name\" content=\"ABD-BVD\" \/>\n<meta property=\"article:published_time\" content=\"2017-08-01T21:21:25+00:00\" \/>\n<meta property=\"article:modified_time\" content=\"2017-08-10T21:25:16+00:00\" \/>\n<meta name=\"author\" content=\"Guy Delsaut\" \/>\n<meta name=\"twitter:card\" content=\"summary_large_image\" \/>\n<meta name=\"twitter:label1\" content=\"\u00c9crit par\" \/>\n\t<meta name=\"twitter:data1\" content=\"Guy Delsaut\" \/>\n\t<meta name=\"twitter:label2\" content=\"Dur\u00e9e de lecture estim\u00e9e\" \/>\n\t<meta name=\"twitter:data2\" content=\"2 minutes\" \/>\n<script type=\"application\/ld+json\" class=\"yoast-schema-graph\">{\"@context\":\"https:\\\/\\\/schema.org\",\"@graph\":[{\"@type\":\"Article\",\"@id\":\"https:\\\/\\\/www.abd-bvd.be\\\/fr\\\/agenda\\\/docmoment-sept2017\\\/#article\",\"isPartOf\":{\"@id\":\"https:\\\/\\\/www.abd-bvd.be\\\/fr\\\/agenda\\\/docmoment-sept2017\\\/\"},\"author\":{\"name\":\"Guy Delsaut\",\"@id\":\"https:\\\/\\\/www.abd-bvd.be\\\/fr\\\/#\\\/schema\\\/person\\\/b16d2027ba7bd24752b02f45e6c2d628\"},\"headline\":\"Doc&rsquo;Moment Donn\u00e9es personnelles, \u00eates-vous pr\u00eats pour 2018 ?\",\"datePublished\":\"2017-08-01T21:21:25+00:00\",\"dateModified\":\"2017-08-10T21:25:16+00:00\",\"mainEntityOfPage\":{\"@id\":\"https:\\\/\\\/www.abd-bvd.be\\\/fr\\\/agenda\\\/docmoment-sept2017\\\/\"},\"wordCount\":349,\"articleSection\":[\"Agenda\"],\"inLanguage\":\"fr-FR\"},{\"@type\":\"WebPage\",\"@id\":\"https:\\\/\\\/www.abd-bvd.be\\\/fr\\\/agenda\\\/docmoment-sept2017\\\/\",\"url\":\"https:\\\/\\\/www.abd-bvd.be\\\/fr\\\/agenda\\\/docmoment-sept2017\\\/\",\"name\":\"Doc'Moment Donn\u00e9es personnelles, \u00eates-vous pr\u00eats pour 2018 ? - ABD-BVD\",\"isPartOf\":{\"@id\":\"https:\\\/\\\/www.abd-bvd.be\\\/fr\\\/#website\"},\"datePublished\":\"2017-08-01T21:21:25+00:00\",\"dateModified\":\"2017-08-10T21:25:16+00:00\",\"author\":{\"@id\":\"https:\\\/\\\/www.abd-bvd.be\\\/fr\\\/#\\\/schema\\\/person\\\/b16d2027ba7bd24752b02f45e6c2d628\"},\"description\":\"Le 18 septembre, l'ABD-BVD organise un Doc'Moment sur le R\u00e8glement g\u00e9n\u00e9ral sur la protection des donn\u00e9es (RGPD) et les donn\u00e9es personnelles\",\"breadcrumb\":{\"@id\":\"https:\\\/\\\/www.abd-bvd.be\\\/fr\\\/agenda\\\/docmoment-sept2017\\\/#breadcrumb\"},\"inLanguage\":\"fr-FR\",\"potentialAction\":[{\"@type\":\"ReadAction\",\"target\":[\"https:\\\/\\\/www.abd-bvd.be\\\/fr\\\/agenda\\\/docmoment-sept2017\\\/\"]}]},{\"@type\":\"BreadcrumbList\",\"@id\":\"https:\\\/\\\/www.abd-bvd.be\\\/fr\\\/agenda\\\/docmoment-sept2017\\\/#breadcrumb\",\"itemListElement\":[{\"@type\":\"ListItem\",\"position\":1,\"name\":\"Accueil\",\"item\":\"https:\\\/\\\/www.abd-bvd.be\\\/fr\\\/\"},{\"@type\":\"ListItem\",\"position\":2,\"name\":\"Doc&rsquo;MomentDonn\u00e9es personnelles, \u00eates-vous pr\u00eats pour 2018 ?\"}]},{\"@type\":\"WebSite\",\"@id\":\"https:\\\/\\\/www.abd-bvd.be\\\/fr\\\/#website\",\"url\":\"https:\\\/\\\/www.abd-bvd.be\\\/fr\\\/\",\"name\":\"ABD-BVD\",\"description\":\"Association Belge de documentation - Belgische verniging voor documentatie\",\"potentialAction\":[{\"@type\":\"SearchAction\",\"target\":{\"@type\":\"EntryPoint\",\"urlTemplate\":\"https:\\\/\\\/www.abd-bvd.be\\\/fr\\\/?s={search_term_string}\"},\"query-input\":{\"@type\":\"PropertyValueSpecification\",\"valueRequired\":true,\"valueName\":\"search_term_string\"}}],\"inLanguage\":\"fr-FR\"},{\"@type\":\"Person\",\"@id\":\"https:\\\/\\\/www.abd-bvd.be\\\/fr\\\/#\\\/schema\\\/person\\\/b16d2027ba7bd24752b02f45e6c2d628\",\"name\":\"Guy Delsaut\",\"image\":{\"@type\":\"ImageObject\",\"inLanguage\":\"fr-FR\",\"@id\":\"https:\\\/\\\/secure.gravatar.com\\\/avatar\\\/661ab3e27256975e79639c97a039adabdf47fbcdcd1883bad66ee2e8b41bdfa7?s=96&d=mm&r=g\",\"url\":\"https:\\\/\\\/secure.gravatar.com\\\/avatar\\\/661ab3e27256975e79639c97a039adabdf47fbcdcd1883bad66ee2e8b41bdfa7?s=96&d=mm&r=g\",\"contentUrl\":\"https:\\\/\\\/secure.gravatar.com\\\/avatar\\\/661ab3e27256975e79639c97a039adabdf47fbcdcd1883bad66ee2e8b41bdfa7?s=96&d=mm&r=g\",\"caption\":\"Guy Delsaut\"},\"url\":\"https:\\\/\\\/www.abd-bvd.be\\\/fr\\\/author\\\/guy-delsaut\\\/\"}]}<\/script>\n<!-- \/ Yoast SEO plugin. -->","yoast_head_json":{"title":"Doc'MomentDonn\u00e9es personnelles, \u00eates-vous pr\u00eats pour 2018 ? - ABD-BVD","description":"Le 18 septembre, l'ABD-BVD organise un Doc'Moment sur le R\u00e8glement g\u00e9n\u00e9ral sur la protection des donn\u00e9es (RGPD) et les donn\u00e9es personnelles","robots":{"index":"index","follow":"follow","max-snippet":"max-snippet:-1","max-image-preview":"max-image-preview:large","max-video-preview":"max-video-preview:-1"},"canonical":"https:\/\/www.abd-bvd.be\/fr\/agenda\/docmoment-sept2017\/","og_locale":"fr_FR","og_type":"article","og_title":"Doc'MomentDonn\u00e9es personnelles, \u00eates-vous pr\u00eats pour 2018 ? - ABD-BVD","og_description":"Le 18 septembre, l'ABD-BVD organise un Doc'Moment sur le R\u00e8glement g\u00e9n\u00e9ral sur la protection des donn\u00e9es (RGPD) et les donn\u00e9es personnelles","og_url":"https:\/\/www.abd-bvd.be\/fr\/agenda\/docmoment-sept2017\/","og_site_name":"ABD-BVD","article_published_time":"2017-08-01T21:21:25+00:00","article_modified_time":"2017-08-10T21:25:16+00:00","author":"Guy Delsaut","twitter_card":"summary_large_image","twitter_misc":{"\u00c9crit par":"Guy Delsaut","Dur\u00e9e de lecture estim\u00e9e":"2 minutes"},"schema":{"@context":"https:\/\/schema.org","@graph":[{"@type":"Article","@id":"https:\/\/www.abd-bvd.be\/fr\/agenda\/docmoment-sept2017\/#article","isPartOf":{"@id":"https:\/\/www.abd-bvd.be\/fr\/agenda\/docmoment-sept2017\/"},"author":{"name":"Guy Delsaut","@id":"https:\/\/www.abd-bvd.be\/fr\/#\/schema\/person\/b16d2027ba7bd24752b02f45e6c2d628"},"headline":"Doc&rsquo;Moment Donn\u00e9es personnelles, \u00eates-vous pr\u00eats pour 2018 ?","datePublished":"2017-08-01T21:21:25+00:00","dateModified":"2017-08-10T21:25:16+00:00","mainEntityOfPage":{"@id":"https:\/\/www.abd-bvd.be\/fr\/agenda\/docmoment-sept2017\/"},"wordCount":349,"articleSection":["Agenda"],"inLanguage":"fr-FR"},{"@type":"WebPage","@id":"https:\/\/www.abd-bvd.be\/fr\/agenda\/docmoment-sept2017\/","url":"https:\/\/www.abd-bvd.be\/fr\/agenda\/docmoment-sept2017\/","name":"Doc'Moment Donn\u00e9es personnelles, \u00eates-vous pr\u00eats pour 2018 ? - ABD-BVD","isPartOf":{"@id":"https:\/\/www.abd-bvd.be\/fr\/#website"},"datePublished":"2017-08-01T21:21:25+00:00","dateModified":"2017-08-10T21:25:16+00:00","author":{"@id":"https:\/\/www.abd-bvd.be\/fr\/#\/schema\/person\/b16d2027ba7bd24752b02f45e6c2d628"},"description":"Le 18 septembre, l'ABD-BVD organise un Doc'Moment sur le R\u00e8glement g\u00e9n\u00e9ral sur la protection des donn\u00e9es (RGPD) et les donn\u00e9es personnelles","breadcrumb":{"@id":"https:\/\/www.abd-bvd.be\/fr\/agenda\/docmoment-sept2017\/#breadcrumb"},"inLanguage":"fr-FR","potentialAction":[{"@type":"ReadAction","target":["https:\/\/www.abd-bvd.be\/fr\/agenda\/docmoment-sept2017\/"]}]},{"@type":"BreadcrumbList","@id":"https:\/\/www.abd-bvd.be\/fr\/agenda\/docmoment-sept2017\/#breadcrumb","itemListElement":[{"@type":"ListItem","position":1,"name":"Accueil","item":"https:\/\/www.abd-bvd.be\/fr\/"},{"@type":"ListItem","position":2,"name":"Doc&rsquo;MomentDonn\u00e9es personnelles, \u00eates-vous pr\u00eats pour 2018 ?"}]},{"@type":"WebSite","@id":"https:\/\/www.abd-bvd.be\/fr\/#website","url":"https:\/\/www.abd-bvd.be\/fr\/","name":"ABD-BVD","description":"Association Belge de documentation - Belgische verniging voor documentatie","potentialAction":[{"@type":"SearchAction","target":{"@type":"EntryPoint","urlTemplate":"https:\/\/www.abd-bvd.be\/fr\/?s={search_term_string}"},"query-input":{"@type":"PropertyValueSpecification","valueRequired":true,"valueName":"search_term_string"}}],"inLanguage":"fr-FR"},{"@type":"Person","@id":"https:\/\/www.abd-bvd.be\/fr\/#\/schema\/person\/b16d2027ba7bd24752b02f45e6c2d628","name":"Guy Delsaut","image":{"@type":"ImageObject","inLanguage":"fr-FR","@id":"https:\/\/secure.gravatar.com\/avatar\/661ab3e27256975e79639c97a039adabdf47fbcdcd1883bad66ee2e8b41bdfa7?s=96&d=mm&r=g","url":"https:\/\/secure.gravatar.com\/avatar\/661ab3e27256975e79639c97a039adabdf47fbcdcd1883bad66ee2e8b41bdfa7?s=96&d=mm&r=g","contentUrl":"https:\/\/secure.gravatar.com\/avatar\/661ab3e27256975e79639c97a039adabdf47fbcdcd1883bad66ee2e8b41bdfa7?s=96&d=mm&r=g","caption":"Guy Delsaut"},"url":"https:\/\/www.abd-bvd.be\/fr\/author\/guy-delsaut\/"}]}},"_links":{"self":[{"href":"https:\/\/www.abd-bvd.be\/fr\/wp-json\/wp\/v2\/posts\/9376","targetHints":{"allow":["GET"]}}],"collection":[{"href":"https:\/\/www.abd-bvd.be\/fr\/wp-json\/wp\/v2\/posts"}],"about":[{"href":"https:\/\/www.abd-bvd.be\/fr\/wp-json\/wp\/v2\/types\/post"}],"author":[{"embeddable":true,"href":"https:\/\/www.abd-bvd.be\/fr\/wp-json\/wp\/v2\/users\/5"}],"replies":[{"embeddable":true,"href":"https:\/\/www.abd-bvd.be\/fr\/wp-json\/wp\/v2\/comments?post=9376"}],"version-history":[{"count":1,"href":"https:\/\/www.abd-bvd.be\/fr\/wp-json\/wp\/v2\/posts\/9376\/revisions"}],"predecessor-version":[{"id":12622,"href":"https:\/\/www.abd-bvd.be\/fr\/wp-json\/wp\/v2\/posts\/9376\/revisions\/12622"}],"wp:attachment":[{"href":"https:\/\/www.abd-bvd.be\/fr\/wp-json\/wp\/v2\/media?parent=9376"}],"wp:term":[{"taxonomy":"category","embeddable":true,"href":"https:\/\/www.abd-bvd.be\/fr\/wp-json\/wp\/v2\/categories?post=9376"},{"taxonomy":"post_tag","embeddable":true,"href":"https:\/\/www.abd-bvd.be\/fr\/wp-json\/wp\/v2\/tags?post=9376"}],"curies":[{"name":"wp","href":"https:\/\/api.w.org\/{rel}","templated":true}]}}