{"id":9322,"date":"2017-08-04T12:13:13","date_gmt":"2017-08-04T10:13:13","guid":{"rendered":"https:\/\/www.abd-bvd.be\/?p=9322\/"},"modified":"2017-08-22T23:13:41","modified_gmt":"2017-08-22T21:13:41","slug":"fetons-70-ans-de-labd-bvd-musee-de-bd-cbbd","status":"publish","type":"post","link":"https:\/\/www.abd-bvd.be\/fr\/agenda\/fetons-70-ans-de-labd-bvd-musee-de-bd-cbbd\/","title":{"rendered":"F\u00eatons les 70 ans de l\u2019ABD-BVD au Mus\u00e9e de la BD (CBBD)"},"content":{"rendered":"<p><strong>Jeudi 28 septembre 2017 (14:30 &#8211; 20:00)<\/strong><\/p>\n<p style=\"text-align: right;\"><span class=\"file-button\"><a href=\"https:\/\/www.eventbrite.com\/e\/70-ans-de-labd-bvd-70-jaren-van-de-abd-bvd-tickets-36678637793\/\">S&rsquo;inscrire<\/a><\/span><\/p>\n<p><img decoding=\"async\" class=\"size-medium wp-image-9326 aligncenter\" src=\"https:\/\/www.abd-bvd.be\/wp-content\/uploads\/70-years-visual.jpg\" alt=\"\" \/><\/p>\n<p>L\u2019ABD-BVD f\u00eate en 2017 ses 70 ann\u00e9es d&rsquo;existence.<\/p>\n<p>Au programme des festivit\u00e9s :<\/p>\n<p>&#8211; <strong>Visite de la biblioth\u00e8que du mus\u00e9e<\/strong>, qui donne acc\u00e8s tant \u00e0 une vaste collection d\u2019albums de bande dessin\u00e9e qu\u2019\u00e0 une collection importante d\u2019ouvrages et de revues consacr\u00e9s au 9e art. Une biblioth\u00e8que de r\u00e9f\u00e9rence pour b\u00e9d\u00e9philes.<\/p>\n<p>&#8211; <strong>Rencontre avec Olivier Speltens<\/strong>, auteur et dessinateur notamment de \u00ab\u00a0L\u2019arm\u00e9e de l\u2019ombre\u00a0\u00bb (\u00e9ditions Paquet) qui nous expliquera comment il se documente pour r\u00e9aliser une bande dessin\u00e9e sur fond historique.<\/p>\n<p>&#8211; <strong>Fin d\u2019apr\u00e8s-midi festive et networking <\/strong>\u00e0 partir de 17h30<\/p>\n<p>Une visite libre des collections du Mus\u00e9e sera possible tout au long de notre \u00e9v\u00e8nement jusque 18h. Apr\u00e8s 18h, seule l&rsquo;exposition temporaire sera accessible. Vous n&rsquo;\u00eates pas libres cet apr\u00e8s-midi-l\u00e0 ? Participez aussi uniquement \u00e0 notre soir\u00e9e festive !<\/p>\n<p><img loading=\"lazy\" decoding=\"async\" class=\"size-medium wp-image-9326 aligncenter\" src=\"https:\/\/www.abd-bvd.be\/wp-content\/uploads\/CBBD-BSC-300x201.jpg\" alt=\"\" width=\"300\" height=\"201\" srcset=\"https:\/\/www.abd-bvd.be\/wp-content\/uploads\/CBBD-BSC-300x201.jpg 300w, https:\/\/www.abd-bvd.be\/wp-content\/uploads\/CBBD-BSC-768x514.jpg 768w, https:\/\/www.abd-bvd.be\/wp-content\/uploads\/CBBD-BSC-1024x685.jpg 1024w\" sizes=\"auto, (max-width: 300px) 100vw, 300px\" \/><\/p>\n<p><em>Lieu :<\/em>\u00a0Centre belge de la bande dessin\u00e9e<\/p>\n<p><em>Adresse<\/em> : Rue des Sables, 20 \u00e0 1000 Bruxelles<\/p>\n<p><em>Transports en commun :<\/em><\/p>\n<p>Train : Bruxelles-Central et Bruxelles-Congr\u00e8s<\/p>\n<p>M\u00e9tro : 2 et 6 (Botanique ou Rogier)<\/p>\n<p>Trams : 92 et 93 (Congr\u00e8s)<\/p>\n<p><em>Parking voitures : <\/em>City-Parking, Boulevard Pach\u00e9co (\u00e0 150 m du Mus\u00e9e)<\/p>\n<p><strong>Inscription obligatoire avant le 18\/09<\/strong><\/p>\n<p style=\"text-align: right;\"><span class=\"file-button\"><a href=\"https:\/\/www.eventbrite.com\/e\/70-ans-de-labd-bvd-70-jaren-van-de-abd-bvd-tickets-36678637793\/\">S&rsquo;inscrire<\/a><\/span><\/p>\n<p>La visite se d\u00e9roulera en fran\u00e7ais et en n\u00e9erlandais, l&rsquo;\u00e9change avec Olivier Speltens aura lieu en fran\u00e7ais.<\/p>\n<p>Gratuit pour les membres et invit\u00e9s<\/p>\n<p>Autres: 10\u20ac (prix de l\u2019entr\u00e9e au Mus\u00e9e), \u00e0 payer sur place \u00e0 l\u2019accueil de l\u2019ABD-BVD<\/p>\n","protected":false},"excerpt":{"rendered":"<p>Jeudi 28 septembre 2017 (14:30 &#8211; 20:00) S&rsquo;inscrire L\u2019ABD-BVD f\u00eate en 2017 ses 70 ann\u00e9es d&rsquo;existence. Au programme des festivit\u00e9s : &#8211; Visite de la biblioth\u00e8que du mus\u00e9e, qui donne acc\u00e8s tant \u00e0 une vaste collection d\u2019albums de bande dessin\u00e9e qu\u2019\u00e0 une collection importante d\u2019ouvrages et de revues consacr\u00e9s au 9e art. Une biblioth\u00e8que de [&hellip;]<\/p>\n","protected":false},"author":5,"featured_media":0,"comment_status":"closed","ping_status":"open","sticky":false,"template":"","format":"standard","meta":{"_acf_changed":false,"footnotes":"","_wpscppro_dont_share_socialmedia":false,"_wpscppro_custom_social_share_image":0,"_facebook_share_type":"","_twitter_share_type":"","_linkedin_share_type":"","_pinterest_share_type":"","_linkedin_share_type_page":"","_instagram_share_type":"","_medium_share_type":"","_threads_share_type":"","_google_business_share_type":"","_selected_social_profile":[],"_wpsp_enable_custom_social_template":false,"_wpsp_social_scheduling":{"enabled":false,"datetime":null,"platforms":[],"status":"template_only","dateOption":"today","timeOption":"now","customDays":"","customHours":"","customDate":"","customTime":"","schedulingType":"absolute"},"_wpsp_active_default_template":true},"categories":[67],"tags":[],"class_list":["post-9322","post","type-post","status-publish","format-standard","hentry","category-agenda"],"acf":[],"yoast_head":"<!-- This site is optimized with the Yoast SEO plugin v27.4 - https:\/\/yoast.com\/product\/yoast-seo-wordpress\/ -->\n<title>F\u00eatons les 70 ans de l\u2019ABD-BVD au Mus\u00e9e de la BD (CBBD) - ABD-BVD<\/title>\n<meta name=\"robots\" content=\"index, follow, max-snippet:-1, max-image-preview:large, max-video-preview:-1\" \/>\n<link rel=\"canonical\" href=\"https:\/\/www.abd-bvd.be\/fr\/agenda\/fetons-70-ans-de-labd-bvd-musee-de-bd-cbbd\/\" \/>\n<meta property=\"og:locale\" content=\"fr_FR\" \/>\n<meta property=\"og:type\" content=\"article\" \/>\n<meta property=\"og:title\" content=\"F\u00eatons les 70 ans de l\u2019ABD-BVD au Mus\u00e9e de la BD (CBBD) - ABD-BVD\" \/>\n<meta property=\"og:description\" content=\"Jeudi 28 septembre 2017 (14:30 &#8211; 20:00) S&rsquo;inscrire L\u2019ABD-BVD f\u00eate en 2017 ses 70 ann\u00e9es d&rsquo;existence. Au programme des festivit\u00e9s : &#8211; Visite de la biblioth\u00e8que du mus\u00e9e, qui donne acc\u00e8s tant \u00e0 une vaste collection d\u2019albums de bande dessin\u00e9e qu\u2019\u00e0 une collection importante d\u2019ouvrages et de revues consacr\u00e9s au 9e art. Une biblioth\u00e8que de [&hellip;]\" \/>\n<meta property=\"og:url\" content=\"https:\/\/www.abd-bvd.be\/fr\/agenda\/fetons-70-ans-de-labd-bvd-musee-de-bd-cbbd\/\" \/>\n<meta property=\"og:site_name\" content=\"ABD-BVD\" \/>\n<meta property=\"article:published_time\" content=\"2017-08-04T10:13:13+00:00\" \/>\n<meta property=\"article:modified_time\" content=\"2017-08-22T21:13:41+00:00\" \/>\n<meta property=\"og:image\" content=\"https:\/\/www.abd-bvd.be\/wp-content\/uploads\/70-years-visual.jpg\" \/>\n<meta name=\"author\" content=\"Guy Delsaut\" \/>\n<meta name=\"twitter:card\" content=\"summary_large_image\" \/>\n<meta name=\"twitter:label1\" content=\"\u00c9crit par\" \/>\n\t<meta name=\"twitter:data1\" content=\"Guy Delsaut\" \/>\n\t<meta name=\"twitter:label2\" content=\"Dur\u00e9e de lecture estim\u00e9e\" \/>\n\t<meta name=\"twitter:data2\" content=\"1 minute\" \/>\n<script type=\"application\/ld+json\" class=\"yoast-schema-graph\">{\"@context\":\"https:\\\/\\\/schema.org\",\"@graph\":[{\"@type\":\"Article\",\"@id\":\"https:\\\/\\\/www.abd-bvd.be\\\/fr\\\/agenda\\\/fetons-70-ans-de-labd-bvd-musee-de-bd-cbbd\\\/#article\",\"isPartOf\":{\"@id\":\"https:\\\/\\\/www.abd-bvd.be\\\/fr\\\/agenda\\\/fetons-70-ans-de-labd-bvd-musee-de-bd-cbbd\\\/\"},\"author\":{\"name\":\"Guy Delsaut\",\"@id\":\"https:\\\/\\\/www.abd-bvd.be\\\/fr\\\/#\\\/schema\\\/person\\\/b16d2027ba7bd24752b02f45e6c2d628\"},\"headline\":\"F\u00eatons les 70 ans de l\u2019ABD-BVD au Mus\u00e9e de la BD (CBBD)\",\"datePublished\":\"2017-08-04T10:13:13+00:00\",\"dateModified\":\"2017-08-22T21:13:41+00:00\",\"mainEntityOfPage\":{\"@id\":\"https:\\\/\\\/www.abd-bvd.be\\\/fr\\\/agenda\\\/fetons-70-ans-de-labd-bvd-musee-de-bd-cbbd\\\/\"},\"wordCount\":264,\"image\":{\"@id\":\"https:\\\/\\\/www.abd-bvd.be\\\/fr\\\/agenda\\\/fetons-70-ans-de-labd-bvd-musee-de-bd-cbbd\\\/#primaryimage\"},\"thumbnailUrl\":\"https:\\\/\\\/www.abd-bvd.be\\\/wp-content\\\/uploads\\\/70-years-visual.jpg\",\"articleSection\":[\"Agenda\"],\"inLanguage\":\"fr-FR\"},{\"@type\":\"WebPage\",\"@id\":\"https:\\\/\\\/www.abd-bvd.be\\\/fr\\\/agenda\\\/fetons-70-ans-de-labd-bvd-musee-de-bd-cbbd\\\/\",\"url\":\"https:\\\/\\\/www.abd-bvd.be\\\/fr\\\/agenda\\\/fetons-70-ans-de-labd-bvd-musee-de-bd-cbbd\\\/\",\"name\":\"F\u00eatons les 70 ans de l\u2019ABD-BVD au Mus\u00e9e de la BD (CBBD) - ABD-BVD\",\"isPartOf\":{\"@id\":\"https:\\\/\\\/www.abd-bvd.be\\\/fr\\\/#website\"},\"primaryImageOfPage\":{\"@id\":\"https:\\\/\\\/www.abd-bvd.be\\\/fr\\\/agenda\\\/fetons-70-ans-de-labd-bvd-musee-de-bd-cbbd\\\/#primaryimage\"},\"image\":{\"@id\":\"https:\\\/\\\/www.abd-bvd.be\\\/fr\\\/agenda\\\/fetons-70-ans-de-labd-bvd-musee-de-bd-cbbd\\\/#primaryimage\"},\"thumbnailUrl\":\"https:\\\/\\\/www.abd-bvd.be\\\/wp-content\\\/uploads\\\/70-years-visual.jpg\",\"datePublished\":\"2017-08-04T10:13:13+00:00\",\"dateModified\":\"2017-08-22T21:13:41+00:00\",\"author\":{\"@id\":\"https:\\\/\\\/www.abd-bvd.be\\\/fr\\\/#\\\/schema\\\/person\\\/b16d2027ba7bd24752b02f45e6c2d628\"},\"breadcrumb\":{\"@id\":\"https:\\\/\\\/www.abd-bvd.be\\\/fr\\\/agenda\\\/fetons-70-ans-de-labd-bvd-musee-de-bd-cbbd\\\/#breadcrumb\"},\"inLanguage\":\"fr-FR\",\"potentialAction\":[{\"@type\":\"ReadAction\",\"target\":[\"https:\\\/\\\/www.abd-bvd.be\\\/fr\\\/agenda\\\/fetons-70-ans-de-labd-bvd-musee-de-bd-cbbd\\\/\"]}]},{\"@type\":\"ImageObject\",\"inLanguage\":\"fr-FR\",\"@id\":\"https:\\\/\\\/www.abd-bvd.be\\\/fr\\\/agenda\\\/fetons-70-ans-de-labd-bvd-musee-de-bd-cbbd\\\/#primaryimage\",\"url\":\"https:\\\/\\\/www.abd-bvd.be\\\/wp-content\\\/uploads\\\/70-years-visual.jpg\",\"contentUrl\":\"https:\\\/\\\/www.abd-bvd.be\\\/wp-content\\\/uploads\\\/70-years-visual.jpg\"},{\"@type\":\"BreadcrumbList\",\"@id\":\"https:\\\/\\\/www.abd-bvd.be\\\/fr\\\/agenda\\\/fetons-70-ans-de-labd-bvd-musee-de-bd-cbbd\\\/#breadcrumb\",\"itemListElement\":[{\"@type\":\"ListItem\",\"position\":1,\"name\":\"Accueil\",\"item\":\"https:\\\/\\\/www.abd-bvd.be\\\/fr\\\/\"},{\"@type\":\"ListItem\",\"position\":2,\"name\":\"F\u00eatons les 70 ans de l\u2019ABD-BVD au Mus\u00e9e de la BD (CBBD)\"}]},{\"@type\":\"WebSite\",\"@id\":\"https:\\\/\\\/www.abd-bvd.be\\\/fr\\\/#website\",\"url\":\"https:\\\/\\\/www.abd-bvd.be\\\/fr\\\/\",\"name\":\"ABD-BVD\",\"description\":\"Association Belge de documentation - Belgische verniging voor documentatie\",\"potentialAction\":[{\"@type\":\"SearchAction\",\"target\":{\"@type\":\"EntryPoint\",\"urlTemplate\":\"https:\\\/\\\/www.abd-bvd.be\\\/fr\\\/?s={search_term_string}\"},\"query-input\":{\"@type\":\"PropertyValueSpecification\",\"valueRequired\":true,\"valueName\":\"search_term_string\"}}],\"inLanguage\":\"fr-FR\"},{\"@type\":\"Person\",\"@id\":\"https:\\\/\\\/www.abd-bvd.be\\\/fr\\\/#\\\/schema\\\/person\\\/b16d2027ba7bd24752b02f45e6c2d628\",\"name\":\"Guy Delsaut\",\"image\":{\"@type\":\"ImageObject\",\"inLanguage\":\"fr-FR\",\"@id\":\"https:\\\/\\\/secure.gravatar.com\\\/avatar\\\/661ab3e27256975e79639c97a039adabdf47fbcdcd1883bad66ee2e8b41bdfa7?s=96&d=mm&r=g\",\"url\":\"https:\\\/\\\/secure.gravatar.com\\\/avatar\\\/661ab3e27256975e79639c97a039adabdf47fbcdcd1883bad66ee2e8b41bdfa7?s=96&d=mm&r=g\",\"contentUrl\":\"https:\\\/\\\/secure.gravatar.com\\\/avatar\\\/661ab3e27256975e79639c97a039adabdf47fbcdcd1883bad66ee2e8b41bdfa7?s=96&d=mm&r=g\",\"caption\":\"Guy Delsaut\"},\"url\":\"https:\\\/\\\/www.abd-bvd.be\\\/fr\\\/author\\\/guy-delsaut\\\/\"}]}<\/script>\n<!-- \/ Yoast SEO plugin. -->","yoast_head_json":{"title":"F\u00eatons les 70 ans de l\u2019ABD-BVD au Mus\u00e9e de la BD (CBBD) - ABD-BVD","robots":{"index":"index","follow":"follow","max-snippet":"max-snippet:-1","max-image-preview":"max-image-preview:large","max-video-preview":"max-video-preview:-1"},"canonical":"https:\/\/www.abd-bvd.be\/fr\/agenda\/fetons-70-ans-de-labd-bvd-musee-de-bd-cbbd\/","og_locale":"fr_FR","og_type":"article","og_title":"F\u00eatons les 70 ans de l\u2019ABD-BVD au Mus\u00e9e de la BD (CBBD) - ABD-BVD","og_description":"Jeudi 28 septembre 2017 (14:30 &#8211; 20:00) S&rsquo;inscrire L\u2019ABD-BVD f\u00eate en 2017 ses 70 ann\u00e9es d&rsquo;existence. Au programme des festivit\u00e9s : &#8211; Visite de la biblioth\u00e8que du mus\u00e9e, qui donne acc\u00e8s tant \u00e0 une vaste collection d\u2019albums de bande dessin\u00e9e qu\u2019\u00e0 une collection importante d\u2019ouvrages et de revues consacr\u00e9s au 9e art. Une biblioth\u00e8que de [&hellip;]","og_url":"https:\/\/www.abd-bvd.be\/fr\/agenda\/fetons-70-ans-de-labd-bvd-musee-de-bd-cbbd\/","og_site_name":"ABD-BVD","article_published_time":"2017-08-04T10:13:13+00:00","article_modified_time":"2017-08-22T21:13:41+00:00","og_image":[{"url":"https:\/\/www.abd-bvd.be\/wp-content\/uploads\/70-years-visual.jpg","type":"","width":"","height":""}],"author":"Guy Delsaut","twitter_card":"summary_large_image","twitter_misc":{"\u00c9crit par":"Guy Delsaut","Dur\u00e9e de lecture estim\u00e9e":"1 minute"},"schema":{"@context":"https:\/\/schema.org","@graph":[{"@type":"Article","@id":"https:\/\/www.abd-bvd.be\/fr\/agenda\/fetons-70-ans-de-labd-bvd-musee-de-bd-cbbd\/#article","isPartOf":{"@id":"https:\/\/www.abd-bvd.be\/fr\/agenda\/fetons-70-ans-de-labd-bvd-musee-de-bd-cbbd\/"},"author":{"name":"Guy Delsaut","@id":"https:\/\/www.abd-bvd.be\/fr\/#\/schema\/person\/b16d2027ba7bd24752b02f45e6c2d628"},"headline":"F\u00eatons les 70 ans de l\u2019ABD-BVD au Mus\u00e9e de la BD (CBBD)","datePublished":"2017-08-04T10:13:13+00:00","dateModified":"2017-08-22T21:13:41+00:00","mainEntityOfPage":{"@id":"https:\/\/www.abd-bvd.be\/fr\/agenda\/fetons-70-ans-de-labd-bvd-musee-de-bd-cbbd\/"},"wordCount":264,"image":{"@id":"https:\/\/www.abd-bvd.be\/fr\/agenda\/fetons-70-ans-de-labd-bvd-musee-de-bd-cbbd\/#primaryimage"},"thumbnailUrl":"https:\/\/www.abd-bvd.be\/wp-content\/uploads\/70-years-visual.jpg","articleSection":["Agenda"],"inLanguage":"fr-FR"},{"@type":"WebPage","@id":"https:\/\/www.abd-bvd.be\/fr\/agenda\/fetons-70-ans-de-labd-bvd-musee-de-bd-cbbd\/","url":"https:\/\/www.abd-bvd.be\/fr\/agenda\/fetons-70-ans-de-labd-bvd-musee-de-bd-cbbd\/","name":"F\u00eatons les 70 ans de l\u2019ABD-BVD au Mus\u00e9e de la BD (CBBD) - ABD-BVD","isPartOf":{"@id":"https:\/\/www.abd-bvd.be\/fr\/#website"},"primaryImageOfPage":{"@id":"https:\/\/www.abd-bvd.be\/fr\/agenda\/fetons-70-ans-de-labd-bvd-musee-de-bd-cbbd\/#primaryimage"},"image":{"@id":"https:\/\/www.abd-bvd.be\/fr\/agenda\/fetons-70-ans-de-labd-bvd-musee-de-bd-cbbd\/#primaryimage"},"thumbnailUrl":"https:\/\/www.abd-bvd.be\/wp-content\/uploads\/70-years-visual.jpg","datePublished":"2017-08-04T10:13:13+00:00","dateModified":"2017-08-22T21:13:41+00:00","author":{"@id":"https:\/\/www.abd-bvd.be\/fr\/#\/schema\/person\/b16d2027ba7bd24752b02f45e6c2d628"},"breadcrumb":{"@id":"https:\/\/www.abd-bvd.be\/fr\/agenda\/fetons-70-ans-de-labd-bvd-musee-de-bd-cbbd\/#breadcrumb"},"inLanguage":"fr-FR","potentialAction":[{"@type":"ReadAction","target":["https:\/\/www.abd-bvd.be\/fr\/agenda\/fetons-70-ans-de-labd-bvd-musee-de-bd-cbbd\/"]}]},{"@type":"ImageObject","inLanguage":"fr-FR","@id":"https:\/\/www.abd-bvd.be\/fr\/agenda\/fetons-70-ans-de-labd-bvd-musee-de-bd-cbbd\/#primaryimage","url":"https:\/\/www.abd-bvd.be\/wp-content\/uploads\/70-years-visual.jpg","contentUrl":"https:\/\/www.abd-bvd.be\/wp-content\/uploads\/70-years-visual.jpg"},{"@type":"BreadcrumbList","@id":"https:\/\/www.abd-bvd.be\/fr\/agenda\/fetons-70-ans-de-labd-bvd-musee-de-bd-cbbd\/#breadcrumb","itemListElement":[{"@type":"ListItem","position":1,"name":"Accueil","item":"https:\/\/www.abd-bvd.be\/fr\/"},{"@type":"ListItem","position":2,"name":"F\u00eatons les 70 ans de l\u2019ABD-BVD au Mus\u00e9e de la BD (CBBD)"}]},{"@type":"WebSite","@id":"https:\/\/www.abd-bvd.be\/fr\/#website","url":"https:\/\/www.abd-bvd.be\/fr\/","name":"ABD-BVD","description":"Association Belge de documentation - Belgische verniging voor documentatie","potentialAction":[{"@type":"SearchAction","target":{"@type":"EntryPoint","urlTemplate":"https:\/\/www.abd-bvd.be\/fr\/?s={search_term_string}"},"query-input":{"@type":"PropertyValueSpecification","valueRequired":true,"valueName":"search_term_string"}}],"inLanguage":"fr-FR"},{"@type":"Person","@id":"https:\/\/www.abd-bvd.be\/fr\/#\/schema\/person\/b16d2027ba7bd24752b02f45e6c2d628","name":"Guy Delsaut","image":{"@type":"ImageObject","inLanguage":"fr-FR","@id":"https:\/\/secure.gravatar.com\/avatar\/661ab3e27256975e79639c97a039adabdf47fbcdcd1883bad66ee2e8b41bdfa7?s=96&d=mm&r=g","url":"https:\/\/secure.gravatar.com\/avatar\/661ab3e27256975e79639c97a039adabdf47fbcdcd1883bad66ee2e8b41bdfa7?s=96&d=mm&r=g","contentUrl":"https:\/\/secure.gravatar.com\/avatar\/661ab3e27256975e79639c97a039adabdf47fbcdcd1883bad66ee2e8b41bdfa7?s=96&d=mm&r=g","caption":"Guy Delsaut"},"url":"https:\/\/www.abd-bvd.be\/fr\/author\/guy-delsaut\/"}]}},"_links":{"self":[{"href":"https:\/\/www.abd-bvd.be\/fr\/wp-json\/wp\/v2\/posts\/9322","targetHints":{"allow":["GET"]}}],"collection":[{"href":"https:\/\/www.abd-bvd.be\/fr\/wp-json\/wp\/v2\/posts"}],"about":[{"href":"https:\/\/www.abd-bvd.be\/fr\/wp-json\/wp\/v2\/types\/post"}],"author":[{"embeddable":true,"href":"https:\/\/www.abd-bvd.be\/fr\/wp-json\/wp\/v2\/users\/5"}],"replies":[{"embeddable":true,"href":"https:\/\/www.abd-bvd.be\/fr\/wp-json\/wp\/v2\/comments?post=9322"}],"version-history":[{"count":0,"href":"https:\/\/www.abd-bvd.be\/fr\/wp-json\/wp\/v2\/posts\/9322\/revisions"}],"wp:attachment":[{"href":"https:\/\/www.abd-bvd.be\/fr\/wp-json\/wp\/v2\/media?parent=9322"}],"wp:term":[{"taxonomy":"category","embeddable":true,"href":"https:\/\/www.abd-bvd.be\/fr\/wp-json\/wp\/v2\/categories?post=9322"},{"taxonomy":"post_tag","embeddable":true,"href":"https:\/\/www.abd-bvd.be\/fr\/wp-json\/wp\/v2\/tags?post=9322"}],"curies":[{"name":"wp","href":"https:\/\/api.w.org\/{rel}","templated":true}]}}