{"id":8910,"date":"2017-06-20T17:00:46","date_gmt":"2017-06-20T15:00:46","guid":{"rendered":"https:\/\/www.abd-bvd.be\/?p=8910\/"},"modified":"2017-06-22T14:00:50","modified_gmt":"2017-06-22T12:00:50","slug":"juin-2017","status":"publish","type":"post","link":"https:\/\/www.abd-bvd.be\/fr\/doc-moments\/juin-2017\/","title":{"rendered":"Juin 2017 &#8211; Mise en commun de l&rsquo;information en entreprise. Retours d&rsquo;exp\u00e9riences."},"content":{"rendered":"<h2><span lang=\"FR\">Plus de collaboration interne : un impact positif inattendu suite \u00e0 la combinaison de la gestion des documents et du syst\u00e8me de gestion int\u00e9gr\u00e9 mis en \u0153uvre \u00e0 SCK\u2022CEN !<\/span><\/h2>\n<p>par Danielle <strong>Couvreur<\/strong>, <span lang=\"FR\">Knowledge Manager, Centre d\u2019\u00c9tude de l\u2019\u00c9nergie Nucl\u00e9aire (SCK\u2022CEN)<\/span><\/p>\n<p style=\"text-align: justify;\">Le SCK\u2022CEN \u2013 le centre belge de recherche nucl\u00e9aire \u2013 a mis en place une gestion documentaire robuste ainsi qu\u2019un syst\u00e8me de gestion int\u00e9gr\u00e9 permettant de travailler en matrice sur les processus et non plus en silos. Cette pr\u00e9sentation d\u00e9veloppera, \u00e0 travers quelques exemples, leur mise en \u0153uvre, les d\u00e9fis, les le\u00e7ons apprises et l\u2019impact inattendu sur le travail quotidien.<\/p>\n<p><span class=\"file-button\"><a href=\"https:\/\/www.abd-bvd.be\/wp-content\/uploads\/docmoment-062017-Danielle-Couvreur.pdf\">T\u00e9l\u00e9charger (EN)<\/a><\/span><\/p>\n<h2><span lang=\"FR\">Comment favoriser le partage de connaissances et la veille collaborative pour tendre vers une organisation apprenante<\/span><\/h2>\n<p>par Fabienne <strong>Vandekerkove<\/strong>, <span lang=\"FR\">Head of Customer Success, Elium<\/span><\/p>\n<p style=\"text-align: justify;\">Retours d\u2019exp\u00e9rience publiques et priv\u00e9s, dont celui de Capgemini Consulting France, qui s\u2019appuient sur une plateforme au carrefour de la gestion documentaire, de la veille collaborative et du r\u00e9seau social interne pour mobiliser toute leur entreprise autour d\u2019un partage g\u00e9n\u00e9ralis\u00e9 des connaissances.<\/p>\n<p>Lieu :\u00a0Biblioth\u00e8que royale de Belgique (KBR)<\/p>\n","protected":false},"excerpt":{"rendered":"<p>Plus de collaboration interne : un impact positif inattendu suite \u00e0 la combinaison de la gestion des documents et du syst\u00e8me de gestion int\u00e9gr\u00e9 mis en \u0153uvre \u00e0 SCK\u2022CEN ! par Danielle Couvreur, Knowledge Manager, Centre d\u2019\u00c9tude de l\u2019\u00c9nergie Nucl\u00e9aire (SCK\u2022CEN) Le SCK\u2022CEN \u2013 le centre belge de recherche nucl\u00e9aire \u2013 a mis en place [&hellip;]<\/p>\n","protected":false},"author":11,"featured_media":0,"comment_status":"closed","ping_status":"open","sticky":false,"template":"","format":"standard","meta":{"_acf_changed":false,"footnotes":"","_wpscppro_dont_share_socialmedia":false,"_wpscppro_custom_social_share_image":0,"_facebook_share_type":"","_twitter_share_type":"","_linkedin_share_type":"","_pinterest_share_type":"","_linkedin_share_type_page":"","_instagram_share_type":"","_medium_share_type":"","_threads_share_type":"","_google_business_share_type":"","_selected_social_profile":[],"_wpsp_enable_custom_social_template":false,"_wpsp_social_scheduling":{"enabled":false,"datetime":null,"platforms":[],"status":"template_only","dateOption":"today","timeOption":"now","customDays":"","customHours":"","customDate":"","customTime":"","schedulingType":"absolute"},"_wpsp_active_default_template":true},"categories":[92],"tags":[],"class_list":["post-8910","post","type-post","status-publish","format-standard","hentry","category-doc-moments"],"acf":[],"yoast_head":"<!-- This site is optimized with the Yoast SEO plugin v27.4 - https:\/\/yoast.com\/product\/yoast-seo-wordpress\/ -->\n<title>Juin 2017 - Mise en commun de l&#039;information en entreprise. Retours d&#039;exp\u00e9riences. - ABD-BVD<\/title>\n<meta name=\"robots\" content=\"index, follow, max-snippet:-1, max-image-preview:large, max-video-preview:-1\" \/>\n<link rel=\"canonical\" href=\"https:\/\/www.abd-bvd.be\/fr\/doc-moments\/juin-2017\/\" \/>\n<meta property=\"og:locale\" content=\"fr_FR\" \/>\n<meta property=\"og:type\" content=\"article\" \/>\n<meta property=\"og:title\" content=\"Juin 2017 - Mise en commun de l&#039;information en entreprise. Retours d&#039;exp\u00e9riences. - ABD-BVD\" \/>\n<meta property=\"og:description\" content=\"Plus de collaboration interne : un impact positif inattendu suite \u00e0 la combinaison de la gestion des documents et du syst\u00e8me de gestion int\u00e9gr\u00e9 mis en \u0153uvre \u00e0 SCK\u2022CEN ! par Danielle Couvreur, Knowledge Manager, Centre d\u2019\u00c9tude de l\u2019\u00c9nergie Nucl\u00e9aire (SCK\u2022CEN) Le SCK\u2022CEN \u2013 le centre belge de recherche nucl\u00e9aire \u2013 a mis en place [&hellip;]\" \/>\n<meta property=\"og:url\" content=\"https:\/\/www.abd-bvd.be\/fr\/doc-moments\/juin-2017\/\" \/>\n<meta property=\"og:site_name\" content=\"ABD-BVD\" \/>\n<meta property=\"article:published_time\" content=\"2017-06-20T15:00:46+00:00\" \/>\n<meta property=\"article:modified_time\" content=\"2017-06-22T12:00:50+00:00\" \/>\n<meta name=\"author\" content=\"Catherine G\u00e9rard\" \/>\n<meta name=\"twitter:card\" content=\"summary_large_image\" \/>\n<meta name=\"twitter:label1\" content=\"\u00c9crit par\" \/>\n\t<meta name=\"twitter:data1\" content=\"Catherine G\u00e9rard\" \/>\n\t<meta name=\"twitter:label2\" content=\"Dur\u00e9e de lecture estim\u00e9e\" \/>\n\t<meta name=\"twitter:data2\" content=\"1 minute\" \/>\n<script type=\"application\/ld+json\" class=\"yoast-schema-graph\">{\"@context\":\"https:\\\/\\\/schema.org\",\"@graph\":[{\"@type\":\"Article\",\"@id\":\"https:\\\/\\\/www.abd-bvd.be\\\/fr\\\/doc-moments\\\/juin-2017\\\/#article\",\"isPartOf\":{\"@id\":\"https:\\\/\\\/www.abd-bvd.be\\\/fr\\\/doc-moments\\\/juin-2017\\\/\"},\"author\":{\"name\":\"Catherine G\u00e9rard\",\"@id\":\"https:\\\/\\\/www.abd-bvd.be\\\/fr\\\/#\\\/schema\\\/person\\\/b6755b61a1d8f94d075def4981f46068\"},\"headline\":\"Juin 2017 &#8211; Mise en commun de l&rsquo;information en entreprise. Retours d&rsquo;exp\u00e9riences.\",\"datePublished\":\"2017-06-20T15:00:46+00:00\",\"dateModified\":\"2017-06-22T12:00:50+00:00\",\"mainEntityOfPage\":{\"@id\":\"https:\\\/\\\/www.abd-bvd.be\\\/fr\\\/doc-moments\\\/juin-2017\\\/\"},\"wordCount\":210,\"articleSection\":[\"Doc'Moments\"],\"inLanguage\":\"fr-FR\"},{\"@type\":\"WebPage\",\"@id\":\"https:\\\/\\\/www.abd-bvd.be\\\/fr\\\/doc-moments\\\/juin-2017\\\/\",\"url\":\"https:\\\/\\\/www.abd-bvd.be\\\/fr\\\/doc-moments\\\/juin-2017\\\/\",\"name\":\"Juin 2017 - Mise en commun de l'information en entreprise. Retours d'exp\u00e9riences. - ABD-BVD\",\"isPartOf\":{\"@id\":\"https:\\\/\\\/www.abd-bvd.be\\\/fr\\\/#website\"},\"datePublished\":\"2017-06-20T15:00:46+00:00\",\"dateModified\":\"2017-06-22T12:00:50+00:00\",\"author\":{\"@id\":\"https:\\\/\\\/www.abd-bvd.be\\\/fr\\\/#\\\/schema\\\/person\\\/b6755b61a1d8f94d075def4981f46068\"},\"breadcrumb\":{\"@id\":\"https:\\\/\\\/www.abd-bvd.be\\\/fr\\\/doc-moments\\\/juin-2017\\\/#breadcrumb\"},\"inLanguage\":\"fr-FR\",\"potentialAction\":[{\"@type\":\"ReadAction\",\"target\":[\"https:\\\/\\\/www.abd-bvd.be\\\/fr\\\/doc-moments\\\/juin-2017\\\/\"]}]},{\"@type\":\"BreadcrumbList\",\"@id\":\"https:\\\/\\\/www.abd-bvd.be\\\/fr\\\/doc-moments\\\/juin-2017\\\/#breadcrumb\",\"itemListElement\":[{\"@type\":\"ListItem\",\"position\":1,\"name\":\"Accueil\",\"item\":\"https:\\\/\\\/www.abd-bvd.be\\\/fr\\\/\"},{\"@type\":\"ListItem\",\"position\":2,\"name\":\"Juin 2017 &#8211; Mise en commun de l&rsquo;information en entreprise. Retours d&rsquo;exp\u00e9riences.\"}]},{\"@type\":\"WebSite\",\"@id\":\"https:\\\/\\\/www.abd-bvd.be\\\/fr\\\/#website\",\"url\":\"https:\\\/\\\/www.abd-bvd.be\\\/fr\\\/\",\"name\":\"ABD-BVD\",\"description\":\"Association Belge de documentation - Belgische verniging voor documentatie\",\"potentialAction\":[{\"@type\":\"SearchAction\",\"target\":{\"@type\":\"EntryPoint\",\"urlTemplate\":\"https:\\\/\\\/www.abd-bvd.be\\\/fr\\\/?s={search_term_string}\"},\"query-input\":{\"@type\":\"PropertyValueSpecification\",\"valueRequired\":true,\"valueName\":\"search_term_string\"}}],\"inLanguage\":\"fr-FR\"},{\"@type\":\"Person\",\"@id\":\"https:\\\/\\\/www.abd-bvd.be\\\/fr\\\/#\\\/schema\\\/person\\\/b6755b61a1d8f94d075def4981f46068\",\"name\":\"Catherine G\u00e9rard\",\"image\":{\"@type\":\"ImageObject\",\"inLanguage\":\"fr-FR\",\"@id\":\"https:\\\/\\\/secure.gravatar.com\\\/avatar\\\/056de6abd907d96ee36216f287a04afb1792e8f76d2bb0915afff30cd81c37a2?s=96&d=mm&r=g\",\"url\":\"https:\\\/\\\/secure.gravatar.com\\\/avatar\\\/056de6abd907d96ee36216f287a04afb1792e8f76d2bb0915afff30cd81c37a2?s=96&d=mm&r=g\",\"contentUrl\":\"https:\\\/\\\/secure.gravatar.com\\\/avatar\\\/056de6abd907d96ee36216f287a04afb1792e8f76d2bb0915afff30cd81c37a2?s=96&d=mm&r=g\",\"caption\":\"Catherine G\u00e9rard\"},\"url\":\"https:\\\/\\\/www.abd-bvd.be\\\/fr\\\/author\\\/catherine-gerard\\\/\"}]}<\/script>\n<!-- \/ Yoast SEO plugin. -->","yoast_head_json":{"title":"Juin 2017 - Mise en commun de l'information en entreprise. Retours d'exp\u00e9riences. - ABD-BVD","robots":{"index":"index","follow":"follow","max-snippet":"max-snippet:-1","max-image-preview":"max-image-preview:large","max-video-preview":"max-video-preview:-1"},"canonical":"https:\/\/www.abd-bvd.be\/fr\/doc-moments\/juin-2017\/","og_locale":"fr_FR","og_type":"article","og_title":"Juin 2017 - Mise en commun de l'information en entreprise. Retours d'exp\u00e9riences. - ABD-BVD","og_description":"Plus de collaboration interne : un impact positif inattendu suite \u00e0 la combinaison de la gestion des documents et du syst\u00e8me de gestion int\u00e9gr\u00e9 mis en \u0153uvre \u00e0 SCK\u2022CEN ! par Danielle Couvreur, Knowledge Manager, Centre d\u2019\u00c9tude de l\u2019\u00c9nergie Nucl\u00e9aire (SCK\u2022CEN) Le SCK\u2022CEN \u2013 le centre belge de recherche nucl\u00e9aire \u2013 a mis en place [&hellip;]","og_url":"https:\/\/www.abd-bvd.be\/fr\/doc-moments\/juin-2017\/","og_site_name":"ABD-BVD","article_published_time":"2017-06-20T15:00:46+00:00","article_modified_time":"2017-06-22T12:00:50+00:00","author":"Catherine G\u00e9rard","twitter_card":"summary_large_image","twitter_misc":{"\u00c9crit par":"Catherine G\u00e9rard","Dur\u00e9e de lecture estim\u00e9e":"1 minute"},"schema":{"@context":"https:\/\/schema.org","@graph":[{"@type":"Article","@id":"https:\/\/www.abd-bvd.be\/fr\/doc-moments\/juin-2017\/#article","isPartOf":{"@id":"https:\/\/www.abd-bvd.be\/fr\/doc-moments\/juin-2017\/"},"author":{"name":"Catherine G\u00e9rard","@id":"https:\/\/www.abd-bvd.be\/fr\/#\/schema\/person\/b6755b61a1d8f94d075def4981f46068"},"headline":"Juin 2017 &#8211; Mise en commun de l&rsquo;information en entreprise. Retours d&rsquo;exp\u00e9riences.","datePublished":"2017-06-20T15:00:46+00:00","dateModified":"2017-06-22T12:00:50+00:00","mainEntityOfPage":{"@id":"https:\/\/www.abd-bvd.be\/fr\/doc-moments\/juin-2017\/"},"wordCount":210,"articleSection":["Doc'Moments"],"inLanguage":"fr-FR"},{"@type":"WebPage","@id":"https:\/\/www.abd-bvd.be\/fr\/doc-moments\/juin-2017\/","url":"https:\/\/www.abd-bvd.be\/fr\/doc-moments\/juin-2017\/","name":"Juin 2017 - Mise en commun de l'information en entreprise. Retours d'exp\u00e9riences. - ABD-BVD","isPartOf":{"@id":"https:\/\/www.abd-bvd.be\/fr\/#website"},"datePublished":"2017-06-20T15:00:46+00:00","dateModified":"2017-06-22T12:00:50+00:00","author":{"@id":"https:\/\/www.abd-bvd.be\/fr\/#\/schema\/person\/b6755b61a1d8f94d075def4981f46068"},"breadcrumb":{"@id":"https:\/\/www.abd-bvd.be\/fr\/doc-moments\/juin-2017\/#breadcrumb"},"inLanguage":"fr-FR","potentialAction":[{"@type":"ReadAction","target":["https:\/\/www.abd-bvd.be\/fr\/doc-moments\/juin-2017\/"]}]},{"@type":"BreadcrumbList","@id":"https:\/\/www.abd-bvd.be\/fr\/doc-moments\/juin-2017\/#breadcrumb","itemListElement":[{"@type":"ListItem","position":1,"name":"Accueil","item":"https:\/\/www.abd-bvd.be\/fr\/"},{"@type":"ListItem","position":2,"name":"Juin 2017 &#8211; Mise en commun de l&rsquo;information en entreprise. Retours d&rsquo;exp\u00e9riences."}]},{"@type":"WebSite","@id":"https:\/\/www.abd-bvd.be\/fr\/#website","url":"https:\/\/www.abd-bvd.be\/fr\/","name":"ABD-BVD","description":"Association Belge de documentation - Belgische verniging voor documentatie","potentialAction":[{"@type":"SearchAction","target":{"@type":"EntryPoint","urlTemplate":"https:\/\/www.abd-bvd.be\/fr\/?s={search_term_string}"},"query-input":{"@type":"PropertyValueSpecification","valueRequired":true,"valueName":"search_term_string"}}],"inLanguage":"fr-FR"},{"@type":"Person","@id":"https:\/\/www.abd-bvd.be\/fr\/#\/schema\/person\/b6755b61a1d8f94d075def4981f46068","name":"Catherine G\u00e9rard","image":{"@type":"ImageObject","inLanguage":"fr-FR","@id":"https:\/\/secure.gravatar.com\/avatar\/056de6abd907d96ee36216f287a04afb1792e8f76d2bb0915afff30cd81c37a2?s=96&d=mm&r=g","url":"https:\/\/secure.gravatar.com\/avatar\/056de6abd907d96ee36216f287a04afb1792e8f76d2bb0915afff30cd81c37a2?s=96&d=mm&r=g","contentUrl":"https:\/\/secure.gravatar.com\/avatar\/056de6abd907d96ee36216f287a04afb1792e8f76d2bb0915afff30cd81c37a2?s=96&d=mm&r=g","caption":"Catherine G\u00e9rard"},"url":"https:\/\/www.abd-bvd.be\/fr\/author\/catherine-gerard\/"}]}},"_links":{"self":[{"href":"https:\/\/www.abd-bvd.be\/fr\/wp-json\/wp\/v2\/posts\/8910","targetHints":{"allow":["GET"]}}],"collection":[{"href":"https:\/\/www.abd-bvd.be\/fr\/wp-json\/wp\/v2\/posts"}],"about":[{"href":"https:\/\/www.abd-bvd.be\/fr\/wp-json\/wp\/v2\/types\/post"}],"author":[{"embeddable":true,"href":"https:\/\/www.abd-bvd.be\/fr\/wp-json\/wp\/v2\/users\/11"}],"replies":[{"embeddable":true,"href":"https:\/\/www.abd-bvd.be\/fr\/wp-json\/wp\/v2\/comments?post=8910"}],"version-history":[{"count":0,"href":"https:\/\/www.abd-bvd.be\/fr\/wp-json\/wp\/v2\/posts\/8910\/revisions"}],"wp:attachment":[{"href":"https:\/\/www.abd-bvd.be\/fr\/wp-json\/wp\/v2\/media?parent=8910"}],"wp:term":[{"taxonomy":"category","embeddable":true,"href":"https:\/\/www.abd-bvd.be\/fr\/wp-json\/wp\/v2\/categories?post=8910"},{"taxonomy":"post_tag","embeddable":true,"href":"https:\/\/www.abd-bvd.be\/fr\/wp-json\/wp\/v2\/tags?post=8910"}],"curies":[{"name":"wp","href":"https:\/\/api.w.org\/{rel}","templated":true}]}}