{"id":7585,"date":"2017-01-07T16:38:10","date_gmt":"2017-01-07T15:38:10","guid":{"rendered":"http:\/\/www.abd-bvd.be\/?p=7585\/"},"modified":"2017-01-11T18:02:53","modified_gmt":"2017-01-11T17:02:53","slug":"docmoment-fev2017","status":"publish","type":"post","link":"https:\/\/www.abd-bvd.be\/fr\/agenda\/docmoment-fev2017\/","title":{"rendered":"Doc&rsquo;Moment <br>La num\u00e9risation des fonds musicaux de la Biblioth\u00e8que royale de Belgique"},"content":{"rendered":"<p><strong>Doc\u2019Moment : les rendez-vous de l\u2019ABD-BVD \u2013 Mardi 7 f\u00e9vrier 2017 (14:00 \u2013 17:00)<\/strong><\/p>\n<p style=\"text-align: right;\"><span class=\"file-button\"><a href=\"https:\/\/www.abd-bvd.be\/activites-evenements\/sinscrire-a-un-docmoment\/\">S&rsquo;inscrire au Doc&rsquo;Moment<\/a><\/span><\/p>\n<h2>La num\u00e9risation des fonds musicaux de la Biblioth\u00e8que royale de Belgique<\/h2>\n<p>par\u00a0Fr\u00e9d\u00e9ric<strong> Lemmers<\/strong>, responsable de la num\u00e9risation des collections, Biblioth\u00e8que royale de Belgique<\/p>\n<p>L&rsquo;orateur nous parlera tout d\u2019abord de la num\u00e9risation des fonds de musique manuscrite et imprim\u00e9e de la Biblioth\u00e8que royale de Belgique. Il exposera ensuite les op\u00e9rations de num\u00e9risation des fonds de musique enregistr\u00e9e sur disques 78 tours. Enfin, d\u00e8s 16h, une visite guid\u00e9e du service num\u00e9risation de la KBR, vous sera propos\u00e9e.<\/p>\n<p>&nbsp;<\/p>\n<p>Les expos\u00e9s et la visite se d\u00e9rouleront\u00a0en <strong>fran\u00e7ais <\/strong>et en<strong> n\u00e9erlandais<\/strong>.<\/p>\n<p><em>Lieu\u00a0<\/em>: Biblioth\u00e8que royale de Belgique \u2013 Salle Park room (2<sup>e<\/sup>\u00a0\u00e9tage)<\/p>\n<p><em>Adresse<\/em>\u00a0: Boulevard de l\u2019Empereur 2, \u00e0 1000 Bruxelles<\/p>\n<p><strong>Attention<\/strong>\u00a0: Pour des raisons de s\u00e9curit\u00e9, la Biblioth\u00e8que royale a d\u00e9cid\u00e9 de n\u2019ouvrir en ce moment que l\u2019entr\u00e9e\u00a0situ\u00e9e dans le jardin du Mont des Arts (entr\u00e9e n\u00b01 sur le plan d\u2019acc\u00e8s). \u00c0 l\u2019entr\u00e9e, un renforcement du contr\u00f4le a \u00e9t\u00e9 mis en place.<\/p>\n<p><strong>Plan d&rsquo;acc\u00e8s<\/strong><br \/>\n<span class=\"file-button\"><a href=\"http:\/\/www.kbr.be\/sites\/default\/files\/content\/pdf\/Praktisch_pratique\/bereikbaarheidsplan_plandacces.pdf\">T\u00e9l\u00e9charger (FR-NL)<\/a><\/span><\/p>\n<p><strong>Gratuit pour les membres<\/strong>\u00a0(25 \u20ac pour les non-membres)<\/p>\n<p style=\"text-align: right;\"><span class=\"file-button\"><a href=\"https:\/\/www.abd-bvd.be\/activites-evenements\/sinscrire-a-un-docmoment\/\">S&rsquo;inscrire au Doc&rsquo;Moment<\/a><\/span><\/p>\n<p>&nbsp;<\/p>\n","protected":false},"excerpt":{"rendered":"<p>Doc\u2019Moment : les rendez-vous de l\u2019ABD-BVD \u2013 Mardi 7 f\u00e9vrier 2017 (14:00 \u2013 17:00) S&rsquo;inscrire au Doc&rsquo;Moment La num\u00e9risation des fonds musicaux de la Biblioth\u00e8que royale de Belgique par\u00a0Fr\u00e9d\u00e9ric Lemmers, responsable de la num\u00e9risation des collections, Biblioth\u00e8que royale de Belgique L&rsquo;orateur nous parlera tout d\u2019abord de la num\u00e9risation des fonds de musique manuscrite et imprim\u00e9e [&hellip;]<\/p>\n","protected":false},"author":5,"featured_media":0,"comment_status":"closed","ping_status":"open","sticky":false,"template":"","format":"standard","meta":{"_acf_changed":false,"footnotes":"","_wpscppro_dont_share_socialmedia":false,"_wpscppro_custom_social_share_image":0,"_facebook_share_type":"","_twitter_share_type":"","_linkedin_share_type":"","_pinterest_share_type":"","_linkedin_share_type_page":"","_instagram_share_type":"","_medium_share_type":"","_threads_share_type":"","_google_business_share_type":"","_selected_social_profile":[],"_wpsp_enable_custom_social_template":false,"_wpsp_social_scheduling":{"enabled":false,"datetime":null,"platforms":[],"status":"template_only","dateOption":"today","timeOption":"now","customDays":"","customHours":"","customDate":"","customTime":"","schedulingType":"absolute"},"_wpsp_active_default_template":true},"categories":[67],"tags":[],"class_list":["post-7585","post","type-post","status-publish","format-standard","hentry","category-agenda"],"acf":[],"yoast_head":"<!-- This site is optimized with the Yoast SEO plugin v27.5 - https:\/\/yoast.com\/product\/yoast-seo-wordpress\/ -->\n<title>Doc&#039;Moment La num\u00e9risation des fonds musicaux de la Biblioth\u00e8que royale de Belgique - ABD-BVD<\/title>\n<meta name=\"description\" content=\"Le 7 f\u00e9vrier, l&#039;ABD-BVD organise un Doc&#039;Moment sur la num\u00e9risation des fonds musicaux de la Biblioth\u00e8que royale de Belgique.\" \/>\n<meta name=\"robots\" content=\"index, follow, max-snippet:-1, max-image-preview:large, max-video-preview:-1\" \/>\n<link rel=\"canonical\" href=\"https:\/\/www.abd-bvd.be\/fr\/agenda\/docmoment-fev2017\/\" \/>\n<meta property=\"og:locale\" content=\"fr_FR\" \/>\n<meta property=\"og:type\" content=\"article\" \/>\n<meta property=\"og:title\" content=\"Doc&#039;Moment La num\u00e9risation des fonds musicaux de la Biblioth\u00e8que royale de Belgique - ABD-BVD\" \/>\n<meta property=\"og:description\" content=\"Le 7 f\u00e9vrier, l&#039;ABD-BVD organise un Doc&#039;Moment sur la num\u00e9risation des fonds musicaux de la Biblioth\u00e8que royale de Belgique.\" \/>\n<meta property=\"og:url\" content=\"https:\/\/www.abd-bvd.be\/fr\/agenda\/docmoment-fev2017\/\" \/>\n<meta property=\"og:site_name\" content=\"ABD-BVD\" \/>\n<meta property=\"article:published_time\" content=\"2017-01-07T15:38:10+00:00\" \/>\n<meta property=\"article:modified_time\" content=\"2017-01-11T17:02:53+00:00\" \/>\n<meta name=\"author\" content=\"Guy Delsaut\" \/>\n<meta name=\"twitter:card\" content=\"summary_large_image\" \/>\n<meta name=\"twitter:label1\" content=\"\u00c9crit par\" \/>\n\t<meta name=\"twitter:data1\" content=\"Guy Delsaut\" \/>\n\t<meta name=\"twitter:label2\" content=\"Dur\u00e9e de lecture estim\u00e9e\" \/>\n\t<meta name=\"twitter:data2\" content=\"1 minute\" \/>\n<script type=\"application\/ld+json\" class=\"yoast-schema-graph\">{\"@context\":\"https:\\\/\\\/schema.org\",\"@graph\":[{\"@type\":\"Article\",\"@id\":\"https:\\\/\\\/www.abd-bvd.be\\\/fr\\\/agenda\\\/docmoment-fev2017\\\/#article\",\"isPartOf\":{\"@id\":\"https:\\\/\\\/www.abd-bvd.be\\\/fr\\\/agenda\\\/docmoment-fev2017\\\/\"},\"author\":{\"name\":\"Guy Delsaut\",\"@id\":\"https:\\\/\\\/www.abd-bvd.be\\\/fr\\\/#\\\/schema\\\/person\\\/b16d2027ba7bd24752b02f45e6c2d628\"},\"headline\":\"Doc&rsquo;Moment La num\u00e9risation des fonds musicaux de la Biblioth\u00e8que royale de Belgique\",\"datePublished\":\"2017-01-07T15:38:10+00:00\",\"dateModified\":\"2017-01-11T17:02:53+00:00\",\"mainEntityOfPage\":{\"@id\":\"https:\\\/\\\/www.abd-bvd.be\\\/fr\\\/agenda\\\/docmoment-fev2017\\\/\"},\"wordCount\":233,\"articleSection\":[\"Agenda\"],\"inLanguage\":\"fr-FR\"},{\"@type\":\"WebPage\",\"@id\":\"https:\\\/\\\/www.abd-bvd.be\\\/fr\\\/agenda\\\/docmoment-fev2017\\\/\",\"url\":\"https:\\\/\\\/www.abd-bvd.be\\\/fr\\\/agenda\\\/docmoment-fev2017\\\/\",\"name\":\"Doc'Moment La num\u00e9risation des fonds musicaux de la Biblioth\u00e8que royale de Belgique - ABD-BVD\",\"isPartOf\":{\"@id\":\"https:\\\/\\\/www.abd-bvd.be\\\/fr\\\/#website\"},\"datePublished\":\"2017-01-07T15:38:10+00:00\",\"dateModified\":\"2017-01-11T17:02:53+00:00\",\"author\":{\"@id\":\"https:\\\/\\\/www.abd-bvd.be\\\/fr\\\/#\\\/schema\\\/person\\\/b16d2027ba7bd24752b02f45e6c2d628\"},\"description\":\"Le 7 f\u00e9vrier, l'ABD-BVD organise un Doc'Moment sur la num\u00e9risation des fonds musicaux de la Biblioth\u00e8que royale de Belgique.\",\"breadcrumb\":{\"@id\":\"https:\\\/\\\/www.abd-bvd.be\\\/fr\\\/agenda\\\/docmoment-fev2017\\\/#breadcrumb\"},\"inLanguage\":\"fr-FR\",\"potentialAction\":[{\"@type\":\"ReadAction\",\"target\":[\"https:\\\/\\\/www.abd-bvd.be\\\/fr\\\/agenda\\\/docmoment-fev2017\\\/\"]}]},{\"@type\":\"BreadcrumbList\",\"@id\":\"https:\\\/\\\/www.abd-bvd.be\\\/fr\\\/agenda\\\/docmoment-fev2017\\\/#breadcrumb\",\"itemListElement\":[{\"@type\":\"ListItem\",\"position\":1,\"name\":\"Accueil\",\"item\":\"https:\\\/\\\/www.abd-bvd.be\\\/fr\\\/\"},{\"@type\":\"ListItem\",\"position\":2,\"name\":\"Doc&rsquo;Moment La num\u00e9risation des fonds musicaux de la Biblioth\u00e8que royale de Belgique\"}]},{\"@type\":\"WebSite\",\"@id\":\"https:\\\/\\\/www.abd-bvd.be\\\/fr\\\/#website\",\"url\":\"https:\\\/\\\/www.abd-bvd.be\\\/fr\\\/\",\"name\":\"ABD-BVD\",\"description\":\"Association Belge de documentation - Belgische verniging voor documentatie\",\"potentialAction\":[{\"@type\":\"SearchAction\",\"target\":{\"@type\":\"EntryPoint\",\"urlTemplate\":\"https:\\\/\\\/www.abd-bvd.be\\\/fr\\\/?s={search_term_string}\"},\"query-input\":{\"@type\":\"PropertyValueSpecification\",\"valueRequired\":true,\"valueName\":\"search_term_string\"}}],\"inLanguage\":\"fr-FR\"},{\"@type\":\"Person\",\"@id\":\"https:\\\/\\\/www.abd-bvd.be\\\/fr\\\/#\\\/schema\\\/person\\\/b16d2027ba7bd24752b02f45e6c2d628\",\"name\":\"Guy Delsaut\",\"image\":{\"@type\":\"ImageObject\",\"inLanguage\":\"fr-FR\",\"@id\":\"https:\\\/\\\/secure.gravatar.com\\\/avatar\\\/661ab3e27256975e79639c97a039adabdf47fbcdcd1883bad66ee2e8b41bdfa7?s=96&d=mm&r=g\",\"url\":\"https:\\\/\\\/secure.gravatar.com\\\/avatar\\\/661ab3e27256975e79639c97a039adabdf47fbcdcd1883bad66ee2e8b41bdfa7?s=96&d=mm&r=g\",\"contentUrl\":\"https:\\\/\\\/secure.gravatar.com\\\/avatar\\\/661ab3e27256975e79639c97a039adabdf47fbcdcd1883bad66ee2e8b41bdfa7?s=96&d=mm&r=g\",\"caption\":\"Guy Delsaut\"},\"url\":\"https:\\\/\\\/www.abd-bvd.be\\\/fr\\\/author\\\/guy-delsaut\\\/\"}]}<\/script>\n<!-- \/ Yoast SEO plugin. -->","yoast_head_json":{"title":"Doc'Moment La num\u00e9risation des fonds musicaux de la Biblioth\u00e8que royale de Belgique - ABD-BVD","description":"Le 7 f\u00e9vrier, l'ABD-BVD organise un Doc'Moment sur la num\u00e9risation des fonds musicaux de la Biblioth\u00e8que royale de Belgique.","robots":{"index":"index","follow":"follow","max-snippet":"max-snippet:-1","max-image-preview":"max-image-preview:large","max-video-preview":"max-video-preview:-1"},"canonical":"https:\/\/www.abd-bvd.be\/fr\/agenda\/docmoment-fev2017\/","og_locale":"fr_FR","og_type":"article","og_title":"Doc'Moment La num\u00e9risation des fonds musicaux de la Biblioth\u00e8que royale de Belgique - ABD-BVD","og_description":"Le 7 f\u00e9vrier, l'ABD-BVD organise un Doc'Moment sur la num\u00e9risation des fonds musicaux de la Biblioth\u00e8que royale de Belgique.","og_url":"https:\/\/www.abd-bvd.be\/fr\/agenda\/docmoment-fev2017\/","og_site_name":"ABD-BVD","article_published_time":"2017-01-07T15:38:10+00:00","article_modified_time":"2017-01-11T17:02:53+00:00","author":"Guy Delsaut","twitter_card":"summary_large_image","twitter_misc":{"\u00c9crit par":"Guy Delsaut","Dur\u00e9e de lecture estim\u00e9e":"1 minute"},"schema":{"@context":"https:\/\/schema.org","@graph":[{"@type":"Article","@id":"https:\/\/www.abd-bvd.be\/fr\/agenda\/docmoment-fev2017\/#article","isPartOf":{"@id":"https:\/\/www.abd-bvd.be\/fr\/agenda\/docmoment-fev2017\/"},"author":{"name":"Guy Delsaut","@id":"https:\/\/www.abd-bvd.be\/fr\/#\/schema\/person\/b16d2027ba7bd24752b02f45e6c2d628"},"headline":"Doc&rsquo;Moment La num\u00e9risation des fonds musicaux de la Biblioth\u00e8que royale de Belgique","datePublished":"2017-01-07T15:38:10+00:00","dateModified":"2017-01-11T17:02:53+00:00","mainEntityOfPage":{"@id":"https:\/\/www.abd-bvd.be\/fr\/agenda\/docmoment-fev2017\/"},"wordCount":233,"articleSection":["Agenda"],"inLanguage":"fr-FR"},{"@type":"WebPage","@id":"https:\/\/www.abd-bvd.be\/fr\/agenda\/docmoment-fev2017\/","url":"https:\/\/www.abd-bvd.be\/fr\/agenda\/docmoment-fev2017\/","name":"Doc'Moment La num\u00e9risation des fonds musicaux de la Biblioth\u00e8que royale de Belgique - ABD-BVD","isPartOf":{"@id":"https:\/\/www.abd-bvd.be\/fr\/#website"},"datePublished":"2017-01-07T15:38:10+00:00","dateModified":"2017-01-11T17:02:53+00:00","author":{"@id":"https:\/\/www.abd-bvd.be\/fr\/#\/schema\/person\/b16d2027ba7bd24752b02f45e6c2d628"},"description":"Le 7 f\u00e9vrier, l'ABD-BVD organise un Doc'Moment sur la num\u00e9risation des fonds musicaux de la Biblioth\u00e8que royale de Belgique.","breadcrumb":{"@id":"https:\/\/www.abd-bvd.be\/fr\/agenda\/docmoment-fev2017\/#breadcrumb"},"inLanguage":"fr-FR","potentialAction":[{"@type":"ReadAction","target":["https:\/\/www.abd-bvd.be\/fr\/agenda\/docmoment-fev2017\/"]}]},{"@type":"BreadcrumbList","@id":"https:\/\/www.abd-bvd.be\/fr\/agenda\/docmoment-fev2017\/#breadcrumb","itemListElement":[{"@type":"ListItem","position":1,"name":"Accueil","item":"https:\/\/www.abd-bvd.be\/fr\/"},{"@type":"ListItem","position":2,"name":"Doc&rsquo;Moment La num\u00e9risation des fonds musicaux de la Biblioth\u00e8que royale de Belgique"}]},{"@type":"WebSite","@id":"https:\/\/www.abd-bvd.be\/fr\/#website","url":"https:\/\/www.abd-bvd.be\/fr\/","name":"ABD-BVD","description":"Association Belge de documentation - Belgische verniging voor documentatie","potentialAction":[{"@type":"SearchAction","target":{"@type":"EntryPoint","urlTemplate":"https:\/\/www.abd-bvd.be\/fr\/?s={search_term_string}"},"query-input":{"@type":"PropertyValueSpecification","valueRequired":true,"valueName":"search_term_string"}}],"inLanguage":"fr-FR"},{"@type":"Person","@id":"https:\/\/www.abd-bvd.be\/fr\/#\/schema\/person\/b16d2027ba7bd24752b02f45e6c2d628","name":"Guy Delsaut","image":{"@type":"ImageObject","inLanguage":"fr-FR","@id":"https:\/\/secure.gravatar.com\/avatar\/661ab3e27256975e79639c97a039adabdf47fbcdcd1883bad66ee2e8b41bdfa7?s=96&d=mm&r=g","url":"https:\/\/secure.gravatar.com\/avatar\/661ab3e27256975e79639c97a039adabdf47fbcdcd1883bad66ee2e8b41bdfa7?s=96&d=mm&r=g","contentUrl":"https:\/\/secure.gravatar.com\/avatar\/661ab3e27256975e79639c97a039adabdf47fbcdcd1883bad66ee2e8b41bdfa7?s=96&d=mm&r=g","caption":"Guy Delsaut"},"url":"https:\/\/www.abd-bvd.be\/fr\/author\/guy-delsaut\/"}]}},"_links":{"self":[{"href":"https:\/\/www.abd-bvd.be\/fr\/wp-json\/wp\/v2\/posts\/7585","targetHints":{"allow":["GET"]}}],"collection":[{"href":"https:\/\/www.abd-bvd.be\/fr\/wp-json\/wp\/v2\/posts"}],"about":[{"href":"https:\/\/www.abd-bvd.be\/fr\/wp-json\/wp\/v2\/types\/post"}],"author":[{"embeddable":true,"href":"https:\/\/www.abd-bvd.be\/fr\/wp-json\/wp\/v2\/users\/5"}],"replies":[{"embeddable":true,"href":"https:\/\/www.abd-bvd.be\/fr\/wp-json\/wp\/v2\/comments?post=7585"}],"version-history":[{"count":0,"href":"https:\/\/www.abd-bvd.be\/fr\/wp-json\/wp\/v2\/posts\/7585\/revisions"}],"wp:attachment":[{"href":"https:\/\/www.abd-bvd.be\/fr\/wp-json\/wp\/v2\/media?parent=7585"}],"wp:term":[{"taxonomy":"category","embeddable":true,"href":"https:\/\/www.abd-bvd.be\/fr\/wp-json\/wp\/v2\/categories?post=7585"},{"taxonomy":"post_tag","embeddable":true,"href":"https:\/\/www.abd-bvd.be\/fr\/wp-json\/wp\/v2\/tags?post=7585"}],"curies":[{"name":"wp","href":"https:\/\/api.w.org\/{rel}","templated":true}]}}