{"id":7139,"date":"2017-01-09T20:22:35","date_gmt":"2017-01-09T19:22:35","guid":{"rendered":"http:\/\/www.abd-bvd.be\/?p=7139\/"},"modified":"2018-01-30T19:44:01","modified_gmt":"2018-01-30T18:44:01","slug":"inforum-2017","status":"publish","type":"post","link":"https:\/\/www.abd-bvd.be\/fr\/agenda\/inforum-2017\/","title":{"rendered":"Inforum 2017 <br\/>Changing publics, changing services"},"content":{"rendered":"<p style=\"text-align: left;\"><strong>Jeudi 18 mai 2017 (09:00 \u2013 17:00)<\/strong><\/p>\n<p style=\"text-align: left;\"><a class=\"lightbox\" href=\"https:\/\/www.abd-bvd.be\/wp-content\/uploads\/Inforum-2017_Affiche_Web.pdf\" target=\"_blank\" rel=\"noopener noreferrer\"><img loading=\"lazy\" decoding=\"async\" width=\"500\" height=\"708\" class=\"size-medium wp-image-8436 aligncenter\" src=\"https:\/\/www.abd-bvd.be\/wp-content\/uploads\/Inforum-2017_affiche_image.jpg\" alt=\"\" srcset=\"https:\/\/www.abd-bvd.be\/wp-content\/uploads\/Inforum-2017_affiche_image.jpg 500w, https:\/\/www.abd-bvd.be\/wp-content\/uploads\/Inforum-2017_affiche_image-212x300.jpg 212w\" sizes=\"auto, (max-width: 500px) 100vw, 500px\" \/><\/a><\/p>\n<p style=\"text-align: right;\"><span class=\"file-button\"><a href=\"https:\/\/www.abd-bvd.be\/fr\/activites-evenements\/sinscrire-linforum\/\">S&rsquo;inscrire \u00e0 l&rsquo;Inforum<\/a><\/span><\/p>\n<h2>Matin<\/h2>\n<p>Mod\u00e9rateur : <strong>Filip Callewaert<\/strong>, Responsable de la gestion de l&rsquo;information et des Archives, Gemeentelijk Havenbedrijf Antwerpen<\/p>\n<h3><span style=\"color: #808080;\">9:00-9:30<\/span> Accueil<\/h3>\n<h3><span style=\"color: #808080;\">9:30-9:45<\/span> Introduction et pr\u00e9sentation\u00a0 de la journ\u00e9e<\/h3>\n<p><strong>Guy Delsaut<\/strong>,\u00a0Pr\u00e9sident, ABD-BVD<br \/>\n<strong>Sara Lammens<\/strong>, Directeur g\u00e9n\u00e9ral a.i.,\u00a0Biblioth\u00e8que royale de Belgique<br \/>\n<strong>Marc Van den Bergh<\/strong>, Vice-pr\u00e9sident et Co\u00f6rdinateur de l&rsquo;Inforum 2017, ABD-BVD<\/p>\n<h3><span style=\"color: #808080;\">9:45-10:30<\/span> L\u2019\u00e9volution de la fonction documentaire\u00a0: usagers, structures et professionnels de l\u2019information-documentation<\/h3>\n<p>par <strong>Sophie Ranjard<\/strong>, Responsable des \u00e9tudes, Kynos<\/p>\n<p style=\"text-align: justify;\">Le paysage documentaire s\u2019est durablement modifi\u00e9 dans les entreprises avec la d\u00e9mat\u00e9rialisation des donn\u00e9es et la mise \u00e0 disposition de contenus plus riches et plus accessibles pour les usagers. D\u00e8s lors, les structures documentaires ont pu devenir moins visibles dans l\u2019espace informationnel, et ce, bien que les professionnels de l\u2019info-documentation soient toujours actifs au sein des plateformes de veille, des portails documentaires et des diff\u00e9rents services offerts aux usagers. \u00c0 partir d\u2019enqu\u00eates sur les besoins informationnels des usagers et d\u2019\u00e9changes avec les professionnels, on d\u00e9gagera quelques cl\u00e9s de repositionnement interne pour les pros de la documentation.<\/p>\n<h3><span style=\"color: #808080;\">10:30-11:00<\/span> Pause<\/h3>\n<p>offerte par<\/p>\n<p><a href=\"http:\/\/www.jlbinfo.com\/\" target=\"_blank\" rel=\"noopener noreferrer\"><img loading=\"lazy\" decoding=\"async\" class=\"alignnone wp-image-7811\" src=\"https:\/\/www.abd-bvd.be\/wp-content\/uploads\/JLB-logo.png\" alt=\"\" width=\"138\" height=\"60\" \/><\/a><\/p>\n<h3><span style=\"color: #808080;\">11:00-11:45 <\/span>Quel r\u00f4le pour les biblioth\u00e8ques scientifiques dans un environnement d\u2019\u00e9tude et de publication en mutation\u00a0?<\/h3>\n<p>par <strong>Hilde Van Kiel<\/strong>, Directrice des biblioth\u00e8ques de la KU Leuven<\/p>\n<p style=\"text-align: justify;\">L\u2019enseignement acad\u00e9mique a subi ces derni\u00e8res ann\u00e9es de profondes modifications : plus d\u2019auto-apprentissage, plus de travail de groupe, moins d\u2019enseignement ex cathedra. Dans les prochaines ann\u00e9es, nous assisterons \u00e0 des \u00e9volutions encore plus marqu\u00e9es o\u00f9 enseignement et recherche se rapprocheront encore plus. Comment nos biblioth\u00e8ques scientifiques ont-elles ressenti ces modifications, et comment dans le futur allons-nous nous adapter d\u2019une mani\u00e8re ad\u00e9quate ? Comment mesurerons-nous que ces adaptations auront satisfait aux attentes ?<\/p>\n<p style=\"text-align: justify;\">Pour les biblioth\u00e8ques, l\u2019\u00e9volution de l\u2019enseignement s\u2019est principalement ressentie sur le plan spatial, mais le noyau absolu de nos activit\u00e9s, \u00e0 savoir la fourniture d\u2019information, approche d\u2019un point de basculement. Les pourvoyeurs de fonds, les universit\u00e9s et les chercheurs se rendent compte que le mod\u00e8le de publication actuel peut et doit \u00eatre envisag\u00e9 diff\u00e9remment. Comment les biblioth\u00e8ques s\u2019adaptent-elles et quelles sont les cons\u00e9quences pour notre mod\u00e8le d\u2019implication, pour nos ressources en personnel et pour les attentes des chercheurs envers les biblioth\u00e8ques scientifiques en tant que fournisseurs d\u2019informations ?<\/p>\n<h3><span style=\"color: #808080;\">11:45-12:30<\/span> Tous autour de la table dans les biblioth\u00e8ques d\u2019art et de mus\u00e9es<\/h3>\n<p>par <strong>Ingrid De Pourcq<\/strong>, Biblioth\u00e9caire, Koninklijk Museum voor Schone Kunsten Antwerpen (KMSKA) ; administratrice Overleg Kunstbibliotheken Vlaanderen (OKBV)<\/p>\n<p style=\"text-align: justify;\">L\u2019Overleg Kunstbibliotheken Vlaanderen (OKBV), la plate-forme de concertation des biblioth\u00e8ques d\u2019art flamandes, organise \u00e0 intervalle r\u00e9gulier des tables rondes \u00e0 destination des biblioth\u00e9caires d\u2019art et de mus\u00e9es. C\u2019est le moment choisi par 12 coll\u00e8gues pour discuter de 5 prises de position autour d\u2019un th\u00e8me et d\u2019\u00e9changer des bonnes pratiques.<\/p>\n<p style=\"text-align: justify;\">Les th\u00e8mes varient, mais souvent les m\u00eames questions refont surface\u00a0: pour qui travaillons-nous, que veulent nos utilisateurs, que signifions-nous pour eux\u00a0? Les biblioth\u00e8ques d\u2019art s\u2019adaptent aux souhaits et besoins d\u2019une organisation plus large, d\u2019un mus\u00e9e ou d\u2019une \u00e9cole d\u2019art, leur premier cercle d\u2019utilisateurs&#8230; Chercheurs et \u00e9tudiants veulent trouver de l\u2019information sur un sujet \u00e0 un seul endroit (num\u00e9rique). La collaboration avec les services d\u2019archives, de gestion d\u2019images et de recherches est essentielle pour fournir une information compl\u00e8te sur les collections artistiques et patrimoniales. Des questions nous parviennent d\u2019autres mus\u00e9es, de Belgique ou de l\u2019\u00e9tranger. Comment atteindre le visiteur\u00a0? Quel r\u00f4le jouons-nous dans l\u2019appr\u00e9ciation plus large des collections d\u2019art\u00a0? Quelle est l\u2019influence sur le fonctionnement de la biblioth\u00e8que, sur la communication et la politique des collections\u00a0?<\/p>\n<h2>Lunch<\/h2>\n<h2>Apr\u00e8s-midi<\/h2>\n<p>Mod\u00e9ratrice : <strong>Sophie Vandepontseele<\/strong>, Directrice Collections contemporaines, Biblioth\u00e8que royale de Belgique<\/p>\n<h3><span style=\"color: #808080;\">14:00-14:20<\/span> Remise du Prix ABD-BVD<\/h3>\n<p>par <strong>Sara Decoster<\/strong>,\u00a0Administratrice de l&rsquo;ABD-BVD et\u00a0Membre du jury du Prix ABD-BVD<\/p>\n<h3><span style=\"color: #808080;\">14:20-15:05 <\/span>Nouveaux publics, nouveaux services<\/h3>\n<p>par <strong>Thierry Pard\u00e9<\/strong>, D\u00e9l\u00e9gu\u00e9 \u00e0 la strat\u00e9gie et \u00e0 la recherche, Biblioth\u00e8que nationale de France<\/p>\n<p style=\"text-align: justify;\">La r\u00e9volution num\u00e9rique et l\u2019\u00e9volution des comportements incitent les biblioth\u00e8ques \u00e0 repenser leurs services. Le regard r\u00e9cemment port\u00e9 par des \u00e9l\u00e8ves d\u2019une \u00e9cole de cr\u00e9ation industrielle sur l\u2019offre de la Biblioth\u00e8que nationale de France a permis d\u2019identifier des leviers d\u2019\u00e9volution. Ce souci de renouvellement ne doit cependant pas faire oublier les aspirations des publics actuels des biblioth\u00e8ques, souvent moins inquiets que celles-ci sur leur r\u00f4le dans la soci\u00e9t\u00e9. En prenant l\u2019exemple d\u2019enqu\u00eates r\u00e9centes, nous d\u00e9gagerons quelques fondamentaux des usages qui, sans freiner les \u00e9volutions n\u00e9cessaires, pr\u00e9servent les biblioth\u00e8ques de devenir des espaces culturels informels et indiff\u00e9renci\u00e9s.<\/p>\n<h3><span style=\"color: #808080;\">15:05-15:50<\/span> Une maison pleine d\u2019\u00e9tudiants<\/h3>\n<p>par <strong>Leen Lekens<\/strong>, Biblioth\u00e9caire en chef, Muntpunt<\/p>\n<p style=\"text-align: justify;\">Depuis quelques ann\u00e9es, un nouveau ph\u00e9nom\u00e8ne se produit, de jeunes personnes (\u00e9tudiants et \u00e9l\u00e8ves) ont d\u00e9couvert la biblioth\u00e8que et viennent y travailler. Ce nouveau groupe d\u2019utilisateurs a trouv\u00e9 spontan\u00e9ment le chemin vers nos biblioth\u00e8ques. Ils sont \u00e0 la recherche de silence et d\u2019un environnement qui les encourage \u00e0 ne pas se laisser d\u00e9tourner par les m\u00e9dias sociaux. L\u2019exemple du Muntpunt, la biblioth\u00e8que principale flamande de Bruxelles, montre que les \u00e9tudiants avaient d\u00e9j\u00e0 trouv\u00e9 bien plus t\u00f4t le chemin vers la biblioth\u00e8que. Bien que le Muntpunt n\u2019ait jamais fait campagne en vue de se profiler comme lieu d\u2019\u00e9tude, les \u00e9tudiants font actuellement un usage massif de ce service. Un tour d\u2019horizon sur un int\u00e9ressant groupe d\u2019utilisateurs qui ne laisse personne indiff\u00e9rent.<\/p>\n<h3><span style=\"color: #808080;\">15:50-16:00 <\/span>Cl\u00f4ture de la journ\u00e9e<\/h3>\n<p>par <strong>Marc Van den Bergh<\/strong>, Vice-pr\u00e9sident et\u00a0Coordinateur Inforum 2017, ABD-BVD<\/p>\n<h3><span style=\"color: #808080;\">16:00-17:00<\/span> R\u00e9ception<\/h3>\n<h2><strong>Informations pratiques<\/strong><\/h2>\n<p><strong>Date <\/strong>: jeudi 18 mai 2017<\/p>\n<p><strong>Lieu <\/strong>: Salle Lippens, Biblioth\u00e8que royale de Belgique, Boulevard de l&rsquo;Empereur 2, 1000 Bruxelles<\/p>\n<p><strong>Langues <\/strong>: Une traduction simultan\u00e9e n\u00e9erlandais\/fran\u00e7ais et fran\u00e7ais\/n\u00e9erlandais sera assur\u00e9e.<\/p>\n<p><strong>Frais d&rsquo;inscription<\/strong> :<\/p>\n<table>\n<tbody>\n<tr>\n<td><\/td>\n<td style=\"text-align: center;\">membres ABD-BVD<\/td>\n<td style=\"text-align: center;\">membres des<br \/>\nassociations soeurs (*)<\/td>\n<td style=\"text-align: center;\">non-membres<\/td>\n<\/tr>\n<tr>\n<td>Conf\u00e9rence<\/td>\n<td style=\"text-align: center;\">gratuit<\/td>\n<td style=\"text-align: center;\">100 \u20ac<\/td>\n<td style=\"text-align: center;\">200 \u20ac<\/td>\n<\/tr>\n<tr>\n<td>Lunch<\/td>\n<td style=\"text-align: center;\">25 \u20ac<\/td>\n<td style=\"text-align: center;\">25 \u20ac<\/td>\n<td style=\"text-align: center;\">25 \u20ac<\/td>\n<\/tr>\n<\/tbody>\n<\/table>\n<p>(*) Moyennant preuve de votre appartenance \u00e0 une des associations suivantes, vous profitez du tarif pr\u00e9f\u00e9rentiel\u00a0:<\/p>\n<p>AAFB, ABBEF, ABF, ADBS, AGBD, AIFBD, APDB, ALBAD, BIBForum, BIS, CILIP, DGI, FAF, Fedisa Belgium, FELNET, FIBBC, KEI, KNVI, OKVB, RBD Sant\u00e9 ou VVBAD.<\/p>\n<p>L&rsquo;inscription \u00e0 la conf\u00e9rence comprend l&rsquo;acc\u00e8s \u00e0 l&rsquo;auditoire, les caf\u00e9s\/rafra\u00eechissements et la documentation.<\/p>\n<p>L&rsquo;affiliation \u00e0 l\u2019ABD-BVD peut se faire <a href=\"https:\/\/www.abd-bvd.be\/a-propos\/devenir-membre\/\">en ligne sur ce site<\/a>. L&rsquo;affiliation offre de nombreux avantages et s&rsquo;\u00e9l\u00e8ve \u00e0 un montant variant de 12,50 \u20ac pour les \u00e9tudiants \u00e0 150 \u20ac pour les soci\u00e9t\u00e9s et institutions.<\/p>\n<p style=\"text-align: right;\"><span class=\"file-button\"><a href=\"https:\/\/www.abd-bvd.be\/fr\/activites-evenements\/sinscrire-linforum\/\">S&rsquo;inscrire \u00e0 l&rsquo;Inforum<\/a><\/span><\/p>\n<p><strong>Annulation :<\/strong><\/p>\n<p>Le participant inscrit mais ne pouvant assister \u00e0 la conf\u00e9rence peut se faire remplacer en avertissant le secr\u00e9tariat au minimum 24 heures \u00e0 l\u2019avance par courriel\u00a0: <a href=\"mailto:inforum@abd-bvd.be\">inforum@abd-bvd.be<\/a>. Les annulations (conf\u00e9rence et\/ou lunch) ne seront plus prises en compte apr\u00e8s le\u00a011 mai 2017.<\/p>\n<p><strong>Renseignements :<\/strong><\/p>\n<p>Pour toute information compl\u00e9mentaire, veuillez prendre contact avec l&rsquo;Association Belge de Documentation par courriel : <a href=\"mailto:inforum@abd-bvd.be\">inforum@abd-bvd.be<\/a><\/p>\n<p><strong>Comment se rendre \u00e0 la Biblioth\u00e8que royale de Belgique :<\/strong><\/p>\n<p><strong>Attention<\/strong> : Pour des raisons de s\u00e9curit\u00e9, la Biblioth\u00e8que royale a d\u00e9cid\u00e9 de n\u2019ouvrir en ce moment que l\u2019entr\u00e9e situ\u00e9e dans le jardin du Mont des Arts (entr\u00e9e n\u00b01 sur le plan d\u2019acc\u00e8s). \u00c0 l\u2019entr\u00e9e, un renforcement du contr\u00f4le a \u00e9t\u00e9 mis en place. <strong>Merci d&rsquo;arriver dans les temps.<\/strong><\/p>\n<p><strong>Plan d&rsquo;acc\u00e8s :<span style=\"font-family: Thread-0000112c-Id-000000ad;\"><br \/>\n<\/span><\/strong><span class=\"file-button\"><a href=\"http:\/\/www.kbr.be\/sites\/default\/files\/content\/pdf\/Praktisch_pratique\/bereikbaarheidsplan_plandacces.pdf\" target=\"_blank\" rel=\"noopener noreferrer\"><span style=\"color: #ffffff;\">T\u00e9l\u00e9charger (FR-NL)<\/span><\/a><\/span><\/p>\n<p><strong>Affiche :<\/strong><\/p>\n<p><span class=\"file-button\"><a href=\"https:\/\/www.abd-bvd.be\/wp-content\/uploads\/Inforum-2017_Affiche_Print.pdf\" target=\"_blank\" rel=\"noopener noreferrer\"><span style=\"color: #ffffff;\">T\u00e9l\u00e9charger l&rsquo;affiche en HD<\/span><\/a><\/span><\/p>\n<p><strong>en collaboration avec :<\/strong><\/p>\n<p><a class=\"lightbox\" href=\"http:\/\/www.kbr.be\/\" target=\"_blank\" rel=\"noopener noreferrer\"><img loading=\"lazy\" decoding=\"async\" class=\"wp-image-1722 alignleft\" src=\"https:\/\/www.abd-bvd.be\/wp-content\/uploads\/KBR-logo-2016.png\" alt=\"Biblioth\u00e8que royale de Belgique - logo\" width=\"300\" height=\"105\" \/><\/a><\/p>\n<p>&nbsp;<\/p>\n<p>&nbsp;<\/p>\n<p><strong>avec le soutien de :<\/strong><\/p>\n<table style=\"background-color: #fcfcfc;\">\n<tbody>\n<tr style=\"border-color: #fcfcfc; background-color: #fcfcfc;\">\n<td><a class=\"lightbox\" href=\"https:\/\/www.ebsco.com\/\" target=\"_blank\" rel=\"noopener noreferrer\"><img decoding=\"async\" class=\"wp-image-1722 aligncenter\" src=\"https:\/\/www.abd-bvd.be\/wp-content\/uploads\/EBSCO-logo2017.jpg\" alt=\"EBSCO logo\" width=\"140\" \/><\/a><\/td>\n<td><a class=\"lightbox\" href=\"http:\/\/www.iriscorporate.com\" target=\"_blank\" rel=\"noopener noreferrer\"><img decoding=\"async\" class=\"wp-image-1722 aligncenter\" src=\"https:\/\/www.abd-bvd.be\/wp-content\/uploads\/IRIS_Canon-logo.jpg\" alt=\"IRIS logo\" width=\"110\" \/><\/a><\/td>\n<td><a class=\"lightbox\" href=\"http:\/\/www.jlbinfo.com\/\" target=\"_blank\" rel=\"noopener noreferrer\"><img loading=\"lazy\" decoding=\"async\" class=\"wp-image-1722 vertical-align:center \" src=\"https:\/\/www.abd-bvd.be\/wp-content\/uploads\/JLB-logo.png\" alt=\"JLB Informatique logo\" width=\"120\" height=\"42\" \/><\/a><\/td>\n<\/tr>\n<tr style=\"border-color: #fcfcfc; background-color: #fcfcfc;\">\n<td><a class=\"lightbox\" href=\"http:\/\/www.lminfo.be\/\" target=\"_blank\" rel=\"noopener noreferrer\"><img decoding=\"async\" class=\"wp-image-1722 aligncenter\" src=\"https:\/\/www.abd-bvd.be\/wp-content\/uploads\/logo_lm_2015.png\" alt=\"LM logo\" width=\"110\" \/><\/a><\/td>\n<td><a class=\"lightbox\" href=\"http:\/\/www.partnerpress.be\/\" target=\"_blank\" rel=\"noopener noreferrer\"><img loading=\"lazy\" decoding=\"async\" class=\"wp-image-1722 aligncenter\" src=\"https:\/\/www.abd-bvd.be\/wp-content\/uploads\/PartnerPress-logo.jpg\" alt=\"Partner Press logo\" width=\"180\" height=\"63\" \/><\/a><\/td>\n<td><\/td>\n<\/tr>\n<\/tbody>\n<\/table>\n<p>&nbsp;<\/p>\n<p>&nbsp;<\/p>\n","protected":false},"excerpt":{"rendered":"<p>Jeudi 18 mai 2017 (09:00 \u2013 17:00) S&rsquo;inscrire \u00e0 l&rsquo;Inforum Matin Mod\u00e9rateur : Filip Callewaert, Responsable de la gestion de l&rsquo;information et des Archives, Gemeentelijk Havenbedrijf Antwerpen 9:00-9:30 Accueil 9:30-9:45 Introduction et pr\u00e9sentation\u00a0 de la journ\u00e9e Guy Delsaut,\u00a0Pr\u00e9sident, ABD-BVD Sara Lammens, Directeur g\u00e9n\u00e9ral a.i.,\u00a0Biblioth\u00e8que royale de Belgique Marc Van den Bergh, Vice-pr\u00e9sident et Co\u00f6rdinateur de [&hellip;]<\/p>\n","protected":false},"author":5,"featured_media":0,"comment_status":"closed","ping_status":"open","sticky":false,"template":"","format":"standard","meta":{"_acf_changed":false,"footnotes":"","_wpscppro_dont_share_socialmedia":false,"_wpscppro_custom_social_share_image":0,"_facebook_share_type":"","_twitter_share_type":"","_linkedin_share_type":"","_pinterest_share_type":"","_linkedin_share_type_page":"","_instagram_share_type":"","_medium_share_type":"","_threads_share_type":"","_google_business_share_type":"","_selected_social_profile":[],"_wpsp_enable_custom_social_template":false,"_wpsp_social_scheduling":{"enabled":false,"datetime":null,"platforms":[],"status":"template_only","dateOption":"today","timeOption":"now","customDays":"","customHours":"","customDate":"","customTime":"","schedulingType":"absolute"},"_wpsp_active_default_template":true},"categories":[67],"tags":[],"class_list":["post-7139","post","type-post","status-publish","format-standard","hentry","category-agenda"],"acf":[],"yoast_head":"<!-- This site is optimized with the Yoast SEO plugin v27.4 - https:\/\/yoast.com\/product\/yoast-seo-wordpress\/ -->\n<title>Inforum 2017 Changing publics, changing services - ABD-BVD<\/title>\n<meta name=\"description\" content=\"L\u2019Inforum 2017 \u201cChanging publics, changing services\u201d se d\u00e9roulera le 18 mai \u00e0 la Biblioth\u00e8que royale de Belgique. R\u00e9servez la date dans votre agenda.\" \/>\n<meta name=\"robots\" content=\"index, follow, max-snippet:-1, max-image-preview:large, max-video-preview:-1\" \/>\n<link rel=\"canonical\" href=\"https:\/\/www.abd-bvd.be\/fr\/agenda\/inforum-2017\/\" \/>\n<meta property=\"og:locale\" content=\"fr_FR\" \/>\n<meta property=\"og:type\" content=\"article\" \/>\n<meta property=\"og:title\" content=\"Inforum 2017 Changing publics, changing services - ABD-BVD\" \/>\n<meta property=\"og:description\" content=\"L\u2019Inforum 2017 \u201cChanging publics, changing services\u201d se d\u00e9roulera le 18 mai \u00e0 la Biblioth\u00e8que royale de Belgique. R\u00e9servez la date dans votre agenda.\" \/>\n<meta property=\"og:url\" content=\"https:\/\/www.abd-bvd.be\/fr\/agenda\/inforum-2017\/\" \/>\n<meta property=\"og:site_name\" content=\"ABD-BVD\" \/>\n<meta property=\"article:published_time\" content=\"2017-01-09T19:22:35+00:00\" \/>\n<meta property=\"article:modified_time\" content=\"2018-01-30T18:44:01+00:00\" \/>\n<meta property=\"og:image\" content=\"https:\/\/www.abd-bvd.be\/wp-content\/uploads\/Inforum-2017_affiche_image.jpg\" \/>\n<meta name=\"author\" content=\"Guy Delsaut\" \/>\n<meta name=\"twitter:card\" content=\"summary_large_image\" \/>\n<meta name=\"twitter:label1\" content=\"\u00c9crit par\" \/>\n\t<meta name=\"twitter:data1\" content=\"Guy Delsaut\" \/>\n\t<meta name=\"twitter:label2\" content=\"Dur\u00e9e de lecture estim\u00e9e\" \/>\n\t<meta name=\"twitter:data2\" content=\"6 minutes\" \/>\n<script type=\"application\/ld+json\" class=\"yoast-schema-graph\">{\"@context\":\"https:\\\/\\\/schema.org\",\"@graph\":[{\"@type\":\"Article\",\"@id\":\"https:\\\/\\\/www.abd-bvd.be\\\/fr\\\/agenda\\\/inforum-2017\\\/#article\",\"isPartOf\":{\"@id\":\"https:\\\/\\\/www.abd-bvd.be\\\/fr\\\/agenda\\\/inforum-2017\\\/\"},\"author\":{\"name\":\"Guy Delsaut\",\"@id\":\"https:\\\/\\\/www.abd-bvd.be\\\/fr\\\/#\\\/schema\\\/person\\\/b16d2027ba7bd24752b02f45e6c2d628\"},\"headline\":\"Inforum 2017 Changing publics, changing services\",\"datePublished\":\"2017-01-09T19:22:35+00:00\",\"dateModified\":\"2018-01-30T18:44:01+00:00\",\"mainEntityOfPage\":{\"@id\":\"https:\\\/\\\/www.abd-bvd.be\\\/fr\\\/agenda\\\/inforum-2017\\\/\"},\"wordCount\":1321,\"image\":{\"@id\":\"https:\\\/\\\/www.abd-bvd.be\\\/fr\\\/agenda\\\/inforum-2017\\\/#primaryimage\"},\"thumbnailUrl\":\"https:\\\/\\\/www.abd-bvd.be\\\/wp-content\\\/uploads\\\/Inforum-2017_affiche_image.jpg\",\"articleSection\":[\"Agenda\"],\"inLanguage\":\"fr-FR\"},{\"@type\":\"WebPage\",\"@id\":\"https:\\\/\\\/www.abd-bvd.be\\\/fr\\\/agenda\\\/inforum-2017\\\/\",\"url\":\"https:\\\/\\\/www.abd-bvd.be\\\/fr\\\/agenda\\\/inforum-2017\\\/\",\"name\":\"Inforum 2017 Changing publics, changing services - ABD-BVD\",\"isPartOf\":{\"@id\":\"https:\\\/\\\/www.abd-bvd.be\\\/fr\\\/#website\"},\"primaryImageOfPage\":{\"@id\":\"https:\\\/\\\/www.abd-bvd.be\\\/fr\\\/agenda\\\/inforum-2017\\\/#primaryimage\"},\"image\":{\"@id\":\"https:\\\/\\\/www.abd-bvd.be\\\/fr\\\/agenda\\\/inforum-2017\\\/#primaryimage\"},\"thumbnailUrl\":\"https:\\\/\\\/www.abd-bvd.be\\\/wp-content\\\/uploads\\\/Inforum-2017_affiche_image.jpg\",\"datePublished\":\"2017-01-09T19:22:35+00:00\",\"dateModified\":\"2018-01-30T18:44:01+00:00\",\"author\":{\"@id\":\"https:\\\/\\\/www.abd-bvd.be\\\/fr\\\/#\\\/schema\\\/person\\\/b16d2027ba7bd24752b02f45e6c2d628\"},\"description\":\"L\u2019Inforum 2017 \u201cChanging publics, changing services\u201d se d\u00e9roulera le 18 mai \u00e0 la Biblioth\u00e8que royale de Belgique. R\u00e9servez la date dans votre agenda.\",\"breadcrumb\":{\"@id\":\"https:\\\/\\\/www.abd-bvd.be\\\/fr\\\/agenda\\\/inforum-2017\\\/#breadcrumb\"},\"inLanguage\":\"fr-FR\",\"potentialAction\":[{\"@type\":\"ReadAction\",\"target\":[\"https:\\\/\\\/www.abd-bvd.be\\\/fr\\\/agenda\\\/inforum-2017\\\/\"]}]},{\"@type\":\"ImageObject\",\"inLanguage\":\"fr-FR\",\"@id\":\"https:\\\/\\\/www.abd-bvd.be\\\/fr\\\/agenda\\\/inforum-2017\\\/#primaryimage\",\"url\":\"https:\\\/\\\/www.abd-bvd.be\\\/wp-content\\\/uploads\\\/Inforum-2017_affiche_image.jpg\",\"contentUrl\":\"https:\\\/\\\/www.abd-bvd.be\\\/wp-content\\\/uploads\\\/Inforum-2017_affiche_image.jpg\"},{\"@type\":\"BreadcrumbList\",\"@id\":\"https:\\\/\\\/www.abd-bvd.be\\\/fr\\\/agenda\\\/inforum-2017\\\/#breadcrumb\",\"itemListElement\":[{\"@type\":\"ListItem\",\"position\":1,\"name\":\"Accueil\",\"item\":\"https:\\\/\\\/www.abd-bvd.be\\\/fr\\\/\"},{\"@type\":\"ListItem\",\"position\":2,\"name\":\"Inforum 2017 Changing publics, changing services\"}]},{\"@type\":\"WebSite\",\"@id\":\"https:\\\/\\\/www.abd-bvd.be\\\/fr\\\/#website\",\"url\":\"https:\\\/\\\/www.abd-bvd.be\\\/fr\\\/\",\"name\":\"ABD-BVD\",\"description\":\"Association Belge de documentation - Belgische verniging voor documentatie\",\"potentialAction\":[{\"@type\":\"SearchAction\",\"target\":{\"@type\":\"EntryPoint\",\"urlTemplate\":\"https:\\\/\\\/www.abd-bvd.be\\\/fr\\\/?s={search_term_string}\"},\"query-input\":{\"@type\":\"PropertyValueSpecification\",\"valueRequired\":true,\"valueName\":\"search_term_string\"}}],\"inLanguage\":\"fr-FR\"},{\"@type\":\"Person\",\"@id\":\"https:\\\/\\\/www.abd-bvd.be\\\/fr\\\/#\\\/schema\\\/person\\\/b16d2027ba7bd24752b02f45e6c2d628\",\"name\":\"Guy Delsaut\",\"image\":{\"@type\":\"ImageObject\",\"inLanguage\":\"fr-FR\",\"@id\":\"https:\\\/\\\/secure.gravatar.com\\\/avatar\\\/661ab3e27256975e79639c97a039adabdf47fbcdcd1883bad66ee2e8b41bdfa7?s=96&d=mm&r=g\",\"url\":\"https:\\\/\\\/secure.gravatar.com\\\/avatar\\\/661ab3e27256975e79639c97a039adabdf47fbcdcd1883bad66ee2e8b41bdfa7?s=96&d=mm&r=g\",\"contentUrl\":\"https:\\\/\\\/secure.gravatar.com\\\/avatar\\\/661ab3e27256975e79639c97a039adabdf47fbcdcd1883bad66ee2e8b41bdfa7?s=96&d=mm&r=g\",\"caption\":\"Guy Delsaut\"},\"url\":\"https:\\\/\\\/www.abd-bvd.be\\\/fr\\\/author\\\/guy-delsaut\\\/\"}]}<\/script>\n<!-- \/ Yoast SEO plugin. -->","yoast_head_json":{"title":"Inforum 2017 Changing publics, changing services - ABD-BVD","description":"L\u2019Inforum 2017 \u201cChanging publics, changing services\u201d se d\u00e9roulera le 18 mai \u00e0 la Biblioth\u00e8que royale de Belgique. R\u00e9servez la date dans votre agenda.","robots":{"index":"index","follow":"follow","max-snippet":"max-snippet:-1","max-image-preview":"max-image-preview:large","max-video-preview":"max-video-preview:-1"},"canonical":"https:\/\/www.abd-bvd.be\/fr\/agenda\/inforum-2017\/","og_locale":"fr_FR","og_type":"article","og_title":"Inforum 2017 Changing publics, changing services - ABD-BVD","og_description":"L\u2019Inforum 2017 \u201cChanging publics, changing services\u201d se d\u00e9roulera le 18 mai \u00e0 la Biblioth\u00e8que royale de Belgique. R\u00e9servez la date dans votre agenda.","og_url":"https:\/\/www.abd-bvd.be\/fr\/agenda\/inforum-2017\/","og_site_name":"ABD-BVD","article_published_time":"2017-01-09T19:22:35+00:00","article_modified_time":"2018-01-30T18:44:01+00:00","og_image":[{"url":"https:\/\/www.abd-bvd.be\/wp-content\/uploads\/Inforum-2017_affiche_image.jpg","type":"","width":"","height":""}],"author":"Guy Delsaut","twitter_card":"summary_large_image","twitter_misc":{"\u00c9crit par":"Guy Delsaut","Dur\u00e9e de lecture estim\u00e9e":"6 minutes"},"schema":{"@context":"https:\/\/schema.org","@graph":[{"@type":"Article","@id":"https:\/\/www.abd-bvd.be\/fr\/agenda\/inforum-2017\/#article","isPartOf":{"@id":"https:\/\/www.abd-bvd.be\/fr\/agenda\/inforum-2017\/"},"author":{"name":"Guy Delsaut","@id":"https:\/\/www.abd-bvd.be\/fr\/#\/schema\/person\/b16d2027ba7bd24752b02f45e6c2d628"},"headline":"Inforum 2017 Changing publics, changing services","datePublished":"2017-01-09T19:22:35+00:00","dateModified":"2018-01-30T18:44:01+00:00","mainEntityOfPage":{"@id":"https:\/\/www.abd-bvd.be\/fr\/agenda\/inforum-2017\/"},"wordCount":1321,"image":{"@id":"https:\/\/www.abd-bvd.be\/fr\/agenda\/inforum-2017\/#primaryimage"},"thumbnailUrl":"https:\/\/www.abd-bvd.be\/wp-content\/uploads\/Inforum-2017_affiche_image.jpg","articleSection":["Agenda"],"inLanguage":"fr-FR"},{"@type":"WebPage","@id":"https:\/\/www.abd-bvd.be\/fr\/agenda\/inforum-2017\/","url":"https:\/\/www.abd-bvd.be\/fr\/agenda\/inforum-2017\/","name":"Inforum 2017 Changing publics, changing services - ABD-BVD","isPartOf":{"@id":"https:\/\/www.abd-bvd.be\/fr\/#website"},"primaryImageOfPage":{"@id":"https:\/\/www.abd-bvd.be\/fr\/agenda\/inforum-2017\/#primaryimage"},"image":{"@id":"https:\/\/www.abd-bvd.be\/fr\/agenda\/inforum-2017\/#primaryimage"},"thumbnailUrl":"https:\/\/www.abd-bvd.be\/wp-content\/uploads\/Inforum-2017_affiche_image.jpg","datePublished":"2017-01-09T19:22:35+00:00","dateModified":"2018-01-30T18:44:01+00:00","author":{"@id":"https:\/\/www.abd-bvd.be\/fr\/#\/schema\/person\/b16d2027ba7bd24752b02f45e6c2d628"},"description":"L\u2019Inforum 2017 \u201cChanging publics, changing services\u201d se d\u00e9roulera le 18 mai \u00e0 la Biblioth\u00e8que royale de Belgique. R\u00e9servez la date dans votre agenda.","breadcrumb":{"@id":"https:\/\/www.abd-bvd.be\/fr\/agenda\/inforum-2017\/#breadcrumb"},"inLanguage":"fr-FR","potentialAction":[{"@type":"ReadAction","target":["https:\/\/www.abd-bvd.be\/fr\/agenda\/inforum-2017\/"]}]},{"@type":"ImageObject","inLanguage":"fr-FR","@id":"https:\/\/www.abd-bvd.be\/fr\/agenda\/inforum-2017\/#primaryimage","url":"https:\/\/www.abd-bvd.be\/wp-content\/uploads\/Inforum-2017_affiche_image.jpg","contentUrl":"https:\/\/www.abd-bvd.be\/wp-content\/uploads\/Inforum-2017_affiche_image.jpg"},{"@type":"BreadcrumbList","@id":"https:\/\/www.abd-bvd.be\/fr\/agenda\/inforum-2017\/#breadcrumb","itemListElement":[{"@type":"ListItem","position":1,"name":"Accueil","item":"https:\/\/www.abd-bvd.be\/fr\/"},{"@type":"ListItem","position":2,"name":"Inforum 2017 Changing publics, changing services"}]},{"@type":"WebSite","@id":"https:\/\/www.abd-bvd.be\/fr\/#website","url":"https:\/\/www.abd-bvd.be\/fr\/","name":"ABD-BVD","description":"Association Belge de documentation - Belgische verniging voor documentatie","potentialAction":[{"@type":"SearchAction","target":{"@type":"EntryPoint","urlTemplate":"https:\/\/www.abd-bvd.be\/fr\/?s={search_term_string}"},"query-input":{"@type":"PropertyValueSpecification","valueRequired":true,"valueName":"search_term_string"}}],"inLanguage":"fr-FR"},{"@type":"Person","@id":"https:\/\/www.abd-bvd.be\/fr\/#\/schema\/person\/b16d2027ba7bd24752b02f45e6c2d628","name":"Guy Delsaut","image":{"@type":"ImageObject","inLanguage":"fr-FR","@id":"https:\/\/secure.gravatar.com\/avatar\/661ab3e27256975e79639c97a039adabdf47fbcdcd1883bad66ee2e8b41bdfa7?s=96&d=mm&r=g","url":"https:\/\/secure.gravatar.com\/avatar\/661ab3e27256975e79639c97a039adabdf47fbcdcd1883bad66ee2e8b41bdfa7?s=96&d=mm&r=g","contentUrl":"https:\/\/secure.gravatar.com\/avatar\/661ab3e27256975e79639c97a039adabdf47fbcdcd1883bad66ee2e8b41bdfa7?s=96&d=mm&r=g","caption":"Guy Delsaut"},"url":"https:\/\/www.abd-bvd.be\/fr\/author\/guy-delsaut\/"}]}},"_links":{"self":[{"href":"https:\/\/www.abd-bvd.be\/fr\/wp-json\/wp\/v2\/posts\/7139","targetHints":{"allow":["GET"]}}],"collection":[{"href":"https:\/\/www.abd-bvd.be\/fr\/wp-json\/wp\/v2\/posts"}],"about":[{"href":"https:\/\/www.abd-bvd.be\/fr\/wp-json\/wp\/v2\/types\/post"}],"author":[{"embeddable":true,"href":"https:\/\/www.abd-bvd.be\/fr\/wp-json\/wp\/v2\/users\/5"}],"replies":[{"embeddable":true,"href":"https:\/\/www.abd-bvd.be\/fr\/wp-json\/wp\/v2\/comments?post=7139"}],"version-history":[{"count":0,"href":"https:\/\/www.abd-bvd.be\/fr\/wp-json\/wp\/v2\/posts\/7139\/revisions"}],"wp:attachment":[{"href":"https:\/\/www.abd-bvd.be\/fr\/wp-json\/wp\/v2\/media?parent=7139"}],"wp:term":[{"taxonomy":"category","embeddable":true,"href":"https:\/\/www.abd-bvd.be\/fr\/wp-json\/wp\/v2\/categories?post=7139"},{"taxonomy":"post_tag","embeddable":true,"href":"https:\/\/www.abd-bvd.be\/fr\/wp-json\/wp\/v2\/tags?post=7139"}],"curies":[{"name":"wp","href":"https:\/\/api.w.org\/{rel}","templated":true}]}}