{"id":6749,"date":"2016-10-27T11:05:05","date_gmt":"2016-10-27T09:05:05","guid":{"rendered":"http:\/\/www.abd-bvd.be\/?p=6749"},"modified":"2016-10-27T11:06:43","modified_gmt":"2016-10-27T09:06:43","slug":"docmoment-nov2016","status":"publish","type":"post","link":"https:\/\/www.abd-bvd.be\/fr\/agenda\/docmoment-nov2016\/","title":{"rendered":"Doc&rsquo;Moment <br>Le d\u00e9p\u00f4t l\u00e9gal de la Biblioth\u00e8que royale : un instrument pour la valorisation et la conservation de l\u2019\u00e9dition belge"},"content":{"rendered":"<p><strong>Doc\u2019Moment : les rendez-vous de l\u2019ABD-BVD \u2013 Mercredi 16 novembre 2016 (14:15 &#8211; 16:30)<\/strong><\/p>\n<p style=\"text-align: right;\"><span class=\"file-button\"><a href=\"https:\/\/www.abd-bvd.be\/activites-evenements\/sinscrire-a-un-docmoment\/\">S&rsquo;inscrire au Doc&rsquo;Moment<\/a><\/span><\/p>\n<h2><span lang=\"FR\">Le d\u00e9p\u00f4t l\u00e9gal d\u2019hier et d\u2019aujourd\u2019hui en Belgique<\/span><\/h2>\n<p><span lang=\"FR\">par <strong>Michel Fincoeur<\/strong>, Coordinateur de la cellule prospection et contr\u00f4le, Biblioh\u00e8que royale de Belgique<\/span><\/p>\n<p><span lang=\"NL-BE\">\u00a0<\/span><\/p>\n<h2><span lang=\"FR\">Le d\u00e9p\u00f4t l\u00e9gal de la Biblioth\u00e8que royale \u00e0 l\u2019heure du num\u00e9rique<\/span><\/h2>\n<p><span lang=\"FR\">par <strong>Sophie Vandepontseele<\/strong>, Directrice op\u00e9rationnelle des Collections contemporaines, Biblioh\u00e8que royale de Belgique<\/span><\/p>\n<p>&nbsp;<\/p>\n<p>Les expos\u00e9s se d\u00e9rouleront <strong>en fran\u00e7ais<\/strong> et <strong>en n\u00e9erlandais.<\/strong><\/p>\n<p><em>Lieu <\/em>: Biblioth\u00e8que royale de Belgique &#8211; Salle Park room (2<sup>e<\/sup> \u00e9tage)<\/p>\n<p><em>Adresse<\/em> : Boulevard de l&rsquo;Empereur 2, \u00e0 1000 Bruxelles<\/p>\n<p><strong>Attention<\/strong> : Pour des raisons de s\u00e9curit\u00e9, la Biblioth\u00e8que royale a d\u00e9cid\u00e9 de n&rsquo;ouvrir en ce moment que l&rsquo;entr\u00e9e\u00a0situ\u00e9e dans le jardin du Mont des Arts (entr\u00e9e n\u00b01 sur le plan d&rsquo;acc\u00e8s). \u00c0 l&rsquo;entr\u00e9e, un renforcement du contr\u00f4le d&rsquo;entr\u00e9e a \u00e9t\u00e9 mis en place.<\/p>\n<p><strong>Plan d&rsquo;acc\u00e8s<\/strong><br \/>\n<span class=\"file-button\"><a href=\"http:\/\/www.kbr.be\/sites\/default\/files\/content\/pdf\/Praktisch_pratique\/bereikbaarheidsplan_plandacces.pdf\">T\u00e9l\u00e9charger (FR-NL)<\/a><\/span><\/p>\n<p><strong>Gratuit pour les membres<\/strong> (25 \u20ac pour les non-membres)<\/p>\n<p style=\"text-align: right;\"><span class=\"file-button\"><a href=\"https:\/\/www.abd-bvd.be\/activites-evenements\/sinscrire-a-un-docmoment\/\">S&rsquo;inscrire au Doc&rsquo;Moment<\/a><\/span><\/p>\n","protected":false},"excerpt":{"rendered":"<p>Doc\u2019Moment : les rendez-vous de l\u2019ABD-BVD \u2013 Mercredi 16 novembre 2016 (14:15 &#8211; 16:30) S&rsquo;inscrire au Doc&rsquo;Moment Le d\u00e9p\u00f4t l\u00e9gal d\u2019hier et d\u2019aujourd\u2019hui en Belgique par Michel Fincoeur, Coordinateur de la cellule prospection et contr\u00f4le, Biblioh\u00e8que royale de Belgique \u00a0 Le d\u00e9p\u00f4t l\u00e9gal de la Biblioth\u00e8que royale \u00e0 l\u2019heure du num\u00e9rique par Sophie Vandepontseele, Directrice [&hellip;]<\/p>\n","protected":false},"author":5,"featured_media":0,"comment_status":"closed","ping_status":"open","sticky":false,"template":"","format":"standard","meta":{"_acf_changed":false,"footnotes":"","_wpscppro_dont_share_socialmedia":false,"_wpscppro_custom_social_share_image":0,"_facebook_share_type":"","_twitter_share_type":"","_linkedin_share_type":"","_pinterest_share_type":"","_linkedin_share_type_page":"","_instagram_share_type":"","_medium_share_type":"","_threads_share_type":"","_google_business_share_type":"","_selected_social_profile":[],"_wpsp_enable_custom_social_template":false,"_wpsp_social_scheduling":{"enabled":false,"datetime":null,"platforms":[],"status":"template_only","dateOption":"today","timeOption":"now","customDays":"","customHours":"","customDate":"","customTime":"","schedulingType":"absolute"},"_wpsp_active_default_template":true},"categories":[67],"tags":[],"class_list":["post-6749","post","type-post","status-publish","format-standard","hentry","category-agenda"],"acf":[],"yoast_head":"<!-- This site is optimized with the Yoast SEO plugin v27.4 - https:\/\/yoast.com\/product\/yoast-seo-wordpress\/ -->\n<title>Doc&#039;Moment Le d\u00e9p\u00f4t l\u00e9gal de la Biblioth\u00e8que royale : un instrument pour la valorisation et la conservation de l\u2019\u00e9dition belge - ABD-BVD<\/title>\n<meta name=\"description\" content=\"Le 16 novembre, l&#039;ABD-BVD organise un Doc&#039;Moment sur le d\u00e9p\u00f4t l\u00e9gal \u00e0 la Biblioth\u00e8que royale.\" \/>\n<meta name=\"robots\" content=\"index, follow, max-snippet:-1, max-image-preview:large, max-video-preview:-1\" \/>\n<link rel=\"canonical\" href=\"https:\/\/www.abd-bvd.be\/fr\/agenda\/docmoment-nov2016\/\" \/>\n<meta property=\"og:locale\" content=\"fr_FR\" \/>\n<meta property=\"og:type\" content=\"article\" \/>\n<meta property=\"og:title\" content=\"Doc&#039;Moment Le d\u00e9p\u00f4t l\u00e9gal de la Biblioth\u00e8que royale : un instrument pour la valorisation et la conservation de l\u2019\u00e9dition belge - ABD-BVD\" \/>\n<meta property=\"og:description\" content=\"Le 16 novembre, l&#039;ABD-BVD organise un Doc&#039;Moment sur le d\u00e9p\u00f4t l\u00e9gal \u00e0 la Biblioth\u00e8que royale.\" \/>\n<meta property=\"og:url\" content=\"https:\/\/www.abd-bvd.be\/fr\/agenda\/docmoment-nov2016\/\" \/>\n<meta property=\"og:site_name\" content=\"ABD-BVD\" \/>\n<meta property=\"article:published_time\" content=\"2016-10-27T09:05:05+00:00\" \/>\n<meta property=\"article:modified_time\" content=\"2016-10-27T09:06:43+00:00\" \/>\n<meta name=\"author\" content=\"Guy Delsaut\" \/>\n<meta name=\"twitter:card\" content=\"summary_large_image\" \/>\n<meta name=\"twitter:label1\" content=\"\u00c9crit par\" \/>\n\t<meta name=\"twitter:data1\" content=\"Guy Delsaut\" \/>\n\t<meta name=\"twitter:label2\" content=\"Dur\u00e9e de lecture estim\u00e9e\" \/>\n\t<meta name=\"twitter:data2\" content=\"1 minute\" \/>\n<script type=\"application\/ld+json\" class=\"yoast-schema-graph\">{\"@context\":\"https:\\\/\\\/schema.org\",\"@graph\":[{\"@type\":\"Article\",\"@id\":\"https:\\\/\\\/www.abd-bvd.be\\\/fr\\\/agenda\\\/docmoment-nov2016\\\/#article\",\"isPartOf\":{\"@id\":\"https:\\\/\\\/www.abd-bvd.be\\\/fr\\\/agenda\\\/docmoment-nov2016\\\/\"},\"author\":{\"name\":\"Guy Delsaut\",\"@id\":\"https:\\\/\\\/www.abd-bvd.be\\\/fr\\\/#\\\/schema\\\/person\\\/b16d2027ba7bd24752b02f45e6c2d628\"},\"headline\":\"Doc&rsquo;Moment Le d\u00e9p\u00f4t l\u00e9gal de la Biblioth\u00e8que royale : un instrument pour la valorisation et la conservation de l\u2019\u00e9dition belge\",\"datePublished\":\"2016-10-27T09:05:05+00:00\",\"dateModified\":\"2016-10-27T09:06:43+00:00\",\"mainEntityOfPage\":{\"@id\":\"https:\\\/\\\/www.abd-bvd.be\\\/fr\\\/agenda\\\/docmoment-nov2016\\\/\"},\"wordCount\":210,\"articleSection\":[\"Agenda\"],\"inLanguage\":\"fr-FR\"},{\"@type\":\"WebPage\",\"@id\":\"https:\\\/\\\/www.abd-bvd.be\\\/fr\\\/agenda\\\/docmoment-nov2016\\\/\",\"url\":\"https:\\\/\\\/www.abd-bvd.be\\\/fr\\\/agenda\\\/docmoment-nov2016\\\/\",\"name\":\"Doc'Moment Le d\u00e9p\u00f4t l\u00e9gal de la Biblioth\u00e8que royale : un instrument pour la valorisation et la conservation de l\u2019\u00e9dition belge - ABD-BVD\",\"isPartOf\":{\"@id\":\"https:\\\/\\\/www.abd-bvd.be\\\/fr\\\/#website\"},\"datePublished\":\"2016-10-27T09:05:05+00:00\",\"dateModified\":\"2016-10-27T09:06:43+00:00\",\"author\":{\"@id\":\"https:\\\/\\\/www.abd-bvd.be\\\/fr\\\/#\\\/schema\\\/person\\\/b16d2027ba7bd24752b02f45e6c2d628\"},\"description\":\"Le 16 novembre, l'ABD-BVD organise un Doc'Moment sur le d\u00e9p\u00f4t l\u00e9gal \u00e0 la Biblioth\u00e8que royale.\",\"breadcrumb\":{\"@id\":\"https:\\\/\\\/www.abd-bvd.be\\\/fr\\\/agenda\\\/docmoment-nov2016\\\/#breadcrumb\"},\"inLanguage\":\"fr-FR\",\"potentialAction\":[{\"@type\":\"ReadAction\",\"target\":[\"https:\\\/\\\/www.abd-bvd.be\\\/fr\\\/agenda\\\/docmoment-nov2016\\\/\"]}]},{\"@type\":\"BreadcrumbList\",\"@id\":\"https:\\\/\\\/www.abd-bvd.be\\\/fr\\\/agenda\\\/docmoment-nov2016\\\/#breadcrumb\",\"itemListElement\":[{\"@type\":\"ListItem\",\"position\":1,\"name\":\"Accueil\",\"item\":\"https:\\\/\\\/www.abd-bvd.be\\\/fr\\\/\"},{\"@type\":\"ListItem\",\"position\":2,\"name\":\"Doc&rsquo;Moment Le d\u00e9p\u00f4t l\u00e9gal de la Biblioth\u00e8que royale : un instrument pour la valorisation et la conservation de l\u2019\u00e9dition belge\"}]},{\"@type\":\"WebSite\",\"@id\":\"https:\\\/\\\/www.abd-bvd.be\\\/fr\\\/#website\",\"url\":\"https:\\\/\\\/www.abd-bvd.be\\\/fr\\\/\",\"name\":\"ABD-BVD\",\"description\":\"Association Belge de documentation - Belgische verniging voor documentatie\",\"potentialAction\":[{\"@type\":\"SearchAction\",\"target\":{\"@type\":\"EntryPoint\",\"urlTemplate\":\"https:\\\/\\\/www.abd-bvd.be\\\/fr\\\/?s={search_term_string}\"},\"query-input\":{\"@type\":\"PropertyValueSpecification\",\"valueRequired\":true,\"valueName\":\"search_term_string\"}}],\"inLanguage\":\"fr-FR\"},{\"@type\":\"Person\",\"@id\":\"https:\\\/\\\/www.abd-bvd.be\\\/fr\\\/#\\\/schema\\\/person\\\/b16d2027ba7bd24752b02f45e6c2d628\",\"name\":\"Guy Delsaut\",\"image\":{\"@type\":\"ImageObject\",\"inLanguage\":\"fr-FR\",\"@id\":\"https:\\\/\\\/secure.gravatar.com\\\/avatar\\\/661ab3e27256975e79639c97a039adabdf47fbcdcd1883bad66ee2e8b41bdfa7?s=96&d=mm&r=g\",\"url\":\"https:\\\/\\\/secure.gravatar.com\\\/avatar\\\/661ab3e27256975e79639c97a039adabdf47fbcdcd1883bad66ee2e8b41bdfa7?s=96&d=mm&r=g\",\"contentUrl\":\"https:\\\/\\\/secure.gravatar.com\\\/avatar\\\/661ab3e27256975e79639c97a039adabdf47fbcdcd1883bad66ee2e8b41bdfa7?s=96&d=mm&r=g\",\"caption\":\"Guy Delsaut\"},\"url\":\"https:\\\/\\\/www.abd-bvd.be\\\/fr\\\/author\\\/guy-delsaut\\\/\"}]}<\/script>\n<!-- \/ Yoast SEO plugin. -->","yoast_head_json":{"title":"Doc'Moment Le d\u00e9p\u00f4t l\u00e9gal de la Biblioth\u00e8que royale : un instrument pour la valorisation et la conservation de l\u2019\u00e9dition belge - ABD-BVD","description":"Le 16 novembre, l'ABD-BVD organise un Doc'Moment sur le d\u00e9p\u00f4t l\u00e9gal \u00e0 la Biblioth\u00e8que royale.","robots":{"index":"index","follow":"follow","max-snippet":"max-snippet:-1","max-image-preview":"max-image-preview:large","max-video-preview":"max-video-preview:-1"},"canonical":"https:\/\/www.abd-bvd.be\/fr\/agenda\/docmoment-nov2016\/","og_locale":"fr_FR","og_type":"article","og_title":"Doc'Moment Le d\u00e9p\u00f4t l\u00e9gal de la Biblioth\u00e8que royale : un instrument pour la valorisation et la conservation de l\u2019\u00e9dition belge - ABD-BVD","og_description":"Le 16 novembre, l'ABD-BVD organise un Doc'Moment sur le d\u00e9p\u00f4t l\u00e9gal \u00e0 la Biblioth\u00e8que royale.","og_url":"https:\/\/www.abd-bvd.be\/fr\/agenda\/docmoment-nov2016\/","og_site_name":"ABD-BVD","article_published_time":"2016-10-27T09:05:05+00:00","article_modified_time":"2016-10-27T09:06:43+00:00","author":"Guy Delsaut","twitter_card":"summary_large_image","twitter_misc":{"\u00c9crit par":"Guy Delsaut","Dur\u00e9e de lecture estim\u00e9e":"1 minute"},"schema":{"@context":"https:\/\/schema.org","@graph":[{"@type":"Article","@id":"https:\/\/www.abd-bvd.be\/fr\/agenda\/docmoment-nov2016\/#article","isPartOf":{"@id":"https:\/\/www.abd-bvd.be\/fr\/agenda\/docmoment-nov2016\/"},"author":{"name":"Guy Delsaut","@id":"https:\/\/www.abd-bvd.be\/fr\/#\/schema\/person\/b16d2027ba7bd24752b02f45e6c2d628"},"headline":"Doc&rsquo;Moment Le d\u00e9p\u00f4t l\u00e9gal de la Biblioth\u00e8que royale : un instrument pour la valorisation et la conservation de l\u2019\u00e9dition belge","datePublished":"2016-10-27T09:05:05+00:00","dateModified":"2016-10-27T09:06:43+00:00","mainEntityOfPage":{"@id":"https:\/\/www.abd-bvd.be\/fr\/agenda\/docmoment-nov2016\/"},"wordCount":210,"articleSection":["Agenda"],"inLanguage":"fr-FR"},{"@type":"WebPage","@id":"https:\/\/www.abd-bvd.be\/fr\/agenda\/docmoment-nov2016\/","url":"https:\/\/www.abd-bvd.be\/fr\/agenda\/docmoment-nov2016\/","name":"Doc'Moment Le d\u00e9p\u00f4t l\u00e9gal de la Biblioth\u00e8que royale : un instrument pour la valorisation et la conservation de l\u2019\u00e9dition belge - ABD-BVD","isPartOf":{"@id":"https:\/\/www.abd-bvd.be\/fr\/#website"},"datePublished":"2016-10-27T09:05:05+00:00","dateModified":"2016-10-27T09:06:43+00:00","author":{"@id":"https:\/\/www.abd-bvd.be\/fr\/#\/schema\/person\/b16d2027ba7bd24752b02f45e6c2d628"},"description":"Le 16 novembre, l'ABD-BVD organise un Doc'Moment sur le d\u00e9p\u00f4t l\u00e9gal \u00e0 la Biblioth\u00e8que royale.","breadcrumb":{"@id":"https:\/\/www.abd-bvd.be\/fr\/agenda\/docmoment-nov2016\/#breadcrumb"},"inLanguage":"fr-FR","potentialAction":[{"@type":"ReadAction","target":["https:\/\/www.abd-bvd.be\/fr\/agenda\/docmoment-nov2016\/"]}]},{"@type":"BreadcrumbList","@id":"https:\/\/www.abd-bvd.be\/fr\/agenda\/docmoment-nov2016\/#breadcrumb","itemListElement":[{"@type":"ListItem","position":1,"name":"Accueil","item":"https:\/\/www.abd-bvd.be\/fr\/"},{"@type":"ListItem","position":2,"name":"Doc&rsquo;Moment Le d\u00e9p\u00f4t l\u00e9gal de la Biblioth\u00e8que royale : un instrument pour la valorisation et la conservation de l\u2019\u00e9dition belge"}]},{"@type":"WebSite","@id":"https:\/\/www.abd-bvd.be\/fr\/#website","url":"https:\/\/www.abd-bvd.be\/fr\/","name":"ABD-BVD","description":"Association Belge de documentation - Belgische verniging voor documentatie","potentialAction":[{"@type":"SearchAction","target":{"@type":"EntryPoint","urlTemplate":"https:\/\/www.abd-bvd.be\/fr\/?s={search_term_string}"},"query-input":{"@type":"PropertyValueSpecification","valueRequired":true,"valueName":"search_term_string"}}],"inLanguage":"fr-FR"},{"@type":"Person","@id":"https:\/\/www.abd-bvd.be\/fr\/#\/schema\/person\/b16d2027ba7bd24752b02f45e6c2d628","name":"Guy Delsaut","image":{"@type":"ImageObject","inLanguage":"fr-FR","@id":"https:\/\/secure.gravatar.com\/avatar\/661ab3e27256975e79639c97a039adabdf47fbcdcd1883bad66ee2e8b41bdfa7?s=96&d=mm&r=g","url":"https:\/\/secure.gravatar.com\/avatar\/661ab3e27256975e79639c97a039adabdf47fbcdcd1883bad66ee2e8b41bdfa7?s=96&d=mm&r=g","contentUrl":"https:\/\/secure.gravatar.com\/avatar\/661ab3e27256975e79639c97a039adabdf47fbcdcd1883bad66ee2e8b41bdfa7?s=96&d=mm&r=g","caption":"Guy Delsaut"},"url":"https:\/\/www.abd-bvd.be\/fr\/author\/guy-delsaut\/"}]}},"_links":{"self":[{"href":"https:\/\/www.abd-bvd.be\/fr\/wp-json\/wp\/v2\/posts\/6749","targetHints":{"allow":["GET"]}}],"collection":[{"href":"https:\/\/www.abd-bvd.be\/fr\/wp-json\/wp\/v2\/posts"}],"about":[{"href":"https:\/\/www.abd-bvd.be\/fr\/wp-json\/wp\/v2\/types\/post"}],"author":[{"embeddable":true,"href":"https:\/\/www.abd-bvd.be\/fr\/wp-json\/wp\/v2\/users\/5"}],"replies":[{"embeddable":true,"href":"https:\/\/www.abd-bvd.be\/fr\/wp-json\/wp\/v2\/comments?post=6749"}],"version-history":[{"count":0,"href":"https:\/\/www.abd-bvd.be\/fr\/wp-json\/wp\/v2\/posts\/6749\/revisions"}],"wp:attachment":[{"href":"https:\/\/www.abd-bvd.be\/fr\/wp-json\/wp\/v2\/media?parent=6749"}],"wp:term":[{"taxonomy":"category","embeddable":true,"href":"https:\/\/www.abd-bvd.be\/fr\/wp-json\/wp\/v2\/categories?post=6749"},{"taxonomy":"post_tag","embeddable":true,"href":"https:\/\/www.abd-bvd.be\/fr\/wp-json\/wp\/v2\/tags?post=6749"}],"curies":[{"name":"wp","href":"https:\/\/api.w.org\/{rel}","templated":true}]}}