{"id":6459,"date":"2016-10-03T16:35:14","date_gmt":"2016-10-03T16:35:14","guid":{"rendered":"http:\/\/www.abd-bvd.be\/?p=6459"},"modified":"2016-10-03T16:43:39","modified_gmt":"2016-10-03T16:43:39","slug":"docmoment-oct2016","status":"publish","type":"post","link":"https:\/\/www.abd-bvd.be\/fr\/agenda\/docmoment-oct2016\/","title":{"rendered":"Doc&rsquo;Moment <br>Institutional repositories &#038; IT security"},"content":{"rendered":"<p><strong>Doc\u2019Moment : les rendez-vous de l\u2019ABD-BVD \u2013\u00a0Lundi 17 octobre 2016 (14:00 &#8211; 16:30)<\/strong><\/p>\n<p style=\"text-align: right;\"><span class=\"file-button\"><a href=\"https:\/\/www.abd-bvd.be\/activites-evenements\/sinscrire-a-un-docmoment\/\">S&rsquo;inscrire au Doc&rsquo;Moment<\/a><\/span><\/p>\n<h2><span lang=\"FR\">R\u00e9pertoire institutionnel\u00a0: services et devoirs<\/span><\/h2>\n<p><span lang=\"FR\">par <strong>Danielle Couvreur<\/strong>, Knowledge Manager SCK-CEN<\/span><\/p>\n<p><span lang=\"FR\">Une publication scientifique repr\u00e9sente l&rsquo;aboutissement de longs efforts pour un chercheur.\u00a0 Pour une soci\u00e9t\u00e9 ou un institut de recherche cela repr\u00e9sente un investissement important et la connaissance qui en r\u00e9sulte devient le tremplin pour la recherche future. La visibilit\u00e9 dans le milieu scientifique permet d\u2019\u00e9changer avec d\u2019autres experts dans le domaine et est parfois \u00e0 la base de nouvelles collaborations. Parfois ces informations sont confidentielles car elles permettent de d\u00e9poser un brevet. Voil\u00e0 pourquoi il est essentiel de centraliser ces types de documents dans une base de donn\u00e9es appel\u00e9e R\u00e9pertoire Institutionnel.\u00a0 <\/span><\/p>\n<p><span lang=\"FR\">Que faut-il pr\u00e9voir pour cr\u00e9er un tel r\u00e9pertoire tant au niveau de la gestion documentaire, de la gestion technique et des aspects plus sp\u00e9cifiques tels que la publication en Open Access, des services \u00e0 fournir, et de la s\u00e9curit\u00e9 de cet information.<\/span><\/p>\n<p><span lang=\"FR\">\u00a0<\/span><\/p>\n<h2><span lang=\"FR\">Les trois, ou mieux les quatre, \u2018P\u2019 de la s\u00e9curit\u00e9<\/span><\/h2>\n<p><span lang=\"FR\">par <strong>Guy Kindermans<\/strong>, journaliste\/consultant freelance (ICT, s\u00e9curit\u00e9, vie priv\u00e9e)<\/span><\/p>\n<p><span lang=\"FR\">La protection de l\u2019information et la cybers\u00e9curit\u00e9 ont toujours \u00e9t\u00e9 au centre des trois \u2018P\u2019\u00a0: \u2018Produits\u2019, \u2018Processus\u2019, \u2018Personnes\u2019\u2026 C\u2019est aujourd\u2019hui encore toujours le cas, avec un glissement de \u2018Produits\u2019 vers \u2018Processus\u2019 et encore plus, vers \u2018Personnes\u2019. S\u2019y ajoute un quatri\u00e8me \u2018P\u2019 \u2013 \u2018Privacy\u2019 (vie priv\u00e9e) \u2013 qui suppose une s\u00e9curit\u00e9 effective, et la r\u00e9glementation europ\u00e9enne en approche (la \u2018General Data Protection Regulation\u2019) exigera des efforts particuliers de la part des responsables en charge de donn\u00e9es\u00a0! Une pr\u00e9sentation qui ne dira pas \u2018pourquoi\u2019 (cela vous le savez tr\u00e8s bien), mais bien \u2018quoi faire\u00a0?\u2019.<\/span><\/p>\n<p><span lang=\"FR\">\u00a0<\/span><\/p>\n<h2><span lang=\"FR\">S\u00e9curit\u00e9 de l\u2019information pour non-sp\u00e9cialistes de l\u2019ICT<\/span><\/h2>\n<p><span lang=\"FR\">par <strong>Denny Schouten<\/strong> et <strong>Romana Goedendorp<\/strong>, conseillers en information senior, BECIS, et enseignants, DIOR Academy, Amsterdam\/Den Haag<\/span><\/p>\n<p><span lang=\"FR\">La s\u00e9curit\u00e9 de l\u2019information serait-elle l\u2019apanage de l\u2019ICT\u00a0? Est-ce bien le cas\u00a0? Lors de notre atelier, nous rel\u00e8verons le d\u00e9fi de d\u00e9montrer qu\u2019il n\u2019en est rien. L\u2019humain, le processus et la technique\u00a0: l\u2019essentiel est la prise de conscience. La s\u00e9curit\u00e9 de l\u2019information concerne l\u2019ensemble de l\u2019organisation, chaque collaborateur est impliqu\u00e9. Mais comment le faire entendre au sein de votre organisation\u00a0? Au cours de cet atelier interactif, nous vous inciterons \u00e0 aborder vous-m\u00eame la probl\u00e9matique et \u00e0 mettre \u00e0 l\u2019avant-plan la s\u00e9curit\u00e9 de l\u2019information d\u2019une mani\u00e8re int\u00e9grale.<\/span><\/p>\n<p>Les expos\u00e9s se d\u00e9rouleront <strong>en fran\u00e7ais<\/strong> et <strong>en n\u00e9erlandais.<\/strong><\/p>\n<p><em>Lieu <\/em>: Biblioth\u00e8que royale de Belgique &#8211; Salle Park room (2<sup>e<\/sup> \u00e9tage)<\/p>\n<p><em>Adresse<\/em> : Boulevard de l&rsquo;Empereur 2, \u00e0 1000 Bruxelles<\/p>\n<p><strong>Attention<\/strong> : Pour des raisons de s\u00e9curit\u00e9, la Biblioth\u00e8que royale a d\u00e9cid\u00e9 de n&rsquo;ouvrir en ce moment que l&rsquo;entr\u00e9e \u00ab Gutenberg \u00bb situ\u00e9e dans le jardin du Mont des Arts (entr\u00e9e n\u00b01 sur le plan d&rsquo;acc\u00e8s). \u00c0 l&rsquo;entr\u00e9e, un renforcement du contr\u00f4le d&rsquo;entr\u00e9e a \u00e9t\u00e9 mis en place.<\/p>\n<p><strong>Plan d&rsquo;acc\u00e8s<\/strong><br \/>\n<span class=\"file-button\"><a href=\"http:\/\/www.kbr.be\/sites\/default\/files\/content\/pdf\/Praktisch_pratique\/bereikbaarheidsplan_plandacces.pdf\">T\u00e9l\u00e9charger (FR-NL)<\/a><\/span><\/p>\n<p><strong>Gratuit pour les membres<\/strong> (25 \u20ac pour les non-membres)<\/p>\n<p style=\"text-align: right;\"><span class=\"file-button\"><a href=\"https:\/\/www.abd-bvd.be\/activites-evenements\/sinscrire-a-un-docmoment\/\">S&rsquo;inscrire au Doc&rsquo;Moment<\/a><\/span><\/p>\n","protected":false},"excerpt":{"rendered":"<p>Doc\u2019Moment : les rendez-vous de l\u2019ABD-BVD \u2013\u00a0Lundi 17 octobre 2016 (14:00 &#8211; 16:30) S&rsquo;inscrire au Doc&rsquo;Moment R\u00e9pertoire institutionnel\u00a0: services et devoirs par Danielle Couvreur, Knowledge Manager SCK-CEN Une publication scientifique repr\u00e9sente l&rsquo;aboutissement de longs efforts pour un chercheur.\u00a0 Pour une soci\u00e9t\u00e9 ou un institut de recherche cela repr\u00e9sente un investissement important et la connaissance qui [&hellip;]<\/p>\n","protected":false},"author":5,"featured_media":0,"comment_status":"closed","ping_status":"open","sticky":false,"template":"","format":"standard","meta":{"_acf_changed":false,"footnotes":"","_wpscppro_dont_share_socialmedia":false,"_wpscppro_custom_social_share_image":0,"_facebook_share_type":"","_twitter_share_type":"","_linkedin_share_type":"","_pinterest_share_type":"","_linkedin_share_type_page":"","_instagram_share_type":"","_medium_share_type":"","_threads_share_type":"","_google_business_share_type":"","_selected_social_profile":[],"_wpsp_enable_custom_social_template":false,"_wpsp_social_scheduling":{"enabled":false,"datetime":null,"platforms":[],"status":"template_only","dateOption":"today","timeOption":"now","customDays":"","customHours":"","customDate":"","customTime":"","schedulingType":"absolute"},"_wpsp_active_default_template":true},"categories":[67],"tags":[],"class_list":["post-6459","post","type-post","status-publish","format-standard","hentry","category-agenda"],"acf":[],"yoast_head":"<!-- This site is optimized with the Yoast SEO plugin v27.4 - https:\/\/yoast.com\/product\/yoast-seo-wordpress\/ -->\n<title>Doc&#039;Moment Institutional repositories &amp; IT security - ABD-BVD<\/title>\n<meta name=\"description\" content=\"Le 17 octobre, l&#039;ABD-BVD organise un Doc&#039;Moment sur les r\u00e9pertoires institutionnels et la s\u00e9curit\u00e9 IT \u00e0 la Biblioth\u00e8que royale de Belgique.\" \/>\n<meta name=\"robots\" content=\"index, follow, max-snippet:-1, max-image-preview:large, max-video-preview:-1\" \/>\n<link rel=\"canonical\" href=\"https:\/\/www.abd-bvd.be\/fr\/agenda\/docmoment-oct2016\/\" \/>\n<meta property=\"og:locale\" content=\"fr_FR\" \/>\n<meta property=\"og:type\" content=\"article\" \/>\n<meta property=\"og:title\" content=\"Doc&#039;Moment Institutional repositories &amp; IT security - ABD-BVD\" \/>\n<meta property=\"og:description\" content=\"Le 17 octobre, l&#039;ABD-BVD organise un Doc&#039;Moment sur les r\u00e9pertoires institutionnels et la s\u00e9curit\u00e9 IT \u00e0 la Biblioth\u00e8que royale de Belgique.\" \/>\n<meta property=\"og:url\" content=\"https:\/\/www.abd-bvd.be\/fr\/agenda\/docmoment-oct2016\/\" \/>\n<meta property=\"og:site_name\" content=\"ABD-BVD\" \/>\n<meta property=\"article:published_time\" content=\"2016-10-03T16:35:14+00:00\" \/>\n<meta property=\"article:modified_time\" content=\"2016-10-03T16:43:39+00:00\" \/>\n<meta name=\"author\" content=\"Guy Delsaut\" \/>\n<meta name=\"twitter:card\" content=\"summary_large_image\" \/>\n<meta name=\"twitter:label1\" content=\"\u00c9crit par\" \/>\n\t<meta name=\"twitter:data1\" content=\"Guy Delsaut\" \/>\n\t<meta name=\"twitter:label2\" content=\"Dur\u00e9e de lecture estim\u00e9e\" \/>\n\t<meta name=\"twitter:data2\" content=\"3 minutes\" \/>\n<script type=\"application\/ld+json\" class=\"yoast-schema-graph\">{\"@context\":\"https:\\\/\\\/schema.org\",\"@graph\":[{\"@type\":\"Article\",\"@id\":\"https:\\\/\\\/www.abd-bvd.be\\\/fr\\\/agenda\\\/docmoment-oct2016\\\/#article\",\"isPartOf\":{\"@id\":\"https:\\\/\\\/www.abd-bvd.be\\\/fr\\\/agenda\\\/docmoment-oct2016\\\/\"},\"author\":{\"name\":\"Guy Delsaut\",\"@id\":\"https:\\\/\\\/www.abd-bvd.be\\\/fr\\\/#\\\/schema\\\/person\\\/b16d2027ba7bd24752b02f45e6c2d628\"},\"headline\":\"Doc&rsquo;Moment Institutional repositories &#038; IT security\",\"datePublished\":\"2016-10-03T16:35:14+00:00\",\"dateModified\":\"2016-10-03T16:43:39+00:00\",\"mainEntityOfPage\":{\"@id\":\"https:\\\/\\\/www.abd-bvd.be\\\/fr\\\/agenda\\\/docmoment-oct2016\\\/\"},\"wordCount\":551,\"articleSection\":[\"Agenda\"],\"inLanguage\":\"fr-FR\"},{\"@type\":\"WebPage\",\"@id\":\"https:\\\/\\\/www.abd-bvd.be\\\/fr\\\/agenda\\\/docmoment-oct2016\\\/\",\"url\":\"https:\\\/\\\/www.abd-bvd.be\\\/fr\\\/agenda\\\/docmoment-oct2016\\\/\",\"name\":\"Doc'Moment Institutional repositories & IT security - ABD-BVD\",\"isPartOf\":{\"@id\":\"https:\\\/\\\/www.abd-bvd.be\\\/fr\\\/#website\"},\"datePublished\":\"2016-10-03T16:35:14+00:00\",\"dateModified\":\"2016-10-03T16:43:39+00:00\",\"author\":{\"@id\":\"https:\\\/\\\/www.abd-bvd.be\\\/fr\\\/#\\\/schema\\\/person\\\/b16d2027ba7bd24752b02f45e6c2d628\"},\"description\":\"Le 17 octobre, l'ABD-BVD organise un Doc'Moment sur les r\u00e9pertoires institutionnels et la s\u00e9curit\u00e9 IT \u00e0 la Biblioth\u00e8que royale de Belgique.\",\"breadcrumb\":{\"@id\":\"https:\\\/\\\/www.abd-bvd.be\\\/fr\\\/agenda\\\/docmoment-oct2016\\\/#breadcrumb\"},\"inLanguage\":\"fr-FR\",\"potentialAction\":[{\"@type\":\"ReadAction\",\"target\":[\"https:\\\/\\\/www.abd-bvd.be\\\/fr\\\/agenda\\\/docmoment-oct2016\\\/\"]}]},{\"@type\":\"BreadcrumbList\",\"@id\":\"https:\\\/\\\/www.abd-bvd.be\\\/fr\\\/agenda\\\/docmoment-oct2016\\\/#breadcrumb\",\"itemListElement\":[{\"@type\":\"ListItem\",\"position\":1,\"name\":\"Accueil\",\"item\":\"https:\\\/\\\/www.abd-bvd.be\\\/fr\\\/\"},{\"@type\":\"ListItem\",\"position\":2,\"name\":\"Doc&rsquo;Moment Institutional repositories &#038; IT security\"}]},{\"@type\":\"WebSite\",\"@id\":\"https:\\\/\\\/www.abd-bvd.be\\\/fr\\\/#website\",\"url\":\"https:\\\/\\\/www.abd-bvd.be\\\/fr\\\/\",\"name\":\"ABD-BVD\",\"description\":\"Association Belge de documentation - Belgische verniging voor documentatie\",\"potentialAction\":[{\"@type\":\"SearchAction\",\"target\":{\"@type\":\"EntryPoint\",\"urlTemplate\":\"https:\\\/\\\/www.abd-bvd.be\\\/fr\\\/?s={search_term_string}\"},\"query-input\":{\"@type\":\"PropertyValueSpecification\",\"valueRequired\":true,\"valueName\":\"search_term_string\"}}],\"inLanguage\":\"fr-FR\"},{\"@type\":\"Person\",\"@id\":\"https:\\\/\\\/www.abd-bvd.be\\\/fr\\\/#\\\/schema\\\/person\\\/b16d2027ba7bd24752b02f45e6c2d628\",\"name\":\"Guy Delsaut\",\"image\":{\"@type\":\"ImageObject\",\"inLanguage\":\"fr-FR\",\"@id\":\"https:\\\/\\\/secure.gravatar.com\\\/avatar\\\/661ab3e27256975e79639c97a039adabdf47fbcdcd1883bad66ee2e8b41bdfa7?s=96&d=mm&r=g\",\"url\":\"https:\\\/\\\/secure.gravatar.com\\\/avatar\\\/661ab3e27256975e79639c97a039adabdf47fbcdcd1883bad66ee2e8b41bdfa7?s=96&d=mm&r=g\",\"contentUrl\":\"https:\\\/\\\/secure.gravatar.com\\\/avatar\\\/661ab3e27256975e79639c97a039adabdf47fbcdcd1883bad66ee2e8b41bdfa7?s=96&d=mm&r=g\",\"caption\":\"Guy Delsaut\"},\"url\":\"https:\\\/\\\/www.abd-bvd.be\\\/fr\\\/author\\\/guy-delsaut\\\/\"}]}<\/script>\n<!-- \/ Yoast SEO plugin. -->","yoast_head_json":{"title":"Doc'Moment Institutional repositories & IT security - ABD-BVD","description":"Le 17 octobre, l'ABD-BVD organise un Doc'Moment sur les r\u00e9pertoires institutionnels et la s\u00e9curit\u00e9 IT \u00e0 la Biblioth\u00e8que royale de Belgique.","robots":{"index":"index","follow":"follow","max-snippet":"max-snippet:-1","max-image-preview":"max-image-preview:large","max-video-preview":"max-video-preview:-1"},"canonical":"https:\/\/www.abd-bvd.be\/fr\/agenda\/docmoment-oct2016\/","og_locale":"fr_FR","og_type":"article","og_title":"Doc'Moment Institutional repositories & IT security - ABD-BVD","og_description":"Le 17 octobre, l'ABD-BVD organise un Doc'Moment sur les r\u00e9pertoires institutionnels et la s\u00e9curit\u00e9 IT \u00e0 la Biblioth\u00e8que royale de Belgique.","og_url":"https:\/\/www.abd-bvd.be\/fr\/agenda\/docmoment-oct2016\/","og_site_name":"ABD-BVD","article_published_time":"2016-10-03T16:35:14+00:00","article_modified_time":"2016-10-03T16:43:39+00:00","author":"Guy Delsaut","twitter_card":"summary_large_image","twitter_misc":{"\u00c9crit par":"Guy Delsaut","Dur\u00e9e de lecture estim\u00e9e":"3 minutes"},"schema":{"@context":"https:\/\/schema.org","@graph":[{"@type":"Article","@id":"https:\/\/www.abd-bvd.be\/fr\/agenda\/docmoment-oct2016\/#article","isPartOf":{"@id":"https:\/\/www.abd-bvd.be\/fr\/agenda\/docmoment-oct2016\/"},"author":{"name":"Guy Delsaut","@id":"https:\/\/www.abd-bvd.be\/fr\/#\/schema\/person\/b16d2027ba7bd24752b02f45e6c2d628"},"headline":"Doc&rsquo;Moment Institutional repositories &#038; IT security","datePublished":"2016-10-03T16:35:14+00:00","dateModified":"2016-10-03T16:43:39+00:00","mainEntityOfPage":{"@id":"https:\/\/www.abd-bvd.be\/fr\/agenda\/docmoment-oct2016\/"},"wordCount":551,"articleSection":["Agenda"],"inLanguage":"fr-FR"},{"@type":"WebPage","@id":"https:\/\/www.abd-bvd.be\/fr\/agenda\/docmoment-oct2016\/","url":"https:\/\/www.abd-bvd.be\/fr\/agenda\/docmoment-oct2016\/","name":"Doc'Moment Institutional repositories & IT security - ABD-BVD","isPartOf":{"@id":"https:\/\/www.abd-bvd.be\/fr\/#website"},"datePublished":"2016-10-03T16:35:14+00:00","dateModified":"2016-10-03T16:43:39+00:00","author":{"@id":"https:\/\/www.abd-bvd.be\/fr\/#\/schema\/person\/b16d2027ba7bd24752b02f45e6c2d628"},"description":"Le 17 octobre, l'ABD-BVD organise un Doc'Moment sur les r\u00e9pertoires institutionnels et la s\u00e9curit\u00e9 IT \u00e0 la Biblioth\u00e8que royale de Belgique.","breadcrumb":{"@id":"https:\/\/www.abd-bvd.be\/fr\/agenda\/docmoment-oct2016\/#breadcrumb"},"inLanguage":"fr-FR","potentialAction":[{"@type":"ReadAction","target":["https:\/\/www.abd-bvd.be\/fr\/agenda\/docmoment-oct2016\/"]}]},{"@type":"BreadcrumbList","@id":"https:\/\/www.abd-bvd.be\/fr\/agenda\/docmoment-oct2016\/#breadcrumb","itemListElement":[{"@type":"ListItem","position":1,"name":"Accueil","item":"https:\/\/www.abd-bvd.be\/fr\/"},{"@type":"ListItem","position":2,"name":"Doc&rsquo;Moment Institutional repositories &#038; IT security"}]},{"@type":"WebSite","@id":"https:\/\/www.abd-bvd.be\/fr\/#website","url":"https:\/\/www.abd-bvd.be\/fr\/","name":"ABD-BVD","description":"Association Belge de documentation - Belgische verniging voor documentatie","potentialAction":[{"@type":"SearchAction","target":{"@type":"EntryPoint","urlTemplate":"https:\/\/www.abd-bvd.be\/fr\/?s={search_term_string}"},"query-input":{"@type":"PropertyValueSpecification","valueRequired":true,"valueName":"search_term_string"}}],"inLanguage":"fr-FR"},{"@type":"Person","@id":"https:\/\/www.abd-bvd.be\/fr\/#\/schema\/person\/b16d2027ba7bd24752b02f45e6c2d628","name":"Guy Delsaut","image":{"@type":"ImageObject","inLanguage":"fr-FR","@id":"https:\/\/secure.gravatar.com\/avatar\/661ab3e27256975e79639c97a039adabdf47fbcdcd1883bad66ee2e8b41bdfa7?s=96&d=mm&r=g","url":"https:\/\/secure.gravatar.com\/avatar\/661ab3e27256975e79639c97a039adabdf47fbcdcd1883bad66ee2e8b41bdfa7?s=96&d=mm&r=g","contentUrl":"https:\/\/secure.gravatar.com\/avatar\/661ab3e27256975e79639c97a039adabdf47fbcdcd1883bad66ee2e8b41bdfa7?s=96&d=mm&r=g","caption":"Guy Delsaut"},"url":"https:\/\/www.abd-bvd.be\/fr\/author\/guy-delsaut\/"}]}},"_links":{"self":[{"href":"https:\/\/www.abd-bvd.be\/fr\/wp-json\/wp\/v2\/posts\/6459","targetHints":{"allow":["GET"]}}],"collection":[{"href":"https:\/\/www.abd-bvd.be\/fr\/wp-json\/wp\/v2\/posts"}],"about":[{"href":"https:\/\/www.abd-bvd.be\/fr\/wp-json\/wp\/v2\/types\/post"}],"author":[{"embeddable":true,"href":"https:\/\/www.abd-bvd.be\/fr\/wp-json\/wp\/v2\/users\/5"}],"replies":[{"embeddable":true,"href":"https:\/\/www.abd-bvd.be\/fr\/wp-json\/wp\/v2\/comments?post=6459"}],"version-history":[{"count":0,"href":"https:\/\/www.abd-bvd.be\/fr\/wp-json\/wp\/v2\/posts\/6459\/revisions"}],"wp:attachment":[{"href":"https:\/\/www.abd-bvd.be\/fr\/wp-json\/wp\/v2\/media?parent=6459"}],"wp:term":[{"taxonomy":"category","embeddable":true,"href":"https:\/\/www.abd-bvd.be\/fr\/wp-json\/wp\/v2\/categories?post=6459"},{"taxonomy":"post_tag","embeddable":true,"href":"https:\/\/www.abd-bvd.be\/fr\/wp-json\/wp\/v2\/tags?post=6459"}],"curies":[{"name":"wp","href":"https:\/\/api.w.org\/{rel}","templated":true}]}}