{"id":5999,"date":"2016-07-05T16:03:00","date_gmt":"2016-07-05T16:03:00","guid":{"rendered":"http:\/\/www.abd-bvd.be\/?p=5999"},"modified":"2016-11-14T14:54:50","modified_gmt":"2016-11-14T13:54:50","slug":"of-machines-and-men-and-documents","status":"publish","type":"post","link":"https:\/\/www.abd-bvd.be\/fr\/actualites\/of-machines-and-men-and-documents\/","title":{"rendered":"Of Machines and Men\u2026 and Documents"},"content":{"rendered":"<p>\u00c0 l\u2019occasion de l\u2019<a href=\"http:\/\/www.industrialheritage2015.eu\" target=\"_blank\">Ann\u00e9e europ\u00e9enne du patrimoine industriel et technique<\/a>, qui vient de se cl\u00f4turer, il nous a paru \u00e0 la fois int\u00e9ressant et important de marquer cet \u00e9v\u00e9nement en lui consacrant un <a href=\"https:\/\/www.abd-bvd.be\/cahiers-de-la-documentation\/cahiers-de-documentation-2016-2\/\">num\u00e9ro sp\u00e9cial <\/a>de nos <em>Cahiers de la Documentation<\/em>.<\/p>\n<p>Non pas dans le but de vous montrer de vieilles machines et des usines abandonn\u00e9es, mais bien de d\u00e9voiler la richesse du patrimoine documentaire qui nous a \u00e9t\u00e9 l\u00e9gu\u00e9. En effet, \u00e0 tous les stades de sa dynamique, l\u2019industrialisation a g\u00e9n\u00e9r\u00e9 quantit\u00e9s de documents, d\u2019informations et d\u2019archives&#8230; Ces \u00ab&nbsp;traces&nbsp;\u00bb sont multiples, rev\u00eatent de tr\u00e8s nombreuses formes et requi\u00e8rent d\u2019\u00eatre pr\u00e9serv\u00e9es.<\/p>\n<p>En effet, avec la d\u00e9sindustrialisation de nos r\u00e9gions, la tendance est de faire le nettoyage, d\u2019\u00e9liminer le disgracieux et de \u00ab&nbsp;gommer&nbsp;\u00bb les marques d\u2019une p\u00e9riode parfois peu glorieuse et \u00e0 laquelle sont souvent associ\u00e9s mis\u00e8re, souffrance humaine et drames sociaux. Bien que certaines de ces traces aient d\u00e9j\u00e0 pu \u00eatre sauvegard\u00e9es, la majeure partie des t\u00e9moins du pass\u00e9&nbsp;reste en voie de disparition !<\/p>\n<p>L\u2019arch\u00e9ologie industrielle se proclamant \u00ab&nbsp;m\u00e9thode interdisciplinaire&nbsp;\u00bb, nous nous devions de saisir l\u2019occasion de mettre en avant le r\u00f4le que la gestion de l\u2019information peut jouer pour collecter, pr\u00e9server, dynamiser et rendre accessibles toutes ces traces.<\/p>\n<p>Il sera question, parmi les 35 articles de ce num\u00e9ro sp\u00e9cial, d\u2019archives industrielles, de carnets de travail, de don de m\u00e9moire, de cartes postales, de d\u00e9p\u00f4t l\u00e9gal, d\u2019\u00e9ph\u00e9m\u00e8res, d\u2019histoire associative, de plates-formes p\u00e9troli\u00e8res, de bruits de machines, de triage-lavoir, de photographie, de d\u00e9pollution des sols, de banque de connaissances, d\u2019un learning centre situ\u00e9 au pied de hauts-fourneaux, de mines d\u2019informations et d\u2019archives mini\u00e8res, de reconversion de b\u00e2timents industriels, d\u2019\u0153uvres d\u2019art \u00e0 composantes technologiques,\u2026 pour ne citer que quelques th\u00e8mes.<\/p>\n<p>Au travers de l\u2019\u00e9ventail d\u2019articles que nous vous proposons dans ce num\u00e9ro, nous avons voulu initier un tour d\u2019horizon, loin d\u2019\u00eatre exhaustif, d\u2019initiatives anciennes et r\u00e9centes, d\u2019ici et d\u2019ailleurs, qui illustrent l\u2019omnipr\u00e9sence du patrimoine industriel \u00ab&nbsp;documentaire&nbsp;\u00bb.<\/p>\n<p>Nous esp\u00e9rons que vous aurez autant de plaisir \u00e0 d\u00e9couvrir ces diff\u00e9rentes facettes de notre patrimoine industriel que nous en avons eu \u00e0 les rassembler pour vous.<\/p>\n<p>&nbsp;<\/p>\n","protected":false},"excerpt":{"rendered":"<p>\u00c0 l\u2019occasion de l\u2019Ann\u00e9e europ\u00e9enne du patrimoine industriel et technique, qui vient de se cl\u00f4turer, il nous a paru \u00e0 la fois int\u00e9ressant et important de marquer cet \u00e9v\u00e9nement en lui consacrant un num\u00e9ro sp\u00e9cial de nos Cahiers de la Documentation. Non pas dans le but de vous montrer de vieilles machines et des usines [&hellip;]<\/p>\n","protected":false},"author":5,"featured_media":0,"comment_status":"closed","ping_status":"open","sticky":false,"template":"","format":"standard","meta":{"_acf_changed":false,"footnotes":"","_wpscppro_dont_share_socialmedia":false,"_wpscppro_custom_social_share_image":0,"_facebook_share_type":"","_twitter_share_type":"","_linkedin_share_type":"","_pinterest_share_type":"","_linkedin_share_type_page":"","_instagram_share_type":"","_medium_share_type":"","_threads_share_type":"","_google_business_share_type":"","_selected_social_profile":[],"_wpsp_enable_custom_social_template":false,"_wpsp_social_scheduling":{"enabled":false,"datetime":null,"platforms":[],"status":"template_only","dateOption":"today","timeOption":"now","customDays":"","customHours":"","customDate":"","customTime":"","schedulingType":"absolute"},"_wpsp_active_default_template":true},"categories":[3],"tags":[],"class_list":["post-5999","post","type-post","status-publish","format-standard","hentry","category-actualites"],"acf":[],"yoast_head":"<!-- This site is optimized with the Yoast SEO plugin v27.4 - https:\/\/yoast.com\/product\/yoast-seo-wordpress\/ -->\n<title>Of Machines and Men\u2026 and Documents - ABD-BVD<\/title>\n<meta name=\"description\" content=\"Num\u00e9ro sp\u00e9cial des \u201cCahiers de la Documentation&quot; \u00e0 l\u2019occasion de l\u2019Ann\u00e9e europ\u00e9enne du patrimoine industriel et technique 2015\" \/>\n<meta name=\"robots\" content=\"index, follow, max-snippet:-1, max-image-preview:large, max-video-preview:-1\" \/>\n<link rel=\"canonical\" href=\"https:\/\/www.abd-bvd.be\/fr\/actualites\/of-machines-and-men-and-documents\/\" \/>\n<meta property=\"og:locale\" content=\"fr_FR\" \/>\n<meta property=\"og:type\" content=\"article\" \/>\n<meta property=\"og:title\" content=\"Of Machines and Men\u2026 and Documents - ABD-BVD\" \/>\n<meta property=\"og:description\" content=\"Num\u00e9ro sp\u00e9cial des \u201cCahiers de la Documentation&quot; \u00e0 l\u2019occasion de l\u2019Ann\u00e9e europ\u00e9enne du patrimoine industriel et technique 2015\" \/>\n<meta property=\"og:url\" content=\"https:\/\/www.abd-bvd.be\/fr\/actualites\/of-machines-and-men-and-documents\/\" \/>\n<meta property=\"og:site_name\" content=\"ABD-BVD\" \/>\n<meta property=\"article:published_time\" content=\"2016-07-05T16:03:00+00:00\" \/>\n<meta property=\"article:modified_time\" content=\"2016-11-14T13:54:50+00:00\" \/>\n<meta name=\"author\" content=\"Guy Delsaut\" \/>\n<meta name=\"twitter:card\" content=\"summary_large_image\" \/>\n<meta name=\"twitter:label1\" content=\"\u00c9crit par\" \/>\n\t<meta name=\"twitter:data1\" content=\"Guy Delsaut\" \/>\n\t<meta name=\"twitter:label2\" content=\"Dur\u00e9e de lecture estim\u00e9e\" \/>\n\t<meta name=\"twitter:data2\" content=\"2 minutes\" \/>\n<script type=\"application\/ld+json\" class=\"yoast-schema-graph\">{\"@context\":\"https:\\\/\\\/schema.org\",\"@graph\":[{\"@type\":\"Article\",\"@id\":\"https:\\\/\\\/www.abd-bvd.be\\\/fr\\\/actualites\\\/of-machines-and-men-and-documents\\\/#article\",\"isPartOf\":{\"@id\":\"https:\\\/\\\/www.abd-bvd.be\\\/fr\\\/actualites\\\/of-machines-and-men-and-documents\\\/\"},\"author\":{\"name\":\"Guy Delsaut\",\"@id\":\"https:\\\/\\\/www.abd-bvd.be\\\/fr\\\/#\\\/schema\\\/person\\\/b16d2027ba7bd24752b02f45e6c2d628\"},\"headline\":\"Of Machines and Men\u2026 and Documents\",\"datePublished\":\"2016-07-05T16:03:00+00:00\",\"dateModified\":\"2016-11-14T13:54:50+00:00\",\"mainEntityOfPage\":{\"@id\":\"https:\\\/\\\/www.abd-bvd.be\\\/fr\\\/actualites\\\/of-machines-and-men-and-documents\\\/\"},\"wordCount\":426,\"articleSection\":[\"Actualit\u00e9s\"],\"inLanguage\":\"fr-FR\"},{\"@type\":\"WebPage\",\"@id\":\"https:\\\/\\\/www.abd-bvd.be\\\/fr\\\/actualites\\\/of-machines-and-men-and-documents\\\/\",\"url\":\"https:\\\/\\\/www.abd-bvd.be\\\/fr\\\/actualites\\\/of-machines-and-men-and-documents\\\/\",\"name\":\"Of Machines and Men\u2026 and Documents - ABD-BVD\",\"isPartOf\":{\"@id\":\"https:\\\/\\\/www.abd-bvd.be\\\/fr\\\/#website\"},\"datePublished\":\"2016-07-05T16:03:00+00:00\",\"dateModified\":\"2016-11-14T13:54:50+00:00\",\"author\":{\"@id\":\"https:\\\/\\\/www.abd-bvd.be\\\/fr\\\/#\\\/schema\\\/person\\\/b16d2027ba7bd24752b02f45e6c2d628\"},\"description\":\"Num\u00e9ro sp\u00e9cial des \u201cCahiers de la Documentation\\\" \u00e0 l\u2019occasion de l\u2019Ann\u00e9e europ\u00e9enne du patrimoine industriel et technique 2015\",\"breadcrumb\":{\"@id\":\"https:\\\/\\\/www.abd-bvd.be\\\/fr\\\/actualites\\\/of-machines-and-men-and-documents\\\/#breadcrumb\"},\"inLanguage\":\"fr-FR\",\"potentialAction\":[{\"@type\":\"ReadAction\",\"target\":[\"https:\\\/\\\/www.abd-bvd.be\\\/fr\\\/actualites\\\/of-machines-and-men-and-documents\\\/\"]}]},{\"@type\":\"BreadcrumbList\",\"@id\":\"https:\\\/\\\/www.abd-bvd.be\\\/fr\\\/actualites\\\/of-machines-and-men-and-documents\\\/#breadcrumb\",\"itemListElement\":[{\"@type\":\"ListItem\",\"position\":1,\"name\":\"Accueil\",\"item\":\"https:\\\/\\\/www.abd-bvd.be\\\/fr\\\/\"},{\"@type\":\"ListItem\",\"position\":2,\"name\":\"Of Machines and Men\u2026 and Documents\"}]},{\"@type\":\"WebSite\",\"@id\":\"https:\\\/\\\/www.abd-bvd.be\\\/fr\\\/#website\",\"url\":\"https:\\\/\\\/www.abd-bvd.be\\\/fr\\\/\",\"name\":\"ABD-BVD\",\"description\":\"Association Belge de documentation - Belgische verniging voor documentatie\",\"potentialAction\":[{\"@type\":\"SearchAction\",\"target\":{\"@type\":\"EntryPoint\",\"urlTemplate\":\"https:\\\/\\\/www.abd-bvd.be\\\/fr\\\/?s={search_term_string}\"},\"query-input\":{\"@type\":\"PropertyValueSpecification\",\"valueRequired\":true,\"valueName\":\"search_term_string\"}}],\"inLanguage\":\"fr-FR\"},{\"@type\":\"Person\",\"@id\":\"https:\\\/\\\/www.abd-bvd.be\\\/fr\\\/#\\\/schema\\\/person\\\/b16d2027ba7bd24752b02f45e6c2d628\",\"name\":\"Guy Delsaut\",\"image\":{\"@type\":\"ImageObject\",\"inLanguage\":\"fr-FR\",\"@id\":\"https:\\\/\\\/secure.gravatar.com\\\/avatar\\\/661ab3e27256975e79639c97a039adabdf47fbcdcd1883bad66ee2e8b41bdfa7?s=96&d=mm&r=g\",\"url\":\"https:\\\/\\\/secure.gravatar.com\\\/avatar\\\/661ab3e27256975e79639c97a039adabdf47fbcdcd1883bad66ee2e8b41bdfa7?s=96&d=mm&r=g\",\"contentUrl\":\"https:\\\/\\\/secure.gravatar.com\\\/avatar\\\/661ab3e27256975e79639c97a039adabdf47fbcdcd1883bad66ee2e8b41bdfa7?s=96&d=mm&r=g\",\"caption\":\"Guy Delsaut\"},\"url\":\"https:\\\/\\\/www.abd-bvd.be\\\/fr\\\/author\\\/guy-delsaut\\\/\"}]}<\/script>\n<!-- \/ Yoast SEO plugin. -->","yoast_head_json":{"title":"Of Machines and Men\u2026 and Documents - ABD-BVD","description":"Num\u00e9ro sp\u00e9cial des \u201cCahiers de la Documentation\" \u00e0 l\u2019occasion de l\u2019Ann\u00e9e europ\u00e9enne du patrimoine industriel et technique 2015","robots":{"index":"index","follow":"follow","max-snippet":"max-snippet:-1","max-image-preview":"max-image-preview:large","max-video-preview":"max-video-preview:-1"},"canonical":"https:\/\/www.abd-bvd.be\/fr\/actualites\/of-machines-and-men-and-documents\/","og_locale":"fr_FR","og_type":"article","og_title":"Of Machines and Men\u2026 and Documents - ABD-BVD","og_description":"Num\u00e9ro sp\u00e9cial des \u201cCahiers de la Documentation\" \u00e0 l\u2019occasion de l\u2019Ann\u00e9e europ\u00e9enne du patrimoine industriel et technique 2015","og_url":"https:\/\/www.abd-bvd.be\/fr\/actualites\/of-machines-and-men-and-documents\/","og_site_name":"ABD-BVD","article_published_time":"2016-07-05T16:03:00+00:00","article_modified_time":"2016-11-14T13:54:50+00:00","author":"Guy Delsaut","twitter_card":"summary_large_image","twitter_misc":{"\u00c9crit par":"Guy Delsaut","Dur\u00e9e de lecture estim\u00e9e":"2 minutes"},"schema":{"@context":"https:\/\/schema.org","@graph":[{"@type":"Article","@id":"https:\/\/www.abd-bvd.be\/fr\/actualites\/of-machines-and-men-and-documents\/#article","isPartOf":{"@id":"https:\/\/www.abd-bvd.be\/fr\/actualites\/of-machines-and-men-and-documents\/"},"author":{"name":"Guy Delsaut","@id":"https:\/\/www.abd-bvd.be\/fr\/#\/schema\/person\/b16d2027ba7bd24752b02f45e6c2d628"},"headline":"Of Machines and Men\u2026 and Documents","datePublished":"2016-07-05T16:03:00+00:00","dateModified":"2016-11-14T13:54:50+00:00","mainEntityOfPage":{"@id":"https:\/\/www.abd-bvd.be\/fr\/actualites\/of-machines-and-men-and-documents\/"},"wordCount":426,"articleSection":["Actualit\u00e9s"],"inLanguage":"fr-FR"},{"@type":"WebPage","@id":"https:\/\/www.abd-bvd.be\/fr\/actualites\/of-machines-and-men-and-documents\/","url":"https:\/\/www.abd-bvd.be\/fr\/actualites\/of-machines-and-men-and-documents\/","name":"Of Machines and Men\u2026 and Documents - ABD-BVD","isPartOf":{"@id":"https:\/\/www.abd-bvd.be\/fr\/#website"},"datePublished":"2016-07-05T16:03:00+00:00","dateModified":"2016-11-14T13:54:50+00:00","author":{"@id":"https:\/\/www.abd-bvd.be\/fr\/#\/schema\/person\/b16d2027ba7bd24752b02f45e6c2d628"},"description":"Num\u00e9ro sp\u00e9cial des \u201cCahiers de la Documentation\" \u00e0 l\u2019occasion de l\u2019Ann\u00e9e europ\u00e9enne du patrimoine industriel et technique 2015","breadcrumb":{"@id":"https:\/\/www.abd-bvd.be\/fr\/actualites\/of-machines-and-men-and-documents\/#breadcrumb"},"inLanguage":"fr-FR","potentialAction":[{"@type":"ReadAction","target":["https:\/\/www.abd-bvd.be\/fr\/actualites\/of-machines-and-men-and-documents\/"]}]},{"@type":"BreadcrumbList","@id":"https:\/\/www.abd-bvd.be\/fr\/actualites\/of-machines-and-men-and-documents\/#breadcrumb","itemListElement":[{"@type":"ListItem","position":1,"name":"Accueil","item":"https:\/\/www.abd-bvd.be\/fr\/"},{"@type":"ListItem","position":2,"name":"Of Machines and Men\u2026 and Documents"}]},{"@type":"WebSite","@id":"https:\/\/www.abd-bvd.be\/fr\/#website","url":"https:\/\/www.abd-bvd.be\/fr\/","name":"ABD-BVD","description":"Association Belge de documentation - Belgische verniging voor documentatie","potentialAction":[{"@type":"SearchAction","target":{"@type":"EntryPoint","urlTemplate":"https:\/\/www.abd-bvd.be\/fr\/?s={search_term_string}"},"query-input":{"@type":"PropertyValueSpecification","valueRequired":true,"valueName":"search_term_string"}}],"inLanguage":"fr-FR"},{"@type":"Person","@id":"https:\/\/www.abd-bvd.be\/fr\/#\/schema\/person\/b16d2027ba7bd24752b02f45e6c2d628","name":"Guy Delsaut","image":{"@type":"ImageObject","inLanguage":"fr-FR","@id":"https:\/\/secure.gravatar.com\/avatar\/661ab3e27256975e79639c97a039adabdf47fbcdcd1883bad66ee2e8b41bdfa7?s=96&d=mm&r=g","url":"https:\/\/secure.gravatar.com\/avatar\/661ab3e27256975e79639c97a039adabdf47fbcdcd1883bad66ee2e8b41bdfa7?s=96&d=mm&r=g","contentUrl":"https:\/\/secure.gravatar.com\/avatar\/661ab3e27256975e79639c97a039adabdf47fbcdcd1883bad66ee2e8b41bdfa7?s=96&d=mm&r=g","caption":"Guy Delsaut"},"url":"https:\/\/www.abd-bvd.be\/fr\/author\/guy-delsaut\/"}]}},"_links":{"self":[{"href":"https:\/\/www.abd-bvd.be\/fr\/wp-json\/wp\/v2\/posts\/5999","targetHints":{"allow":["GET"]}}],"collection":[{"href":"https:\/\/www.abd-bvd.be\/fr\/wp-json\/wp\/v2\/posts"}],"about":[{"href":"https:\/\/www.abd-bvd.be\/fr\/wp-json\/wp\/v2\/types\/post"}],"author":[{"embeddable":true,"href":"https:\/\/www.abd-bvd.be\/fr\/wp-json\/wp\/v2\/users\/5"}],"replies":[{"embeddable":true,"href":"https:\/\/www.abd-bvd.be\/fr\/wp-json\/wp\/v2\/comments?post=5999"}],"version-history":[{"count":0,"href":"https:\/\/www.abd-bvd.be\/fr\/wp-json\/wp\/v2\/posts\/5999\/revisions"}],"wp:attachment":[{"href":"https:\/\/www.abd-bvd.be\/fr\/wp-json\/wp\/v2\/media?parent=5999"}],"wp:term":[{"taxonomy":"category","embeddable":true,"href":"https:\/\/www.abd-bvd.be\/fr\/wp-json\/wp\/v2\/categories?post=5999"},{"taxonomy":"post_tag","embeddable":true,"href":"https:\/\/www.abd-bvd.be\/fr\/wp-json\/wp\/v2\/tags?post=5999"}],"curies":[{"name":"wp","href":"https:\/\/api.w.org\/{rel}","templated":true}]}}