{"id":5871,"date":"2016-06-14T22:40:23","date_gmt":"2016-06-14T22:40:23","guid":{"rendered":"http:\/\/www.abd-bvd.be\/?p=5871"},"modified":"2016-10-11T08:42:47","modified_gmt":"2016-10-11T06:42:47","slug":"docmoment-sept2016","status":"publish","type":"post","link":"https:\/\/www.abd-bvd.be\/fr\/agenda\/docmoment-sept2016\/","title":{"rendered":"Doc&rsquo;Moment <br\/>De Paul Otlet \u00e0 la visualisation des (macro)donn\u00e9es&#8230;"},"content":{"rendered":"<p><strong>Doc\u2019Moment : les rendez-vous de l\u2019ABD-BVD \u2013 Jeudi 29 septembre 2016 (14:15 &#8211; 16:30)<\/strong><\/p>\n<p>\u00c0\u00a0l&rsquo;occasion de la rentr\u00e9e, l&rsquo;ABD-BVD vous convie \u00e0 une r\u00e9union exceptionnelle en collaboration avec le <a href=\"http:\/\/www.mundaneum.org\/\" target=\"_blank\">Mundaneum<\/a>.<\/p>\n<p>Daniel Berhin (Senior Research Manager chez McKinsey) nous pr\u00e9sentera l&rsquo;\u00e9volution de son m\u00e9tier d&rsquo;analyste de l&rsquo;information au travers des 30 derni\u00e8res ann\u00e9es avec en toile de fond l&rsquo;impact des technologies digitales et analytiques (Big data)\u00a0 et les opportunit\u00e9s qu&rsquo;elles apportent \u00e0 un m\u00e9tier passionnant\u00a0 et en changement continu, en particulier dans leur capacit\u00e9 de mise en valeur et de visualisation des donn\u00e9es<em>. <\/em><\/p>\n<p>Ensuite, nous aurons l&rsquo;occasion de visiter ce magnifique b\u00e2timent (sc\u00e9naris\u00e9 par Fran\u00e7ois Schuiten et Beno\u00eet Peeters) et de d\u00e9couvrir le r\u00f4le du Mundaneum dans la pr\u00e9servation des donn\u00e9es accumul\u00e9es par Paul Otlet pour son \u00ab\u00a0<a href=\"https:\/\/fr.wikipedia.org\/wiki\/Mundaneum\" target=\"_blank\">Palais Mondial-Mundaneum<\/a>\u00a0\u00bb\u00a0que le <em>New York Times<\/em> qualifia r\u00e9cemment de \u00ab\u00a0Google de papier\u00a0\u00bb.<\/p>\n<p><strong>Programme<\/strong> :<\/p>\n<ul>\n<li>13:45 : accueil (caf\u00e9 &#8211; viennoiseries)<\/li>\n<li>14:15\u00a0 : introduction \u00e0 la r\u00e9union<\/li>\n<li>14:20-15:00 : expos\u00e9 de Daniel Berhin\u00a0 : L&rsquo;\u00e9volution des outils de visualisation des donn\u00e9es<\/li>\n<li>15:00-15:20 : pause caf\u00e9<\/li>\n<li>15:20-15:40 : pr\u00e9sentation du Mundaneum (historique, activit\u00e9s, l&rsquo;\u0153uvre de Paul Otlet)<\/li>\n<li>15:40-16:30 : visite du Mundaneum en groupes<\/li>\n<\/ul>\n<p>La visite et l\u2019expos\u00e9 se d\u00e9rouleront <strong>en fran\u00e7ais.<\/strong><\/p>\n<p><em>Lieu <\/em>: Mundaneum, Rue de Nimy 76, \u00e0 7000 Mons (pr\u00e8s de la Grand-Place).<\/p>\n<p><a href=\"http:\/\/lieu.mundaneum.org\/fr\/acces-lieu\">Plan d&rsquo;acc\u00e8s<\/a><\/p>\n<p><strong>Cette r\u00e9union est exceptionnellement ouverte \u00e0 tous, membres et non-membres<\/strong><\/p>\n<p><strong>Inscriptions via notre site web : <\/strong><a href=\"https:\/\/www.abd-bvd.be\/activites-evenements\/sinscrire-a-un-docmoment\/\">S&rsquo;inscrire \u00e0 un Doc&rsquo;Moment<\/a><\/p>\n","protected":false},"excerpt":{"rendered":"<p>Doc\u2019Moment : les rendez-vous de l\u2019ABD-BVD \u2013 Jeudi 29 septembre 2016 (14:15 &#8211; 16:30) \u00c0\u00a0l&rsquo;occasion de la rentr\u00e9e, l&rsquo;ABD-BVD vous convie \u00e0 une r\u00e9union exceptionnelle en collaboration avec le Mundaneum. Daniel Berhin (Senior Research Manager chez McKinsey) nous pr\u00e9sentera l&rsquo;\u00e9volution de son m\u00e9tier d&rsquo;analyste de l&rsquo;information au travers des 30 derni\u00e8res ann\u00e9es avec en toile [&hellip;]<\/p>\n","protected":false},"author":5,"featured_media":0,"comment_status":"closed","ping_status":"open","sticky":false,"template":"","format":"standard","meta":{"_acf_changed":false,"footnotes":"","_wpscppro_dont_share_socialmedia":false,"_wpscppro_custom_social_share_image":0,"_facebook_share_type":"","_twitter_share_type":"","_linkedin_share_type":"","_pinterest_share_type":"","_linkedin_share_type_page":"","_instagram_share_type":"","_medium_share_type":"","_threads_share_type":"","_google_business_share_type":"","_selected_social_profile":[],"_wpsp_enable_custom_social_template":false,"_wpsp_social_scheduling":{"enabled":false,"datetime":null,"platforms":[],"status":"template_only","dateOption":"today","timeOption":"now","customDays":"","customHours":"","customDate":"","customTime":"","schedulingType":"absolute"},"_wpsp_active_default_template":true},"categories":[67],"tags":[],"class_list":["post-5871","post","type-post","status-publish","format-standard","hentry","category-agenda"],"acf":[],"yoast_head":"<!-- This site is optimized with the Yoast SEO plugin v27.4 - https:\/\/yoast.com\/product\/yoast-seo-wordpress\/ -->\n<title>Doc&#039;Moment De Paul Otlet \u00e0 la visualisation des (macro)donn\u00e9es... - ABD-BVD<\/title>\n<meta name=\"description\" content=\"Le 29 septembre, l&#039;ABD-BVD organise une visite du Mundaneum \u00e0 Mons, pr\u00e9c\u00e9d\u00e9 d&#039;un expos\u00e9 sur la visualisation des donn\u00e9es par Daniel Berhin\" \/>\n<meta name=\"robots\" content=\"index, follow, max-snippet:-1, max-image-preview:large, max-video-preview:-1\" \/>\n<link rel=\"canonical\" href=\"https:\/\/www.abd-bvd.be\/fr\/agenda\/docmoment-sept2016\/\" \/>\n<meta property=\"og:locale\" content=\"fr_FR\" \/>\n<meta property=\"og:type\" content=\"article\" \/>\n<meta property=\"og:title\" content=\"Doc&#039;Moment De Paul Otlet \u00e0 la visualisation des (macro)donn\u00e9es... - ABD-BVD\" \/>\n<meta property=\"og:description\" content=\"Le 29 septembre, l&#039;ABD-BVD organise une visite du Mundaneum \u00e0 Mons, pr\u00e9c\u00e9d\u00e9 d&#039;un expos\u00e9 sur la visualisation des donn\u00e9es par Daniel Berhin\" \/>\n<meta property=\"og:url\" content=\"https:\/\/www.abd-bvd.be\/fr\/agenda\/docmoment-sept2016\/\" \/>\n<meta property=\"og:site_name\" content=\"ABD-BVD\" \/>\n<meta property=\"article:published_time\" content=\"2016-06-14T22:40:23+00:00\" \/>\n<meta property=\"article:modified_time\" content=\"2016-10-11T06:42:47+00:00\" \/>\n<meta name=\"author\" content=\"Guy Delsaut\" \/>\n<meta name=\"twitter:card\" content=\"summary_large_image\" \/>\n<meta name=\"twitter:label1\" content=\"\u00c9crit par\" \/>\n\t<meta name=\"twitter:data1\" content=\"Guy Delsaut\" \/>\n\t<meta name=\"twitter:label2\" content=\"Dur\u00e9e de lecture estim\u00e9e\" \/>\n\t<meta name=\"twitter:data2\" content=\"1 minute\" \/>\n<script type=\"application\/ld+json\" class=\"yoast-schema-graph\">{\"@context\":\"https:\\\/\\\/schema.org\",\"@graph\":[{\"@type\":\"Article\",\"@id\":\"https:\\\/\\\/www.abd-bvd.be\\\/fr\\\/agenda\\\/docmoment-sept2016\\\/#article\",\"isPartOf\":{\"@id\":\"https:\\\/\\\/www.abd-bvd.be\\\/fr\\\/agenda\\\/docmoment-sept2016\\\/\"},\"author\":{\"name\":\"Guy Delsaut\",\"@id\":\"https:\\\/\\\/www.abd-bvd.be\\\/fr\\\/#\\\/schema\\\/person\\\/b16d2027ba7bd24752b02f45e6c2d628\"},\"headline\":\"Doc&rsquo;Moment De Paul Otlet \u00e0 la visualisation des (macro)donn\u00e9es&#8230;\",\"datePublished\":\"2016-06-14T22:40:23+00:00\",\"dateModified\":\"2016-10-11T06:42:47+00:00\",\"mainEntityOfPage\":{\"@id\":\"https:\\\/\\\/www.abd-bvd.be\\\/fr\\\/agenda\\\/docmoment-sept2016\\\/\"},\"wordCount\":261,\"articleSection\":[\"Agenda\"],\"inLanguage\":\"fr-FR\"},{\"@type\":\"WebPage\",\"@id\":\"https:\\\/\\\/www.abd-bvd.be\\\/fr\\\/agenda\\\/docmoment-sept2016\\\/\",\"url\":\"https:\\\/\\\/www.abd-bvd.be\\\/fr\\\/agenda\\\/docmoment-sept2016\\\/\",\"name\":\"Doc'Moment De Paul Otlet \u00e0 la visualisation des (macro)donn\u00e9es... - ABD-BVD\",\"isPartOf\":{\"@id\":\"https:\\\/\\\/www.abd-bvd.be\\\/fr\\\/#website\"},\"datePublished\":\"2016-06-14T22:40:23+00:00\",\"dateModified\":\"2016-10-11T06:42:47+00:00\",\"author\":{\"@id\":\"https:\\\/\\\/www.abd-bvd.be\\\/fr\\\/#\\\/schema\\\/person\\\/b16d2027ba7bd24752b02f45e6c2d628\"},\"description\":\"Le 29 septembre, l'ABD-BVD organise une visite du Mundaneum \u00e0 Mons, pr\u00e9c\u00e9d\u00e9 d'un expos\u00e9 sur la visualisation des donn\u00e9es par Daniel Berhin\",\"breadcrumb\":{\"@id\":\"https:\\\/\\\/www.abd-bvd.be\\\/fr\\\/agenda\\\/docmoment-sept2016\\\/#breadcrumb\"},\"inLanguage\":\"fr-FR\",\"potentialAction\":[{\"@type\":\"ReadAction\",\"target\":[\"https:\\\/\\\/www.abd-bvd.be\\\/fr\\\/agenda\\\/docmoment-sept2016\\\/\"]}]},{\"@type\":\"BreadcrumbList\",\"@id\":\"https:\\\/\\\/www.abd-bvd.be\\\/fr\\\/agenda\\\/docmoment-sept2016\\\/#breadcrumb\",\"itemListElement\":[{\"@type\":\"ListItem\",\"position\":1,\"name\":\"Accueil\",\"item\":\"https:\\\/\\\/www.abd-bvd.be\\\/fr\\\/\"},{\"@type\":\"ListItem\",\"position\":2,\"name\":\"Doc&rsquo;Moment De Paul Otlet \u00e0 la visualisation des (macro)donn\u00e9es&#8230;\"}]},{\"@type\":\"WebSite\",\"@id\":\"https:\\\/\\\/www.abd-bvd.be\\\/fr\\\/#website\",\"url\":\"https:\\\/\\\/www.abd-bvd.be\\\/fr\\\/\",\"name\":\"ABD-BVD\",\"description\":\"Association Belge de documentation - Belgische verniging voor documentatie\",\"potentialAction\":[{\"@type\":\"SearchAction\",\"target\":{\"@type\":\"EntryPoint\",\"urlTemplate\":\"https:\\\/\\\/www.abd-bvd.be\\\/fr\\\/?s={search_term_string}\"},\"query-input\":{\"@type\":\"PropertyValueSpecification\",\"valueRequired\":true,\"valueName\":\"search_term_string\"}}],\"inLanguage\":\"fr-FR\"},{\"@type\":\"Person\",\"@id\":\"https:\\\/\\\/www.abd-bvd.be\\\/fr\\\/#\\\/schema\\\/person\\\/b16d2027ba7bd24752b02f45e6c2d628\",\"name\":\"Guy Delsaut\",\"image\":{\"@type\":\"ImageObject\",\"inLanguage\":\"fr-FR\",\"@id\":\"https:\\\/\\\/secure.gravatar.com\\\/avatar\\\/661ab3e27256975e79639c97a039adabdf47fbcdcd1883bad66ee2e8b41bdfa7?s=96&d=mm&r=g\",\"url\":\"https:\\\/\\\/secure.gravatar.com\\\/avatar\\\/661ab3e27256975e79639c97a039adabdf47fbcdcd1883bad66ee2e8b41bdfa7?s=96&d=mm&r=g\",\"contentUrl\":\"https:\\\/\\\/secure.gravatar.com\\\/avatar\\\/661ab3e27256975e79639c97a039adabdf47fbcdcd1883bad66ee2e8b41bdfa7?s=96&d=mm&r=g\",\"caption\":\"Guy Delsaut\"},\"url\":\"https:\\\/\\\/www.abd-bvd.be\\\/fr\\\/author\\\/guy-delsaut\\\/\"}]}<\/script>\n<!-- \/ Yoast SEO plugin. -->","yoast_head_json":{"title":"Doc'Moment De Paul Otlet \u00e0 la visualisation des (macro)donn\u00e9es... - ABD-BVD","description":"Le 29 septembre, l'ABD-BVD organise une visite du Mundaneum \u00e0 Mons, pr\u00e9c\u00e9d\u00e9 d'un expos\u00e9 sur la visualisation des donn\u00e9es par Daniel Berhin","robots":{"index":"index","follow":"follow","max-snippet":"max-snippet:-1","max-image-preview":"max-image-preview:large","max-video-preview":"max-video-preview:-1"},"canonical":"https:\/\/www.abd-bvd.be\/fr\/agenda\/docmoment-sept2016\/","og_locale":"fr_FR","og_type":"article","og_title":"Doc'Moment De Paul Otlet \u00e0 la visualisation des (macro)donn\u00e9es... - ABD-BVD","og_description":"Le 29 septembre, l'ABD-BVD organise une visite du Mundaneum \u00e0 Mons, pr\u00e9c\u00e9d\u00e9 d'un expos\u00e9 sur la visualisation des donn\u00e9es par Daniel Berhin","og_url":"https:\/\/www.abd-bvd.be\/fr\/agenda\/docmoment-sept2016\/","og_site_name":"ABD-BVD","article_published_time":"2016-06-14T22:40:23+00:00","article_modified_time":"2016-10-11T06:42:47+00:00","author":"Guy Delsaut","twitter_card":"summary_large_image","twitter_misc":{"\u00c9crit par":"Guy Delsaut","Dur\u00e9e de lecture estim\u00e9e":"1 minute"},"schema":{"@context":"https:\/\/schema.org","@graph":[{"@type":"Article","@id":"https:\/\/www.abd-bvd.be\/fr\/agenda\/docmoment-sept2016\/#article","isPartOf":{"@id":"https:\/\/www.abd-bvd.be\/fr\/agenda\/docmoment-sept2016\/"},"author":{"name":"Guy Delsaut","@id":"https:\/\/www.abd-bvd.be\/fr\/#\/schema\/person\/b16d2027ba7bd24752b02f45e6c2d628"},"headline":"Doc&rsquo;Moment De Paul Otlet \u00e0 la visualisation des (macro)donn\u00e9es&#8230;","datePublished":"2016-06-14T22:40:23+00:00","dateModified":"2016-10-11T06:42:47+00:00","mainEntityOfPage":{"@id":"https:\/\/www.abd-bvd.be\/fr\/agenda\/docmoment-sept2016\/"},"wordCount":261,"articleSection":["Agenda"],"inLanguage":"fr-FR"},{"@type":"WebPage","@id":"https:\/\/www.abd-bvd.be\/fr\/agenda\/docmoment-sept2016\/","url":"https:\/\/www.abd-bvd.be\/fr\/agenda\/docmoment-sept2016\/","name":"Doc'Moment De Paul Otlet \u00e0 la visualisation des (macro)donn\u00e9es... - ABD-BVD","isPartOf":{"@id":"https:\/\/www.abd-bvd.be\/fr\/#website"},"datePublished":"2016-06-14T22:40:23+00:00","dateModified":"2016-10-11T06:42:47+00:00","author":{"@id":"https:\/\/www.abd-bvd.be\/fr\/#\/schema\/person\/b16d2027ba7bd24752b02f45e6c2d628"},"description":"Le 29 septembre, l'ABD-BVD organise une visite du Mundaneum \u00e0 Mons, pr\u00e9c\u00e9d\u00e9 d'un expos\u00e9 sur la visualisation des donn\u00e9es par Daniel Berhin","breadcrumb":{"@id":"https:\/\/www.abd-bvd.be\/fr\/agenda\/docmoment-sept2016\/#breadcrumb"},"inLanguage":"fr-FR","potentialAction":[{"@type":"ReadAction","target":["https:\/\/www.abd-bvd.be\/fr\/agenda\/docmoment-sept2016\/"]}]},{"@type":"BreadcrumbList","@id":"https:\/\/www.abd-bvd.be\/fr\/agenda\/docmoment-sept2016\/#breadcrumb","itemListElement":[{"@type":"ListItem","position":1,"name":"Accueil","item":"https:\/\/www.abd-bvd.be\/fr\/"},{"@type":"ListItem","position":2,"name":"Doc&rsquo;Moment De Paul Otlet \u00e0 la visualisation des (macro)donn\u00e9es&#8230;"}]},{"@type":"WebSite","@id":"https:\/\/www.abd-bvd.be\/fr\/#website","url":"https:\/\/www.abd-bvd.be\/fr\/","name":"ABD-BVD","description":"Association Belge de documentation - Belgische verniging voor documentatie","potentialAction":[{"@type":"SearchAction","target":{"@type":"EntryPoint","urlTemplate":"https:\/\/www.abd-bvd.be\/fr\/?s={search_term_string}"},"query-input":{"@type":"PropertyValueSpecification","valueRequired":true,"valueName":"search_term_string"}}],"inLanguage":"fr-FR"},{"@type":"Person","@id":"https:\/\/www.abd-bvd.be\/fr\/#\/schema\/person\/b16d2027ba7bd24752b02f45e6c2d628","name":"Guy Delsaut","image":{"@type":"ImageObject","inLanguage":"fr-FR","@id":"https:\/\/secure.gravatar.com\/avatar\/661ab3e27256975e79639c97a039adabdf47fbcdcd1883bad66ee2e8b41bdfa7?s=96&d=mm&r=g","url":"https:\/\/secure.gravatar.com\/avatar\/661ab3e27256975e79639c97a039adabdf47fbcdcd1883bad66ee2e8b41bdfa7?s=96&d=mm&r=g","contentUrl":"https:\/\/secure.gravatar.com\/avatar\/661ab3e27256975e79639c97a039adabdf47fbcdcd1883bad66ee2e8b41bdfa7?s=96&d=mm&r=g","caption":"Guy Delsaut"},"url":"https:\/\/www.abd-bvd.be\/fr\/author\/guy-delsaut\/"}]}},"_links":{"self":[{"href":"https:\/\/www.abd-bvd.be\/fr\/wp-json\/wp\/v2\/posts\/5871","targetHints":{"allow":["GET"]}}],"collection":[{"href":"https:\/\/www.abd-bvd.be\/fr\/wp-json\/wp\/v2\/posts"}],"about":[{"href":"https:\/\/www.abd-bvd.be\/fr\/wp-json\/wp\/v2\/types\/post"}],"author":[{"embeddable":true,"href":"https:\/\/www.abd-bvd.be\/fr\/wp-json\/wp\/v2\/users\/5"}],"replies":[{"embeddable":true,"href":"https:\/\/www.abd-bvd.be\/fr\/wp-json\/wp\/v2\/comments?post=5871"}],"version-history":[{"count":0,"href":"https:\/\/www.abd-bvd.be\/fr\/wp-json\/wp\/v2\/posts\/5871\/revisions"}],"wp:attachment":[{"href":"https:\/\/www.abd-bvd.be\/fr\/wp-json\/wp\/v2\/media?parent=5871"}],"wp:term":[{"taxonomy":"category","embeddable":true,"href":"https:\/\/www.abd-bvd.be\/fr\/wp-json\/wp\/v2\/categories?post=5871"},{"taxonomy":"post_tag","embeddable":true,"href":"https:\/\/www.abd-bvd.be\/fr\/wp-json\/wp\/v2\/tags?post=5871"}],"curies":[{"name":"wp","href":"https:\/\/api.w.org\/{rel}","templated":true}]}}