{"id":5553,"date":"2016-05-16T12:36:18","date_gmt":"2016-05-16T12:36:18","guid":{"rendered":"http:\/\/www.abd-bvd.be\/?p=5553"},"modified":"2016-05-23T11:52:01","modified_gmt":"2016-05-23T11:52:01","slug":"docmoment-09juin2016","status":"publish","type":"post","link":"https:\/\/www.abd-bvd.be\/fr\/agenda\/docmoment-09juin2016\/","title":{"rendered":"Doc&rsquo;Moment<br\/>Content curating: how to scoop it in a digital age"},"content":{"rendered":"<p><strong>Doc\u2019Moment : les rendez-vous de l\u2019ABD-BVD \u2013 Jeudi 9 juin 2016 (14:00 &#8211; 16:00)<\/strong><\/p>\n<h2>La curation de contenu pour les professionnels de l&rsquo;information : r\u00e9cup\u00e9rer dans la poubelle ou r\u00e9utilisation durable de sources<\/h2>\n<p>par <strong>Lourense Das<\/strong>, adviseur et trainer, Meles Meles SMD<\/p>\n<p>\u00c0 c\u00f4t\u00e9 de nombreuses possibilit\u00e9s relatives \u00e0 la curation de contenu, il sera expliqu\u00e9 comment les professionnels de l&rsquo;information peuvent l&rsquo;utiliser comme outil de marketing. Quelques cas pratiques (g\u00e9n\u00e9raux et sp\u00e9cifique pour le professionnel de l&rsquo;information) seront examin\u00e9s, tout comme les possibles outils de curation (gratuits ou non). Ensuite seront trait\u00e9s des exemples de curation de contenu cr\u00e9atifs et r\u00e9ussis.<\/p>\n<h2>Une plate-forme de veille r\u00e9alis\u00e9e avec Scoop.it<\/h2>\n<p>par <strong>Nadine Derwidu\u00e9e<\/strong>, information et veille, D\u00e9partement Relations internationales, Le Forem<\/p>\n<p>L\u2019oratrice pr\u00e9sentera son utilisation de la plateforme de curation Scoop.it avec le D\u00e9partement des relations internationales du Forem pour diffuser les r\u00e9sultats de sa veille sur les mati\u00e8res emploi et formation. Elle montrera quels sont les avantages et les inconv\u00e9nients de la plateforme, et comment elle gagne \u00e0 \u00eatre combin\u00e9e avec les comp\u00e9tences du documentaliste. <\/p>\n<p>&nbsp;<\/p>\n<p>Les expos\u00e9s se d\u00e9rouleront <strong>en n\u00e9erlandais <\/strong>et <strong>en fran\u00e7ais.<\/strong><\/p>\n<p><em>Lieu <\/em>: Biblioth\u00e8que royale de Belgique &#8211;\u00a0Salle du conseil (2<sup>e<\/sup> \u00e9tage)<br \/>\n<strong>Rendez-vous \u00e0 14:00 dans le hall d&rsquo;entr\u00e9e, pr\u00e8s de la banni\u00e8re ABD-BVD<\/strong><\/p>\n<p><em>Adresse<\/em> : Boulevard de l&rsquo;Empereur 2, \u00e0 1000 Bruxelles<\/p>\n<p><strong>Attention<\/strong> : Pour des raisons de s\u00e9curit\u00e9, la Biblioth\u00e8que royale a d\u00e9cid\u00e9 de n&rsquo;ouvrir en ce moment que l&rsquo;entr\u00e9e \u00ab Gutenberg \u00bb situ\u00e9e dans le jardin du Mont des Arts (entr\u00e9e n\u00b02 sur le plan d&rsquo;acc\u00e8s). \u00c0 l&rsquo;entr\u00e9e, un renforcement du contr\u00f4le d&rsquo;entr\u00e9e a \u00e9t\u00e9 mis en place.<\/p>\n<p><strong>Plan d&rsquo;acc\u00e8s<\/strong><br \/>\n<span class=\"file-button\"><a href=\"http:\/\/www.kbr.be\/informations\/planMap\/planMap.pdf\">T\u00e9l\u00e9charger (FR-NL)<\/a><\/span><\/p>\n<p><strong>Gratuit pour les membres<\/strong> (25 \u20ac pour les non-membres)<\/p>\n<p><strong>Inscriptions via notre site web : <\/strong><a href=\"https:\/\/www.abd-bvd.be\/activites-evenements\/sinscrire-a-un-docmoment\/\">S&rsquo;inscrire \u00e0 un Doc&rsquo;Moment<\/a><\/p>\n","protected":false},"excerpt":{"rendered":"<p>Doc\u2019Moment : les rendez-vous de l\u2019ABD-BVD \u2013 Jeudi 9 juin 2016 (14:00 &#8211; 16:00) La curation de contenu pour les professionnels de l&rsquo;information : r\u00e9cup\u00e9rer dans la poubelle ou r\u00e9utilisation durable de sources par Lourense Das, adviseur et trainer, Meles Meles SMD \u00c0 c\u00f4t\u00e9 de nombreuses possibilit\u00e9s relatives \u00e0 la curation de contenu, il sera [&hellip;]<\/p>\n","protected":false},"author":5,"featured_media":0,"comment_status":"closed","ping_status":"open","sticky":false,"template":"","format":"standard","meta":{"_acf_changed":false,"footnotes":"","_wpscppro_dont_share_socialmedia":false,"_wpscppro_custom_social_share_image":0,"_facebook_share_type":"","_twitter_share_type":"","_linkedin_share_type":"","_pinterest_share_type":"","_linkedin_share_type_page":"","_instagram_share_type":"","_medium_share_type":"","_threads_share_type":"","_google_business_share_type":"","_selected_social_profile":[],"_wpsp_enable_custom_social_template":false,"_wpsp_social_scheduling":{"enabled":false,"datetime":null,"platforms":[],"status":"template_only","dateOption":"today","timeOption":"now","customDays":"","customHours":"","customDate":"","customTime":"","schedulingType":"absolute"},"_wpsp_active_default_template":true},"categories":[67],"tags":[],"class_list":["post-5553","post","type-post","status-publish","format-standard","hentry","category-agenda"],"acf":[],"yoast_head":"<!-- This site is optimized with the Yoast SEO plugin v27.4 - https:\/\/yoast.com\/product\/yoast-seo-wordpress\/ -->\n<title>Doc&#039;MomentContent curating: how to scoop it in a digital age - ABD-BVD<\/title>\n<meta name=\"description\" content=\"Le 9 juin, l&#039;ABD-BVD organise un Doc&#039;Moment sur la curation de contenu. Les orateurs sont Lourense Das et Nadine Derwidu\u00e9e.\" \/>\n<meta name=\"robots\" content=\"index, follow, max-snippet:-1, max-image-preview:large, max-video-preview:-1\" \/>\n<link rel=\"canonical\" href=\"https:\/\/www.abd-bvd.be\/fr\/agenda\/docmoment-09juin2016\/\" \/>\n<meta property=\"og:locale\" content=\"fr_FR\" \/>\n<meta property=\"og:type\" content=\"article\" \/>\n<meta property=\"og:title\" content=\"Doc&#039;MomentContent curating: how to scoop it in a digital age - ABD-BVD\" \/>\n<meta property=\"og:description\" content=\"Le 9 juin, l&#039;ABD-BVD organise un Doc&#039;Moment sur la curation de contenu. Les orateurs sont Lourense Das et Nadine Derwidu\u00e9e.\" \/>\n<meta property=\"og:url\" content=\"https:\/\/www.abd-bvd.be\/fr\/agenda\/docmoment-09juin2016\/\" \/>\n<meta property=\"og:site_name\" content=\"ABD-BVD\" \/>\n<meta property=\"article:published_time\" content=\"2016-05-16T12:36:18+00:00\" \/>\n<meta property=\"article:modified_time\" content=\"2016-05-23T11:52:01+00:00\" \/>\n<meta name=\"author\" content=\"Guy Delsaut\" \/>\n<meta name=\"twitter:card\" content=\"summary_large_image\" \/>\n<meta name=\"twitter:label1\" content=\"\u00c9crit par\" \/>\n\t<meta name=\"twitter:data1\" content=\"Guy Delsaut\" \/>\n\t<meta name=\"twitter:label2\" content=\"Dur\u00e9e de lecture estim\u00e9e\" \/>\n\t<meta name=\"twitter:data2\" content=\"2 minutes\" \/>\n<script type=\"application\/ld+json\" class=\"yoast-schema-graph\">{\"@context\":\"https:\\\/\\\/schema.org\",\"@graph\":[{\"@type\":\"Article\",\"@id\":\"https:\\\/\\\/www.abd-bvd.be\\\/fr\\\/agenda\\\/docmoment-09juin2016\\\/#article\",\"isPartOf\":{\"@id\":\"https:\\\/\\\/www.abd-bvd.be\\\/fr\\\/agenda\\\/docmoment-09juin2016\\\/\"},\"author\":{\"name\":\"Guy Delsaut\",\"@id\":\"https:\\\/\\\/www.abd-bvd.be\\\/fr\\\/#\\\/schema\\\/person\\\/b16d2027ba7bd24752b02f45e6c2d628\"},\"headline\":\"Doc&rsquo;Moment Content curating: how to scoop it in a digital age\",\"datePublished\":\"2016-05-16T12:36:18+00:00\",\"dateModified\":\"2016-05-23T11:52:01+00:00\",\"mainEntityOfPage\":{\"@id\":\"https:\\\/\\\/www.abd-bvd.be\\\/fr\\\/agenda\\\/docmoment-09juin2016\\\/\"},\"wordCount\":338,\"articleSection\":[\"Agenda\"],\"inLanguage\":\"fr-FR\"},{\"@type\":\"WebPage\",\"@id\":\"https:\\\/\\\/www.abd-bvd.be\\\/fr\\\/agenda\\\/docmoment-09juin2016\\\/\",\"url\":\"https:\\\/\\\/www.abd-bvd.be\\\/fr\\\/agenda\\\/docmoment-09juin2016\\\/\",\"name\":\"Doc'Moment Content curating: how to scoop it in a digital age - ABD-BVD\",\"isPartOf\":{\"@id\":\"https:\\\/\\\/www.abd-bvd.be\\\/fr\\\/#website\"},\"datePublished\":\"2016-05-16T12:36:18+00:00\",\"dateModified\":\"2016-05-23T11:52:01+00:00\",\"author\":{\"@id\":\"https:\\\/\\\/www.abd-bvd.be\\\/fr\\\/#\\\/schema\\\/person\\\/b16d2027ba7bd24752b02f45e6c2d628\"},\"description\":\"Le 9 juin, l'ABD-BVD organise un Doc'Moment sur la curation de contenu. Les orateurs sont Lourense Das et Nadine Derwidu\u00e9e.\",\"breadcrumb\":{\"@id\":\"https:\\\/\\\/www.abd-bvd.be\\\/fr\\\/agenda\\\/docmoment-09juin2016\\\/#breadcrumb\"},\"inLanguage\":\"fr-FR\",\"potentialAction\":[{\"@type\":\"ReadAction\",\"target\":[\"https:\\\/\\\/www.abd-bvd.be\\\/fr\\\/agenda\\\/docmoment-09juin2016\\\/\"]}]},{\"@type\":\"BreadcrumbList\",\"@id\":\"https:\\\/\\\/www.abd-bvd.be\\\/fr\\\/agenda\\\/docmoment-09juin2016\\\/#breadcrumb\",\"itemListElement\":[{\"@type\":\"ListItem\",\"position\":1,\"name\":\"Accueil\",\"item\":\"https:\\\/\\\/www.abd-bvd.be\\\/fr\\\/\"},{\"@type\":\"ListItem\",\"position\":2,\"name\":\"Doc&rsquo;MomentContent curating: how to scoop it in a digital age\"}]},{\"@type\":\"WebSite\",\"@id\":\"https:\\\/\\\/www.abd-bvd.be\\\/fr\\\/#website\",\"url\":\"https:\\\/\\\/www.abd-bvd.be\\\/fr\\\/\",\"name\":\"ABD-BVD\",\"description\":\"Association Belge de documentation - Belgische verniging voor documentatie\",\"potentialAction\":[{\"@type\":\"SearchAction\",\"target\":{\"@type\":\"EntryPoint\",\"urlTemplate\":\"https:\\\/\\\/www.abd-bvd.be\\\/fr\\\/?s={search_term_string}\"},\"query-input\":{\"@type\":\"PropertyValueSpecification\",\"valueRequired\":true,\"valueName\":\"search_term_string\"}}],\"inLanguage\":\"fr-FR\"},{\"@type\":\"Person\",\"@id\":\"https:\\\/\\\/www.abd-bvd.be\\\/fr\\\/#\\\/schema\\\/person\\\/b16d2027ba7bd24752b02f45e6c2d628\",\"name\":\"Guy Delsaut\",\"image\":{\"@type\":\"ImageObject\",\"inLanguage\":\"fr-FR\",\"@id\":\"https:\\\/\\\/secure.gravatar.com\\\/avatar\\\/661ab3e27256975e79639c97a039adabdf47fbcdcd1883bad66ee2e8b41bdfa7?s=96&d=mm&r=g\",\"url\":\"https:\\\/\\\/secure.gravatar.com\\\/avatar\\\/661ab3e27256975e79639c97a039adabdf47fbcdcd1883bad66ee2e8b41bdfa7?s=96&d=mm&r=g\",\"contentUrl\":\"https:\\\/\\\/secure.gravatar.com\\\/avatar\\\/661ab3e27256975e79639c97a039adabdf47fbcdcd1883bad66ee2e8b41bdfa7?s=96&d=mm&r=g\",\"caption\":\"Guy Delsaut\"},\"url\":\"https:\\\/\\\/www.abd-bvd.be\\\/fr\\\/author\\\/guy-delsaut\\\/\"}]}<\/script>\n<!-- \/ Yoast SEO plugin. -->","yoast_head_json":{"title":"Doc'MomentContent curating: how to scoop it in a digital age - ABD-BVD","description":"Le 9 juin, l'ABD-BVD organise un Doc'Moment sur la curation de contenu. Les orateurs sont Lourense Das et Nadine Derwidu\u00e9e.","robots":{"index":"index","follow":"follow","max-snippet":"max-snippet:-1","max-image-preview":"max-image-preview:large","max-video-preview":"max-video-preview:-1"},"canonical":"https:\/\/www.abd-bvd.be\/fr\/agenda\/docmoment-09juin2016\/","og_locale":"fr_FR","og_type":"article","og_title":"Doc'MomentContent curating: how to scoop it in a digital age - ABD-BVD","og_description":"Le 9 juin, l'ABD-BVD organise un Doc'Moment sur la curation de contenu. Les orateurs sont Lourense Das et Nadine Derwidu\u00e9e.","og_url":"https:\/\/www.abd-bvd.be\/fr\/agenda\/docmoment-09juin2016\/","og_site_name":"ABD-BVD","article_published_time":"2016-05-16T12:36:18+00:00","article_modified_time":"2016-05-23T11:52:01+00:00","author":"Guy Delsaut","twitter_card":"summary_large_image","twitter_misc":{"\u00c9crit par":"Guy Delsaut","Dur\u00e9e de lecture estim\u00e9e":"2 minutes"},"schema":{"@context":"https:\/\/schema.org","@graph":[{"@type":"Article","@id":"https:\/\/www.abd-bvd.be\/fr\/agenda\/docmoment-09juin2016\/#article","isPartOf":{"@id":"https:\/\/www.abd-bvd.be\/fr\/agenda\/docmoment-09juin2016\/"},"author":{"name":"Guy Delsaut","@id":"https:\/\/www.abd-bvd.be\/fr\/#\/schema\/person\/b16d2027ba7bd24752b02f45e6c2d628"},"headline":"Doc&rsquo;Moment Content curating: how to scoop it in a digital age","datePublished":"2016-05-16T12:36:18+00:00","dateModified":"2016-05-23T11:52:01+00:00","mainEntityOfPage":{"@id":"https:\/\/www.abd-bvd.be\/fr\/agenda\/docmoment-09juin2016\/"},"wordCount":338,"articleSection":["Agenda"],"inLanguage":"fr-FR"},{"@type":"WebPage","@id":"https:\/\/www.abd-bvd.be\/fr\/agenda\/docmoment-09juin2016\/","url":"https:\/\/www.abd-bvd.be\/fr\/agenda\/docmoment-09juin2016\/","name":"Doc'Moment Content curating: how to scoop it in a digital age - ABD-BVD","isPartOf":{"@id":"https:\/\/www.abd-bvd.be\/fr\/#website"},"datePublished":"2016-05-16T12:36:18+00:00","dateModified":"2016-05-23T11:52:01+00:00","author":{"@id":"https:\/\/www.abd-bvd.be\/fr\/#\/schema\/person\/b16d2027ba7bd24752b02f45e6c2d628"},"description":"Le 9 juin, l'ABD-BVD organise un Doc'Moment sur la curation de contenu. Les orateurs sont Lourense Das et Nadine Derwidu\u00e9e.","breadcrumb":{"@id":"https:\/\/www.abd-bvd.be\/fr\/agenda\/docmoment-09juin2016\/#breadcrumb"},"inLanguage":"fr-FR","potentialAction":[{"@type":"ReadAction","target":["https:\/\/www.abd-bvd.be\/fr\/agenda\/docmoment-09juin2016\/"]}]},{"@type":"BreadcrumbList","@id":"https:\/\/www.abd-bvd.be\/fr\/agenda\/docmoment-09juin2016\/#breadcrumb","itemListElement":[{"@type":"ListItem","position":1,"name":"Accueil","item":"https:\/\/www.abd-bvd.be\/fr\/"},{"@type":"ListItem","position":2,"name":"Doc&rsquo;MomentContent curating: how to scoop it in a digital age"}]},{"@type":"WebSite","@id":"https:\/\/www.abd-bvd.be\/fr\/#website","url":"https:\/\/www.abd-bvd.be\/fr\/","name":"ABD-BVD","description":"Association Belge de documentation - Belgische verniging voor documentatie","potentialAction":[{"@type":"SearchAction","target":{"@type":"EntryPoint","urlTemplate":"https:\/\/www.abd-bvd.be\/fr\/?s={search_term_string}"},"query-input":{"@type":"PropertyValueSpecification","valueRequired":true,"valueName":"search_term_string"}}],"inLanguage":"fr-FR"},{"@type":"Person","@id":"https:\/\/www.abd-bvd.be\/fr\/#\/schema\/person\/b16d2027ba7bd24752b02f45e6c2d628","name":"Guy Delsaut","image":{"@type":"ImageObject","inLanguage":"fr-FR","@id":"https:\/\/secure.gravatar.com\/avatar\/661ab3e27256975e79639c97a039adabdf47fbcdcd1883bad66ee2e8b41bdfa7?s=96&d=mm&r=g","url":"https:\/\/secure.gravatar.com\/avatar\/661ab3e27256975e79639c97a039adabdf47fbcdcd1883bad66ee2e8b41bdfa7?s=96&d=mm&r=g","contentUrl":"https:\/\/secure.gravatar.com\/avatar\/661ab3e27256975e79639c97a039adabdf47fbcdcd1883bad66ee2e8b41bdfa7?s=96&d=mm&r=g","caption":"Guy Delsaut"},"url":"https:\/\/www.abd-bvd.be\/fr\/author\/guy-delsaut\/"}]}},"_links":{"self":[{"href":"https:\/\/www.abd-bvd.be\/fr\/wp-json\/wp\/v2\/posts\/5553","targetHints":{"allow":["GET"]}}],"collection":[{"href":"https:\/\/www.abd-bvd.be\/fr\/wp-json\/wp\/v2\/posts"}],"about":[{"href":"https:\/\/www.abd-bvd.be\/fr\/wp-json\/wp\/v2\/types\/post"}],"author":[{"embeddable":true,"href":"https:\/\/www.abd-bvd.be\/fr\/wp-json\/wp\/v2\/users\/5"}],"replies":[{"embeddable":true,"href":"https:\/\/www.abd-bvd.be\/fr\/wp-json\/wp\/v2\/comments?post=5553"}],"version-history":[{"count":0,"href":"https:\/\/www.abd-bvd.be\/fr\/wp-json\/wp\/v2\/posts\/5553\/revisions"}],"wp:attachment":[{"href":"https:\/\/www.abd-bvd.be\/fr\/wp-json\/wp\/v2\/media?parent=5553"}],"wp:term":[{"taxonomy":"category","embeddable":true,"href":"https:\/\/www.abd-bvd.be\/fr\/wp-json\/wp\/v2\/categories?post=5553"},{"taxonomy":"post_tag","embeddable":true,"href":"https:\/\/www.abd-bvd.be\/fr\/wp-json\/wp\/v2\/tags?post=5553"}],"curies":[{"name":"wp","href":"https:\/\/api.w.org\/{rel}","templated":true}]}}