{"id":5172,"date":"2016-03-22T11:30:54","date_gmt":"2016-03-22T11:30:54","guid":{"rendered":"http:\/\/www.abd-bvd.be\/?p=5172"},"modified":"2016-03-22T11:30:54","modified_gmt":"2016-03-22T11:30:54","slug":"lassemblee-generale-docmoment-reportes","status":"publish","type":"post","link":"https:\/\/www.abd-bvd.be\/fr\/actualites\/lassemblee-generale-docmoment-reportes\/","title":{"rendered":"L&rsquo;Assembl\u00e9e g\u00e9n\u00e9rale et le Doc&rsquo;Moment sont r\u00e9port\u00e9s"},"content":{"rendered":"<p>Suite aux terribles \u00e9v\u00e9nements qui ont touch\u00e9 l&rsquo;a\u00e9roport de Bruxelles et le m\u00e9tro bruxellois, le Doc&rsquo;Moment et l&rsquo;Assembl\u00e9e g\u00e9n\u00e9rale qui devaient se d\u00e9rouler ce 22 mars sont r\u00e9port\u00e9s \u00e0 une date encore non d\u00e9termin\u00e9e.<\/p>\n<p>Toutes nos pens\u00e9es vont vers les victimes de ces attentats et vers leurs proches.<\/p>\n","protected":false},"excerpt":{"rendered":"<p>Suite aux terribles \u00e9v\u00e9nements qui ont touch\u00e9 l&rsquo;a\u00e9roport de Bruxelles et le m\u00e9tro bruxellois, le Doc&rsquo;Moment et l&rsquo;Assembl\u00e9e g\u00e9n\u00e9rale qui devaient se d\u00e9rouler ce 22 mars sont r\u00e9port\u00e9s \u00e0 une date encore non d\u00e9termin\u00e9e. Toutes nos pens\u00e9es vont vers les victimes de ces attentats et vers leurs proches.<\/p>\n","protected":false},"author":5,"featured_media":0,"comment_status":"closed","ping_status":"open","sticky":false,"template":"","format":"standard","meta":{"_acf_changed":false,"footnotes":"","_wpscppro_dont_share_socialmedia":false,"_wpscppro_custom_social_share_image":0,"_facebook_share_type":"","_twitter_share_type":"","_linkedin_share_type":"","_pinterest_share_type":"","_linkedin_share_type_page":"","_instagram_share_type":"","_medium_share_type":"","_threads_share_type":"","_google_business_share_type":"","_selected_social_profile":[],"_wpsp_enable_custom_social_template":false,"_wpsp_social_scheduling":{"enabled":false,"datetime":null,"platforms":[],"status":"template_only","dateOption":"today","timeOption":"now","customDays":"","customHours":"","customDate":"","customTime":"","schedulingType":"absolute"},"_wpsp_active_default_template":true},"categories":[3],"tags":[],"class_list":["post-5172","post","type-post","status-publish","format-standard","hentry","category-actualites"],"acf":[],"yoast_head":"<!-- This site is optimized with the Yoast SEO plugin v27.4 - https:\/\/yoast.com\/product\/yoast-seo-wordpress\/ -->\n<title>L&#039;Assembl\u00e9e g\u00e9n\u00e9rale et le Doc&#039;Moment sont r\u00e9port\u00e9s - ABD-BVD<\/title>\n<meta name=\"robots\" content=\"index, follow, max-snippet:-1, max-image-preview:large, max-video-preview:-1\" \/>\n<link rel=\"canonical\" href=\"https:\/\/www.abd-bvd.be\/fr\/actualites\/lassemblee-generale-docmoment-reportes\/\" \/>\n<meta property=\"og:locale\" content=\"fr_FR\" \/>\n<meta property=\"og:type\" content=\"article\" \/>\n<meta property=\"og:title\" content=\"L&#039;Assembl\u00e9e g\u00e9n\u00e9rale et le Doc&#039;Moment sont r\u00e9port\u00e9s - ABD-BVD\" \/>\n<meta property=\"og:description\" content=\"Suite aux terribles \u00e9v\u00e9nements qui ont touch\u00e9 l&rsquo;a\u00e9roport de Bruxelles et le m\u00e9tro bruxellois, le Doc&rsquo;Moment et l&rsquo;Assembl\u00e9e g\u00e9n\u00e9rale qui devaient se d\u00e9rouler ce 22 mars sont r\u00e9port\u00e9s \u00e0 une date encore non d\u00e9termin\u00e9e. Toutes nos pens\u00e9es vont vers les victimes de ces attentats et vers leurs proches.\" \/>\n<meta property=\"og:url\" content=\"https:\/\/www.abd-bvd.be\/fr\/actualites\/lassemblee-generale-docmoment-reportes\/\" \/>\n<meta property=\"og:site_name\" content=\"ABD-BVD\" \/>\n<meta property=\"article:published_time\" content=\"2016-03-22T11:30:54+00:00\" \/>\n<meta name=\"author\" content=\"Guy Delsaut\" \/>\n<meta name=\"twitter:card\" content=\"summary_large_image\" \/>\n<meta name=\"twitter:label1\" content=\"\u00c9crit par\" \/>\n\t<meta name=\"twitter:data1\" content=\"Guy Delsaut\" \/>\n<script type=\"application\/ld+json\" class=\"yoast-schema-graph\">{\"@context\":\"https:\\\/\\\/schema.org\",\"@graph\":[{\"@type\":\"Article\",\"@id\":\"https:\\\/\\\/www.abd-bvd.be\\\/fr\\\/actualites\\\/lassemblee-generale-docmoment-reportes\\\/#article\",\"isPartOf\":{\"@id\":\"https:\\\/\\\/www.abd-bvd.be\\\/fr\\\/actualites\\\/lassemblee-generale-docmoment-reportes\\\/\"},\"author\":{\"name\":\"Guy Delsaut\",\"@id\":\"https:\\\/\\\/www.abd-bvd.be\\\/fr\\\/#\\\/schema\\\/person\\\/b16d2027ba7bd24752b02f45e6c2d628\"},\"headline\":\"L&rsquo;Assembl\u00e9e g\u00e9n\u00e9rale et le Doc&rsquo;Moment sont r\u00e9port\u00e9s\",\"datePublished\":\"2016-03-22T11:30:54+00:00\",\"mainEntityOfPage\":{\"@id\":\"https:\\\/\\\/www.abd-bvd.be\\\/fr\\\/actualites\\\/lassemblee-generale-docmoment-reportes\\\/\"},\"wordCount\":75,\"articleSection\":[\"Actualit\u00e9s\"],\"inLanguage\":\"fr-FR\"},{\"@type\":\"WebPage\",\"@id\":\"https:\\\/\\\/www.abd-bvd.be\\\/fr\\\/actualites\\\/lassemblee-generale-docmoment-reportes\\\/\",\"url\":\"https:\\\/\\\/www.abd-bvd.be\\\/fr\\\/actualites\\\/lassemblee-generale-docmoment-reportes\\\/\",\"name\":\"L'Assembl\u00e9e g\u00e9n\u00e9rale et le Doc'Moment sont r\u00e9port\u00e9s - ABD-BVD\",\"isPartOf\":{\"@id\":\"https:\\\/\\\/www.abd-bvd.be\\\/fr\\\/#website\"},\"datePublished\":\"2016-03-22T11:30:54+00:00\",\"author\":{\"@id\":\"https:\\\/\\\/www.abd-bvd.be\\\/fr\\\/#\\\/schema\\\/person\\\/b16d2027ba7bd24752b02f45e6c2d628\"},\"breadcrumb\":{\"@id\":\"https:\\\/\\\/www.abd-bvd.be\\\/fr\\\/actualites\\\/lassemblee-generale-docmoment-reportes\\\/#breadcrumb\"},\"inLanguage\":\"fr-FR\",\"potentialAction\":[{\"@type\":\"ReadAction\",\"target\":[\"https:\\\/\\\/www.abd-bvd.be\\\/fr\\\/actualites\\\/lassemblee-generale-docmoment-reportes\\\/\"]}]},{\"@type\":\"BreadcrumbList\",\"@id\":\"https:\\\/\\\/www.abd-bvd.be\\\/fr\\\/actualites\\\/lassemblee-generale-docmoment-reportes\\\/#breadcrumb\",\"itemListElement\":[{\"@type\":\"ListItem\",\"position\":1,\"name\":\"Accueil\",\"item\":\"https:\\\/\\\/www.abd-bvd.be\\\/fr\\\/\"},{\"@type\":\"ListItem\",\"position\":2,\"name\":\"L&rsquo;Assembl\u00e9e g\u00e9n\u00e9rale et le Doc&rsquo;Moment sont r\u00e9port\u00e9s\"}]},{\"@type\":\"WebSite\",\"@id\":\"https:\\\/\\\/www.abd-bvd.be\\\/fr\\\/#website\",\"url\":\"https:\\\/\\\/www.abd-bvd.be\\\/fr\\\/\",\"name\":\"ABD-BVD\",\"description\":\"Association Belge de documentation - Belgische verniging voor documentatie\",\"potentialAction\":[{\"@type\":\"SearchAction\",\"target\":{\"@type\":\"EntryPoint\",\"urlTemplate\":\"https:\\\/\\\/www.abd-bvd.be\\\/fr\\\/?s={search_term_string}\"},\"query-input\":{\"@type\":\"PropertyValueSpecification\",\"valueRequired\":true,\"valueName\":\"search_term_string\"}}],\"inLanguage\":\"fr-FR\"},{\"@type\":\"Person\",\"@id\":\"https:\\\/\\\/www.abd-bvd.be\\\/fr\\\/#\\\/schema\\\/person\\\/b16d2027ba7bd24752b02f45e6c2d628\",\"name\":\"Guy Delsaut\",\"image\":{\"@type\":\"ImageObject\",\"inLanguage\":\"fr-FR\",\"@id\":\"https:\\\/\\\/secure.gravatar.com\\\/avatar\\\/661ab3e27256975e79639c97a039adabdf47fbcdcd1883bad66ee2e8b41bdfa7?s=96&d=mm&r=g\",\"url\":\"https:\\\/\\\/secure.gravatar.com\\\/avatar\\\/661ab3e27256975e79639c97a039adabdf47fbcdcd1883bad66ee2e8b41bdfa7?s=96&d=mm&r=g\",\"contentUrl\":\"https:\\\/\\\/secure.gravatar.com\\\/avatar\\\/661ab3e27256975e79639c97a039adabdf47fbcdcd1883bad66ee2e8b41bdfa7?s=96&d=mm&r=g\",\"caption\":\"Guy Delsaut\"},\"url\":\"https:\\\/\\\/www.abd-bvd.be\\\/fr\\\/author\\\/guy-delsaut\\\/\"}]}<\/script>\n<!-- \/ Yoast SEO plugin. -->","yoast_head_json":{"title":"L'Assembl\u00e9e g\u00e9n\u00e9rale et le Doc'Moment sont r\u00e9port\u00e9s - ABD-BVD","robots":{"index":"index","follow":"follow","max-snippet":"max-snippet:-1","max-image-preview":"max-image-preview:large","max-video-preview":"max-video-preview:-1"},"canonical":"https:\/\/www.abd-bvd.be\/fr\/actualites\/lassemblee-generale-docmoment-reportes\/","og_locale":"fr_FR","og_type":"article","og_title":"L'Assembl\u00e9e g\u00e9n\u00e9rale et le Doc'Moment sont r\u00e9port\u00e9s - ABD-BVD","og_description":"Suite aux terribles \u00e9v\u00e9nements qui ont touch\u00e9 l&rsquo;a\u00e9roport de Bruxelles et le m\u00e9tro bruxellois, le Doc&rsquo;Moment et l&rsquo;Assembl\u00e9e g\u00e9n\u00e9rale qui devaient se d\u00e9rouler ce 22 mars sont r\u00e9port\u00e9s \u00e0 une date encore non d\u00e9termin\u00e9e. Toutes nos pens\u00e9es vont vers les victimes de ces attentats et vers leurs proches.","og_url":"https:\/\/www.abd-bvd.be\/fr\/actualites\/lassemblee-generale-docmoment-reportes\/","og_site_name":"ABD-BVD","article_published_time":"2016-03-22T11:30:54+00:00","author":"Guy Delsaut","twitter_card":"summary_large_image","twitter_misc":{"\u00c9crit par":"Guy Delsaut"},"schema":{"@context":"https:\/\/schema.org","@graph":[{"@type":"Article","@id":"https:\/\/www.abd-bvd.be\/fr\/actualites\/lassemblee-generale-docmoment-reportes\/#article","isPartOf":{"@id":"https:\/\/www.abd-bvd.be\/fr\/actualites\/lassemblee-generale-docmoment-reportes\/"},"author":{"name":"Guy Delsaut","@id":"https:\/\/www.abd-bvd.be\/fr\/#\/schema\/person\/b16d2027ba7bd24752b02f45e6c2d628"},"headline":"L&rsquo;Assembl\u00e9e g\u00e9n\u00e9rale et le Doc&rsquo;Moment sont r\u00e9port\u00e9s","datePublished":"2016-03-22T11:30:54+00:00","mainEntityOfPage":{"@id":"https:\/\/www.abd-bvd.be\/fr\/actualites\/lassemblee-generale-docmoment-reportes\/"},"wordCount":75,"articleSection":["Actualit\u00e9s"],"inLanguage":"fr-FR"},{"@type":"WebPage","@id":"https:\/\/www.abd-bvd.be\/fr\/actualites\/lassemblee-generale-docmoment-reportes\/","url":"https:\/\/www.abd-bvd.be\/fr\/actualites\/lassemblee-generale-docmoment-reportes\/","name":"L'Assembl\u00e9e g\u00e9n\u00e9rale et le Doc'Moment sont r\u00e9port\u00e9s - ABD-BVD","isPartOf":{"@id":"https:\/\/www.abd-bvd.be\/fr\/#website"},"datePublished":"2016-03-22T11:30:54+00:00","author":{"@id":"https:\/\/www.abd-bvd.be\/fr\/#\/schema\/person\/b16d2027ba7bd24752b02f45e6c2d628"},"breadcrumb":{"@id":"https:\/\/www.abd-bvd.be\/fr\/actualites\/lassemblee-generale-docmoment-reportes\/#breadcrumb"},"inLanguage":"fr-FR","potentialAction":[{"@type":"ReadAction","target":["https:\/\/www.abd-bvd.be\/fr\/actualites\/lassemblee-generale-docmoment-reportes\/"]}]},{"@type":"BreadcrumbList","@id":"https:\/\/www.abd-bvd.be\/fr\/actualites\/lassemblee-generale-docmoment-reportes\/#breadcrumb","itemListElement":[{"@type":"ListItem","position":1,"name":"Accueil","item":"https:\/\/www.abd-bvd.be\/fr\/"},{"@type":"ListItem","position":2,"name":"L&rsquo;Assembl\u00e9e g\u00e9n\u00e9rale et le Doc&rsquo;Moment sont r\u00e9port\u00e9s"}]},{"@type":"WebSite","@id":"https:\/\/www.abd-bvd.be\/fr\/#website","url":"https:\/\/www.abd-bvd.be\/fr\/","name":"ABD-BVD","description":"Association Belge de documentation - Belgische verniging voor documentatie","potentialAction":[{"@type":"SearchAction","target":{"@type":"EntryPoint","urlTemplate":"https:\/\/www.abd-bvd.be\/fr\/?s={search_term_string}"},"query-input":{"@type":"PropertyValueSpecification","valueRequired":true,"valueName":"search_term_string"}}],"inLanguage":"fr-FR"},{"@type":"Person","@id":"https:\/\/www.abd-bvd.be\/fr\/#\/schema\/person\/b16d2027ba7bd24752b02f45e6c2d628","name":"Guy Delsaut","image":{"@type":"ImageObject","inLanguage":"fr-FR","@id":"https:\/\/secure.gravatar.com\/avatar\/661ab3e27256975e79639c97a039adabdf47fbcdcd1883bad66ee2e8b41bdfa7?s=96&d=mm&r=g","url":"https:\/\/secure.gravatar.com\/avatar\/661ab3e27256975e79639c97a039adabdf47fbcdcd1883bad66ee2e8b41bdfa7?s=96&d=mm&r=g","contentUrl":"https:\/\/secure.gravatar.com\/avatar\/661ab3e27256975e79639c97a039adabdf47fbcdcd1883bad66ee2e8b41bdfa7?s=96&d=mm&r=g","caption":"Guy Delsaut"},"url":"https:\/\/www.abd-bvd.be\/fr\/author\/guy-delsaut\/"}]}},"_links":{"self":[{"href":"https:\/\/www.abd-bvd.be\/fr\/wp-json\/wp\/v2\/posts\/5172","targetHints":{"allow":["GET"]}}],"collection":[{"href":"https:\/\/www.abd-bvd.be\/fr\/wp-json\/wp\/v2\/posts"}],"about":[{"href":"https:\/\/www.abd-bvd.be\/fr\/wp-json\/wp\/v2\/types\/post"}],"author":[{"embeddable":true,"href":"https:\/\/www.abd-bvd.be\/fr\/wp-json\/wp\/v2\/users\/5"}],"replies":[{"embeddable":true,"href":"https:\/\/www.abd-bvd.be\/fr\/wp-json\/wp\/v2\/comments?post=5172"}],"version-history":[{"count":0,"href":"https:\/\/www.abd-bvd.be\/fr\/wp-json\/wp\/v2\/posts\/5172\/revisions"}],"wp:attachment":[{"href":"https:\/\/www.abd-bvd.be\/fr\/wp-json\/wp\/v2\/media?parent=5172"}],"wp:term":[{"taxonomy":"category","embeddable":true,"href":"https:\/\/www.abd-bvd.be\/fr\/wp-json\/wp\/v2\/categories?post=5172"},{"taxonomy":"post_tag","embeddable":true,"href":"https:\/\/www.abd-bvd.be\/fr\/wp-json\/wp\/v2\/tags?post=5172"}],"curies":[{"name":"wp","href":"https:\/\/api.w.org\/{rel}","templated":true}]}}