{"id":4973,"date":"2015-12-01T18:02:36","date_gmt":"2015-12-01T18:02:36","guid":{"rendered":"http:\/\/www.abd-bvd.be\/?p=4973"},"modified":"2018-07-11T15:58:02","modified_gmt":"2018-07-11T13:58:02","slug":"2015-4","status":"publish","type":"post","link":"https:\/\/www.abd-bvd.be\/fr\/cahiers-de-la-documentation\/2015-4\/","title":{"rendered":"Cahiers de la Documentation 2015\/4 (d\u00e9cembre 2015)"},"content":{"rendered":"<h2 style=\"text-align: left;\"><a href=\"https:\/\/www.abd-bvd.be\/wp-content\/uploads\/cover2015-4_small.jpg\"><img loading=\"lazy\" decoding=\"async\" class=\"size-full wp-image-1453 alignleft\" src=\"https:\/\/www.abd-bvd.be\/wp-content\/uploads\/cover2015-4_small.jpg\" alt=\"cover2015-4_small\" width=\"135\" height=\"191\"><\/a>\u00c9ditorial<\/h2>\n<p style=\"text-align: justify;\">Le 13 novembre 2015 a sid\u00e9r\u00e9 Paris, l\u2019Europe et le monde. Les attentats, qui ont co\u00fbt\u00e9 la vie \u00e0 130 personnes et ont fait plus de 350 bless\u00e9s, ont in\u00e9luctablement chang\u00e9 la face du monde tel qu\u2019on l\u2019a connu.<\/p>\n<p style=\"text-align: justify;\">De nombreuses questions fusent, imp\u00e9rieuse\u00adment. Comment assurer la paix et la s\u00e9curit\u00e9&nbsp;? Comment pr\u00e9server les valeurs fondamentales de notre soci\u00e9t\u00e9&nbsp;? Comment \u00e9viter des drames futurs&nbsp;? Quels \u00e9quilibres g\u00e9opolitiques faut-il trouver pour recouvrer la stabilit\u00e9 mondiale, et construire un monde o\u00f9 il fait bon vivre pour chacun&nbsp;?<\/p>\n<p style=\"text-align: justify;\">Toute cette probl\u00e9matique est extr\u00eamement dif\u00adficile, et il n\u2019existe pas de r\u00e9ponse simple ni d\u00e9fi\u00adnitive.<\/p>\n<p style=\"text-align: justify;\">Dans un tel contexte, les enjeux de l\u2019information s\u2019av\u00e8rent \u00e0 la fois complexes et strat\u00e9giques. S\u2019il est impossible de collaborer efficacement sans un \u00e9change ais\u00e9 de l\u2019information, tant sur un plan international qu\u2019en entreprise, il est tout aussi important de prot\u00e9ger les donn\u00e9es et d\u2019\u00e9viter que des personnes non autoris\u00e9es puis\u00adsent y acc\u00e9der.<\/p>\n<p style=\"text-align: justify;\">Une information fiable, dont l\u2019int\u00e9grit\u00e9 est garan\u00adtie, constitue un instrument pr\u00e9cieux pour se former une opinion ou pour prendre une d\u00e9cision en connaissance de cause. C\u2019est gr\u00e2ce \u00e0 l\u2019information que nous pouvons vivre selon la raison.<\/p>\n<p style=\"text-align: justify;\">Ce constat est pertinent pour chacun, au quoti\u00addien. C\u2019est apr\u00e8s avoir examin\u00e9 les faits, en les ayant consid\u00e9r\u00e9s de plusieurs points de vue, que nous pouvons formuler des avis judicieux. C\u2019est \u00e9galement ainsi que nous pouvons contribuer \u00e0 un monde meilleur.<\/p>\n<p style=\"text-align: right;\"><strong>Sara DECOSTER<br \/>\n<\/strong><\/p>\n<h2>L\u2019acc\u00e8s \u00e0 long terme aux p\u00e9riodiques scientifiques \u00e9lectroniques dans les universit\u00e9s de la F\u00e9d\u00e9ration Wallonie-Bruxelles : Quelles solutions ?<\/h2>\n<p><strong>Aude ALEXANDRE<\/strong>, Attach\u00e9e, Direction du R\u00e9seau des Biblioth\u00e8ques de l\u2019Universit\u00e9 de Li\u00e8ge<\/p>\n<p style=\"text-align: justify;\">L\u2019acc\u00e8s \u00e0 long terme aux p\u00e9riodiques scientifiques \u00e9lectroniques pose des probl\u00e9matiques concr\u00e8tes sp\u00e9cifiques, qui d\u00e9passent celles de la conservation des donn\u00e9es num\u00e9riques. Apr\u00e8s une synth\u00e8se des diff\u00e9rents risques et concepts li\u00e9s \u00e0 l\u2019acc\u00e8s p\u00e9renne, cet article examine en particulier les questions juridiques et contractuelles ainsi que les diff\u00e9rentes solutions d\u2019archivage externes d\u00e9di\u00e9es \u00e0 la pr\u00e9servation des e-journaux (<em>LOCKSS<\/em>, <em>CLOCKSS<\/em>, <em>Portico<\/em>). Le constat pos\u00e9 est qu\u2019il n\u2019existe \u00e0 l\u2019heure actuelle pas de solution miracle, mais bien un ensemble d\u2019actions possibles et de solutions matures et compl\u00e9mentaires. Une \u00e9chelle de strat\u00e9gies concr\u00e8tes a \u00e9t\u00e9 recommand\u00e9e aux universit\u00e9s de la F\u00e9d\u00e9ration Wallonie-Bruxelles en 2014, qui ont commenc\u00e9 \u00e0 les mettre en place.<\/p>\n<p style=\"text-align: justify;\"><span class=\"file-button\"><a href=\"https:\/\/www.abd-bvd.be\/wp-content\/uploads\/2015-4_Alexandre.pdf\">T\u00e9l\u00e9charger (FR)<\/a><\/span><\/p>\n<h2>Informatieveiligheid bekeken vanuit juridisch perspectief<\/h2>\n<p><strong>Johan Vandendriessche, <\/strong>Advocaat-vennoot, Crosslaw CVBA; Gastprofessor ICT-recht, Universiteit Gent (UGent)<\/p>\n<p style=\"text-align: justify;\">La s\u00e9curit\u00e9 de l\u2019information n\u2019est toujours pas abord\u00e9e de mani\u00e8re coordonn\u00e9e sur le plan juridique. Cela ne signifie cependant pas qu\u2019il n\u2019existe pas de lois et de r\u00e8glementations relatives \u00e0 la s\u00e9curit\u00e9 de l\u2019info \u00c0 c\u00f4t\u00e9 d\u2019un devoir g\u00e9n\u00e9ral de diligence applicable \u00e0 tous, il existe de nombreuses obligations sp\u00e9cifiques en lien avec la s\u00e9curit\u00e9 de l\u2019information. La t\u00e2che ardue du responsable de la s\u00e9curit\u00e9 de l\u2019information consiste \u00e0 identifier et appliquer correctement ces r\u00e8gles. Le devoir de s\u00e9curit\u00e9 le plus largement applicable se trouve dans la loi sur le traitement des donn\u00e9es \u00e0 caract\u00e8re personnel. Celle-ci ne pr\u00e9voit cependant pas, pour le moment, la nomination d\u2019un \u00ab\u00a0<em>security officer<\/em>\u00a0\u00bb ou un devoir de notification en cas de faille de s\u00e9curit\u00e9. Dans le cadre de la r\u00e9vision du cadre juridique applicable aux traitements de donn\u00e9es \u00e0 caract\u00e8re personnel, beaucoup d\u2019attention est consacr\u00e9e \u00e0 un probable \u00e9largissement des dispositions relatives \u00e0 la s\u00e9curit\u00e9 de l\u2019information, notamment par la nomination d\u2019un \u00ab\u00a0<em>data protection officer<\/em>\u00a0\u00bb et l\u2019\u00e9tablissement d\u2019un devoir de notification en cas de violation.<\/p>\n<p style=\"text-align: justify;\"><span class=\"file-button\"><a href=\"https:\/\/www.abd-bvd.be\/wp-content\/uploads\/2015-4_Vandendriessche.pdf\">T\u00e9l\u00e9charger (NL)<\/a><\/span><\/p>\n<h2>Le statut juridique de l\u2019archivage \u00e9lectronique : <strong>Questions choisies<\/strong><\/h2>\n<p><strong>Amandine PHILIPPART de FOY, <\/strong>Avocate au barreau de Bruxelles ; LL.M candidate, Universit\u00e9 de Melbourne<br \/>\n<strong>Bernard VANBRABANT, <\/strong>Avocat &#8211; Of Counsel, Liedekerke Wolters Waelbroeck Kirkpatrick ; Charg\u00e9 de cours, Universit\u00e9 de Li\u00e8ge (ULg)<\/p>\n<p style=\"text-align: justify;\">La valeur juridique des archives \u00e9lectroniques d\u2019entreprise constitu\u00e9es de scans de documents papier, ainsi que leurs conditions d\u2019archivage, feront l\u2019objet de cet article. Des r\u00e9ponses concr\u00e8tes seront fournies aux questions pratiques. Une entreprise peut-elle recourir \u00e0 l\u2019archivage \u00e9lectronique? L\u2019archive \u00e9lectronique suffit-elle, ou faut-il conserver la version papier du document&nbsp;? L\u2019entreprise est-elle autoris\u00e9e \u00e0 archiver elle-m\u00eame ses documents ou doit-elle recourir aux services d\u2019un tiers ? Quelles sont les conditions auxquelles sont soumis les prestataires de services d\u2019archivage \u00e9lectronique ?<\/p>\n<p style=\"text-align: justify;\"><span class=\"file-button\"><a href=\"https:\/\/www.abd-bvd.be\/wp-content\/uploads\/2015-4_Philippart-Vanbrabant.pdf\">T\u00e9l\u00e9charger (FR)<\/a><\/span><\/p>\n<h2>Momenten uit de voorgeschiedenis van de bibliotheek- en documentatiebeweging (deel 2)<\/h2>\n<p><span style=\"font-size: medium;\"><strong>Paul SCHNEIDERS<\/strong>, <\/span>Documentatiehistoricus op rust<\/p>\n<p style=\"text-align: justify;\">Cet article sur les ant\u00e9c\u00e9dents du mouvement des biblioth\u00e8ques et de la documentation approfondit la p\u00e9riode 1830-1880. Il s\u2019agit d\u2019un moment important de professionnalisation du m\u00e9tier de biblioth\u00e9caire, destin\u00e9 \u00e0 \u00eatre exerc\u00e9 sur des bases plus scientifiques. Aux \u00c9tats-Unis, le service \u00e0 l\u2019usager se trouve d\u00e9sormais au centre des pr\u00e9occupations. Par ailleurs de nouveaux outils, tels que les index des publications p\u00e9riodiques voient le jour. C\u2019est dans ce contexte qu\u2019il faut situer l\u2019entreprise bibliographique qu\u2019est l\u2019<em>International Catalogue of Scientific Literature<\/em> de la Royal Society. Le d\u00e9veloppement de ces ressources doit permettre aux chercheurs de garder la ma\u00eetrise de la production scientifique, qui se fait de plus en plus abondante. Dans cette optique, diverses institutions mettent \u00e9galement en place une politique d\u2019\u00e9changes.<\/p>\n<p style=\"text-align: justify;\"><span class=\"file-button\"><a href=\"https:\/\/www.abd-bvd.be\/wp-content\/uploads\/2015-4_Schneiders.pdf\">T\u00e9l\u00e9charger (NL)<\/a><\/span><\/p>\n<p style=\"text-align: right;\"><span class=\"file-button\"><a href=\"https:\/\/www.abd-bvd.be\/wp-content\/uploads\/2015-4-full.pdf\">T\u00e9l\u00e9charger le num\u00e9ro complet<\/a><\/span><\/p>\n","protected":false},"excerpt":{"rendered":"<p>\u00c9ditorial Le 13 novembre 2015 a sid\u00e9r\u00e9 Paris, l\u2019Europe et le monde. Les attentats, qui ont co\u00fbt\u00e9 la vie \u00e0 130 personnes et ont fait plus de 350 bless\u00e9s, ont in\u00e9luctablement chang\u00e9 la face du monde tel qu\u2019on l\u2019a connu. De nombreuses questions fusent, imp\u00e9rieuse\u00adment. Comment assurer la paix et la s\u00e9curit\u00e9&nbsp;? Comment pr\u00e9server les [&hellip;]<\/p>\n","protected":false},"author":5,"featured_media":0,"comment_status":"closed","ping_status":"open","sticky":false,"template":"","format":"standard","meta":{"_acf_changed":false,"footnotes":"","_wpscppro_dont_share_socialmedia":false,"_wpscppro_custom_social_share_image":0,"_facebook_share_type":"","_twitter_share_type":"","_linkedin_share_type":"","_pinterest_share_type":"","_linkedin_share_type_page":"","_instagram_share_type":"","_medium_share_type":"","_threads_share_type":"","_google_business_share_type":"","_selected_social_profile":[],"_wpsp_enable_custom_social_template":false,"_wpsp_social_scheduling":{"enabled":false,"datetime":null,"platforms":[],"status":"template_only","dateOption":"today","timeOption":"now","customDays":"","customHours":"","customDate":"","customTime":"","schedulingType":"absolute"},"_wpsp_active_default_template":true},"categories":[69],"tags":[],"class_list":["post-4973","post","type-post","status-publish","format-standard","hentry","category-cahiers-de-la-documentation"],"acf":[],"yoast_head":"<!-- This site is optimized with the Yoast SEO plugin v27.4 - https:\/\/yoast.com\/product\/yoast-seo-wordpress\/ -->\n<title>Cahiers de la Documentation 2015\/4 (d\u00e9cembre 2015) - ABD-BVD<\/title>\n<meta name=\"description\" content=\"Au sommaire des Cahiers de la Documentation 2015\/4\" \/>\n<meta name=\"robots\" content=\"index, follow, max-snippet:-1, max-image-preview:large, max-video-preview:-1\" \/>\n<link rel=\"canonical\" href=\"https:\/\/www.abd-bvd.be\/fr\/cahiers-de-la-documentation\/2015-4\/\" \/>\n<meta property=\"og:locale\" content=\"fr_FR\" \/>\n<meta property=\"og:type\" content=\"article\" \/>\n<meta property=\"og:title\" content=\"Cahiers de la Documentation 2015\/4 (d\u00e9cembre 2015) - ABD-BVD\" \/>\n<meta property=\"og:description\" content=\"Au sommaire des Cahiers de la Documentation 2015\/4\" \/>\n<meta property=\"og:url\" content=\"https:\/\/www.abd-bvd.be\/fr\/cahiers-de-la-documentation\/2015-4\/\" \/>\n<meta property=\"og:site_name\" content=\"ABD-BVD\" \/>\n<meta property=\"article:published_time\" content=\"2015-12-01T18:02:36+00:00\" \/>\n<meta property=\"article:modified_time\" content=\"2018-07-11T13:58:02+00:00\" \/>\n<meta property=\"og:image\" content=\"https:\/\/www.abd-bvd.be\/wp-content\/uploads\/cover2015-4_small.jpg\" \/>\n<meta name=\"author\" content=\"Guy Delsaut\" \/>\n<meta name=\"twitter:card\" content=\"summary_large_image\" \/>\n<meta name=\"twitter:label1\" content=\"\u00c9crit par\" \/>\n\t<meta name=\"twitter:data1\" content=\"Guy Delsaut\" \/>\n\t<meta name=\"twitter:label2\" content=\"Dur\u00e9e de lecture estim\u00e9e\" \/>\n\t<meta name=\"twitter:data2\" content=\"5 minutes\" \/>\n<script type=\"application\/ld+json\" class=\"yoast-schema-graph\">{\"@context\":\"https:\\\/\\\/schema.org\",\"@graph\":[{\"@type\":\"Article\",\"@id\":\"https:\\\/\\\/www.abd-bvd.be\\\/fr\\\/cahiers-de-la-documentation\\\/2015-4\\\/#article\",\"isPartOf\":{\"@id\":\"https:\\\/\\\/www.abd-bvd.be\\\/fr\\\/cahiers-de-la-documentation\\\/2015-4\\\/\"},\"author\":{\"name\":\"Guy Delsaut\",\"@id\":\"https:\\\/\\\/www.abd-bvd.be\\\/fr\\\/#\\\/schema\\\/person\\\/b16d2027ba7bd24752b02f45e6c2d628\"},\"headline\":\"Cahiers de la Documentation 2015\\\/4 (d\u00e9cembre 2015)\",\"datePublished\":\"2015-12-01T18:02:36+00:00\",\"dateModified\":\"2018-07-11T13:58:02+00:00\",\"mainEntityOfPage\":{\"@id\":\"https:\\\/\\\/www.abd-bvd.be\\\/fr\\\/cahiers-de-la-documentation\\\/2015-4\\\/\"},\"wordCount\":980,\"image\":{\"@id\":\"https:\\\/\\\/www.abd-bvd.be\\\/fr\\\/cahiers-de-la-documentation\\\/2015-4\\\/#primaryimage\"},\"thumbnailUrl\":\"https:\\\/\\\/www.abd-bvd.be\\\/wp-content\\\/uploads\\\/cover2015-4_small.jpg\",\"articleSection\":[\"Cahiers de la Documentation\"],\"inLanguage\":\"fr-FR\"},{\"@type\":\"WebPage\",\"@id\":\"https:\\\/\\\/www.abd-bvd.be\\\/fr\\\/cahiers-de-la-documentation\\\/2015-4\\\/\",\"url\":\"https:\\\/\\\/www.abd-bvd.be\\\/fr\\\/cahiers-de-la-documentation\\\/2015-4\\\/\",\"name\":\"Cahiers de la Documentation 2015\\\/4 (d\u00e9cembre 2015) - ABD-BVD\",\"isPartOf\":{\"@id\":\"https:\\\/\\\/www.abd-bvd.be\\\/fr\\\/#website\"},\"primaryImageOfPage\":{\"@id\":\"https:\\\/\\\/www.abd-bvd.be\\\/fr\\\/cahiers-de-la-documentation\\\/2015-4\\\/#primaryimage\"},\"image\":{\"@id\":\"https:\\\/\\\/www.abd-bvd.be\\\/fr\\\/cahiers-de-la-documentation\\\/2015-4\\\/#primaryimage\"},\"thumbnailUrl\":\"https:\\\/\\\/www.abd-bvd.be\\\/wp-content\\\/uploads\\\/cover2015-4_small.jpg\",\"datePublished\":\"2015-12-01T18:02:36+00:00\",\"dateModified\":\"2018-07-11T13:58:02+00:00\",\"author\":{\"@id\":\"https:\\\/\\\/www.abd-bvd.be\\\/fr\\\/#\\\/schema\\\/person\\\/b16d2027ba7bd24752b02f45e6c2d628\"},\"description\":\"Au sommaire des Cahiers de la Documentation 2015\\\/4\",\"breadcrumb\":{\"@id\":\"https:\\\/\\\/www.abd-bvd.be\\\/fr\\\/cahiers-de-la-documentation\\\/2015-4\\\/#breadcrumb\"},\"inLanguage\":\"fr-FR\",\"potentialAction\":[{\"@type\":\"ReadAction\",\"target\":[\"https:\\\/\\\/www.abd-bvd.be\\\/fr\\\/cahiers-de-la-documentation\\\/2015-4\\\/\"]}]},{\"@type\":\"ImageObject\",\"inLanguage\":\"fr-FR\",\"@id\":\"https:\\\/\\\/www.abd-bvd.be\\\/fr\\\/cahiers-de-la-documentation\\\/2015-4\\\/#primaryimage\",\"url\":\"https:\\\/\\\/www.abd-bvd.be\\\/wp-content\\\/uploads\\\/cover2015-4_small.jpg\",\"contentUrl\":\"https:\\\/\\\/www.abd-bvd.be\\\/wp-content\\\/uploads\\\/cover2015-4_small.jpg\"},{\"@type\":\"BreadcrumbList\",\"@id\":\"https:\\\/\\\/www.abd-bvd.be\\\/fr\\\/cahiers-de-la-documentation\\\/2015-4\\\/#breadcrumb\",\"itemListElement\":[{\"@type\":\"ListItem\",\"position\":1,\"name\":\"Accueil\",\"item\":\"https:\\\/\\\/www.abd-bvd.be\\\/fr\\\/\"},{\"@type\":\"ListItem\",\"position\":2,\"name\":\"Cahiers de la Documentation 2015\\\/4 (d\u00e9cembre 2015)\"}]},{\"@type\":\"WebSite\",\"@id\":\"https:\\\/\\\/www.abd-bvd.be\\\/fr\\\/#website\",\"url\":\"https:\\\/\\\/www.abd-bvd.be\\\/fr\\\/\",\"name\":\"ABD-BVD\",\"description\":\"Association Belge de documentation - Belgische verniging voor documentatie\",\"potentialAction\":[{\"@type\":\"SearchAction\",\"target\":{\"@type\":\"EntryPoint\",\"urlTemplate\":\"https:\\\/\\\/www.abd-bvd.be\\\/fr\\\/?s={search_term_string}\"},\"query-input\":{\"@type\":\"PropertyValueSpecification\",\"valueRequired\":true,\"valueName\":\"search_term_string\"}}],\"inLanguage\":\"fr-FR\"},{\"@type\":\"Person\",\"@id\":\"https:\\\/\\\/www.abd-bvd.be\\\/fr\\\/#\\\/schema\\\/person\\\/b16d2027ba7bd24752b02f45e6c2d628\",\"name\":\"Guy Delsaut\",\"image\":{\"@type\":\"ImageObject\",\"inLanguage\":\"fr-FR\",\"@id\":\"https:\\\/\\\/secure.gravatar.com\\\/avatar\\\/661ab3e27256975e79639c97a039adabdf47fbcdcd1883bad66ee2e8b41bdfa7?s=96&d=mm&r=g\",\"url\":\"https:\\\/\\\/secure.gravatar.com\\\/avatar\\\/661ab3e27256975e79639c97a039adabdf47fbcdcd1883bad66ee2e8b41bdfa7?s=96&d=mm&r=g\",\"contentUrl\":\"https:\\\/\\\/secure.gravatar.com\\\/avatar\\\/661ab3e27256975e79639c97a039adabdf47fbcdcd1883bad66ee2e8b41bdfa7?s=96&d=mm&r=g\",\"caption\":\"Guy Delsaut\"},\"url\":\"https:\\\/\\\/www.abd-bvd.be\\\/fr\\\/author\\\/guy-delsaut\\\/\"}]}<\/script>\n<!-- \/ Yoast SEO plugin. -->","yoast_head_json":{"title":"Cahiers de la Documentation 2015\/4 (d\u00e9cembre 2015) - ABD-BVD","description":"Au sommaire des Cahiers de la Documentation 2015\/4","robots":{"index":"index","follow":"follow","max-snippet":"max-snippet:-1","max-image-preview":"max-image-preview:large","max-video-preview":"max-video-preview:-1"},"canonical":"https:\/\/www.abd-bvd.be\/fr\/cahiers-de-la-documentation\/2015-4\/","og_locale":"fr_FR","og_type":"article","og_title":"Cahiers de la Documentation 2015\/4 (d\u00e9cembre 2015) - ABD-BVD","og_description":"Au sommaire des Cahiers de la Documentation 2015\/4","og_url":"https:\/\/www.abd-bvd.be\/fr\/cahiers-de-la-documentation\/2015-4\/","og_site_name":"ABD-BVD","article_published_time":"2015-12-01T18:02:36+00:00","article_modified_time":"2018-07-11T13:58:02+00:00","og_image":[{"url":"https:\/\/www.abd-bvd.be\/wp-content\/uploads\/cover2015-4_small.jpg","type":"","width":"","height":""}],"author":"Guy Delsaut","twitter_card":"summary_large_image","twitter_misc":{"\u00c9crit par":"Guy Delsaut","Dur\u00e9e de lecture estim\u00e9e":"5 minutes"},"schema":{"@context":"https:\/\/schema.org","@graph":[{"@type":"Article","@id":"https:\/\/www.abd-bvd.be\/fr\/cahiers-de-la-documentation\/2015-4\/#article","isPartOf":{"@id":"https:\/\/www.abd-bvd.be\/fr\/cahiers-de-la-documentation\/2015-4\/"},"author":{"name":"Guy Delsaut","@id":"https:\/\/www.abd-bvd.be\/fr\/#\/schema\/person\/b16d2027ba7bd24752b02f45e6c2d628"},"headline":"Cahiers de la Documentation 2015\/4 (d\u00e9cembre 2015)","datePublished":"2015-12-01T18:02:36+00:00","dateModified":"2018-07-11T13:58:02+00:00","mainEntityOfPage":{"@id":"https:\/\/www.abd-bvd.be\/fr\/cahiers-de-la-documentation\/2015-4\/"},"wordCount":980,"image":{"@id":"https:\/\/www.abd-bvd.be\/fr\/cahiers-de-la-documentation\/2015-4\/#primaryimage"},"thumbnailUrl":"https:\/\/www.abd-bvd.be\/wp-content\/uploads\/cover2015-4_small.jpg","articleSection":["Cahiers de la Documentation"],"inLanguage":"fr-FR"},{"@type":"WebPage","@id":"https:\/\/www.abd-bvd.be\/fr\/cahiers-de-la-documentation\/2015-4\/","url":"https:\/\/www.abd-bvd.be\/fr\/cahiers-de-la-documentation\/2015-4\/","name":"Cahiers de la Documentation 2015\/4 (d\u00e9cembre 2015) - ABD-BVD","isPartOf":{"@id":"https:\/\/www.abd-bvd.be\/fr\/#website"},"primaryImageOfPage":{"@id":"https:\/\/www.abd-bvd.be\/fr\/cahiers-de-la-documentation\/2015-4\/#primaryimage"},"image":{"@id":"https:\/\/www.abd-bvd.be\/fr\/cahiers-de-la-documentation\/2015-4\/#primaryimage"},"thumbnailUrl":"https:\/\/www.abd-bvd.be\/wp-content\/uploads\/cover2015-4_small.jpg","datePublished":"2015-12-01T18:02:36+00:00","dateModified":"2018-07-11T13:58:02+00:00","author":{"@id":"https:\/\/www.abd-bvd.be\/fr\/#\/schema\/person\/b16d2027ba7bd24752b02f45e6c2d628"},"description":"Au sommaire des Cahiers de la Documentation 2015\/4","breadcrumb":{"@id":"https:\/\/www.abd-bvd.be\/fr\/cahiers-de-la-documentation\/2015-4\/#breadcrumb"},"inLanguage":"fr-FR","potentialAction":[{"@type":"ReadAction","target":["https:\/\/www.abd-bvd.be\/fr\/cahiers-de-la-documentation\/2015-4\/"]}]},{"@type":"ImageObject","inLanguage":"fr-FR","@id":"https:\/\/www.abd-bvd.be\/fr\/cahiers-de-la-documentation\/2015-4\/#primaryimage","url":"https:\/\/www.abd-bvd.be\/wp-content\/uploads\/cover2015-4_small.jpg","contentUrl":"https:\/\/www.abd-bvd.be\/wp-content\/uploads\/cover2015-4_small.jpg"},{"@type":"BreadcrumbList","@id":"https:\/\/www.abd-bvd.be\/fr\/cahiers-de-la-documentation\/2015-4\/#breadcrumb","itemListElement":[{"@type":"ListItem","position":1,"name":"Accueil","item":"https:\/\/www.abd-bvd.be\/fr\/"},{"@type":"ListItem","position":2,"name":"Cahiers de la Documentation 2015\/4 (d\u00e9cembre 2015)"}]},{"@type":"WebSite","@id":"https:\/\/www.abd-bvd.be\/fr\/#website","url":"https:\/\/www.abd-bvd.be\/fr\/","name":"ABD-BVD","description":"Association Belge de documentation - Belgische verniging voor documentatie","potentialAction":[{"@type":"SearchAction","target":{"@type":"EntryPoint","urlTemplate":"https:\/\/www.abd-bvd.be\/fr\/?s={search_term_string}"},"query-input":{"@type":"PropertyValueSpecification","valueRequired":true,"valueName":"search_term_string"}}],"inLanguage":"fr-FR"},{"@type":"Person","@id":"https:\/\/www.abd-bvd.be\/fr\/#\/schema\/person\/b16d2027ba7bd24752b02f45e6c2d628","name":"Guy Delsaut","image":{"@type":"ImageObject","inLanguage":"fr-FR","@id":"https:\/\/secure.gravatar.com\/avatar\/661ab3e27256975e79639c97a039adabdf47fbcdcd1883bad66ee2e8b41bdfa7?s=96&d=mm&r=g","url":"https:\/\/secure.gravatar.com\/avatar\/661ab3e27256975e79639c97a039adabdf47fbcdcd1883bad66ee2e8b41bdfa7?s=96&d=mm&r=g","contentUrl":"https:\/\/secure.gravatar.com\/avatar\/661ab3e27256975e79639c97a039adabdf47fbcdcd1883bad66ee2e8b41bdfa7?s=96&d=mm&r=g","caption":"Guy Delsaut"},"url":"https:\/\/www.abd-bvd.be\/fr\/author\/guy-delsaut\/"}]}},"_links":{"self":[{"href":"https:\/\/www.abd-bvd.be\/fr\/wp-json\/wp\/v2\/posts\/4973","targetHints":{"allow":["GET"]}}],"collection":[{"href":"https:\/\/www.abd-bvd.be\/fr\/wp-json\/wp\/v2\/posts"}],"about":[{"href":"https:\/\/www.abd-bvd.be\/fr\/wp-json\/wp\/v2\/types\/post"}],"author":[{"embeddable":true,"href":"https:\/\/www.abd-bvd.be\/fr\/wp-json\/wp\/v2\/users\/5"}],"replies":[{"embeddable":true,"href":"https:\/\/www.abd-bvd.be\/fr\/wp-json\/wp\/v2\/comments?post=4973"}],"version-history":[{"count":2,"href":"https:\/\/www.abd-bvd.be\/fr\/wp-json\/wp\/v2\/posts\/4973\/revisions"}],"predecessor-version":[{"id":12077,"href":"https:\/\/www.abd-bvd.be\/fr\/wp-json\/wp\/v2\/posts\/4973\/revisions\/12077"}],"wp:attachment":[{"href":"https:\/\/www.abd-bvd.be\/fr\/wp-json\/wp\/v2\/media?parent=4973"}],"wp:term":[{"taxonomy":"category","embeddable":true,"href":"https:\/\/www.abd-bvd.be\/fr\/wp-json\/wp\/v2\/categories?post=4973"},{"taxonomy":"post_tag","embeddable":true,"href":"https:\/\/www.abd-bvd.be\/fr\/wp-json\/wp\/v2\/tags?post=4973"}],"curies":[{"name":"wp","href":"https:\/\/api.w.org\/{rel}","templated":true}]}}