{"id":4822,"date":"2016-01-05T10:52:27","date_gmt":"2016-01-05T10:52:27","guid":{"rendered":"http:\/\/www.abd-bvd.be\/?p=4822"},"modified":"2016-04-25T09:15:24","modified_gmt":"2016-04-25T09:15:24","slug":"inforum_2016","status":"publish","type":"post","link":"https:\/\/www.abd-bvd.be\/fr\/agenda\/inforum_2016\/","title":{"rendered":"Inforum 2016<br \/> In information we trust!!!"},"content":{"rendered":"<p style=\"text-align: left;\"><strong>Jeudi\u00a012 mai 2016 (09:30 \u2013 17:00)<\/strong><\/p>\n<p style=\"text-align: right;\">en collaboration avec :<\/p>\n<p><a href=\"http:\/\/www.kbr.be\/accueil_fr.html\" target=\"_blank\"><img loading=\"lazy\" decoding=\"async\" class=\"alignnone wp-image-1723 alignright\" src=\"https:\/\/www.abd-bvd.be\/wp-content\/uploads\/logo_kbr_2010.gif\" alt=\"logo_kbr_2010\" width=\"81\" height=\"34\" \/><\/a><\/p>\n<p><img loading=\"lazy\" decoding=\"async\" class=\"size-medium wp-image-5266 aligncenter\" src=\"https:\/\/www.abd-bvd.be\/wp-content\/uploads\/Inforum2016_bonshommes-300x300.jpg\" alt=\"Inforum2016_bonshommes\" width=\"300\" height=\"300\" srcset=\"https:\/\/www.abd-bvd.be\/wp-content\/uploads\/Inforum2016_bonshommes-300x300.jpg 300w, https:\/\/www.abd-bvd.be\/wp-content\/uploads\/Inforum2016_bonshommes-150x150.jpg 150w, https:\/\/www.abd-bvd.be\/wp-content\/uploads\/Inforum2016_bonshommes-768x768.jpg 768w, https:\/\/www.abd-bvd.be\/wp-content\/uploads\/Inforum2016_bonshommes-1024x1024.jpg 1024w, https:\/\/www.abd-bvd.be\/wp-content\/uploads\/Inforum2016_bonshommes.jpg 1050w\" sizes=\"auto, (max-width: 300px) 100vw, 300px\" \/><\/p>\n<p>avec le soutien de :<\/p>\n<p><a class=\"lightbox\" href=\"http:\/\/www.ebsco.com\" target=\"_blank\"><img loading=\"lazy\" decoding=\"async\" class=\" wp-image-1722 alignleft\" src=\"https:\/\/www.abd-bvd.be\/wp-content\/uploads\/logo_ebsco_2014.jpg\" alt=\"ebsco logo 294\" width=\"120\" height=\"42\" \/><\/a> <a class=\"lightbox\" href=\"http:\/\/www.lminfo.be\/\"><img loading=\"lazy\" decoding=\"async\" class=\"alignnone size-full wp-image-1750\" src=\"https:\/\/www.abd-bvd.be\/wp-content\/uploads\/logo_lm_2015.png\" alt=\"logo_lm_2015\" width=\"100\" height=\"65\" \/><\/a><\/p>\n<h2>Matin<\/h2>\n<p>Mod\u00e9ratrice : <strong>Eva Simon<\/strong>, Professeur en sciences de l&rsquo;information, Bibliotheekschool Gent<\/p>\n<h3><span style=\"color: #808080;\">8:45-9:30<\/span> Accueil<\/h3>\n<h3><span style=\"color: #808080;\">9:30-9:45<\/span> Introduction et pr\u00e9sentation\u00a0 de la journ\u00e9e<\/h3>\n<p><strong>Guy Delsaut<\/strong>,\u00a0Pr\u00e9sident, ABD-BVD<br \/>\n<strong>Patrick Lef\u00e8vre<\/strong>,\u00a0Directeur g\u00e9n\u00e9ral, Biblioth\u00e8que royale de Belgique<br \/>\n<strong>Marc Van den Bergh<\/strong>, Vice-pr\u00e9sident et Co\u00f6rdinateur de l&rsquo;Inforum 2016, ABD-BVD<\/p>\n<h3><span style=\"color: #808080;\">9:45-10:30<\/span> La v\u00e9rification par les faits : un r\u00f4le pour les professionnels de l&rsquo;information<\/h3>\n<p>par <strong>Peter Burger<\/strong>, Professeur d&rsquo;universit\u00e9 en journalistique et nouveaux m\u00e9dias, Universiteit Leiden<\/p>\n<p style=\"text-align: justify;\">La v\u00e9rification par les faits est d\u2019une importance cruciale \u00e0 une \u00e9poque o\u00f9 les informations viennent de plus en plus souvent de sources nouvelles, inconnues, par l&rsquo;interm\u00e9diaire des r\u00e9seaux sociaux. Heureusement, le nombre de moyens disponibles pour v\u00e9rifier ces sources augmente automatiquement aussi.<\/p>\n<p style=\"text-align: justify;\">C\u2019est le paradoxe de la v\u00e9rification par les faits\u00a0: nous poss\u00e9dons, avec Internet, de possibilit\u00e9s pour nous informer dont aucune g\u00e9n\u00e9ration avant nous ne disposait, mais il y a \u00e9galement des forces contraires qui continuent \u00e0 aggraver l\u2019ignorance. Reste la question de savoir quels moyens sont \u00e0 notre disposition et quel r\u00f4le les professionnels de l\u2019information peuvent jouer pour distinguer les faits de la d\u00e9sinformation. Cette contribution part de quelques inexactitudes diffus\u00e9es r\u00e9cemment par les m\u00e9dias pour montrer quelles erreurs se produisent et comment elles peuvent \u00eatre \u00e9vit\u00e9es.<\/p>\n<h3><span style=\"color: #808080;\">10:30-11:15 <\/span>Filtrer ou faire \u00e9clater\u00a0? Comment g\u00e9rons-nous les m\u00e9dias et les bulles informationnelles<\/h3>\n<p>par <strong>Andy Demeulenaere<\/strong>, Coordinateur g\u00e9n\u00e9ral, Vlaams Kenniscentrum Mediawijsheid<\/p>\n<p style=\"text-align: justify;\">La quantit\u00e9 d\u2019information et le nombre de canaux pour la d\u00e9couvrir s\u2019accroissent \u00e0 une vitesse vertigineuse. \u00c0 chaque fois, l\u2019\u00eatre humain cherche des mani\u00e8res pour se frayer un chemin \u00e0 travers la jungle de l\u2019information. Le paysage des quotidiens, de la radio et de la t\u00e9l\u00e9vision est en mutation. Les m\u00e9dias sur le Web et les r\u00e9seaux sociaux constituent un Far West encore \u00e0 conqu\u00e9rir. Quels chemins les pionniers agencent-ils pour nous, comment partons-nous \u00e0 la d\u00e9couverte de nouvelles aventures, et comment atteignons-nous notre but sans nous limiter aux chemins \u00e9tablis\u00a0? Quels filtres choisissons-nous\u00a0? Et quelles comp\u00e9tences de l\u2019information pouvons-nous exploiter pour les g\u00e9rer\u00a0?<\/p>\n<h3><span style=\"color: #808080;\">11:15-11:45<\/span> Pause<\/h3>\n<h3><span style=\"color: #808080;\">11:45-12:30<\/span> Garantir l\u2019exploitabilit\u00e9 des informations et des connaissances, un enjeu essentiel\u00a0!<\/h3>\n<p>par <strong>Gilles Balmisse<\/strong>, Consultant en Management et Technologies<\/p>\n<p style=\"text-align: justify;\">La n\u00e9cessit\u00e9\u00a0de fournir aux collaborateurs des informations et des connaissances pertinentes et directement exploitables\u00a0malgr\u00e9 la multitude des syst\u00e8mes oblige les organisations \u00e0 s\u2019orienter\u00a0vers la mise en place d\u2019un dispositif de\u00a0gouvernance de l\u2019information. Parmi les challenges \u00e0 relever par ce dispositif, celui de l\u2019exploitabilit\u00e9 des informations et des connaissances est sans doute le plus difficile. La vocation de cette intervention est de pr\u00e9senter ce qu\u2019est l\u2019exploitabilit\u00e9 de l\u2019information et comment la garantir au quotidien.<\/p>\n<h2>Lunch avec concert du <strong>Pepa Niebla Trio \u00e0 l&rsquo;occasion des 20 ans de l&rsquo;Inforum<\/strong><\/h2>\n<h2>Apr\u00e8s-midi<\/h2>\n<p>Mod\u00e9ratrice : <strong>\u00c9velyne Luctkens<\/strong>, Project &amp; Bid manager, IRIS Professional Solutions<\/p>\n<h3><span style=\"color: #808080;\">14:00-14:20<\/span> Remise du Prix ABD-BVD<\/h3>\n<p>par <strong>Isabelle Cornet-Somville<\/strong>, Vice-pr\u00e9sidente ABD-BVD et Pr\u00e9sidente du jury du Prix ABD-BVD<\/p>\n<h3><span style=\"color: #808080;\">14:20-15:05 <\/span>La fiabilit\u00e9 et la validit\u00e9 des publications scientifiques<\/h3>\n<p>par <strong>Jan Bollans\u00e9e<\/strong>, Team leader ressources \u00e9lectroniques &amp; appui aux politiques, Universiteitsbibliotheekdiensten<br \/>\net <strong>Linda Stoop<\/strong>,\u00a0Sp\u00e9cialiste de l&rsquo;information \u00ab\u00a0enseignement\u00a0\u00bb, Groep Wetenschap en Technologie,\u00a0Faculteit Bewegings- en Revalidatiewetenschap (FaBeR), Bibliotheek 2Bergen, KU Leuven<\/p>\n<p style=\"text-align: justify;\">Les publications scientifiques sont r\u00e9put\u00e9es pour leur fiabilit\u00e9 absolue. Dans cette contribution, les intervenants se centreront tout d&rsquo;abord sur les particularit\u00e9s intrins\u00e8ques et sur les caract\u00e9ristiques externes de l\u2019information scientifique. R\u00e9flexion faite, ces propri\u00e9t\u00e9s ne sont pas vraiment suffisantes pour qu&rsquo;on puisse \u00eatre totalement certain des r\u00e9sultats de recherche et de la mani\u00e8re dont ils sont diffus\u00e9s : la pratique nous apprend qu\u2019il est impossible d\u2019exclure a priori la partialit\u00e9 et la manipulation. Le lecteur comp\u00e9tent en mati\u00e8re d\u2019information poss\u00e8de heureusement quelques instruments suppl\u00e9mentaires pour pouvoir appr\u00e9cier la validit\u00e9 et la fiabilit\u00e9 de la litt\u00e9rature scientifique. Cela sera abord\u00e9 dans la deuxi\u00e8me partie de la pr\u00e9sentation.<\/p>\n<h3><span style=\"color: #808080;\">15:05-15:50<\/span> V\u00e9rifier l&rsquo;exactitude des informations de Wikip\u00e9dia : quelques astuces&#8230;<\/h3>\n<p>par <strong>Guy Delsaut<\/strong>, Professionnel de l&rsquo;information ind\u00e9pendant et Wikip\u00e9dien<\/p>\n<p style=\"text-align: justify;\">En 15 ans, l\u2019encyclop\u00e9die collaborative en ligne <em>Wikip\u00e9dia<\/em> est devenue une source d\u2019information incontournable mais, par son mod\u00e8le, la fiabilit\u00e9 de son information fait l&rsquo;objet de nombreux d\u00e9bats et controverses. Au lieu de la rejeter compl\u00e8tement ou de croire absolument tout ce qui y est \u00e9crit, il vaut certainement mieux apprendre \u00e0 l&rsquo;utiliser en comprenant comment elle fonctionne et comment s&rsquo;assurer de la fiabilit\u00e9 de l&rsquo;information qu&rsquo;elle contient. La contribution portera sur l&rsquo;origine des erreurs et sur les moyens qu&rsquo;a le lecteur pour v\u00e9rifier si l&rsquo;information qu&rsquo;il y lit est fiable ou non ? Bref\u2026 une plong\u00e9e dans les coulisses de <em>Wikip\u00e9dia<\/em>.<\/p>\n<h3><span style=\"color: #808080;\">15:50-16:00 <\/span>Cl\u00f4ture<\/h3>\n<p>par <strong>Marc Van den Bergh<\/strong>, Vice-pr\u00e9sident et\u00a0Coordinateur Inforum 2016, ABD-BVD<\/p>\n<h3><span style=\"color: #808080;\">16:00-17:00<\/span> R\u00e9ception<\/h3>\n<h2><strong>Informations pratiques<\/strong><\/h2>\n<p><strong>Date <\/strong>: jeudi 12 mai 2016<\/p>\n<p><strong>Lieu <\/strong>: Salle Lippens, Biblioth\u00e8que royale de Belgique, Boulevard de l&rsquo;Empereur 2, 1000 Bruxelles<\/p>\n<p><strong>Langues <\/strong>: Une traduction simultan\u00e9e n\u00e9erlandais\/fran\u00e7ais et fran\u00e7ais\/n\u00e9erlandais sera assur\u00e9e.<\/p>\n<p><strong>Frais d&rsquo;inscription<\/strong> :<\/p>\n<table>\n<tbody>\n<tr>\n<td><\/td>\n<td style=\"text-align: center;\">membres ABD-BVD<\/td>\n<td style=\"text-align: center;\">membres des<br \/>\nassociations soeurs (*)<\/td>\n<td style=\"text-align: center;\">non-membres<\/td>\n<\/tr>\n<tr>\n<td>Conf\u00e9rence<\/td>\n<td style=\"text-align: center;\">gratuit<\/td>\n<td style=\"text-align: center;\">100 \u20ac<\/td>\n<td style=\"text-align: center;\">200 \u20ac<\/td>\n<\/tr>\n<tr>\n<td>Lunch<\/td>\n<td style=\"text-align: center;\">25 \u20ac<\/td>\n<td style=\"text-align: center;\">25 \u20ac<\/td>\n<td style=\"text-align: center;\">25 \u20ac<\/td>\n<\/tr>\n<\/tbody>\n<\/table>\n<p>(*) Moyennant preuve de votre appartenance \u00e0 une des associations suivantes, vous profitez du tarif pr\u00e9f\u00e9rentiel\u00a0:<\/p>\n<p>AAFB, ABF, ADBS, AGBD, AIFBD, APDB, ALBAD, BIBForum, BIS, CILIP, DGI, FAF, Fedisa Belgium, FELNET, FIBBC, KEI, KNVI, RBD Sant\u00e9 ou VVBAD.<\/p>\n<p>L&rsquo;inscription \u00e0 la conf\u00e9rence comprend l&rsquo;acc\u00e8s \u00e0 l&rsquo;auditoire, les caf\u00e9s\/rafra\u00eechissements et la documentation.<\/p>\n<p>L&rsquo;affiliation \u00e0 l\u2019ABD-BVD peut se faire <a href=\"https:\/\/www.abd-bvd.be\/a-propos\/devenir-membre\/\">en ligne sur ce site<\/a>. L&rsquo;affiliation offre de nombreux avantages et s&rsquo;\u00e9l\u00e8ve \u00e0 un montant variant de 12,50 \u20ac pour les \u00e9tudiants \u00e0 150 \u20ac pour les soci\u00e9t\u00e9s et institutions.<\/p>\n<p><strong>Renseignements :<\/strong><\/p>\n<p>Pour toute information compl\u00e9mentaire, veuillez prendre contact avec l&rsquo;Association Belge de Documentation par courriel : <a href=\"mailto:inforum@abd-bvd.be\">inforum@abd-bvd.be<\/a><\/p>\n<p><strong>Comment se rendre \u00e0 la Biblioth\u00e8que royale de Belgique :<\/strong><\/p>\n<p><strong>Attention<\/strong> : Pour des raisons de s\u00e9curit\u00e9, la Biblioth\u00e8que royale a d\u00e9cid\u00e9 de n\u2019ouvrir en ce moment que l\u2019entr\u00e9e \u00ab Gutenberg \u00bb situ\u00e9e dans le jardin du Mont des Arts (entr\u00e9e n\u00b02 sur le plan d\u2019acc\u00e8s). \u00c0 l\u2019entr\u00e9e, un renforcement du contr\u00f4le d\u2019entr\u00e9e a \u00e9t\u00e9 mis en place. <strong>Merci d&rsquo;arriver dans les temps.<\/strong><\/p>\n<p><strong>Plan d&rsquo;acc\u00e8s :<span style=\"font-family: Thread-0000112c-Id-000000ad;\"><br \/>\n<\/span><\/strong><span class=\"file-button\"><a href=\"http:\/\/www.kbr.be\/informations\/planMap\/planMap.pdf\" target=\"_blank\"><span style=\"color: #ffffff;\">T\u00e9l\u00e9charger (FR-NL)<\/span><\/a><\/span><\/p>\n<h2 id=\"yui_3_16_0_1_1433087479903_2587\" class=\"yiv7519595730MsoNormal\">Inscription<\/h2>\n<p>Inscriptions\u00a0via notre site web : <a href=\"https:\/\/www.abd-bvd.be\/activites-evenements\/sinscrire-linforum\/\">S\u2019inscrire \u00e0 l&rsquo;Inforum<\/a><\/p>\n<p>&nbsp;<\/p>\n","protected":false},"excerpt":{"rendered":"<p>Jeudi\u00a012 mai 2016 (09:30 \u2013 17:00) en collaboration avec : avec le soutien de : Matin Mod\u00e9ratrice : Eva Simon, Professeur en sciences de l&rsquo;information, Bibliotheekschool Gent 8:45-9:30 Accueil 9:30-9:45 Introduction et pr\u00e9sentation\u00a0 de la journ\u00e9e Guy Delsaut,\u00a0Pr\u00e9sident, ABD-BVD Patrick Lef\u00e8vre,\u00a0Directeur g\u00e9n\u00e9ral, Biblioth\u00e8que royale de Belgique Marc Van den Bergh, Vice-pr\u00e9sident et Co\u00f6rdinateur de l&rsquo;Inforum [&hellip;]<\/p>\n","protected":false},"author":5,"featured_media":0,"comment_status":"closed","ping_status":"open","sticky":false,"template":"","format":"standard","meta":{"_acf_changed":false,"footnotes":"","_wpscppro_dont_share_socialmedia":false,"_wpscppro_custom_social_share_image":0,"_facebook_share_type":"","_twitter_share_type":"","_linkedin_share_type":"","_pinterest_share_type":"","_linkedin_share_type_page":"","_instagram_share_type":"","_medium_share_type":"","_threads_share_type":"","_google_business_share_type":"","_selected_social_profile":[],"_wpsp_enable_custom_social_template":false,"_wpsp_social_scheduling":{"enabled":false,"datetime":null,"platforms":[],"status":"template_only","dateOption":"today","timeOption":"now","customDays":"","customHours":"","customDate":"","customTime":"","schedulingType":"absolute"},"_wpsp_active_default_template":true},"categories":[67],"tags":[94],"class_list":["post-4822","post","type-post","status-publish","format-standard","hentry","category-agenda","tag-agenda"],"acf":[],"yoast_head":"<!-- This site is optimized with the Yoast SEO plugin v27.4 - https:\/\/yoast.com\/product\/yoast-seo-wordpress\/ -->\n<title>Inforum 2016 In information we trust!!! - ABD-BVD<\/title>\n<meta name=\"description\" content=\"Jeudi 12 mai 2016 \u00e0 la Biblioth\u00e8que royale de Belgique, Bruxelles, journ\u00e9e d&#039;\u00e9tudes autour de la fiabilit\u00e9 de l&#039;information.\" \/>\n<meta name=\"robots\" content=\"index, follow, max-snippet:-1, max-image-preview:large, max-video-preview:-1\" \/>\n<link rel=\"canonical\" href=\"https:\/\/www.abd-bvd.be\/fr\/agenda\/inforum_2016\/\" \/>\n<meta property=\"og:locale\" content=\"fr_FR\" \/>\n<meta property=\"og:type\" content=\"article\" \/>\n<meta property=\"og:title\" content=\"Inforum 2016 In information we trust!!! - ABD-BVD\" \/>\n<meta property=\"og:description\" content=\"Jeudi 12 mai 2016 \u00e0 la Biblioth\u00e8que royale de Belgique, Bruxelles, journ\u00e9e d&#039;\u00e9tudes autour de la fiabilit\u00e9 de l&#039;information.\" \/>\n<meta property=\"og:url\" content=\"https:\/\/www.abd-bvd.be\/fr\/agenda\/inforum_2016\/\" \/>\n<meta property=\"og:site_name\" content=\"ABD-BVD\" \/>\n<meta property=\"article:published_time\" content=\"2016-01-05T10:52:27+00:00\" \/>\n<meta property=\"article:modified_time\" content=\"2016-04-25T09:15:24+00:00\" \/>\n<meta property=\"og:image\" content=\"https:\/\/www.abd-bvd.be\/wp-content\/uploads\/logo_kbr_2010.gif\" \/>\n<meta name=\"author\" content=\"Guy Delsaut\" \/>\n<meta name=\"twitter:card\" content=\"summary_large_image\" \/>\n<meta name=\"twitter:label1\" content=\"\u00c9crit par\" \/>\n\t<meta name=\"twitter:data1\" content=\"Guy Delsaut\" \/>\n\t<meta name=\"twitter:label2\" content=\"Dur\u00e9e de lecture estim\u00e9e\" \/>\n\t<meta name=\"twitter:data2\" content=\"5 minutes\" \/>\n<script type=\"application\/ld+json\" class=\"yoast-schema-graph\">{\"@context\":\"https:\\\/\\\/schema.org\",\"@graph\":[{\"@type\":\"Article\",\"@id\":\"https:\\\/\\\/www.abd-bvd.be\\\/fr\\\/agenda\\\/inforum_2016\\\/#article\",\"isPartOf\":{\"@id\":\"https:\\\/\\\/www.abd-bvd.be\\\/fr\\\/agenda\\\/inforum_2016\\\/\"},\"author\":{\"name\":\"Guy Delsaut\",\"@id\":\"https:\\\/\\\/www.abd-bvd.be\\\/fr\\\/#\\\/schema\\\/person\\\/b16d2027ba7bd24752b02f45e6c2d628\"},\"headline\":\"Inforum 2016 In information we trust!!!\",\"datePublished\":\"2016-01-05T10:52:27+00:00\",\"dateModified\":\"2016-04-25T09:15:24+00:00\",\"mainEntityOfPage\":{\"@id\":\"https:\\\/\\\/www.abd-bvd.be\\\/fr\\\/agenda\\\/inforum_2016\\\/\"},\"wordCount\":1126,\"image\":{\"@id\":\"https:\\\/\\\/www.abd-bvd.be\\\/fr\\\/agenda\\\/inforum_2016\\\/#primaryimage\"},\"thumbnailUrl\":\"https:\\\/\\\/www.abd-bvd.be\\\/wp-content\\\/uploads\\\/logo_kbr_2010.gif\",\"keywords\":[\"Agenda\"],\"articleSection\":[\"Agenda\"],\"inLanguage\":\"fr-FR\"},{\"@type\":\"WebPage\",\"@id\":\"https:\\\/\\\/www.abd-bvd.be\\\/fr\\\/agenda\\\/inforum_2016\\\/\",\"url\":\"https:\\\/\\\/www.abd-bvd.be\\\/fr\\\/agenda\\\/inforum_2016\\\/\",\"name\":\"Inforum 2016 In information we trust!!! - ABD-BVD\",\"isPartOf\":{\"@id\":\"https:\\\/\\\/www.abd-bvd.be\\\/fr\\\/#website\"},\"primaryImageOfPage\":{\"@id\":\"https:\\\/\\\/www.abd-bvd.be\\\/fr\\\/agenda\\\/inforum_2016\\\/#primaryimage\"},\"image\":{\"@id\":\"https:\\\/\\\/www.abd-bvd.be\\\/fr\\\/agenda\\\/inforum_2016\\\/#primaryimage\"},\"thumbnailUrl\":\"https:\\\/\\\/www.abd-bvd.be\\\/wp-content\\\/uploads\\\/logo_kbr_2010.gif\",\"datePublished\":\"2016-01-05T10:52:27+00:00\",\"dateModified\":\"2016-04-25T09:15:24+00:00\",\"author\":{\"@id\":\"https:\\\/\\\/www.abd-bvd.be\\\/fr\\\/#\\\/schema\\\/person\\\/b16d2027ba7bd24752b02f45e6c2d628\"},\"description\":\"Jeudi 12 mai 2016 \u00e0 la Biblioth\u00e8que royale de Belgique, Bruxelles, journ\u00e9e d'\u00e9tudes autour de la fiabilit\u00e9 de l'information.\",\"breadcrumb\":{\"@id\":\"https:\\\/\\\/www.abd-bvd.be\\\/fr\\\/agenda\\\/inforum_2016\\\/#breadcrumb\"},\"inLanguage\":\"fr-FR\",\"potentialAction\":[{\"@type\":\"ReadAction\",\"target\":[\"https:\\\/\\\/www.abd-bvd.be\\\/fr\\\/agenda\\\/inforum_2016\\\/\"]}]},{\"@type\":\"ImageObject\",\"inLanguage\":\"fr-FR\",\"@id\":\"https:\\\/\\\/www.abd-bvd.be\\\/fr\\\/agenda\\\/inforum_2016\\\/#primaryimage\",\"url\":\"https:\\\/\\\/www.abd-bvd.be\\\/wp-content\\\/uploads\\\/logo_kbr_2010.gif\",\"contentUrl\":\"https:\\\/\\\/www.abd-bvd.be\\\/wp-content\\\/uploads\\\/logo_kbr_2010.gif\"},{\"@type\":\"BreadcrumbList\",\"@id\":\"https:\\\/\\\/www.abd-bvd.be\\\/fr\\\/agenda\\\/inforum_2016\\\/#breadcrumb\",\"itemListElement\":[{\"@type\":\"ListItem\",\"position\":1,\"name\":\"Accueil\",\"item\":\"https:\\\/\\\/www.abd-bvd.be\\\/fr\\\/\"},{\"@type\":\"ListItem\",\"position\":2,\"name\":\"Inforum 2016 In information we trust!!!\"}]},{\"@type\":\"WebSite\",\"@id\":\"https:\\\/\\\/www.abd-bvd.be\\\/fr\\\/#website\",\"url\":\"https:\\\/\\\/www.abd-bvd.be\\\/fr\\\/\",\"name\":\"ABD-BVD\",\"description\":\"Association Belge de documentation - Belgische verniging voor documentatie\",\"potentialAction\":[{\"@type\":\"SearchAction\",\"target\":{\"@type\":\"EntryPoint\",\"urlTemplate\":\"https:\\\/\\\/www.abd-bvd.be\\\/fr\\\/?s={search_term_string}\"},\"query-input\":{\"@type\":\"PropertyValueSpecification\",\"valueRequired\":true,\"valueName\":\"search_term_string\"}}],\"inLanguage\":\"fr-FR\"},{\"@type\":\"Person\",\"@id\":\"https:\\\/\\\/www.abd-bvd.be\\\/fr\\\/#\\\/schema\\\/person\\\/b16d2027ba7bd24752b02f45e6c2d628\",\"name\":\"Guy Delsaut\",\"image\":{\"@type\":\"ImageObject\",\"inLanguage\":\"fr-FR\",\"@id\":\"https:\\\/\\\/secure.gravatar.com\\\/avatar\\\/661ab3e27256975e79639c97a039adabdf47fbcdcd1883bad66ee2e8b41bdfa7?s=96&d=mm&r=g\",\"url\":\"https:\\\/\\\/secure.gravatar.com\\\/avatar\\\/661ab3e27256975e79639c97a039adabdf47fbcdcd1883bad66ee2e8b41bdfa7?s=96&d=mm&r=g\",\"contentUrl\":\"https:\\\/\\\/secure.gravatar.com\\\/avatar\\\/661ab3e27256975e79639c97a039adabdf47fbcdcd1883bad66ee2e8b41bdfa7?s=96&d=mm&r=g\",\"caption\":\"Guy Delsaut\"},\"url\":\"https:\\\/\\\/www.abd-bvd.be\\\/fr\\\/author\\\/guy-delsaut\\\/\"}]}<\/script>\n<!-- \/ Yoast SEO plugin. -->","yoast_head_json":{"title":"Inforum 2016 In information we trust!!! - ABD-BVD","description":"Jeudi 12 mai 2016 \u00e0 la Biblioth\u00e8que royale de Belgique, Bruxelles, journ\u00e9e d'\u00e9tudes autour de la fiabilit\u00e9 de l'information.","robots":{"index":"index","follow":"follow","max-snippet":"max-snippet:-1","max-image-preview":"max-image-preview:large","max-video-preview":"max-video-preview:-1"},"canonical":"https:\/\/www.abd-bvd.be\/fr\/agenda\/inforum_2016\/","og_locale":"fr_FR","og_type":"article","og_title":"Inforum 2016 In information we trust!!! - ABD-BVD","og_description":"Jeudi 12 mai 2016 \u00e0 la Biblioth\u00e8que royale de Belgique, Bruxelles, journ\u00e9e d'\u00e9tudes autour de la fiabilit\u00e9 de l'information.","og_url":"https:\/\/www.abd-bvd.be\/fr\/agenda\/inforum_2016\/","og_site_name":"ABD-BVD","article_published_time":"2016-01-05T10:52:27+00:00","article_modified_time":"2016-04-25T09:15:24+00:00","og_image":[{"url":"https:\/\/www.abd-bvd.be\/wp-content\/uploads\/logo_kbr_2010.gif","type":"","width":"","height":""}],"author":"Guy Delsaut","twitter_card":"summary_large_image","twitter_misc":{"\u00c9crit par":"Guy Delsaut","Dur\u00e9e de lecture estim\u00e9e":"5 minutes"},"schema":{"@context":"https:\/\/schema.org","@graph":[{"@type":"Article","@id":"https:\/\/www.abd-bvd.be\/fr\/agenda\/inforum_2016\/#article","isPartOf":{"@id":"https:\/\/www.abd-bvd.be\/fr\/agenda\/inforum_2016\/"},"author":{"name":"Guy Delsaut","@id":"https:\/\/www.abd-bvd.be\/fr\/#\/schema\/person\/b16d2027ba7bd24752b02f45e6c2d628"},"headline":"Inforum 2016 In information we trust!!!","datePublished":"2016-01-05T10:52:27+00:00","dateModified":"2016-04-25T09:15:24+00:00","mainEntityOfPage":{"@id":"https:\/\/www.abd-bvd.be\/fr\/agenda\/inforum_2016\/"},"wordCount":1126,"image":{"@id":"https:\/\/www.abd-bvd.be\/fr\/agenda\/inforum_2016\/#primaryimage"},"thumbnailUrl":"https:\/\/www.abd-bvd.be\/wp-content\/uploads\/logo_kbr_2010.gif","keywords":["Agenda"],"articleSection":["Agenda"],"inLanguage":"fr-FR"},{"@type":"WebPage","@id":"https:\/\/www.abd-bvd.be\/fr\/agenda\/inforum_2016\/","url":"https:\/\/www.abd-bvd.be\/fr\/agenda\/inforum_2016\/","name":"Inforum 2016 In information we trust!!! - ABD-BVD","isPartOf":{"@id":"https:\/\/www.abd-bvd.be\/fr\/#website"},"primaryImageOfPage":{"@id":"https:\/\/www.abd-bvd.be\/fr\/agenda\/inforum_2016\/#primaryimage"},"image":{"@id":"https:\/\/www.abd-bvd.be\/fr\/agenda\/inforum_2016\/#primaryimage"},"thumbnailUrl":"https:\/\/www.abd-bvd.be\/wp-content\/uploads\/logo_kbr_2010.gif","datePublished":"2016-01-05T10:52:27+00:00","dateModified":"2016-04-25T09:15:24+00:00","author":{"@id":"https:\/\/www.abd-bvd.be\/fr\/#\/schema\/person\/b16d2027ba7bd24752b02f45e6c2d628"},"description":"Jeudi 12 mai 2016 \u00e0 la Biblioth\u00e8que royale de Belgique, Bruxelles, journ\u00e9e d'\u00e9tudes autour de la fiabilit\u00e9 de l'information.","breadcrumb":{"@id":"https:\/\/www.abd-bvd.be\/fr\/agenda\/inforum_2016\/#breadcrumb"},"inLanguage":"fr-FR","potentialAction":[{"@type":"ReadAction","target":["https:\/\/www.abd-bvd.be\/fr\/agenda\/inforum_2016\/"]}]},{"@type":"ImageObject","inLanguage":"fr-FR","@id":"https:\/\/www.abd-bvd.be\/fr\/agenda\/inforum_2016\/#primaryimage","url":"https:\/\/www.abd-bvd.be\/wp-content\/uploads\/logo_kbr_2010.gif","contentUrl":"https:\/\/www.abd-bvd.be\/wp-content\/uploads\/logo_kbr_2010.gif"},{"@type":"BreadcrumbList","@id":"https:\/\/www.abd-bvd.be\/fr\/agenda\/inforum_2016\/#breadcrumb","itemListElement":[{"@type":"ListItem","position":1,"name":"Accueil","item":"https:\/\/www.abd-bvd.be\/fr\/"},{"@type":"ListItem","position":2,"name":"Inforum 2016 In information we trust!!!"}]},{"@type":"WebSite","@id":"https:\/\/www.abd-bvd.be\/fr\/#website","url":"https:\/\/www.abd-bvd.be\/fr\/","name":"ABD-BVD","description":"Association Belge de documentation - Belgische verniging voor documentatie","potentialAction":[{"@type":"SearchAction","target":{"@type":"EntryPoint","urlTemplate":"https:\/\/www.abd-bvd.be\/fr\/?s={search_term_string}"},"query-input":{"@type":"PropertyValueSpecification","valueRequired":true,"valueName":"search_term_string"}}],"inLanguage":"fr-FR"},{"@type":"Person","@id":"https:\/\/www.abd-bvd.be\/fr\/#\/schema\/person\/b16d2027ba7bd24752b02f45e6c2d628","name":"Guy Delsaut","image":{"@type":"ImageObject","inLanguage":"fr-FR","@id":"https:\/\/secure.gravatar.com\/avatar\/661ab3e27256975e79639c97a039adabdf47fbcdcd1883bad66ee2e8b41bdfa7?s=96&d=mm&r=g","url":"https:\/\/secure.gravatar.com\/avatar\/661ab3e27256975e79639c97a039adabdf47fbcdcd1883bad66ee2e8b41bdfa7?s=96&d=mm&r=g","contentUrl":"https:\/\/secure.gravatar.com\/avatar\/661ab3e27256975e79639c97a039adabdf47fbcdcd1883bad66ee2e8b41bdfa7?s=96&d=mm&r=g","caption":"Guy Delsaut"},"url":"https:\/\/www.abd-bvd.be\/fr\/author\/guy-delsaut\/"}]}},"_links":{"self":[{"href":"https:\/\/www.abd-bvd.be\/fr\/wp-json\/wp\/v2\/posts\/4822","targetHints":{"allow":["GET"]}}],"collection":[{"href":"https:\/\/www.abd-bvd.be\/fr\/wp-json\/wp\/v2\/posts"}],"about":[{"href":"https:\/\/www.abd-bvd.be\/fr\/wp-json\/wp\/v2\/types\/post"}],"author":[{"embeddable":true,"href":"https:\/\/www.abd-bvd.be\/fr\/wp-json\/wp\/v2\/users\/5"}],"replies":[{"embeddable":true,"href":"https:\/\/www.abd-bvd.be\/fr\/wp-json\/wp\/v2\/comments?post=4822"}],"version-history":[{"count":0,"href":"https:\/\/www.abd-bvd.be\/fr\/wp-json\/wp\/v2\/posts\/4822\/revisions"}],"wp:attachment":[{"href":"https:\/\/www.abd-bvd.be\/fr\/wp-json\/wp\/v2\/media?parent=4822"}],"wp:term":[{"taxonomy":"category","embeddable":true,"href":"https:\/\/www.abd-bvd.be\/fr\/wp-json\/wp\/v2\/categories?post=4822"},{"taxonomy":"post_tag","embeddable":true,"href":"https:\/\/www.abd-bvd.be\/fr\/wp-json\/wp\/v2\/tags?post=4822"}],"curies":[{"name":"wp","href":"https:\/\/api.w.org\/{rel}","templated":true}]}}