{"id":4407,"date":"2008-06-01T10:41:19","date_gmt":"2008-06-01T10:41:19","guid":{"rendered":"http:\/\/www.abd-bvd.be\/?p=4407"},"modified":"2018-08-27T14:48:22","modified_gmt":"2018-08-27T12:48:22","slug":"2008-2","status":"publish","type":"post","link":"https:\/\/www.abd-bvd.be\/fr\/cahiers-de-la-documentation\/2008-2\/","title":{"rendered":"Cahiers de la Documentation 2008\/2 (juin 2008)"},"content":{"rendered":"<p><a href=\"https:\/\/www.abd-bvd.be\/wp-content\/uploads\/cover2008-2_small.jpg\"><img loading=\"lazy\" decoding=\"async\" class=\"size-full wp-image-4222 alignleft\" src=\"https:\/\/www.abd-bvd.be\/wp-content\/uploads\/cover2008-2_small.jpg\" alt=\"cover2008-2_small\" width=\"133\" height=\"190\"><\/a><\/p>\n<h2><span style=\"font-size: 14pt;\">\u00c9ditorial<\/span><\/h2>\n<p style=\"text-align: justify;\">Pouvais-je commencer cet \u00e9ditorial sans avoir une pens\u00e9e pour Simone J\u00e9r\u00f4me ? Elle, qui fut si longtemps administratrice de notre association et r\u00e9dactrice en chef des <em>Cahiers de la docu\u00admentation<\/em>, vous annon\u00e7ait dans notre dernier num\u00e9ro, qu&rsquo;elle passait le flambeau \u00e9ditorial. Comme promis, elle a gard\u00e9 un \u0153il vigilant sur ce num\u00e9ro et continuera \u00e0 le faire. Sous sa di\u00adrection, les <em>Cahiers<\/em> ont trouv\u00e9 un nouveau souf\u00adfle. Il est maintenant loin le temps o\u00f9 certains num\u00e9ros ne comportaient que deux articles, par\u00adfois m\u00eame \u00e9crits par un seul et m\u00eame auteur.<\/p>\n<p style=\"text-align: justify;\">Ce nouveau souffle est \u00e9galement d\u00fb \u00e0 une \u00e9quipe. Le comit\u00e9 des publications est en effet tr\u00e8s important pour convaincre les auteurs d\u2019\u00e9crire pour notre p\u00e9riodique et en assurer le suivi : relire les articles qui peuvent \u00eatre publi\u00e9s, proposer des am\u00e9liorations et des d\u00e9veloppe\u00adments, veiller \u00e0 la coh\u00e9rence de la revue, tra\u00adduire les r\u00e9sum\u00e9s et l\u2019\u00e9dito, etc. N\u2019oublions pas non plus le travail accompli pour les diff\u00e9rentes rubriques : <em>Notes de lecture<\/em>, <em>Nouvelles parutions<\/em> et <em>Regards sur la presse<\/em>. Je voulais donc remer\u00adcier tous les membres du groupe pour leur travail et souhaiter la bienvenue \u00e0 ceux qui nous ont rejoints r\u00e9cemment.<\/p>\n<p style=\"text-align: justify;\">Et puis, il y a bien s\u00fbr les auteurs. Sans eux, les <em>Cahiers<\/em> n\u2019existeraient \u00e9videmment pas. Depuis plus de 60 ans, ces auteurs partagent leur exp\u00e9\u00adrience, leur savoir. Chacun de vous, de nous, a, dans sa vie professionnelle, l\u2019occasion de mener ou de participer \u00e0 une exp\u00e9rience qui lui tient \u00e0 c\u0153ur et qu\u2019il a envie de faire partager avec d\u2019autres professionnels de l\u2019information. Les <em>Ca\u00adhiers<\/em> peuvent remplir ce r\u00f4le. Les instructions aux auteurs se trouvent \u00e0 la fin de chaque nu\u00adm\u00e9ro et sur notre site Internet. Je vous invite \u00e0 les consulter et, pourquoi pas, \u00e0 nous soumettre un article.<\/p>\n<p style=\"text-align: justify;\">Dans ce num\u00e9ro, c\u2019est pr\u00e8s d\u2019une dizaine d\u2019auteurs qui nous font part de leur exp\u00e9rience en mati\u00e8re de syst\u00e8mes int\u00e9gr\u00e9s de gestion de biblioth\u00e8que, de veille, de litt\u00e9rature grise et de brevets.<\/p>\n<p style=\"text-align: justify;\">Je vous souhaite une bonne lecture, que j\u2019esp\u00e8re enrichissante.<\/p>\n<p style=\"text-align: right;\"><strong>Guy DELSAUT<\/strong><\/p>\n<h2 style=\"text-align: justify;\">Les SIGB libres en Belgique : \u00c9tat des lieux et analyse<\/h2>\n<p style=\"text-align: justify;\"><strong>Patrice CHALON<\/strong>, Knowledge Manager, Centre F\u00e9d\u00e9ral d\u2019Expertise des soins de sant\u00e9 (KCE). Webmaster, pmb-bug.be<br \/>\n<strong>Pascale M\u00c9LON<\/strong>, Biblioth\u00e9caire, Biblioth\u00e8que Principale des Communes du Sud-Est de Bruxelles<\/p>\n<p style=\"text-align: justify;\">Si les premiers syst\u00e8mes int\u00e9gr\u00e9s de gestion de biblioth\u00e8que (SIGB) libres sont apparus \u00e0 la fin des ann\u00e9es 1990, il a fallu attendre 2004 pour qu\u2019un premier retour d\u2019exp\u00e9rience soit fait en Belgique concernant PMB, et 2007 pour Koha. D\u2019autres SIGB libres sont-ils utilis\u00e9s en Belgique ? Pourquoi choisir un SIGB libre ? Cinquante et une biblioth\u00e8ques belges ou centres de documentation ayant install\u00e9 un SIGB libre ont \u00e9t\u00e9 identifi\u00e9s. En compilant ici les r\u00e9sultats de deux enqu\u00eates men\u00e9es aupr\u00e8s de ces utilisateurs, nous pouvons proposer un premier aper\u00e7u de la situation du SIGB libre en Belgique. Le SIGB libre le plus utilis\u00e9 en Belgique est PMB. Un groupe d\u2019utilisateurs s\u2019est d\u2019ailleurs organis\u00e9 afin de proposer des formations et de compl\u00e9ter la traduction en n\u00e9erlandais. Koha et oBiblio sont actuellement faiblement repr\u00e9sent\u00e9s. Il sera donc int\u00e9ressant de suivre l\u2019\u00e9volution du march\u00e9 du SIGB libre dans les ann\u00e9es \u00e0 venir, mais aussi leur positionnement par rapport aux solutions commerciales.<\/p>\n<p><span class=\"file-button\"><a href=\"https:\/\/www.abd-bvd.be\/wp-content\/uploads\/2008-2_Chalon-Melon1.pdf\">T\u00e9l\u00e9charger (FR)<\/a><\/span><\/p>\n<h2 style=\"text-align: justify;\">La veille sanitaire de d\u00e9fense : M\u00e9thodologies et logiciels<\/h2>\n<p style=\"text-align: justify;\"><strong>Marc TANTI<\/strong>, Veilleur documentaire, Institut de m\u00e9decine tropicale du service de sant\u00e9 des arm\u00e9es<br \/>\n<strong>Christian HUPIN<\/strong>, Veilleur sanitaire, Institut de m\u00e9decine tropicale du service de sant\u00e9 des arm\u00e9es<br \/>\n<strong>Parina HASSANALY<\/strong>, Professeur, Institut d\u2019\u00c9tudes Politiques d\u2019Aix-en-Provence<br \/>\n<strong>Jean-Paul BOUTIN<\/strong>, Professeur, H\u00f4pital d&rsquo;instruction des arm\u00e9es du Val de Gr\u00e2ce, Institut de m\u00e9decine tropicale du service de sant\u00e9 des arm\u00e9es<\/p>\n<p style=\"text-align: justify;\">Une des missions du Service de sant\u00e9 des arm\u00e9es (SSA) fran\u00e7ais est de pr\u00e9server la sant\u00e9 des personnels de l\u2019arm\u00e9e lors de missions \u00e0 l\u2019\u00e9tranger. Dans cette optique, il a confi\u00e9 \u00e0 l\u2019Institut de m\u00e9decine tropicale du service de sant\u00e9 des arm\u00e9es (IMTSSA) une mission de veille sanitaire de d\u00e9fense. Pour r\u00e9pondre \u00e0 cette mission, trois bases documentaires ont \u00e9t\u00e9 mises \u00e0 sa disposition. La mise \u00e0 jour de ces bases, la d\u00e9tection rapide de nouveaut\u00e9s et de \u00ab\u00a0signaux faibles en \u00e9mergence\u00a0\u00bb n\u00e9cessite une m\u00e9thodologie de veille documentaire en plusieurs phases : collecte de documents, analyse et diffusion. Les phases de collecte et d\u2019analyse, cruciales, sont d\u00e9crites dans cet article. La phase de collecte n\u00e9cessite la mobilisation de logiciels sp\u00e9cifiques selon trois modalit\u00e9s : le \u00ab\u00a0pull\u00a0\u00bb, le \u00ab\u00a0push\u00a0\u00bb et le fil RSS. Les logiciels d\u2019aide \u00e0 l\u2019analyse soutiennent le veilleur mais ils ne remplaceront jamais une analyse experte. Dans ce processus, un mat\u00e9riel informatique performant se r\u00e9v\u00e8le \u00e9galement indispensable.<\/p>\n<p style=\"text-align: justify;\"><span class=\"file-button\"><a href=\"https:\/\/www.abd-bvd.be\/wp-content\/uploads\/2008-2_Tanti-Hupin1.pdf\">T\u00e9l\u00e9charger (FR)<\/a><\/span><\/p>\n<h2 style=\"text-align: justify;\">Grey literature on bilingualism in Belgium<\/h2>\n<p style=\"text-align: justify;\"><strong>Joachim SCH\u00d6PFEL<\/strong>, Head of department E-Publishing and Document Supply, Institute for Scientific and Technical Information (INIST), National Center for Scientific Research (CNRS)<\/p>\n<p style=\"text-align: justify;\">Le bilinguisme, \u00e0 savoir l\u2019\u00e9tude et l\u2019usage de deux langues, est une r\u00e9alit\u00e9 linguistique, sociale, p\u00e9dagogique et psychologique pour de nombreuses personnes dans la plupart des pays. Au coeur de l\u2019Europe, la Belgique est un pays o\u00f9 vivent deux populations culturellement et linguistiquement distinctes sans compter l\u2019immigration, le commerce mondialis\u00e9 et des institutions internationales. Elle est donc particuli\u00e8rement confront\u00e9e \u00e0 cette r\u00e9alit\u00e9. En r\u00e9action \u00e0 sa soci\u00e9t\u00e9 multiculturelle et pour r\u00e9pondre \u00e0 ses d\u00e9fis, la Belgique a d\u00e9velopp\u00e9 depuis de nombreuses ann\u00e9es des activit\u00e9s de recherche interdisciplinaire importantes dans le domaine du bilinguisme. Les particularit\u00e9s de notre \u00e9tude sont doubles. Tout d\u2019abord, la recherche sur le bilinguisme se situe au croisement de la linguistique, de la sociologie, de la psychologie et des sciences p\u00e9dagogiques, chaque domaine disposant de ses propres vecteurs de publication et de communication. Ensuite, alors que la plupart des \u00e9tudes pr\u00e9c\u00e9dentes sur l\u2019importance de la litt\u00e9rature grise sont des analyses de citations, notre \u00e9tude se base sur les r\u00e9sultats de recherches dans les banques de donn\u00e9es, les catalogues, les archives ouvertes et les moteurs de recherche.<\/p>\n<p style=\"text-align: justify;\"><em>Article r\u00e9dig\u00e9 suite \u00e0 la conf\u00e9rence donn\u00e9e par l&rsquo;auteur dans le cadre du colloque GL9 Ninth Intenaional Conference on Grey Literature: Grey Foundations in Information Landscape, organis\u00e9 par le Grey Literature Network Service, les 10-11 d\u00e9cembre 2007, \u00e0 Anvers.<\/em><\/p>\n<p style=\"text-align: justify;\"><span class=\"file-button\"><a href=\"https:\/\/www.abd-bvd.be\/wp-content\/uploads\/2008-2_Schopfel1.pdf\">T\u00e9l\u00e9charger (EN)<\/a><\/span><\/p>\n<h2 style=\"text-align: justify;\">Donner du sens aux brevets : Les m\u00e9thodes de recherche<\/h2>\n<p style=\"text-align: justify;\"><strong>Fabienne MONFORT-WINDELS<\/strong>, Responsable Information et veille, Sirris<\/p>\n<p style=\"text-align: justify;\">Cet article constitue le 4e article d&rsquo;une s\u00e9rie sur les brevets. Les deux premiers sont parus dans le num\u00e9ro 2007\/3 et le troisi\u00e8me dans le num\u00e9ro 2008\/1. L&rsquo;information \u00ab\u00a0brevets\u00a0\u00bb peut \u00eatre analys\u00e9e par des m\u00e9thodes qualitatives ou quantitatives. La recherche documentaire consiste \u00e0 rep\u00e9rer dans la masse de documents quelques brevets int\u00e9ressants. Un traitement statistique simple appliqu\u00e9 \u00e0 un corpus permet d&rsquo;extraire d&rsquo;autres types d&rsquo;information. Aujourd&rsquo;hui, les donn\u00e9es des brevets, jusqu&rsquo;ici non cod\u00e9es, \u00ab\u00a0muettes\u00a0\u00bb pour les statisticiens, prennent du sens gr\u00e2ce aux nouvelles m\u00e9thodes telles que le text mining. Ces techniques reposent sur des algorithmes qui rep\u00e8rent des corr\u00e9lations non imm\u00e9diatement perceptibles entre les termes dans de grandes masses de documents. Elles permettent de d\u00e9tecter des \u00ab\u00a0signaux faibles\u00a0\u00bb \u00e0 partir d&rsquo;une information surabondante. Des outils intelligents vont encore plus loin. TRIZ, par exemple, est une m\u00e9thode de cr\u00e9ativit\u00e9 bas\u00e9e sur l&rsquo;analyse d&rsquo;un grand nombre de brevets.<\/p>\n<p style=\"text-align: justify;\"><span class=\"file-button\"><a href=\"https:\/\/www.abd-bvd.be\/wp-content\/uploads\/2008-2_Monfort-Windels_4e_partie1.pdf\">T\u00e9l\u00e9charger (FR)<\/a><\/span><\/p>\n<h2 style=\"text-align: justify;\">Compte rendu<br \/>\nLes publics dans nos biblioth\u00e8ques<\/h2>\n<p style=\"text-align: justify;\"><strong>Isabelle SOMVILLE-CORNET<\/strong>, Ma\u00eetre-assistante, Haute \u00c9cole de Namur &#8211; Baccalaur\u00e9at en biblioth\u00e9conomie et documentation<\/p>\n<p style=\"text-align: justify;\"><span class=\"file-button\"><a href=\"https:\/\/www.abd-bvd.be\/wp-content\/uploads\/2008-2_Somville-Cornet1.pdf\">T\u00e9l\u00e9charger (FR)<\/a><\/span><\/p>\n<p style=\"text-align: right;\"><span class=\"file-button\"><a href=\"https:\/\/www.abd-bvd.be\/wp-content\/uploads\/2008-2-full.pdf\">T\u00e9l\u00e9charger le num\u00e9ro complet<\/a><\/span><\/p>\n","protected":false},"excerpt":{"rendered":"<p>\u00c9ditorial Pouvais-je commencer cet \u00e9ditorial sans avoir une pens\u00e9e pour Simone J\u00e9r\u00f4me ? Elle, qui fut si longtemps administratrice de notre association et r\u00e9dactrice en chef des Cahiers de la docu\u00admentation, vous annon\u00e7ait dans notre dernier num\u00e9ro, qu&rsquo;elle passait le flambeau \u00e9ditorial. Comme promis, elle a gard\u00e9 un \u0153il vigilant sur ce num\u00e9ro et continuera [&hellip;]<\/p>\n","protected":false},"author":11,"featured_media":0,"comment_status":"closed","ping_status":"open","sticky":false,"template":"","format":"standard","meta":{"_acf_changed":false,"footnotes":"","_wpscppro_dont_share_socialmedia":false,"_wpscppro_custom_social_share_image":0,"_facebook_share_type":"","_twitter_share_type":"","_linkedin_share_type":"","_pinterest_share_type":"","_linkedin_share_type_page":"","_instagram_share_type":"","_medium_share_type":"","_threads_share_type":"","_google_business_share_type":"","_selected_social_profile":[],"_wpsp_enable_custom_social_template":false,"_wpsp_social_scheduling":{"enabled":false,"datetime":null,"platforms":[],"status":"template_only","dateOption":"today","timeOption":"now","customDays":"","customHours":"","customDate":"","customTime":"","schedulingType":"absolute"},"_wpsp_active_default_template":true},"categories":[69],"tags":[],"class_list":["post-4407","post","type-post","status-publish","format-standard","hentry","category-cahiers-de-la-documentation"],"acf":[],"yoast_head":"<!-- This site is optimized with the Yoast SEO plugin v27.5 - https:\/\/yoast.com\/product\/yoast-seo-wordpress\/ -->\n<title>Cahiers de la Documentation 2008\/2 (juin 2008) - ABD-BVD<\/title>\n<meta name=\"robots\" content=\"index, follow, max-snippet:-1, max-image-preview:large, max-video-preview:-1\" \/>\n<link rel=\"canonical\" href=\"https:\/\/www.abd-bvd.be\/fr\/cahiers-de-la-documentation\/2008-2\/\" \/>\n<meta property=\"og:locale\" content=\"fr_FR\" \/>\n<meta property=\"og:type\" content=\"article\" \/>\n<meta property=\"og:title\" content=\"Cahiers de la Documentation 2008\/2 (juin 2008) - ABD-BVD\" \/>\n<meta property=\"og:description\" content=\"\u00c9ditorial Pouvais-je commencer cet \u00e9ditorial sans avoir une pens\u00e9e pour Simone J\u00e9r\u00f4me ? Elle, qui fut si longtemps administratrice de notre association et r\u00e9dactrice en chef des Cahiers de la docu\u00admentation, vous annon\u00e7ait dans notre dernier num\u00e9ro, qu&rsquo;elle passait le flambeau \u00e9ditorial. Comme promis, elle a gard\u00e9 un \u0153il vigilant sur ce num\u00e9ro et continuera [&hellip;]\" \/>\n<meta property=\"og:url\" content=\"https:\/\/www.abd-bvd.be\/fr\/cahiers-de-la-documentation\/2008-2\/\" \/>\n<meta property=\"og:site_name\" content=\"ABD-BVD\" \/>\n<meta property=\"article:published_time\" content=\"2008-06-01T10:41:19+00:00\" \/>\n<meta property=\"article:modified_time\" content=\"2018-08-27T12:48:22+00:00\" \/>\n<meta property=\"og:image\" content=\"https:\/\/www.abd-bvd.be\/wp-content\/uploads\/cover2008-2_small.jpg\" \/>\n<meta name=\"author\" content=\"Catherine G\u00e9rard\" \/>\n<meta name=\"twitter:card\" content=\"summary_large_image\" \/>\n<meta name=\"twitter:label1\" content=\"\u00c9crit par\" \/>\n\t<meta name=\"twitter:data1\" content=\"Catherine G\u00e9rard\" \/>\n\t<meta name=\"twitter:label2\" content=\"Dur\u00e9e de lecture estim\u00e9e\" \/>\n\t<meta name=\"twitter:data2\" content=\"7 minutes\" \/>\n<script type=\"application\/ld+json\" class=\"yoast-schema-graph\">{\"@context\":\"https:\\\/\\\/schema.org\",\"@graph\":[{\"@type\":\"Article\",\"@id\":\"https:\\\/\\\/www.abd-bvd.be\\\/fr\\\/cahiers-de-la-documentation\\\/2008-2\\\/#article\",\"isPartOf\":{\"@id\":\"https:\\\/\\\/www.abd-bvd.be\\\/fr\\\/cahiers-de-la-documentation\\\/2008-2\\\/\"},\"author\":{\"name\":\"Catherine G\u00e9rard\",\"@id\":\"https:\\\/\\\/www.abd-bvd.be\\\/fr\\\/#\\\/schema\\\/person\\\/b6755b61a1d8f94d075def4981f46068\"},\"headline\":\"Cahiers de la Documentation 2008\\\/2 (juin 2008)\",\"datePublished\":\"2008-06-01T10:41:19+00:00\",\"dateModified\":\"2018-08-27T12:48:22+00:00\",\"mainEntityOfPage\":{\"@id\":\"https:\\\/\\\/www.abd-bvd.be\\\/fr\\\/cahiers-de-la-documentation\\\/2008-2\\\/\"},\"wordCount\":1370,\"image\":{\"@id\":\"https:\\\/\\\/www.abd-bvd.be\\\/fr\\\/cahiers-de-la-documentation\\\/2008-2\\\/#primaryimage\"},\"thumbnailUrl\":\"https:\\\/\\\/www.abd-bvd.be\\\/wp-content\\\/uploads\\\/cover2008-2_small.jpg\",\"articleSection\":[\"Cahiers de la Documentation\"],\"inLanguage\":\"fr-FR\"},{\"@type\":\"WebPage\",\"@id\":\"https:\\\/\\\/www.abd-bvd.be\\\/fr\\\/cahiers-de-la-documentation\\\/2008-2\\\/\",\"url\":\"https:\\\/\\\/www.abd-bvd.be\\\/fr\\\/cahiers-de-la-documentation\\\/2008-2\\\/\",\"name\":\"Cahiers de la Documentation 2008\\\/2 (juin 2008) - ABD-BVD\",\"isPartOf\":{\"@id\":\"https:\\\/\\\/www.abd-bvd.be\\\/fr\\\/#website\"},\"primaryImageOfPage\":{\"@id\":\"https:\\\/\\\/www.abd-bvd.be\\\/fr\\\/cahiers-de-la-documentation\\\/2008-2\\\/#primaryimage\"},\"image\":{\"@id\":\"https:\\\/\\\/www.abd-bvd.be\\\/fr\\\/cahiers-de-la-documentation\\\/2008-2\\\/#primaryimage\"},\"thumbnailUrl\":\"https:\\\/\\\/www.abd-bvd.be\\\/wp-content\\\/uploads\\\/cover2008-2_small.jpg\",\"datePublished\":\"2008-06-01T10:41:19+00:00\",\"dateModified\":\"2018-08-27T12:48:22+00:00\",\"author\":{\"@id\":\"https:\\\/\\\/www.abd-bvd.be\\\/fr\\\/#\\\/schema\\\/person\\\/b6755b61a1d8f94d075def4981f46068\"},\"breadcrumb\":{\"@id\":\"https:\\\/\\\/www.abd-bvd.be\\\/fr\\\/cahiers-de-la-documentation\\\/2008-2\\\/#breadcrumb\"},\"inLanguage\":\"fr-FR\",\"potentialAction\":[{\"@type\":\"ReadAction\",\"target\":[\"https:\\\/\\\/www.abd-bvd.be\\\/fr\\\/cahiers-de-la-documentation\\\/2008-2\\\/\"]}]},{\"@type\":\"ImageObject\",\"inLanguage\":\"fr-FR\",\"@id\":\"https:\\\/\\\/www.abd-bvd.be\\\/fr\\\/cahiers-de-la-documentation\\\/2008-2\\\/#primaryimage\",\"url\":\"https:\\\/\\\/www.abd-bvd.be\\\/wp-content\\\/uploads\\\/cover2008-2_small.jpg\",\"contentUrl\":\"https:\\\/\\\/www.abd-bvd.be\\\/wp-content\\\/uploads\\\/cover2008-2_small.jpg\"},{\"@type\":\"BreadcrumbList\",\"@id\":\"https:\\\/\\\/www.abd-bvd.be\\\/fr\\\/cahiers-de-la-documentation\\\/2008-2\\\/#breadcrumb\",\"itemListElement\":[{\"@type\":\"ListItem\",\"position\":1,\"name\":\"Accueil\",\"item\":\"https:\\\/\\\/www.abd-bvd.be\\\/fr\\\/\"},{\"@type\":\"ListItem\",\"position\":2,\"name\":\"Cahiers de la Documentation 2008\\\/2 (juin 2008)\"}]},{\"@type\":\"WebSite\",\"@id\":\"https:\\\/\\\/www.abd-bvd.be\\\/fr\\\/#website\",\"url\":\"https:\\\/\\\/www.abd-bvd.be\\\/fr\\\/\",\"name\":\"ABD-BVD\",\"description\":\"Association Belge de documentation - Belgische verniging voor documentatie\",\"potentialAction\":[{\"@type\":\"SearchAction\",\"target\":{\"@type\":\"EntryPoint\",\"urlTemplate\":\"https:\\\/\\\/www.abd-bvd.be\\\/fr\\\/?s={search_term_string}\"},\"query-input\":{\"@type\":\"PropertyValueSpecification\",\"valueRequired\":true,\"valueName\":\"search_term_string\"}}],\"inLanguage\":\"fr-FR\"},{\"@type\":\"Person\",\"@id\":\"https:\\\/\\\/www.abd-bvd.be\\\/fr\\\/#\\\/schema\\\/person\\\/b6755b61a1d8f94d075def4981f46068\",\"name\":\"Catherine G\u00e9rard\",\"image\":{\"@type\":\"ImageObject\",\"inLanguage\":\"fr-FR\",\"@id\":\"https:\\\/\\\/secure.gravatar.com\\\/avatar\\\/056de6abd907d96ee36216f287a04afb1792e8f76d2bb0915afff30cd81c37a2?s=96&d=mm&r=g\",\"url\":\"https:\\\/\\\/secure.gravatar.com\\\/avatar\\\/056de6abd907d96ee36216f287a04afb1792e8f76d2bb0915afff30cd81c37a2?s=96&d=mm&r=g\",\"contentUrl\":\"https:\\\/\\\/secure.gravatar.com\\\/avatar\\\/056de6abd907d96ee36216f287a04afb1792e8f76d2bb0915afff30cd81c37a2?s=96&d=mm&r=g\",\"caption\":\"Catherine G\u00e9rard\"},\"url\":\"https:\\\/\\\/www.abd-bvd.be\\\/fr\\\/author\\\/catherine-gerard\\\/\"}]}<\/script>\n<!-- \/ Yoast SEO plugin. -->","yoast_head_json":{"title":"Cahiers de la Documentation 2008\/2 (juin 2008) - ABD-BVD","robots":{"index":"index","follow":"follow","max-snippet":"max-snippet:-1","max-image-preview":"max-image-preview:large","max-video-preview":"max-video-preview:-1"},"canonical":"https:\/\/www.abd-bvd.be\/fr\/cahiers-de-la-documentation\/2008-2\/","og_locale":"fr_FR","og_type":"article","og_title":"Cahiers de la Documentation 2008\/2 (juin 2008) - ABD-BVD","og_description":"\u00c9ditorial Pouvais-je commencer cet \u00e9ditorial sans avoir une pens\u00e9e pour Simone J\u00e9r\u00f4me ? Elle, qui fut si longtemps administratrice de notre association et r\u00e9dactrice en chef des Cahiers de la docu\u00admentation, vous annon\u00e7ait dans notre dernier num\u00e9ro, qu&rsquo;elle passait le flambeau \u00e9ditorial. Comme promis, elle a gard\u00e9 un \u0153il vigilant sur ce num\u00e9ro et continuera [&hellip;]","og_url":"https:\/\/www.abd-bvd.be\/fr\/cahiers-de-la-documentation\/2008-2\/","og_site_name":"ABD-BVD","article_published_time":"2008-06-01T10:41:19+00:00","article_modified_time":"2018-08-27T12:48:22+00:00","og_image":[{"url":"https:\/\/www.abd-bvd.be\/wp-content\/uploads\/cover2008-2_small.jpg","type":"","width":"","height":""}],"author":"Catherine G\u00e9rard","twitter_card":"summary_large_image","twitter_misc":{"\u00c9crit par":"Catherine G\u00e9rard","Dur\u00e9e de lecture estim\u00e9e":"7 minutes"},"schema":{"@context":"https:\/\/schema.org","@graph":[{"@type":"Article","@id":"https:\/\/www.abd-bvd.be\/fr\/cahiers-de-la-documentation\/2008-2\/#article","isPartOf":{"@id":"https:\/\/www.abd-bvd.be\/fr\/cahiers-de-la-documentation\/2008-2\/"},"author":{"name":"Catherine G\u00e9rard","@id":"https:\/\/www.abd-bvd.be\/fr\/#\/schema\/person\/b6755b61a1d8f94d075def4981f46068"},"headline":"Cahiers de la Documentation 2008\/2 (juin 2008)","datePublished":"2008-06-01T10:41:19+00:00","dateModified":"2018-08-27T12:48:22+00:00","mainEntityOfPage":{"@id":"https:\/\/www.abd-bvd.be\/fr\/cahiers-de-la-documentation\/2008-2\/"},"wordCount":1370,"image":{"@id":"https:\/\/www.abd-bvd.be\/fr\/cahiers-de-la-documentation\/2008-2\/#primaryimage"},"thumbnailUrl":"https:\/\/www.abd-bvd.be\/wp-content\/uploads\/cover2008-2_small.jpg","articleSection":["Cahiers de la Documentation"],"inLanguage":"fr-FR"},{"@type":"WebPage","@id":"https:\/\/www.abd-bvd.be\/fr\/cahiers-de-la-documentation\/2008-2\/","url":"https:\/\/www.abd-bvd.be\/fr\/cahiers-de-la-documentation\/2008-2\/","name":"Cahiers de la Documentation 2008\/2 (juin 2008) - ABD-BVD","isPartOf":{"@id":"https:\/\/www.abd-bvd.be\/fr\/#website"},"primaryImageOfPage":{"@id":"https:\/\/www.abd-bvd.be\/fr\/cahiers-de-la-documentation\/2008-2\/#primaryimage"},"image":{"@id":"https:\/\/www.abd-bvd.be\/fr\/cahiers-de-la-documentation\/2008-2\/#primaryimage"},"thumbnailUrl":"https:\/\/www.abd-bvd.be\/wp-content\/uploads\/cover2008-2_small.jpg","datePublished":"2008-06-01T10:41:19+00:00","dateModified":"2018-08-27T12:48:22+00:00","author":{"@id":"https:\/\/www.abd-bvd.be\/fr\/#\/schema\/person\/b6755b61a1d8f94d075def4981f46068"},"breadcrumb":{"@id":"https:\/\/www.abd-bvd.be\/fr\/cahiers-de-la-documentation\/2008-2\/#breadcrumb"},"inLanguage":"fr-FR","potentialAction":[{"@type":"ReadAction","target":["https:\/\/www.abd-bvd.be\/fr\/cahiers-de-la-documentation\/2008-2\/"]}]},{"@type":"ImageObject","inLanguage":"fr-FR","@id":"https:\/\/www.abd-bvd.be\/fr\/cahiers-de-la-documentation\/2008-2\/#primaryimage","url":"https:\/\/www.abd-bvd.be\/wp-content\/uploads\/cover2008-2_small.jpg","contentUrl":"https:\/\/www.abd-bvd.be\/wp-content\/uploads\/cover2008-2_small.jpg"},{"@type":"BreadcrumbList","@id":"https:\/\/www.abd-bvd.be\/fr\/cahiers-de-la-documentation\/2008-2\/#breadcrumb","itemListElement":[{"@type":"ListItem","position":1,"name":"Accueil","item":"https:\/\/www.abd-bvd.be\/fr\/"},{"@type":"ListItem","position":2,"name":"Cahiers de la Documentation 2008\/2 (juin 2008)"}]},{"@type":"WebSite","@id":"https:\/\/www.abd-bvd.be\/fr\/#website","url":"https:\/\/www.abd-bvd.be\/fr\/","name":"ABD-BVD","description":"Association Belge de documentation - Belgische verniging voor documentatie","potentialAction":[{"@type":"SearchAction","target":{"@type":"EntryPoint","urlTemplate":"https:\/\/www.abd-bvd.be\/fr\/?s={search_term_string}"},"query-input":{"@type":"PropertyValueSpecification","valueRequired":true,"valueName":"search_term_string"}}],"inLanguage":"fr-FR"},{"@type":"Person","@id":"https:\/\/www.abd-bvd.be\/fr\/#\/schema\/person\/b6755b61a1d8f94d075def4981f46068","name":"Catherine G\u00e9rard","image":{"@type":"ImageObject","inLanguage":"fr-FR","@id":"https:\/\/secure.gravatar.com\/avatar\/056de6abd907d96ee36216f287a04afb1792e8f76d2bb0915afff30cd81c37a2?s=96&d=mm&r=g","url":"https:\/\/secure.gravatar.com\/avatar\/056de6abd907d96ee36216f287a04afb1792e8f76d2bb0915afff30cd81c37a2?s=96&d=mm&r=g","contentUrl":"https:\/\/secure.gravatar.com\/avatar\/056de6abd907d96ee36216f287a04afb1792e8f76d2bb0915afff30cd81c37a2?s=96&d=mm&r=g","caption":"Catherine G\u00e9rard"},"url":"https:\/\/www.abd-bvd.be\/fr\/author\/catherine-gerard\/"}]}},"_links":{"self":[{"href":"https:\/\/www.abd-bvd.be\/fr\/wp-json\/wp\/v2\/posts\/4407","targetHints":{"allow":["GET"]}}],"collection":[{"href":"https:\/\/www.abd-bvd.be\/fr\/wp-json\/wp\/v2\/posts"}],"about":[{"href":"https:\/\/www.abd-bvd.be\/fr\/wp-json\/wp\/v2\/types\/post"}],"author":[{"embeddable":true,"href":"https:\/\/www.abd-bvd.be\/fr\/wp-json\/wp\/v2\/users\/11"}],"replies":[{"embeddable":true,"href":"https:\/\/www.abd-bvd.be\/fr\/wp-json\/wp\/v2\/comments?post=4407"}],"version-history":[{"count":1,"href":"https:\/\/www.abd-bvd.be\/fr\/wp-json\/wp\/v2\/posts\/4407\/revisions"}],"predecessor-version":[{"id":12427,"href":"https:\/\/www.abd-bvd.be\/fr\/wp-json\/wp\/v2\/posts\/4407\/revisions\/12427"}],"wp:attachment":[{"href":"https:\/\/www.abd-bvd.be\/fr\/wp-json\/wp\/v2\/media?parent=4407"}],"wp:term":[{"taxonomy":"category","embeddable":true,"href":"https:\/\/www.abd-bvd.be\/fr\/wp-json\/wp\/v2\/categories?post=4407"},{"taxonomy":"post_tag","embeddable":true,"href":"https:\/\/www.abd-bvd.be\/fr\/wp-json\/wp\/v2\/tags?post=4407"}],"curies":[{"name":"wp","href":"https:\/\/api.w.org\/{rel}","templated":true}]}}