{"id":40775,"date":"2026-04-22T16:23:06","date_gmt":"2026-04-22T14:23:06","guid":{"rendered":"https:\/\/www.abd-bvd.be\/?p=40775"},"modified":"2026-04-22T16:23:06","modified_gmt":"2026-04-22T14:23:06","slug":"head-of-data-governance-rtbf-schaerbeek","status":"publish","type":"post","link":"https:\/\/www.abd-bvd.be\/fr\/jobs\/head-of-data-governance-rtbf-schaerbeek\/","title":{"rendered":"Head of Data Governance (RTBF &#8211; Schaerbeek)"},"content":{"rendered":"<div>\n<div>\n<p><strong>Type de contrat:\u00a0<\/strong>Contrat \u00e0 dur\u00e9e ind\u00e9termin\u00e9e<\/p>\n<p><strong>Temps de travail:\u00a0<\/strong>Temps plein<\/p>\n<p><strong>Aupr\u00e8s de:\u00a0<\/strong>ADMINISTRATION GENERALE\u00a0&#8211;\u00a0GESTION DES DONN\u00c9ES<\/p>\n<p><strong>Site:\u00a0<\/strong>Site de Bruxelles<\/p>\n<p><strong>T\u00e9l\u00e9travail partiel possible:\u00a0<\/strong>Oui<\/p>\n<\/div>\n<\/div>\n<div>\n<div>\n<h2>La RTBF<\/h2>\n<\/div>\n<div>\n<p>La Radio-t\u00e9l\u00e9vision belge de la Communaut\u00e9 fran\u00e7aise compte pr\u00e8s de 1.800 coll\u00e8gues r\u00e9parti\u00b7es sur 6 sites r\u00e9gionaux de production. Et autant de talents.<br \/>\nLeur objectif : garantir que notre entreprise reste le m\u00e9dia global de r\u00e9f\u00e9rence pour tout\u00b7e citoyen\u00b7ne en F\u00e9d\u00e9ration Wallonie-Bruxelles.<br \/>\nTravailler \u00e0 la RTBF, c\u2019est exercer un m\u00e9tier qui a du sens, participer \u00e0 une mission d\u2019information, d\u2019\u00e9ducation et de divertissement, contribuer \u00e0 d\u00e9crypter les enjeux qui fa\u00e7onnent notre soci\u00e9t\u00e9.<\/p>\n<\/div>\n<\/div>\n<div>\n<div>\n<h2>Ton \u00e9quipe<\/h2>\n<\/div>\n<div>\n<p>Sous la responsabilit\u00e9 hi\u00e9rarchique du Directeur de la Gestion des Donn\u00e9es, tu int\u00e8gres une \u00e9quipe de 6 personnes au sein de la Direction de la Gestion des Donn\u00e9es. Tu travailles en \u00e9troite collaboration avec la Cheffe de Projet MetaConnect (Direction des Technologies), qui assure le pilotage op\u00e9rationnel du projet de gestion des m\u00e9tadonn\u00e9es, l&rsquo;accompagnement au changement et l&rsquo;animation des correspondants m\u00e9tier dans les diff\u00e9rents d\u00e9partements.<\/p>\n<p>Tu travailles en mode matriciel avec les directions m\u00e9tiers (Contenus, M\u00e9dias, Technologies, Juridique) ainsi qu&rsquo;avec les \u00e9quipes de production, d&rsquo;ingestion de donn\u00e9es, de workflow et les correspondants donn\u00e9es dans les diff\u00e9rents d\u00e9partements.<\/p>\n<p>Tu contribues au Comit\u00e9 strat\u00e9gique IA et au Comit\u00e9 \u00c9ditorial &amp; \u00c9thique, o\u00f9 tu apportes l&rsquo;expertise gouvernance des donn\u00e9es pour garantir la transparence et la conformit\u00e9 des syst\u00e8mes algorithmiques de la RTBF (recommandation Auvio, recommandation articles, marketing personnalis\u00e9, IA g\u00e9n\u00e9ratives). Tu seras ainsi amen\u00e9\u00b7e \u00e0 t&rsquo;inscrire dans une gouvernance IA au niveau de l\u2019entreprise.<\/p>\n<\/div>\n<\/div>\n<div>\n<div>\n<h2>Ta mission<\/h2>\n<\/div>\n<div>\n<p>En tant que Coordinateur.rice de la Gouvernance des Donn\u00e9es, tu es le\/la garant\u00b7e de la qualit\u00e9, de la conformit\u00e9 et de la valorisation du patrimoine informationnel de la RTBF. Tu d\u00e9finis et pilotes la gouvernance des donn\u00e9es de l&rsquo;entreprise, des m\u00e9tadonn\u00e9es de contenus audiovisuels aux donn\u00e9es d&rsquo;audience, en assurant la coh\u00e9rence entre les exigences r\u00e9glementaires (RGPD, AI Act, obligations CSA), les besoins m\u00e9tiers et les ambitions strat\u00e9giques en mati\u00e8re de donn\u00e9es et d&rsquo;intelligence artificielle. Tu es un\u00b7e acteur\u00b7rice central\u00b7e de la gouvernance algorithmique et \u00e9thique de l&rsquo;entreprise.<\/p>\n<p>&nbsp;<\/p>\n<p>Concr\u00e8tement, tu es responsable des axes suivants :<\/p>\n<p>&nbsp;<\/p>\n<p><strong>D\u00e9finition et pilotage de la gouvernance\u00a0<\/strong><\/p>\n<ul>\n<li>Dans le cadre du d\u00e9ploiement de MetaConnect et de la mont\u00e9e en puissance de l\u2019IA \u00e0 la RTBF, structurer et mettre en \u0153uvre un cadre de gouvernance couvrant les m\u00e9tadonn\u00e9es audiovisuelles, les donn\u00e9es d\u2019audience, CRM et celles alimentant les mod\u00e8les d\u2019IA (recommandation Auvio, \u00e9ditoriale, RAG, g\u00e9n\u00e9ration de m\u00e9tadonn\u00e9es). D\u00e9finir et maintenir le r\u00e9f\u00e9rentiel des donn\u00e9es et m\u00e9tadonn\u00e9es (nomenclatures, dictionnaires de donn\u00e9es, listes d&rsquo;autorit\u00e9, r\u00e8gles de classification et de nommage), en coordination avec les \u00e9quipes MetaConnect.<\/li>\n<li>Superviser la cr\u00e9ation et la maintenance du catalogue de donn\u00e9es d&rsquo;entreprise, garantissant l\u2019acc\u00e8s, la lisibilit\u00e9 et l\u2019usage des donn\u00e9es strat\u00e9giques par les m\u00e9tiers, les \u00e9quipes IA et les \u00e9quipes de production.<\/li>\n<li>Piloter les indicateurs de performance de la gouvernance (qualit\u00e9 des donn\u00e9es, richesse des m\u00e9tadonn\u00e9es, couverture du catalogue, etc.) et produire les tableaux de bord associ\u00e9s.<\/li>\n<li>Assurer la veille r\u00e9glementaire et normative (RGPD, AI Act, exigences CSA en mati\u00e8re de transparence algorithmique, standards EBU) et anticiper les \u00e9volutions impactant la gestion des donn\u00e9es.<\/li>\n<\/ul>\n<\/div>\n<\/div>\n<div>\n<div>\n<h2><\/h2>\n<\/div>\n<div>\n<p><strong>Qualit\u00e9 des donn\u00e9es et conformit\u00e9 \u00a0<\/strong><\/p>\n<ul>\n<li>Garantir la\u202fqualit\u00e9, la fiabilit\u00e9 et la compl\u00e9tude\u202fdes donn\u00e9es utilis\u00e9es pour les projets IA, BI et analytiques, en s\u2019appuyant sur le r\u00e9f\u00e9rentiel comme source de v\u00e9rit\u00e9 partag\u00e9e.<\/li>\n<li>Mettre en \u0153uvre les processus de contr\u00f4le de la qualit\u00e9 des donn\u00e9es : d\u00e9tection d&rsquo;anomalies, r\u00e8gles de validation et de gestion, rem\u00e9diation, notamment pour les donn\u00e9es critiques des syst\u00e8mes de recommandation et mod\u00e8les d\u2019IA g\u00e9n\u00e9rative.<\/li>\n<li>Assurer la\u202fconformit\u00e9 r\u00e9glementaire\u202fdes traitements de donn\u00e9es et algorithmiques, en collaboration avec le DPO et les \u00e9quipes juridiques, en veillant notamment \u00e0 la conformit\u00e9 des traitements algorithmiques vis-\u00e0-vis du Contrat de Gestion et des exigences du CSA.<\/li>\n<li>D\u00e9finir les\u202fcadres de gouvernance d\u00e9di\u00e9s aux donn\u00e9es IA\u202f: tra\u00e7abilit\u00e9 des jeux de donn\u00e9es d&rsquo;entra\u00eenement, documentation des biais, suivi de la qualit\u00e9 des donn\u00e9es en entr\u00e9e des syst\u00e8mes IA (Auvio, RTBF Actus, marketing personnalis\u00e9).<\/li>\n<li>Contribuer aux analyses de risque data dans les projets IA et BI, selon les cat\u00e9gories d\u00e9finies par le Comit\u00e9 strat\u00e9gique IA (confiance, \u00e9quit\u00e9, souverainet\u00e9, r\u00e9gulation, durabilit\u00e9, impact humain).<\/li>\n<li>Participer aux audits internes et externes relatifs \u00e0 la gestion des donn\u00e9es et \u00e0 la transparence algorithmique.<\/li>\n<\/ul>\n<p>&nbsp;<\/p>\n<p><strong>Animation du r\u00e9seau et acculturation\u00a0<\/strong><\/p>\n<ul>\n<li>Piloter la diss\u00e9mination des responsabilit\u00e9s data via l\u2019animation d\u2019un r\u00e9seau de Data Stewards dans les m\u00e9tiers (production, r\u00e9daction, radio, digital, contenus, CRM).<\/li>\n<li>D\u00e9finir les r\u00f4les et responsabilit\u00e9s li\u00e9s \u00e0 la gestion des donn\u00e9es (Propri\u00e9taires, Correspondants\u2026), en appui \u00e0 la Cheffe de projet MetaConnect, responsable de l\u2019animation op\u00e9rationnelle et de la conduite du changement.<\/li>\n<li>Concevoir et d\u00e9ployer des programmes de sensibilisation et de formation pour renforcer la culture de la donn\u00e9e, en coh\u00e9rence avec la strat\u00e9gie CAP 2030.<\/li>\n<li>Contribuer aux travaux du Comit\u00e9 strat\u00e9gique IA en apportant l\u2019expertise gouvernance des donn\u00e9es ;<\/li>\n<li>Assurer l\u2019interface avec les partenaires externes (EBU, MFP) sur les sujets de gouvernance et d\u2019interop\u00e9rabilit\u00e9 des donn\u00e9es.<\/li>\n<\/ul>\n<\/div>\n<\/div>\n<div>\n<div>\n<h2>Ton profil<\/h2>\n<\/div>\n<div>\n<p>Pour mener \u00e0 bien ta mission, tu as :<\/p>\n<ul>\n<li>Une expertise des outils de reporting et de gestion des donn\u00e9es ;<\/li>\n<li>Une expertise en infographie de donn\u00e9es \u2013 Data visualisation ;<\/li>\n<li>Une expertise en outils Business Intelligence ;<\/li>\n<li>Une expertise des cadres et m\u00e9thodologies de gouvernance des donn\u00e9es (DAMA-DMBOK, DCAM) ;<\/li>\n<li>Une expertise en gestion de m\u00e9tadonn\u00e9es et catalogues de donn\u00e9es ;<\/li>\n<li>Une ma\u00eetrise des r\u00e9glementation en mati\u00e8re de protection des donn\u00e9es (RGPD, AI Act) ;<\/li>\n<li>Une ma\u00eetrise de m\u00e9thodes et outils de gestion de projet (traditionnelles et\/ou agiles) ;<\/li>\n<li>Une ma\u00eetrise des m\u00e9thodes et outils de bureautique et de travail collaboratif ;<\/li>\n<li>Une tr\u00e8s bonne culture digitale ;<\/li>\n<li>Une ma\u00eetrise des bases de donn\u00e9es (relationnelles et non relationnelles) ;<\/li>\n<li>Une ma\u00eetrise de la mod\u00e9lisation de connaissances, ontologies et graphes de donn\u00e9es ;<\/li>\n<li>Tu effectues une veille continue dans ton domaine ;<\/li>\n<li>Une connaissance en Architectures cloud ;<\/li>\n<li>Des notions de machine learning et d\u2019IA appliqu\u00e9e aux donn\u00e9es ;<\/li>\n<li>Une connaissance des principes d\u2019architecture de donn\u00e9es d\u2019entreprise.<\/li>\n<\/ul>\n<p>&nbsp;<\/p>\n<p>Tu disposes des comp\u00e9tences suivantes :<\/p>\n<ul>\n<li>Donner du feedback \u00e0 ses collaborateur\u00b7trices pour les faire progresser ;<\/li>\n<li>Prendre des d\u00e9cisions r\u00e9fl\u00e9chies, se montrer proactif\u00b7ve et initier les actions n\u00e9cessaires \u00e0 l&rsquo;avanc\u00e9e des projets et\/ou t\u00e2ches ;<\/li>\n<li>Travailler de mani\u00e8re collaborative ;<\/li>\n<li>Adh\u00e9rer et respecter les valeurs de l\u2019entreprise ;<\/li>\n<li>Construire des r\u00e9seaux de relations larges et efficaces, tant \u00e0 l\u2019int\u00e9rieur qu\u2019\u00e0 l\u2019ext\u00e9rieur de l\u2019Organisation ;<\/li>\n<li>D\u00e9montrer de bonnes capacit\u00e9s de communication ;<\/li>\n<li>\u00catre ouvert\u00b7e au changement et se montrer flexible ;<\/li>\n<li>Demeurer comp\u00e9tent\u00b7e et efficace dans les situations de stress, de forte pression ou dans les situations critiques ;<\/li>\n<li>Prendre des mesures pour stimuler son propre d\u00e9veloppement personnel et professionnel.<\/li>\n<\/ul>\n<\/div>\n<\/div>\n<div>\n<div>\n<h2>Tes qualifications<\/h2>\n<\/div>\n<div>\n<ul>\n<li>\u00catre titulaire d\u2019un dipl\u00f4me de niveau Master en Informatique, Sciences des Donn\u00e9es, Gestion de l\u2019Information ou \u00e9quivalent par exp\u00e9rience ;<\/li>\n<li>Avoir une exp\u00e9rience probante de minimum 5 ans en gouvernance des donn\u00e9es, gestion de la qualit\u00e9 des donn\u00e9es ou data management ;<\/li>\n<li>La ma\u00eetrise du fran\u00e7ais est indispensable, une bonne connaissance de l\u2019anglais est requise.<\/li>\n<li>Une exp\u00e9rience en gouvernance des donn\u00e9es ou en conformit\u00e9 RGPD est un atout ;<\/li>\n<li>La connaissance de la mod\u00e9lisation ontologique, des graphes de connaissances ou des outils de gestion de m\u00e9tadonn\u00e9es m\u00e9dia est un atout.<\/li>\n<\/ul>\n<p>&nbsp;<\/p>\n<p><em>Seules les personnes r\u00e9pondant aux qualifications reprises ci-dessus sont \u00e9ligibles au processus de recrutement.<\/em><\/p>\n<\/div>\n<\/div>\n<div>\n<div>\n<h2>Viens comme tu es !<\/h2>\n<\/div>\n<div>\n<p>A la RTBF, nous s\u00e9lectionnons nos futur\u00b7es coll\u00e8gues\u202fen fonction de leurs comp\u00e9tences, sans pr\u00eater attention au genre, \u00e0 l\u2019\u00e2ge, \u00e0 l\u2019orientation sexuelle, \u00e0 la couleur de peau, aux croyances, aux handicaps, \u00e0 la conviction philosophique, \u00e0 la nationalit\u00e9, etc.<\/p>\n<\/div>\n<\/div>\n<div>\n<div>\n<h2>Rejoindre la RTBF, c&rsquo;est entre autres\u2026<\/h2>\n<\/div>\n<div>\n<ul>\n<li>Rejoindre une entreprise apprenante qui t\u2019offre la possibilit\u00e9 de te d\u00e9velopper au travers de formations enrichissantes propos\u00e9es par la<br \/>\nRTBF Academy ;<\/li>\n<li>D\u00e9couvrir un environnement convivial o\u00f9 tu pourras renforcer tes connaissances et ton \u00e9panouissement professionnel ;<\/li>\n<li>D\u00e9couvrir notre approche du bien-\u00eatre au travail, concr\u00e9tis\u00e9e, entre autres, dans notre plan \u00ab Cap Mieux-\u00eatre \u00bb ;<\/li>\n<li>Int\u00e9grer une entreprise publique solide ancr\u00e9e dans le paysage belge depuis plus de 100 ans ;<\/li>\n<li>Rejoindre des coll\u00e8gues passionn\u00e9\u00b7es et engag\u00e9\u00b7es ;<\/li>\n<li>Avoir la possibilit\u00e9 de travailler sur les diff\u00e9rents sites de la RTBF ;<\/li>\n<li>Etc.<\/li>\n<\/ul>\n<\/div>\n<\/div>\n<div>\n<div>\n<h2>Qu&rsquo;avons-nous \u00e0 t&rsquo;offrir ?<\/h2>\n<\/div>\n<div>\n<ul>\n<li>Un CDI \u00e0 temps plein ;<\/li>\n<li>Un salaire attractif compl\u00e9t\u00e9 d\u2019une prime annuelle (programmation sociale) ;<\/li>\n<li>Un double p\u00e9cule de vacances (0.92) ;<\/li>\n<li>Le remboursement \u00e0 100% des transports en commun ;<\/li>\n<li>Une indemnit\u00e9 v\u00e9lo domicile-lieu de travail (0.27\u20ac\/km avec max. 30km par trajet) ;<\/li>\n<li>Des ch\u00e8ques-repas d\u2019une valeur faciale de 7\u20ac (dont 5\u20ac \u00e0 charge de l\u2019employeur) ;<\/li>\n<li>Une assurance groupe, hospitalisation et revenus garantis ;<\/li>\n<li>26 jours de cong\u00e9\/an + 14 jours f\u00e9ri\u00e9s ;<\/li>\n<li>Un r\u00e9gime de travail hybride (possibilit\u00e9 jusqu\u2019\u00e0 2 jours\/semaine) ;<\/li>\n<li>L\u2019acc\u00e8s \u00e0 notre catalogue de formations ;<\/li>\n<li>Des points de restauration accessibles sur place ;<\/li>\n<li>Une prime de naissance ;<\/li>\n<li>Un acc\u00e8s privil\u00e9gi\u00e9 \u00e0 la cr\u00e8che Babym\u00e9dia de Reyers ;<\/li>\n<li>Un acc\u00e8s gratuit \u00e0 BelgaPress pour consulter toute la presse belge ;<\/li>\n<li>Des concours pour des \u00e9v\u00e9nements culturels, sportifs et autres ;<\/li>\n<li>Des r\u00e9ductions et avantages n\u00e9goci\u00e9s aupr\u00e8s de nos partenaires, dont des tarifs pr\u00e9f\u00e9rentiels vos assurances personnelles Ethias ;<\/li>\n<li>La mise \u00e0 disposition d&rsquo;un PC d&rsquo;entreprise ;<\/li>\n<li>La mise \u00e0 disposition d\u2019un GSM et d\u2019un abonnement.<\/li>\n<\/ul>\n<\/div>\n<\/div>\n<div>\n<div>\n<h2>Ce job est fait pour toi ?<\/h2>\n<\/div>\n<div>\n<p>Adresse ta candidature \u00e0 Morgane Borms (Charg\u00e9 recrutement, mobilit\u00e9, comp\u00e9tences, image employeur), accompagn\u00e9e d&rsquo;une lettre de motivation et d&rsquo;un curriculum vitae pour<strong>\u00a0<\/strong><strong>le dimanche 10 mai 2026 au plus tard<\/strong>, via le bouton \u00ab\u00a0Postuler\u00a0\u00bb.<\/p>\n<p>A toi de jouer !<\/p>\n<p>Lien : <a href=\"https:\/\/emploi.rtbf.be\/job\/Head-of-Data-Governance-%28FHX%29\/1383014633\/?utm_source=ABD-BVD\" target=\"_blank\" rel=\"noopener\">https:\/\/emploi.rtbf.be\/job\/Head-of-Data-Governance-%28FHX%29\/1383014633\/?utm_source=ABD-BVD<\/a><\/p>\n<\/div>\n<\/div>\n","protected":false},"excerpt":{"rendered":"<p>Type de contrat:\u00a0Contrat \u00e0 dur\u00e9e ind\u00e9termin\u00e9e Temps de travail:\u00a0Temps plein Aupr\u00e8s de:\u00a0ADMINISTRATION GENERALE\u00a0&#8211;\u00a0GESTION DES DONN\u00c9ES Site:\u00a0Site de Bruxelles T\u00e9l\u00e9travail partiel possible:\u00a0Oui La RTBF La Radio-t\u00e9l\u00e9vision belge de la Communaut\u00e9 fran\u00e7aise compte pr\u00e8s de 1.800 coll\u00e8gues r\u00e9parti\u00b7es sur 6 sites r\u00e9gionaux de production. Et autant de talents. Leur objectif : garantir que notre entreprise reste le [&hellip;]<\/p>\n","protected":false},"author":37,"featured_media":0,"comment_status":"closed","ping_status":"open","sticky":false,"template":"","format":"standard","meta":{"_acf_changed":false,"footnotes":"","_wpscppro_dont_share_socialmedia":false,"_wpscppro_custom_social_share_image":0,"_facebook_share_type":"","_twitter_share_type":"","_linkedin_share_type":"","_pinterest_share_type":"","_linkedin_share_type_page":"","_instagram_share_type":"","_medium_share_type":"","_threads_share_type":"","_google_business_share_type":"","_selected_social_profile":[],"_wpsp_enable_custom_social_template":false,"_wpsp_social_scheduling":{"enabled":false,"datetime":null,"platforms":[],"status":"template_only","dateOption":"today","timeOption":"now","customDays":"","customHours":"","customDate":"","customTime":"","schedulingType":"absolute"},"_wpsp_active_default_template":true},"categories":[71],"tags":[],"class_list":["post-40775","post","type-post","status-publish","format-standard","hentry","category-jobs"],"acf":[],"yoast_head":"<!-- This site is optimized with the Yoast SEO plugin v27.4 - https:\/\/yoast.com\/product\/yoast-seo-wordpress\/ -->\n<title>Head of Data Governance (RTBF - Schaerbeek) - ABD-BVD<\/title>\n<meta name=\"robots\" content=\"index, follow, max-snippet:-1, max-image-preview:large, max-video-preview:-1\" \/>\n<link rel=\"canonical\" href=\"https:\/\/www.abd-bvd.be\/fr\/jobs\/head-of-data-governance-rtbf-schaerbeek\/\" \/>\n<meta property=\"og:locale\" content=\"fr_FR\" \/>\n<meta property=\"og:type\" content=\"article\" \/>\n<meta property=\"og:title\" content=\"Head of Data Governance (RTBF - Schaerbeek) - ABD-BVD\" \/>\n<meta property=\"og:description\" content=\"Type de contrat:\u00a0Contrat \u00e0 dur\u00e9e ind\u00e9termin\u00e9e Temps de travail:\u00a0Temps plein Aupr\u00e8s de:\u00a0ADMINISTRATION GENERALE\u00a0&#8211;\u00a0GESTION DES DONN\u00c9ES Site:\u00a0Site de Bruxelles T\u00e9l\u00e9travail partiel possible:\u00a0Oui La RTBF La Radio-t\u00e9l\u00e9vision belge de la Communaut\u00e9 fran\u00e7aise compte pr\u00e8s de 1.800 coll\u00e8gues r\u00e9parti\u00b7es sur 6 sites r\u00e9gionaux de production. Et autant de talents. Leur objectif : garantir que notre entreprise reste le [&hellip;]\" \/>\n<meta property=\"og:url\" content=\"https:\/\/www.abd-bvd.be\/fr\/jobs\/head-of-data-governance-rtbf-schaerbeek\/\" \/>\n<meta property=\"og:site_name\" content=\"ABD-BVD\" \/>\n<meta property=\"article:published_time\" content=\"2026-04-22T14:23:06+00:00\" \/>\n<meta name=\"author\" content=\"Anne-Catherine Demeulder\" \/>\n<meta name=\"twitter:card\" content=\"summary_large_image\" \/>\n<meta name=\"twitter:label1\" content=\"\u00c9crit par\" \/>\n\t<meta name=\"twitter:data1\" content=\"Anne-Catherine Demeulder\" \/>\n\t<meta name=\"twitter:label2\" content=\"Dur\u00e9e de lecture estim\u00e9e\" \/>\n\t<meta name=\"twitter:data2\" content=\"8 minutes\" \/>\n<script type=\"application\/ld+json\" class=\"yoast-schema-graph\">{\"@context\":\"https:\\\/\\\/schema.org\",\"@graph\":[{\"@type\":\"Article\",\"@id\":\"https:\\\/\\\/www.abd-bvd.be\\\/fr\\\/jobs\\\/head-of-data-governance-rtbf-schaerbeek\\\/#article\",\"isPartOf\":{\"@id\":\"https:\\\/\\\/www.abd-bvd.be\\\/fr\\\/jobs\\\/head-of-data-governance-rtbf-schaerbeek\\\/\"},\"author\":{\"name\":\"Anne-Catherine Demeulder\",\"@id\":\"https:\\\/\\\/www.abd-bvd.be\\\/fr\\\/#\\\/schema\\\/person\\\/48459c65a9dcbf95e5163b6710b5f34b\"},\"headline\":\"Head of Data Governance (RTBF &#8211; Schaerbeek)\",\"datePublished\":\"2026-04-22T14:23:06+00:00\",\"mainEntityOfPage\":{\"@id\":\"https:\\\/\\\/www.abd-bvd.be\\\/fr\\\/jobs\\\/head-of-data-governance-rtbf-schaerbeek\\\/\"},\"wordCount\":1799,\"articleSection\":[\"Jobs\"],\"inLanguage\":\"fr-FR\"},{\"@type\":\"WebPage\",\"@id\":\"https:\\\/\\\/www.abd-bvd.be\\\/fr\\\/jobs\\\/head-of-data-governance-rtbf-schaerbeek\\\/\",\"url\":\"https:\\\/\\\/www.abd-bvd.be\\\/fr\\\/jobs\\\/head-of-data-governance-rtbf-schaerbeek\\\/\",\"name\":\"Head of Data Governance (RTBF - Schaerbeek) - ABD-BVD\",\"isPartOf\":{\"@id\":\"https:\\\/\\\/www.abd-bvd.be\\\/fr\\\/#website\"},\"datePublished\":\"2026-04-22T14:23:06+00:00\",\"author\":{\"@id\":\"https:\\\/\\\/www.abd-bvd.be\\\/fr\\\/#\\\/schema\\\/person\\\/48459c65a9dcbf95e5163b6710b5f34b\"},\"breadcrumb\":{\"@id\":\"https:\\\/\\\/www.abd-bvd.be\\\/fr\\\/jobs\\\/head-of-data-governance-rtbf-schaerbeek\\\/#breadcrumb\"},\"inLanguage\":\"fr-FR\",\"potentialAction\":[{\"@type\":\"ReadAction\",\"target\":[\"https:\\\/\\\/www.abd-bvd.be\\\/fr\\\/jobs\\\/head-of-data-governance-rtbf-schaerbeek\\\/\"]}]},{\"@type\":\"BreadcrumbList\",\"@id\":\"https:\\\/\\\/www.abd-bvd.be\\\/fr\\\/jobs\\\/head-of-data-governance-rtbf-schaerbeek\\\/#breadcrumb\",\"itemListElement\":[{\"@type\":\"ListItem\",\"position\":1,\"name\":\"Accueil\",\"item\":\"https:\\\/\\\/www.abd-bvd.be\\\/fr\\\/\"},{\"@type\":\"ListItem\",\"position\":2,\"name\":\"Head of Data Governance (RTBF &#8211; Schaerbeek)\"}]},{\"@type\":\"WebSite\",\"@id\":\"https:\\\/\\\/www.abd-bvd.be\\\/fr\\\/#website\",\"url\":\"https:\\\/\\\/www.abd-bvd.be\\\/fr\\\/\",\"name\":\"ABD-BVD\",\"description\":\"Association Belge de documentation - Belgische verniging voor documentatie\",\"potentialAction\":[{\"@type\":\"SearchAction\",\"target\":{\"@type\":\"EntryPoint\",\"urlTemplate\":\"https:\\\/\\\/www.abd-bvd.be\\\/fr\\\/?s={search_term_string}\"},\"query-input\":{\"@type\":\"PropertyValueSpecification\",\"valueRequired\":true,\"valueName\":\"search_term_string\"}}],\"inLanguage\":\"fr-FR\"},{\"@type\":\"Person\",\"@id\":\"https:\\\/\\\/www.abd-bvd.be\\\/fr\\\/#\\\/schema\\\/person\\\/48459c65a9dcbf95e5163b6710b5f34b\",\"name\":\"Anne-Catherine Demeulder\",\"image\":{\"@type\":\"ImageObject\",\"inLanguage\":\"fr-FR\",\"@id\":\"https:\\\/\\\/secure.gravatar.com\\\/avatar\\\/2d04c07c69dea408a7c2bf6abba89d3fd0e382c0f16b71db0e463b8f6fa12b0e?s=96&d=mm&r=g\",\"url\":\"https:\\\/\\\/secure.gravatar.com\\\/avatar\\\/2d04c07c69dea408a7c2bf6abba89d3fd0e382c0f16b71db0e463b8f6fa12b0e?s=96&d=mm&r=g\",\"contentUrl\":\"https:\\\/\\\/secure.gravatar.com\\\/avatar\\\/2d04c07c69dea408a7c2bf6abba89d3fd0e382c0f16b71db0e463b8f6fa12b0e?s=96&d=mm&r=g\",\"caption\":\"Anne-Catherine Demeulder\"},\"url\":\"https:\\\/\\\/www.abd-bvd.be\\\/fr\\\/author\\\/anne-catherine-demeulder\\\/\"}]}<\/script>\n<!-- \/ Yoast SEO plugin. -->","yoast_head_json":{"title":"Head of Data Governance (RTBF - Schaerbeek) - ABD-BVD","robots":{"index":"index","follow":"follow","max-snippet":"max-snippet:-1","max-image-preview":"max-image-preview:large","max-video-preview":"max-video-preview:-1"},"canonical":"https:\/\/www.abd-bvd.be\/fr\/jobs\/head-of-data-governance-rtbf-schaerbeek\/","og_locale":"fr_FR","og_type":"article","og_title":"Head of Data Governance (RTBF - Schaerbeek) - ABD-BVD","og_description":"Type de contrat:\u00a0Contrat \u00e0 dur\u00e9e ind\u00e9termin\u00e9e Temps de travail:\u00a0Temps plein Aupr\u00e8s de:\u00a0ADMINISTRATION GENERALE\u00a0&#8211;\u00a0GESTION DES DONN\u00c9ES Site:\u00a0Site de Bruxelles T\u00e9l\u00e9travail partiel possible:\u00a0Oui La RTBF La Radio-t\u00e9l\u00e9vision belge de la Communaut\u00e9 fran\u00e7aise compte pr\u00e8s de 1.800 coll\u00e8gues r\u00e9parti\u00b7es sur 6 sites r\u00e9gionaux de production. Et autant de talents. Leur objectif : garantir que notre entreprise reste le [&hellip;]","og_url":"https:\/\/www.abd-bvd.be\/fr\/jobs\/head-of-data-governance-rtbf-schaerbeek\/","og_site_name":"ABD-BVD","article_published_time":"2026-04-22T14:23:06+00:00","author":"Anne-Catherine Demeulder","twitter_card":"summary_large_image","twitter_misc":{"\u00c9crit par":"Anne-Catherine Demeulder","Dur\u00e9e de lecture estim\u00e9e":"8 minutes"},"schema":{"@context":"https:\/\/schema.org","@graph":[{"@type":"Article","@id":"https:\/\/www.abd-bvd.be\/fr\/jobs\/head-of-data-governance-rtbf-schaerbeek\/#article","isPartOf":{"@id":"https:\/\/www.abd-bvd.be\/fr\/jobs\/head-of-data-governance-rtbf-schaerbeek\/"},"author":{"name":"Anne-Catherine Demeulder","@id":"https:\/\/www.abd-bvd.be\/fr\/#\/schema\/person\/48459c65a9dcbf95e5163b6710b5f34b"},"headline":"Head of Data Governance (RTBF &#8211; Schaerbeek)","datePublished":"2026-04-22T14:23:06+00:00","mainEntityOfPage":{"@id":"https:\/\/www.abd-bvd.be\/fr\/jobs\/head-of-data-governance-rtbf-schaerbeek\/"},"wordCount":1799,"articleSection":["Jobs"],"inLanguage":"fr-FR"},{"@type":"WebPage","@id":"https:\/\/www.abd-bvd.be\/fr\/jobs\/head-of-data-governance-rtbf-schaerbeek\/","url":"https:\/\/www.abd-bvd.be\/fr\/jobs\/head-of-data-governance-rtbf-schaerbeek\/","name":"Head of Data Governance (RTBF - Schaerbeek) - ABD-BVD","isPartOf":{"@id":"https:\/\/www.abd-bvd.be\/fr\/#website"},"datePublished":"2026-04-22T14:23:06+00:00","author":{"@id":"https:\/\/www.abd-bvd.be\/fr\/#\/schema\/person\/48459c65a9dcbf95e5163b6710b5f34b"},"breadcrumb":{"@id":"https:\/\/www.abd-bvd.be\/fr\/jobs\/head-of-data-governance-rtbf-schaerbeek\/#breadcrumb"},"inLanguage":"fr-FR","potentialAction":[{"@type":"ReadAction","target":["https:\/\/www.abd-bvd.be\/fr\/jobs\/head-of-data-governance-rtbf-schaerbeek\/"]}]},{"@type":"BreadcrumbList","@id":"https:\/\/www.abd-bvd.be\/fr\/jobs\/head-of-data-governance-rtbf-schaerbeek\/#breadcrumb","itemListElement":[{"@type":"ListItem","position":1,"name":"Accueil","item":"https:\/\/www.abd-bvd.be\/fr\/"},{"@type":"ListItem","position":2,"name":"Head of Data Governance (RTBF &#8211; Schaerbeek)"}]},{"@type":"WebSite","@id":"https:\/\/www.abd-bvd.be\/fr\/#website","url":"https:\/\/www.abd-bvd.be\/fr\/","name":"ABD-BVD","description":"Association Belge de documentation - Belgische verniging voor documentatie","potentialAction":[{"@type":"SearchAction","target":{"@type":"EntryPoint","urlTemplate":"https:\/\/www.abd-bvd.be\/fr\/?s={search_term_string}"},"query-input":{"@type":"PropertyValueSpecification","valueRequired":true,"valueName":"search_term_string"}}],"inLanguage":"fr-FR"},{"@type":"Person","@id":"https:\/\/www.abd-bvd.be\/fr\/#\/schema\/person\/48459c65a9dcbf95e5163b6710b5f34b","name":"Anne-Catherine Demeulder","image":{"@type":"ImageObject","inLanguage":"fr-FR","@id":"https:\/\/secure.gravatar.com\/avatar\/2d04c07c69dea408a7c2bf6abba89d3fd0e382c0f16b71db0e463b8f6fa12b0e?s=96&d=mm&r=g","url":"https:\/\/secure.gravatar.com\/avatar\/2d04c07c69dea408a7c2bf6abba89d3fd0e382c0f16b71db0e463b8f6fa12b0e?s=96&d=mm&r=g","contentUrl":"https:\/\/secure.gravatar.com\/avatar\/2d04c07c69dea408a7c2bf6abba89d3fd0e382c0f16b71db0e463b8f6fa12b0e?s=96&d=mm&r=g","caption":"Anne-Catherine Demeulder"},"url":"https:\/\/www.abd-bvd.be\/fr\/author\/anne-catherine-demeulder\/"}]}},"_links":{"self":[{"href":"https:\/\/www.abd-bvd.be\/fr\/wp-json\/wp\/v2\/posts\/40775","targetHints":{"allow":["GET"]}}],"collection":[{"href":"https:\/\/www.abd-bvd.be\/fr\/wp-json\/wp\/v2\/posts"}],"about":[{"href":"https:\/\/www.abd-bvd.be\/fr\/wp-json\/wp\/v2\/types\/post"}],"author":[{"embeddable":true,"href":"https:\/\/www.abd-bvd.be\/fr\/wp-json\/wp\/v2\/users\/37"}],"replies":[{"embeddable":true,"href":"https:\/\/www.abd-bvd.be\/fr\/wp-json\/wp\/v2\/comments?post=40775"}],"version-history":[{"count":2,"href":"https:\/\/www.abd-bvd.be\/fr\/wp-json\/wp\/v2\/posts\/40775\/revisions"}],"predecessor-version":[{"id":40777,"href":"https:\/\/www.abd-bvd.be\/fr\/wp-json\/wp\/v2\/posts\/40775\/revisions\/40777"}],"wp:attachment":[{"href":"https:\/\/www.abd-bvd.be\/fr\/wp-json\/wp\/v2\/media?parent=40775"}],"wp:term":[{"taxonomy":"category","embeddable":true,"href":"https:\/\/www.abd-bvd.be\/fr\/wp-json\/wp\/v2\/categories?post=40775"},{"taxonomy":"post_tag","embeddable":true,"href":"https:\/\/www.abd-bvd.be\/fr\/wp-json\/wp\/v2\/tags?post=40775"}],"curies":[{"name":"wp","href":"https:\/\/api.w.org\/{rel}","templated":true}]}}