{"id":40549,"date":"2026-03-07T21:36:15","date_gmt":"2026-03-07T20:36:15","guid":{"rendered":"https:\/\/www.abd-bvd.be\/?p=40549"},"modified":"2026-03-07T21:36:15","modified_gmt":"2026-03-07T20:36:15","slug":"programme-manager-inclusion-numerique-bibliotheques-sans-frontieres-bruxelles","status":"publish","type":"post","link":"https:\/\/www.abd-bvd.be\/fr\/jobs\/programme-manager-inclusion-numerique-bibliotheques-sans-frontieres-bruxelles\/","title":{"rendered":"Programme Manager Inclusion Num\u00e9rique (Biblioth\u00e8ques Sans Fronti\u00e8res &#8211; Bruxelles)"},"content":{"rendered":"<p>1. Biblioth\u00e8ques Sans Fronti\u00e8res<br \/>\nBiblioth\u00e8ques Sans Fronti\u00e8res est une ONG dont le mandat est de donner acc\u00e8s \u00e0 la connaissance aux<br \/>\npopulations les plus vuln\u00e9rables. BSF utilise la culture, l&rsquo;information et l&rsquo;\u00e9ducation comme leviers<br \/>\nd&rsquo;\u00e9mancipation et de d\u00e9veloppement de chacun, en tant qu&rsquo;individu et en tant que citoyen.<br \/>\nEn Belgique, notre objectif est de r\u00e9duire les in\u00e9galit\u00e9s sociales afin que tout le monde puisse profiter<br \/>\ndes m\u00eames opportunit\u00e9s et s&rsquo;\u00e9manciper. Dans cette optique, nous nous effor\u00e7ons de concevoir et de<br \/>\nd\u00e9ployer des projets \u00e9ducatifs innovants, adapt\u00e9s aux besoins des personnes en situation de<br \/>\nvuln\u00e9rabilit\u00e9.<\/p>\n<p>2. Vos projets<br \/>\nHorizon num\u00e9rique, Brigades Num\u00e9riques Mobiles et Prestations de services sont des projets qui<br \/>\nforment le c\u0153ur du pilier Inclusion Num\u00e9rique de BSF.<br \/>\nCes projets s&rsquo;adressent principalement aux groupes cibles d\u00e9favoris\u00e9s, afin que chacun, quel que soit<br \/>\nson milieu ou ses moyens, ait acc\u00e8s et d\u00e9veloppe ses comp\u00e9tences num\u00e9riques. Les programmes sont<br \/>\nsoutenus par des partenariats avec des communes, des organisations locales et des biblioth\u00e8ques.<br \/>\nBiblioth\u00e8ques Sans Fronti\u00e8res s&rsquo;investit dans l&rsquo;am\u00e9lioration continue de ces initiatives en recueillant<br \/>\nr\u00e9guli\u00e8rement les retours des participants et des partenaires. L&rsquo;\u00e9quipe travaille sur des strat\u00e9gies<br \/>\nnovatrices pour accro\u00eetre la port\u00e9e et l&rsquo;impact des programmes.<br \/>\nGr\u00e2ce \u00e0 cet engagement, ces projets contribuent \u00e0 une soci\u00e9t\u00e9 plus inclusive et \u00e9quitable.<br \/>\nEn renfor\u00e7ant les comp\u00e9tences num\u00e9riques des plus vuln\u00e9rables, nous leur permettons d\u2019\u00eatre des<br \/>\ncitoyen\u00b7nes actif\u00b7ves, averti\u00b7es et critiques, capables de faire entendre leur voix dans une soci\u00e9t\u00e9<br \/>\ndigitalis\u00e9e<\/p>\n<p>3. Votre mission<br \/>\nLe\u00b7a Programme Manager est responsable de la supervision g\u00e9n\u00e9rale des projets au sein du pilier<br \/>\nd\u2019Inclusion Num\u00e9rique de BSF. Le\u00b7a Programme Manager veille \u00e0 la bonne gestion des budgets, des<br \/>\nactivit\u00e9s et des \u00e9quipes. Il ou elle \u00e9labore et met en \u0153uvre la strat\u00e9gie et les indicateurs de succ\u00e8s du<br \/>\nprogramme.<br \/>\nEn tant que membre des organes de d\u00e9cision de Biblioth\u00e8ques Sans Fronti\u00e8res, le\u00b7a PM participe \u00e0 la<br \/>\nd\u00e9finition de l&rsquo;orientation strat\u00e9gique de l&rsquo;organisation et contribue \u00e0 son succ\u00e8s en Belgique.<br \/>\nPlus pr\u00e9cis\u00e9ment, le\u00b7a Programme Manager est charg\u00e9\u00b7e de :<\/p>\n<p>&nbsp;<\/p>\n<p>D\u00e9velopper des r\u00e9seaux de partenariats strat\u00e9giques (op\u00e9rationnels et financiers).<br \/>\n\u2022 Identifier les opportunit\u00e9s financi\u00e8res pour soutenir les activit\u00e9s et assurer la continuit\u00e9 des<br \/>\nprojets.<br \/>\n\u2022 R\u00e9diger et soumettre des propositions de projets.<br \/>\n\u2022 Assurer l\u2019am\u00e9lioration continue des projets en cours et d\u00e9velopper de nouveaux projets.<br \/>\n\u2022 Superviser les strat\u00e9gies \u00e0 long terme du programme et de ses projets, et apporter son<br \/>\nsoutien \u00e0 la strat\u00e9gie globale de BSF.<br \/>\n\u2022 R\u00e9aliser le suivi des indicateurs de succ\u00e8s et des objectifs du programme.<br \/>\n\u2022 Assurer la mise en \u0153uvre et la supervision des calendriers op\u00e9rationnels des projets.<br \/>\n\u2022 Assurer le coaching, la coordination et le soutien des \u00e9quipes projet (Project Officers,<br \/>\nTraining Officers, Content Officers).<br \/>\n\u2022 R\u00e9aliser le suivi budg\u00e9taire : suivi des d\u00e9penses du projet et de l&rsquo;allocation des ressources.<br \/>\n\u2022 Superviser et\/ou r\u00e9diger les rapports interm\u00e9diaires et de fin d&rsquo;ann\u00e9e (narratifs et financiers)<br \/>\nen collaboration avec les \u00e9quipes Comptabilit\u00e9 et Finance et les PO.<br \/>\n\u2022 G\u00e9rer les attentes de\/ et les relations avec les\/ parties prenantes (donateurs, etc.).<br \/>\n\u2022 Participer activement aux organes de d\u00e9cision de BSF Belgique : le Copil Op\u00e9 et le Grand<br \/>\nCopil. Soyez force de proposition !<br \/>\n\u2022 Participer \u00e0 la recherche de financements transversaux.<br \/>\n\u2022 Participer \u00e0 la pr\u00e9paration du programme annuel.<\/p>\n<p>4. Votre profil<br \/>\nFormation et\/ou exp\u00e9rience<br \/>\n\u2022 Vous justifiez d\u00e9j\u00e0 de plusieurs exp\u00e9riences (min 3 \u00e0 5 ans) en gestion de projet au sein d&rsquo;un<br \/>\nou plusieurs organismes sociaux et\/ou subventionn\u00e9s.<br \/>\n\u2022 Vous \u00eates titulaire d&rsquo;un Master en sciences sociales, sciences de gestion, etc.<\/p>\n<p>Comp\u00e9tences<br \/>\n\u2022 Comp\u00e9tence indispensable : Vous parlez parfaitement le fran\u00e7ais ou le n\u00e9erlandais, vous avez<br \/>\nun niveau professionnel dans la deuxi\u00e8me langue nationale et en anglais.<br \/>\n\u2022 Vous \u00eates diplomate et bon\u00b7ne communicateur\u00b7rice.<br \/>\n\u2022 Vous \u00eates proactif\u00b7ve et autonome.<br \/>\n\u2022 Vous \u00eates attach\u00e9\u00b7e \u00e0 trouver des solutions et \u00eates pragmatique dans votre approche.<br \/>\n\u2022 Vous avez d&rsquo;excellentes comp\u00e9tences organisationnelles et de planification et savez d\u00e9l\u00e9guer<br \/>\ndes t\u00e2ches.<br \/>\n\u2022 Vous \u00eates capable de faire un usage professionnel des outils informatiques de planification,<br \/>\nExcel, suite Office et \u00eates capable de ma\u00eetriser rapidement de nouveaux outils.<br \/>\n\u2022 Vous pouvez facilement vous adapter \u00e0 de nouvelles t\u00e2ches et \u00e0 de nouveaux contacts.<br \/>\n\u2022 Vous \u00eates flexible et avez le go\u00fbt des d\u00e9fis (et des impr\u00e9vus).<br \/>\n\u2022 Vous \u00eates capable de travailler au sein d&rsquo;une \u00e9quipe interculturelle<\/p>\n<p>Connaissances<br \/>\n\u2022 Int\u00e9r\u00eat et curiosit\u00e9 pour le th\u00e8me (inclusion sociale des personnes vuln\u00e9rables, fracture<br \/>\nnum\u00e9rique, \u00e9ducation num\u00e9rique)<br \/>\n\u2022 Implication sociale et sensibilit\u00e9 au mandat de Biblioth\u00e8ques Sans Fronti\u00e8res<br \/>\n\u2022 La connaissance du syst\u00e8me institutionnel belge, de l&rsquo;\u00e9cosyst\u00e8me des acteurs de l&rsquo;\u00e9ducation,<br \/>\nde l&rsquo;inclusion num\u00e9rique et du monde associatif en Belgique est un plus.<br \/>\n5. Qu&rsquo;est-ce que nous vous offrons ?<br \/>\nDate de d\u00e9but souhait\u00e9e : Mars 2026<br \/>\nLieu de travail : BeCentral \u2013 Bruxelles \u2013 dans la Gare Centrale<br \/>\nPlanification et rythme de travail : Temps plein<br \/>\nType de contrat : CDD jusque mi-octobre 2026<br \/>\nR\u00e9mun\u00e9ration : selon l&rsquo;\u00e9chelle salariale de BSF et l&rsquo;exp\u00e9rience<br \/>\nAvantages compl\u00e9mentaires : ch\u00e8ques-repas, \u00e9co-ch\u00e8ques, t\u00e9l\u00e9travail, etc.<br \/>\nComment postuler ? Envoyez votre CV et une courte lettre de motivation<br \/>\n\u00e0 rh@bibliosansfrontieres.be<\/p>\n<p>Lien : <a href=\"https:\/\/www.bibliosansfrontieres.be\/recrutement\/?utm_source=ABD-BVD\" target=\"_blank\" rel=\"noopener\">https:\/\/www.bibliosansfrontieres.be\/recrutement\/?utm_source=ABD-BVD<\/a><\/p>\n","protected":false},"excerpt":{"rendered":"<p>1. Biblioth\u00e8ques Sans Fronti\u00e8res Biblioth\u00e8ques Sans Fronti\u00e8res est une ONG dont le mandat est de donner acc\u00e8s \u00e0 la connaissance aux populations les plus vuln\u00e9rables. BSF utilise la culture, l&rsquo;information et l&rsquo;\u00e9ducation comme leviers d&rsquo;\u00e9mancipation et de d\u00e9veloppement de chacun, en tant qu&rsquo;individu et en tant que citoyen. En Belgique, notre objectif est de r\u00e9duire [&hellip;]<\/p>\n","protected":false},"author":37,"featured_media":0,"comment_status":"closed","ping_status":"open","sticky":false,"template":"","format":"standard","meta":{"_acf_changed":false,"footnotes":"","_wpscppro_dont_share_socialmedia":false,"_wpscppro_custom_social_share_image":0,"_facebook_share_type":"","_twitter_share_type":"","_linkedin_share_type":"","_pinterest_share_type":"","_linkedin_share_type_page":"","_instagram_share_type":"","_medium_share_type":"","_threads_share_type":"","_google_business_share_type":"","_selected_social_profile":[],"_wpsp_enable_custom_social_template":false,"_wpsp_social_scheduling":{"enabled":false,"datetime":null,"platforms":[],"status":"template_only","dateOption":"today","timeOption":"now","customDays":"","customHours":"","customDate":"","customTime":"","schedulingType":"absolute"},"_wpsp_active_default_template":true},"categories":[71],"tags":[],"class_list":["post-40549","post","type-post","status-publish","format-standard","hentry","category-jobs"],"acf":[],"yoast_head":"<!-- This site is optimized with the Yoast SEO plugin v27.5 - https:\/\/yoast.com\/product\/yoast-seo-wordpress\/ -->\n<title>Programme Manager Inclusion Num\u00e9rique (Biblioth\u00e8ques Sans Fronti\u00e8res - Bruxelles) - ABD-BVD<\/title>\n<meta name=\"robots\" content=\"index, follow, max-snippet:-1, max-image-preview:large, max-video-preview:-1\" \/>\n<link rel=\"canonical\" href=\"https:\/\/www.abd-bvd.be\/fr\/jobs\/programme-manager-inclusion-numerique-bibliotheques-sans-frontieres-bruxelles\/\" \/>\n<meta property=\"og:locale\" content=\"fr_FR\" \/>\n<meta property=\"og:type\" content=\"article\" \/>\n<meta property=\"og:title\" content=\"Programme Manager Inclusion Num\u00e9rique (Biblioth\u00e8ques Sans Fronti\u00e8res - Bruxelles) - ABD-BVD\" \/>\n<meta property=\"og:description\" content=\"1. Biblioth\u00e8ques Sans Fronti\u00e8res Biblioth\u00e8ques Sans Fronti\u00e8res est une ONG dont le mandat est de donner acc\u00e8s \u00e0 la connaissance aux populations les plus vuln\u00e9rables. BSF utilise la culture, l&rsquo;information et l&rsquo;\u00e9ducation comme leviers d&rsquo;\u00e9mancipation et de d\u00e9veloppement de chacun, en tant qu&rsquo;individu et en tant que citoyen. En Belgique, notre objectif est de r\u00e9duire [&hellip;]\" \/>\n<meta property=\"og:url\" content=\"https:\/\/www.abd-bvd.be\/fr\/jobs\/programme-manager-inclusion-numerique-bibliotheques-sans-frontieres-bruxelles\/\" \/>\n<meta property=\"og:site_name\" content=\"ABD-BVD\" \/>\n<meta property=\"article:published_time\" content=\"2026-03-07T20:36:15+00:00\" \/>\n<meta name=\"author\" content=\"Anne-Catherine Demeulder\" \/>\n<meta name=\"twitter:card\" content=\"summary_large_image\" \/>\n<meta name=\"twitter:label1\" content=\"\u00c9crit par\" \/>\n\t<meta name=\"twitter:data1\" content=\"Anne-Catherine Demeulder\" \/>\n\t<meta name=\"twitter:label2\" content=\"Dur\u00e9e de lecture estim\u00e9e\" \/>\n\t<meta name=\"twitter:data2\" content=\"5 minutes\" \/>\n<script type=\"application\/ld+json\" class=\"yoast-schema-graph\">{\"@context\":\"https:\\\/\\\/schema.org\",\"@graph\":[{\"@type\":\"Article\",\"@id\":\"https:\\\/\\\/www.abd-bvd.be\\\/fr\\\/jobs\\\/programme-manager-inclusion-numerique-bibliotheques-sans-frontieres-bruxelles\\\/#article\",\"isPartOf\":{\"@id\":\"https:\\\/\\\/www.abd-bvd.be\\\/fr\\\/jobs\\\/programme-manager-inclusion-numerique-bibliotheques-sans-frontieres-bruxelles\\\/\"},\"author\":{\"name\":\"Anne-Catherine Demeulder\",\"@id\":\"https:\\\/\\\/www.abd-bvd.be\\\/fr\\\/#\\\/schema\\\/person\\\/48459c65a9dcbf95e5163b6710b5f34b\"},\"headline\":\"Programme Manager Inclusion Num\u00e9rique (Biblioth\u00e8ques Sans Fronti\u00e8res &#8211; Bruxelles)\",\"datePublished\":\"2026-03-07T20:36:15+00:00\",\"mainEntityOfPage\":{\"@id\":\"https:\\\/\\\/www.abd-bvd.be\\\/fr\\\/jobs\\\/programme-manager-inclusion-numerique-bibliotheques-sans-frontieres-bruxelles\\\/\"},\"wordCount\":958,\"articleSection\":[\"Jobs\"],\"inLanguage\":\"fr-FR\"},{\"@type\":\"WebPage\",\"@id\":\"https:\\\/\\\/www.abd-bvd.be\\\/fr\\\/jobs\\\/programme-manager-inclusion-numerique-bibliotheques-sans-frontieres-bruxelles\\\/\",\"url\":\"https:\\\/\\\/www.abd-bvd.be\\\/fr\\\/jobs\\\/programme-manager-inclusion-numerique-bibliotheques-sans-frontieres-bruxelles\\\/\",\"name\":\"Programme Manager Inclusion Num\u00e9rique (Biblioth\u00e8ques Sans Fronti\u00e8res - Bruxelles) - ABD-BVD\",\"isPartOf\":{\"@id\":\"https:\\\/\\\/www.abd-bvd.be\\\/fr\\\/#website\"},\"datePublished\":\"2026-03-07T20:36:15+00:00\",\"author\":{\"@id\":\"https:\\\/\\\/www.abd-bvd.be\\\/fr\\\/#\\\/schema\\\/person\\\/48459c65a9dcbf95e5163b6710b5f34b\"},\"breadcrumb\":{\"@id\":\"https:\\\/\\\/www.abd-bvd.be\\\/fr\\\/jobs\\\/programme-manager-inclusion-numerique-bibliotheques-sans-frontieres-bruxelles\\\/#breadcrumb\"},\"inLanguage\":\"fr-FR\",\"potentialAction\":[{\"@type\":\"ReadAction\",\"target\":[\"https:\\\/\\\/www.abd-bvd.be\\\/fr\\\/jobs\\\/programme-manager-inclusion-numerique-bibliotheques-sans-frontieres-bruxelles\\\/\"]}]},{\"@type\":\"BreadcrumbList\",\"@id\":\"https:\\\/\\\/www.abd-bvd.be\\\/fr\\\/jobs\\\/programme-manager-inclusion-numerique-bibliotheques-sans-frontieres-bruxelles\\\/#breadcrumb\",\"itemListElement\":[{\"@type\":\"ListItem\",\"position\":1,\"name\":\"Accueil\",\"item\":\"https:\\\/\\\/www.abd-bvd.be\\\/fr\\\/\"},{\"@type\":\"ListItem\",\"position\":2,\"name\":\"Programme Manager Inclusion Num\u00e9rique (Biblioth\u00e8ques Sans Fronti\u00e8res &#8211; Bruxelles)\"}]},{\"@type\":\"WebSite\",\"@id\":\"https:\\\/\\\/www.abd-bvd.be\\\/fr\\\/#website\",\"url\":\"https:\\\/\\\/www.abd-bvd.be\\\/fr\\\/\",\"name\":\"ABD-BVD\",\"description\":\"Association Belge de documentation - Belgische verniging voor documentatie\",\"potentialAction\":[{\"@type\":\"SearchAction\",\"target\":{\"@type\":\"EntryPoint\",\"urlTemplate\":\"https:\\\/\\\/www.abd-bvd.be\\\/fr\\\/?s={search_term_string}\"},\"query-input\":{\"@type\":\"PropertyValueSpecification\",\"valueRequired\":true,\"valueName\":\"search_term_string\"}}],\"inLanguage\":\"fr-FR\"},{\"@type\":\"Person\",\"@id\":\"https:\\\/\\\/www.abd-bvd.be\\\/fr\\\/#\\\/schema\\\/person\\\/48459c65a9dcbf95e5163b6710b5f34b\",\"name\":\"Anne-Catherine Demeulder\",\"image\":{\"@type\":\"ImageObject\",\"inLanguage\":\"fr-FR\",\"@id\":\"https:\\\/\\\/secure.gravatar.com\\\/avatar\\\/2d04c07c69dea408a7c2bf6abba89d3fd0e382c0f16b71db0e463b8f6fa12b0e?s=96&d=mm&r=g\",\"url\":\"https:\\\/\\\/secure.gravatar.com\\\/avatar\\\/2d04c07c69dea408a7c2bf6abba89d3fd0e382c0f16b71db0e463b8f6fa12b0e?s=96&d=mm&r=g\",\"contentUrl\":\"https:\\\/\\\/secure.gravatar.com\\\/avatar\\\/2d04c07c69dea408a7c2bf6abba89d3fd0e382c0f16b71db0e463b8f6fa12b0e?s=96&d=mm&r=g\",\"caption\":\"Anne-Catherine Demeulder\"},\"url\":\"https:\\\/\\\/www.abd-bvd.be\\\/fr\\\/author\\\/anne-catherine-demeulder\\\/\"}]}<\/script>\n<!-- \/ Yoast SEO plugin. -->","yoast_head_json":{"title":"Programme Manager Inclusion Num\u00e9rique (Biblioth\u00e8ques Sans Fronti\u00e8res - Bruxelles) - ABD-BVD","robots":{"index":"index","follow":"follow","max-snippet":"max-snippet:-1","max-image-preview":"max-image-preview:large","max-video-preview":"max-video-preview:-1"},"canonical":"https:\/\/www.abd-bvd.be\/fr\/jobs\/programme-manager-inclusion-numerique-bibliotheques-sans-frontieres-bruxelles\/","og_locale":"fr_FR","og_type":"article","og_title":"Programme Manager Inclusion Num\u00e9rique (Biblioth\u00e8ques Sans Fronti\u00e8res - Bruxelles) - ABD-BVD","og_description":"1. Biblioth\u00e8ques Sans Fronti\u00e8res Biblioth\u00e8ques Sans Fronti\u00e8res est une ONG dont le mandat est de donner acc\u00e8s \u00e0 la connaissance aux populations les plus vuln\u00e9rables. BSF utilise la culture, l&rsquo;information et l&rsquo;\u00e9ducation comme leviers d&rsquo;\u00e9mancipation et de d\u00e9veloppement de chacun, en tant qu&rsquo;individu et en tant que citoyen. En Belgique, notre objectif est de r\u00e9duire [&hellip;]","og_url":"https:\/\/www.abd-bvd.be\/fr\/jobs\/programme-manager-inclusion-numerique-bibliotheques-sans-frontieres-bruxelles\/","og_site_name":"ABD-BVD","article_published_time":"2026-03-07T20:36:15+00:00","author":"Anne-Catherine Demeulder","twitter_card":"summary_large_image","twitter_misc":{"\u00c9crit par":"Anne-Catherine Demeulder","Dur\u00e9e de lecture estim\u00e9e":"5 minutes"},"schema":{"@context":"https:\/\/schema.org","@graph":[{"@type":"Article","@id":"https:\/\/www.abd-bvd.be\/fr\/jobs\/programme-manager-inclusion-numerique-bibliotheques-sans-frontieres-bruxelles\/#article","isPartOf":{"@id":"https:\/\/www.abd-bvd.be\/fr\/jobs\/programme-manager-inclusion-numerique-bibliotheques-sans-frontieres-bruxelles\/"},"author":{"name":"Anne-Catherine Demeulder","@id":"https:\/\/www.abd-bvd.be\/fr\/#\/schema\/person\/48459c65a9dcbf95e5163b6710b5f34b"},"headline":"Programme Manager Inclusion Num\u00e9rique (Biblioth\u00e8ques Sans Fronti\u00e8res &#8211; Bruxelles)","datePublished":"2026-03-07T20:36:15+00:00","mainEntityOfPage":{"@id":"https:\/\/www.abd-bvd.be\/fr\/jobs\/programme-manager-inclusion-numerique-bibliotheques-sans-frontieres-bruxelles\/"},"wordCount":958,"articleSection":["Jobs"],"inLanguage":"fr-FR"},{"@type":"WebPage","@id":"https:\/\/www.abd-bvd.be\/fr\/jobs\/programme-manager-inclusion-numerique-bibliotheques-sans-frontieres-bruxelles\/","url":"https:\/\/www.abd-bvd.be\/fr\/jobs\/programme-manager-inclusion-numerique-bibliotheques-sans-frontieres-bruxelles\/","name":"Programme Manager Inclusion Num\u00e9rique (Biblioth\u00e8ques Sans Fronti\u00e8res - Bruxelles) - ABD-BVD","isPartOf":{"@id":"https:\/\/www.abd-bvd.be\/fr\/#website"},"datePublished":"2026-03-07T20:36:15+00:00","author":{"@id":"https:\/\/www.abd-bvd.be\/fr\/#\/schema\/person\/48459c65a9dcbf95e5163b6710b5f34b"},"breadcrumb":{"@id":"https:\/\/www.abd-bvd.be\/fr\/jobs\/programme-manager-inclusion-numerique-bibliotheques-sans-frontieres-bruxelles\/#breadcrumb"},"inLanguage":"fr-FR","potentialAction":[{"@type":"ReadAction","target":["https:\/\/www.abd-bvd.be\/fr\/jobs\/programme-manager-inclusion-numerique-bibliotheques-sans-frontieres-bruxelles\/"]}]},{"@type":"BreadcrumbList","@id":"https:\/\/www.abd-bvd.be\/fr\/jobs\/programme-manager-inclusion-numerique-bibliotheques-sans-frontieres-bruxelles\/#breadcrumb","itemListElement":[{"@type":"ListItem","position":1,"name":"Accueil","item":"https:\/\/www.abd-bvd.be\/fr\/"},{"@type":"ListItem","position":2,"name":"Programme Manager Inclusion Num\u00e9rique (Biblioth\u00e8ques Sans Fronti\u00e8res &#8211; Bruxelles)"}]},{"@type":"WebSite","@id":"https:\/\/www.abd-bvd.be\/fr\/#website","url":"https:\/\/www.abd-bvd.be\/fr\/","name":"ABD-BVD","description":"Association Belge de documentation - Belgische verniging voor documentatie","potentialAction":[{"@type":"SearchAction","target":{"@type":"EntryPoint","urlTemplate":"https:\/\/www.abd-bvd.be\/fr\/?s={search_term_string}"},"query-input":{"@type":"PropertyValueSpecification","valueRequired":true,"valueName":"search_term_string"}}],"inLanguage":"fr-FR"},{"@type":"Person","@id":"https:\/\/www.abd-bvd.be\/fr\/#\/schema\/person\/48459c65a9dcbf95e5163b6710b5f34b","name":"Anne-Catherine Demeulder","image":{"@type":"ImageObject","inLanguage":"fr-FR","@id":"https:\/\/secure.gravatar.com\/avatar\/2d04c07c69dea408a7c2bf6abba89d3fd0e382c0f16b71db0e463b8f6fa12b0e?s=96&d=mm&r=g","url":"https:\/\/secure.gravatar.com\/avatar\/2d04c07c69dea408a7c2bf6abba89d3fd0e382c0f16b71db0e463b8f6fa12b0e?s=96&d=mm&r=g","contentUrl":"https:\/\/secure.gravatar.com\/avatar\/2d04c07c69dea408a7c2bf6abba89d3fd0e382c0f16b71db0e463b8f6fa12b0e?s=96&d=mm&r=g","caption":"Anne-Catherine Demeulder"},"url":"https:\/\/www.abd-bvd.be\/fr\/author\/anne-catherine-demeulder\/"}]}},"_links":{"self":[{"href":"https:\/\/www.abd-bvd.be\/fr\/wp-json\/wp\/v2\/posts\/40549","targetHints":{"allow":["GET"]}}],"collection":[{"href":"https:\/\/www.abd-bvd.be\/fr\/wp-json\/wp\/v2\/posts"}],"about":[{"href":"https:\/\/www.abd-bvd.be\/fr\/wp-json\/wp\/v2\/types\/post"}],"author":[{"embeddable":true,"href":"https:\/\/www.abd-bvd.be\/fr\/wp-json\/wp\/v2\/users\/37"}],"replies":[{"embeddable":true,"href":"https:\/\/www.abd-bvd.be\/fr\/wp-json\/wp\/v2\/comments?post=40549"}],"version-history":[{"count":2,"href":"https:\/\/www.abd-bvd.be\/fr\/wp-json\/wp\/v2\/posts\/40549\/revisions"}],"predecessor-version":[{"id":40551,"href":"https:\/\/www.abd-bvd.be\/fr\/wp-json\/wp\/v2\/posts\/40549\/revisions\/40551"}],"wp:attachment":[{"href":"https:\/\/www.abd-bvd.be\/fr\/wp-json\/wp\/v2\/media?parent=40549"}],"wp:term":[{"taxonomy":"category","embeddable":true,"href":"https:\/\/www.abd-bvd.be\/fr\/wp-json\/wp\/v2\/categories?post=40549"},{"taxonomy":"post_tag","embeddable":true,"href":"https:\/\/www.abd-bvd.be\/fr\/wp-json\/wp\/v2\/tags?post=40549"}],"curies":[{"name":"wp","href":"https:\/\/api.w.org\/{rel}","templated":true}]}}