{"id":40100,"date":"2026-01-26T22:25:53","date_gmt":"2026-01-26T21:25:53","guid":{"rendered":"https:\/\/www.abd-bvd.be\/?p=40100"},"modified":"2026-01-26T22:25:53","modified_gmt":"2026-01-26T21:25:53","slug":"archiviste-eowin-kortenberg","status":"publish","type":"post","link":"https:\/\/www.abd-bvd.be\/fr\/jobs\/archiviste-eowin-kortenberg\/","title":{"rendered":"Archiviste (Eowin &#8211; Kortenberg)"},"content":{"rendered":"<div class=\"desc\">\n<h2>\u00c0 propos de\u00a0EOWIN<\/h2>\n<div>\n<p>Fort de plus de 30 ans d\u2019exp\u00e9rience dans la gestion documentaire, nous sommes passionn\u00e9s par l&rsquo;innovation technologique et la gestion de donn\u00e9es et travaillons en \u00e9troite collaboration avec nos clients pour offrir des solutions sur mesure adapt\u00e9es \u00e0 leurs besoins sp\u00e9cifiques. Pr\u00e9sent principalement dans les secteurs de l\u2019\u00e9nergie, de la d\u00e9fense, des t\u00e9l\u00e9communications et de l\u2019a\u00e9ronautique, nous comptons aujourd\u2019hui pr\u00e8s de 650 collaborateurs, r\u00e9partis sur 7 sites en France.<br \/>\nBas\u00e9 sur un mod\u00e8le de proximit\u00e9 avec nos \u00e9quipes, de confiance et d&rsquo;autonomie,<br \/>\nnous offrons un environnement de travail dynamique et collaboratif, o\u00f9 nous encourageons nos employ\u00e9s \u00e0 d\u00e9velopper leur cr\u00e9ativit\u00e9 et leur expertise.<br \/>\nPr\u00eat(e) \u00e0 rejoindre l&rsquo;\u00e9quipe Eowin ? envoyez-nous votre CV d\u00e8s aujourd&rsquo;hui .<\/p>\n<\/div>\n<\/div>\n<div class=\"desc\">\n<h2>Le poste<\/h2>\n<div>\n<p>Nous recherchons un\u00a0<strong>Archiviste\u00a0<\/strong><strong>(H\/F)<\/strong>\u00a0pour rejoindre une\u00a0<strong>institution europ\u00e9enne de renom<\/strong>\u00a0<strong>situ\u00e9e \u00e0 Kortenberg (Belgique)<\/strong>.<\/p>\n<p>Vous participerez \u00e0 la collecte, au classement, \u00e0 la conservation et \u00e0 la valorisation des archives administratives et techniques, dans un environnement dynamique et multiculturel.<\/p>\n<p><strong>Missions principales<\/strong><\/p>\n<ul>\n<li>Identifier, classer et inventorier les archives papier et num\u00e9riques.<\/li>\n<li>Appliquer les proc\u00e9dures de conservation et d\u2019\u00e9limination conform\u00e9ment aux normes europ\u00e9ennes.<\/li>\n<li>Mettre \u00e0 jour et structurer le plan de classement.<\/li>\n<li>Garantir la conformit\u00e9, la s\u00e9curit\u00e9 et la tra\u00e7abilit\u00e9 des documents.<\/li>\n<li>Accompagner les utilisateurs dans la recherche et la consultation d\u2019archives.<\/li>\n<li>Contribuer \u00e0 l\u2019am\u00e9lioration continue des m\u00e9thodes archivistiques et \u00e0 la coh\u00e9rence des pratiques.<\/li>\n<\/ul>\n<\/div>\n<\/div>\n<div class=\"desc\">\n<h2>Profil recherch\u00e9<\/h2>\n<div>\n<ul>\n<li>Dipl\u00f4me en\u00a0<strong>archivistique, documentation ou sciences de l\u2019information<\/strong>.<\/li>\n<li><strong>2 ans d\u2019exp\u00e9rience<\/strong>\u00a0dans un service d\u2019archives ou une institution publique.<\/li>\n<li>Bonne connaissance des normes archivistiques (<strong>ISO 15489, MoReq, etc.<\/strong>).<\/li>\n<li>Rigueur, autonomie, sens du service et esprit d\u2019\u00e9quipe.<\/li>\n<li>Ma\u00eetrise du\u00a0<strong>fran\u00e7ais et de l\u2019anglais<\/strong>, niveau minimum B2 .<\/li>\n<\/ul>\n<p><strong>Conditions :<\/strong><\/p>\n<ul>\n<li><strong>Contrat :<\/strong>\u00a0CDD de 6 mois<\/li>\n<li><strong>R\u00e9mun\u00e9ration :<\/strong>\u00a0N\u00e9gociable, selon l\u2019exp\u00e9rience et les qualifications.<\/li>\n<li><strong>Lieu :<\/strong>\u00a0Kortenberg (Belgique).<\/li>\n<\/ul>\n<p>Nos recrutements sont ouverts \u00e0 tous les talents et toutes les diff\u00e9rences.<\/p>\n<p>Lien : <a href=\"https:\/\/taleez.com\/apply\/archiviste-h-f-kortenberg-eowin-cdd?utm_source=ABD-BVD\" target=\"_blank\" rel=\"noopener\">https:\/\/taleez.com\/apply\/archiviste-h-f-kortenberg-eowin-cdd?utm_source=ABD-BVD<\/a><\/p>\n<\/div>\n<\/div>\n","protected":false},"excerpt":{"rendered":"<p>\u00c0 propos de\u00a0EOWIN Fort de plus de 30 ans d\u2019exp\u00e9rience dans la gestion documentaire, nous sommes passionn\u00e9s par l&rsquo;innovation technologique et la gestion de donn\u00e9es et travaillons en \u00e9troite collaboration avec nos clients pour offrir des solutions sur mesure adapt\u00e9es \u00e0 leurs besoins sp\u00e9cifiques. Pr\u00e9sent principalement dans les secteurs de l\u2019\u00e9nergie, de la d\u00e9fense, des [&hellip;]<\/p>\n","protected":false},"author":37,"featured_media":0,"comment_status":"closed","ping_status":"open","sticky":false,"template":"","format":"standard","meta":{"_acf_changed":false,"footnotes":"","_wpscppro_dont_share_socialmedia":false,"_wpscppro_custom_social_share_image":0,"_facebook_share_type":"","_twitter_share_type":"","_linkedin_share_type":"","_pinterest_share_type":"","_linkedin_share_type_page":"","_instagram_share_type":"","_medium_share_type":"","_threads_share_type":"","_google_business_share_type":"","_selected_social_profile":[],"_wpsp_enable_custom_social_template":false,"_wpsp_social_scheduling":{"enabled":false,"datetime":null,"platforms":[],"status":"template_only","dateOption":"today","timeOption":"now","customDays":"","customHours":"","customDate":"","customTime":"","schedulingType":"absolute"},"_wpsp_active_default_template":true},"categories":[71],"tags":[],"class_list":["post-40100","post","type-post","status-publish","format-standard","hentry","category-jobs"],"acf":[],"yoast_head":"<!-- This site is optimized with the Yoast SEO plugin v27.4 - https:\/\/yoast.com\/product\/yoast-seo-wordpress\/ -->\n<title>Archiviste (Eowin - Kortenberg) - ABD-BVD<\/title>\n<meta name=\"robots\" content=\"index, follow, max-snippet:-1, max-image-preview:large, max-video-preview:-1\" \/>\n<link rel=\"canonical\" href=\"https:\/\/www.abd-bvd.be\/fr\/jobs\/archiviste-eowin-kortenberg\/\" \/>\n<meta property=\"og:locale\" content=\"fr_FR\" \/>\n<meta property=\"og:type\" content=\"article\" \/>\n<meta property=\"og:title\" content=\"Archiviste (Eowin - Kortenberg) - ABD-BVD\" \/>\n<meta property=\"og:description\" content=\"\u00c0 propos de\u00a0EOWIN Fort de plus de 30 ans d\u2019exp\u00e9rience dans la gestion documentaire, nous sommes passionn\u00e9s par l&rsquo;innovation technologique et la gestion de donn\u00e9es et travaillons en \u00e9troite collaboration avec nos clients pour offrir des solutions sur mesure adapt\u00e9es \u00e0 leurs besoins sp\u00e9cifiques. Pr\u00e9sent principalement dans les secteurs de l\u2019\u00e9nergie, de la d\u00e9fense, des [&hellip;]\" \/>\n<meta property=\"og:url\" content=\"https:\/\/www.abd-bvd.be\/fr\/jobs\/archiviste-eowin-kortenberg\/\" \/>\n<meta property=\"og:site_name\" content=\"ABD-BVD\" \/>\n<meta property=\"article:published_time\" content=\"2026-01-26T21:25:53+00:00\" \/>\n<meta name=\"author\" content=\"Anne-Catherine Demeulder\" \/>\n<meta name=\"twitter:card\" content=\"summary_large_image\" \/>\n<meta name=\"twitter:label1\" content=\"\u00c9crit par\" \/>\n\t<meta name=\"twitter:data1\" content=\"Anne-Catherine Demeulder\" \/>\n\t<meta name=\"twitter:label2\" content=\"Dur\u00e9e de lecture estim\u00e9e\" \/>\n\t<meta name=\"twitter:data2\" content=\"2 minutes\" \/>\n<script type=\"application\/ld+json\" class=\"yoast-schema-graph\">{\"@context\":\"https:\\\/\\\/schema.org\",\"@graph\":[{\"@type\":\"Article\",\"@id\":\"https:\\\/\\\/www.abd-bvd.be\\\/fr\\\/jobs\\\/archiviste-eowin-kortenberg\\\/#article\",\"isPartOf\":{\"@id\":\"https:\\\/\\\/www.abd-bvd.be\\\/fr\\\/jobs\\\/archiviste-eowin-kortenberg\\\/\"},\"author\":{\"name\":\"Anne-Catherine Demeulder\",\"@id\":\"https:\\\/\\\/www.abd-bvd.be\\\/fr\\\/#\\\/schema\\\/person\\\/48459c65a9dcbf95e5163b6710b5f34b\"},\"headline\":\"Archiviste (Eowin &#8211; Kortenberg)\",\"datePublished\":\"2026-01-26T21:25:53+00:00\",\"mainEntityOfPage\":{\"@id\":\"https:\\\/\\\/www.abd-bvd.be\\\/fr\\\/jobs\\\/archiviste-eowin-kortenberg\\\/\"},\"wordCount\":351,\"articleSection\":[\"Jobs\"],\"inLanguage\":\"fr-FR\"},{\"@type\":\"WebPage\",\"@id\":\"https:\\\/\\\/www.abd-bvd.be\\\/fr\\\/jobs\\\/archiviste-eowin-kortenberg\\\/\",\"url\":\"https:\\\/\\\/www.abd-bvd.be\\\/fr\\\/jobs\\\/archiviste-eowin-kortenberg\\\/\",\"name\":\"Archiviste (Eowin - Kortenberg) - ABD-BVD\",\"isPartOf\":{\"@id\":\"https:\\\/\\\/www.abd-bvd.be\\\/fr\\\/#website\"},\"datePublished\":\"2026-01-26T21:25:53+00:00\",\"author\":{\"@id\":\"https:\\\/\\\/www.abd-bvd.be\\\/fr\\\/#\\\/schema\\\/person\\\/48459c65a9dcbf95e5163b6710b5f34b\"},\"breadcrumb\":{\"@id\":\"https:\\\/\\\/www.abd-bvd.be\\\/fr\\\/jobs\\\/archiviste-eowin-kortenberg\\\/#breadcrumb\"},\"inLanguage\":\"fr-FR\",\"potentialAction\":[{\"@type\":\"ReadAction\",\"target\":[\"https:\\\/\\\/www.abd-bvd.be\\\/fr\\\/jobs\\\/archiviste-eowin-kortenberg\\\/\"]}]},{\"@type\":\"BreadcrumbList\",\"@id\":\"https:\\\/\\\/www.abd-bvd.be\\\/fr\\\/jobs\\\/archiviste-eowin-kortenberg\\\/#breadcrumb\",\"itemListElement\":[{\"@type\":\"ListItem\",\"position\":1,\"name\":\"Accueil\",\"item\":\"https:\\\/\\\/www.abd-bvd.be\\\/fr\\\/\"},{\"@type\":\"ListItem\",\"position\":2,\"name\":\"Archiviste (Eowin &#8211; Kortenberg)\"}]},{\"@type\":\"WebSite\",\"@id\":\"https:\\\/\\\/www.abd-bvd.be\\\/fr\\\/#website\",\"url\":\"https:\\\/\\\/www.abd-bvd.be\\\/fr\\\/\",\"name\":\"ABD-BVD\",\"description\":\"Association Belge de documentation - Belgische verniging voor documentatie\",\"potentialAction\":[{\"@type\":\"SearchAction\",\"target\":{\"@type\":\"EntryPoint\",\"urlTemplate\":\"https:\\\/\\\/www.abd-bvd.be\\\/fr\\\/?s={search_term_string}\"},\"query-input\":{\"@type\":\"PropertyValueSpecification\",\"valueRequired\":true,\"valueName\":\"search_term_string\"}}],\"inLanguage\":\"fr-FR\"},{\"@type\":\"Person\",\"@id\":\"https:\\\/\\\/www.abd-bvd.be\\\/fr\\\/#\\\/schema\\\/person\\\/48459c65a9dcbf95e5163b6710b5f34b\",\"name\":\"Anne-Catherine Demeulder\",\"image\":{\"@type\":\"ImageObject\",\"inLanguage\":\"fr-FR\",\"@id\":\"https:\\\/\\\/secure.gravatar.com\\\/avatar\\\/2d04c07c69dea408a7c2bf6abba89d3fd0e382c0f16b71db0e463b8f6fa12b0e?s=96&d=mm&r=g\",\"url\":\"https:\\\/\\\/secure.gravatar.com\\\/avatar\\\/2d04c07c69dea408a7c2bf6abba89d3fd0e382c0f16b71db0e463b8f6fa12b0e?s=96&d=mm&r=g\",\"contentUrl\":\"https:\\\/\\\/secure.gravatar.com\\\/avatar\\\/2d04c07c69dea408a7c2bf6abba89d3fd0e382c0f16b71db0e463b8f6fa12b0e?s=96&d=mm&r=g\",\"caption\":\"Anne-Catherine Demeulder\"},\"url\":\"https:\\\/\\\/www.abd-bvd.be\\\/fr\\\/author\\\/anne-catherine-demeulder\\\/\"}]}<\/script>\n<!-- \/ Yoast SEO plugin. -->","yoast_head_json":{"title":"Archiviste (Eowin - Kortenberg) - ABD-BVD","robots":{"index":"index","follow":"follow","max-snippet":"max-snippet:-1","max-image-preview":"max-image-preview:large","max-video-preview":"max-video-preview:-1"},"canonical":"https:\/\/www.abd-bvd.be\/fr\/jobs\/archiviste-eowin-kortenberg\/","og_locale":"fr_FR","og_type":"article","og_title":"Archiviste (Eowin - Kortenberg) - ABD-BVD","og_description":"\u00c0 propos de\u00a0EOWIN Fort de plus de 30 ans d\u2019exp\u00e9rience dans la gestion documentaire, nous sommes passionn\u00e9s par l&rsquo;innovation technologique et la gestion de donn\u00e9es et travaillons en \u00e9troite collaboration avec nos clients pour offrir des solutions sur mesure adapt\u00e9es \u00e0 leurs besoins sp\u00e9cifiques. Pr\u00e9sent principalement dans les secteurs de l\u2019\u00e9nergie, de la d\u00e9fense, des [&hellip;]","og_url":"https:\/\/www.abd-bvd.be\/fr\/jobs\/archiviste-eowin-kortenberg\/","og_site_name":"ABD-BVD","article_published_time":"2026-01-26T21:25:53+00:00","author":"Anne-Catherine Demeulder","twitter_card":"summary_large_image","twitter_misc":{"\u00c9crit par":"Anne-Catherine Demeulder","Dur\u00e9e de lecture estim\u00e9e":"2 minutes"},"schema":{"@context":"https:\/\/schema.org","@graph":[{"@type":"Article","@id":"https:\/\/www.abd-bvd.be\/fr\/jobs\/archiviste-eowin-kortenberg\/#article","isPartOf":{"@id":"https:\/\/www.abd-bvd.be\/fr\/jobs\/archiviste-eowin-kortenberg\/"},"author":{"name":"Anne-Catherine Demeulder","@id":"https:\/\/www.abd-bvd.be\/fr\/#\/schema\/person\/48459c65a9dcbf95e5163b6710b5f34b"},"headline":"Archiviste (Eowin &#8211; Kortenberg)","datePublished":"2026-01-26T21:25:53+00:00","mainEntityOfPage":{"@id":"https:\/\/www.abd-bvd.be\/fr\/jobs\/archiviste-eowin-kortenberg\/"},"wordCount":351,"articleSection":["Jobs"],"inLanguage":"fr-FR"},{"@type":"WebPage","@id":"https:\/\/www.abd-bvd.be\/fr\/jobs\/archiviste-eowin-kortenberg\/","url":"https:\/\/www.abd-bvd.be\/fr\/jobs\/archiviste-eowin-kortenberg\/","name":"Archiviste (Eowin - Kortenberg) - ABD-BVD","isPartOf":{"@id":"https:\/\/www.abd-bvd.be\/fr\/#website"},"datePublished":"2026-01-26T21:25:53+00:00","author":{"@id":"https:\/\/www.abd-bvd.be\/fr\/#\/schema\/person\/48459c65a9dcbf95e5163b6710b5f34b"},"breadcrumb":{"@id":"https:\/\/www.abd-bvd.be\/fr\/jobs\/archiviste-eowin-kortenberg\/#breadcrumb"},"inLanguage":"fr-FR","potentialAction":[{"@type":"ReadAction","target":["https:\/\/www.abd-bvd.be\/fr\/jobs\/archiviste-eowin-kortenberg\/"]}]},{"@type":"BreadcrumbList","@id":"https:\/\/www.abd-bvd.be\/fr\/jobs\/archiviste-eowin-kortenberg\/#breadcrumb","itemListElement":[{"@type":"ListItem","position":1,"name":"Accueil","item":"https:\/\/www.abd-bvd.be\/fr\/"},{"@type":"ListItem","position":2,"name":"Archiviste (Eowin &#8211; Kortenberg)"}]},{"@type":"WebSite","@id":"https:\/\/www.abd-bvd.be\/fr\/#website","url":"https:\/\/www.abd-bvd.be\/fr\/","name":"ABD-BVD","description":"Association Belge de documentation - Belgische verniging voor documentatie","potentialAction":[{"@type":"SearchAction","target":{"@type":"EntryPoint","urlTemplate":"https:\/\/www.abd-bvd.be\/fr\/?s={search_term_string}"},"query-input":{"@type":"PropertyValueSpecification","valueRequired":true,"valueName":"search_term_string"}}],"inLanguage":"fr-FR"},{"@type":"Person","@id":"https:\/\/www.abd-bvd.be\/fr\/#\/schema\/person\/48459c65a9dcbf95e5163b6710b5f34b","name":"Anne-Catherine Demeulder","image":{"@type":"ImageObject","inLanguage":"fr-FR","@id":"https:\/\/secure.gravatar.com\/avatar\/2d04c07c69dea408a7c2bf6abba89d3fd0e382c0f16b71db0e463b8f6fa12b0e?s=96&d=mm&r=g","url":"https:\/\/secure.gravatar.com\/avatar\/2d04c07c69dea408a7c2bf6abba89d3fd0e382c0f16b71db0e463b8f6fa12b0e?s=96&d=mm&r=g","contentUrl":"https:\/\/secure.gravatar.com\/avatar\/2d04c07c69dea408a7c2bf6abba89d3fd0e382c0f16b71db0e463b8f6fa12b0e?s=96&d=mm&r=g","caption":"Anne-Catherine Demeulder"},"url":"https:\/\/www.abd-bvd.be\/fr\/author\/anne-catherine-demeulder\/"}]}},"_links":{"self":[{"href":"https:\/\/www.abd-bvd.be\/fr\/wp-json\/wp\/v2\/posts\/40100","targetHints":{"allow":["GET"]}}],"collection":[{"href":"https:\/\/www.abd-bvd.be\/fr\/wp-json\/wp\/v2\/posts"}],"about":[{"href":"https:\/\/www.abd-bvd.be\/fr\/wp-json\/wp\/v2\/types\/post"}],"author":[{"embeddable":true,"href":"https:\/\/www.abd-bvd.be\/fr\/wp-json\/wp\/v2\/users\/37"}],"replies":[{"embeddable":true,"href":"https:\/\/www.abd-bvd.be\/fr\/wp-json\/wp\/v2\/comments?post=40100"}],"version-history":[{"count":2,"href":"https:\/\/www.abd-bvd.be\/fr\/wp-json\/wp\/v2\/posts\/40100\/revisions"}],"predecessor-version":[{"id":40102,"href":"https:\/\/www.abd-bvd.be\/fr\/wp-json\/wp\/v2\/posts\/40100\/revisions\/40102"}],"wp:attachment":[{"href":"https:\/\/www.abd-bvd.be\/fr\/wp-json\/wp\/v2\/media?parent=40100"}],"wp:term":[{"taxonomy":"category","embeddable":true,"href":"https:\/\/www.abd-bvd.be\/fr\/wp-json\/wp\/v2\/categories?post=40100"},{"taxonomy":"post_tag","embeddable":true,"href":"https:\/\/www.abd-bvd.be\/fr\/wp-json\/wp\/v2\/tags?post=40100"}],"curies":[{"name":"wp","href":"https:\/\/api.w.org\/{rel}","templated":true}]}}