{"id":3951,"date":"2015-11-17T17:00:09","date_gmt":"2015-11-17T17:00:09","guid":{"rendered":"http:\/\/www.abd-bvd.be\/?p=3951"},"modified":"2015-11-18T09:49:46","modified_gmt":"2015-11-18T09:49:46","slug":"novembre-2015","status":"publish","type":"post","link":"https:\/\/www.abd-bvd.be\/fr\/doc-moments\/novembre-2015\/","title":{"rendered":"Novembre 2015 &#8211; Visite de l&rsquo;un des d\u00e9p\u00f4ts des collections films de la Cin\u00e9math\u00e8que royale de Belgique \/ Cinematek"},"content":{"rendered":"<p style=\"text-align: justify;\">La collection de films de la <a href=\"http:\/\/www.cinematek.be\/?node=15&amp;lng=fr\">Cin\u00e9math\u00e8que royale<\/a> est l&rsquo;une des plus importantes au monde. Elle comptait alors pr\u00e8s de 180.000 \u00e9l\u00e9ments films, correspondant \u00e0 76.000 titres : films de fiction, documentaires, longs m\u00e9trages, courts m\u00e9trages, illustrant le cin\u00e9ma de ses origines \u00e0 nos jours. La collection s&rsquo;accro\u00eet chaque ann\u00e9e de quelques 2.000 copies en moyenne.<\/p>\n<p style=\"text-align: justify;\">Pour la conservation \u00e0 long terme, la Cin\u00e9math\u00e8que dispose de trois entrep\u00f4ts compl\u00e8tement \u00e9quip\u00e9s, s\u00e9curis\u00e9s et climatis\u00e9s, offrant une surface de stockage de plus de 12.000 m<sup>2<\/sup>. L&rsquo;inventaire des collections est compl\u00e8tement informatis\u00e9.<\/p>\n<p style=\"text-align: justify;\">L\u2019ABD-BVD a propos\u00e9 une visite guid\u00e9e bilingue au c\u0153ur de cette riche collection, assur\u00e9e par Bruno <strong>Mestdagh<\/strong>, responsable des collections films.<\/p>\n","protected":false},"excerpt":{"rendered":"<p>La collection de films de la Cin\u00e9math\u00e8que royale est l&rsquo;une des plus importantes au monde. Elle comptait alors pr\u00e8s de 180.000 \u00e9l\u00e9ments films, correspondant \u00e0 76.000 titres : films de fiction, documentaires, longs m\u00e9trages, courts m\u00e9trages, illustrant le cin\u00e9ma de ses origines \u00e0 nos jours. La collection s&rsquo;accro\u00eet chaque ann\u00e9e de quelques 2.000 copies en [&hellip;]<\/p>\n","protected":false},"author":13,"featured_media":0,"comment_status":"closed","ping_status":"open","sticky":false,"template":"","format":"standard","meta":{"_acf_changed":false,"footnotes":"","_wpscppro_dont_share_socialmedia":false,"_wpscppro_custom_social_share_image":0,"_facebook_share_type":"","_twitter_share_type":"","_linkedin_share_type":"","_pinterest_share_type":"","_linkedin_share_type_page":"","_instagram_share_type":"","_medium_share_type":"","_threads_share_type":"","_google_business_share_type":"","_selected_social_profile":[],"_wpsp_enable_custom_social_template":false,"_wpsp_social_scheduling":{"enabled":false,"datetime":null,"platforms":[],"status":"template_only","dateOption":"today","timeOption":"now","customDays":"","customHours":"","customDate":"","customTime":"","schedulingType":"absolute"},"_wpsp_active_default_template":true},"categories":[92],"tags":[],"class_list":["post-3951","post","type-post","status-publish","format-standard","hentry","category-doc-moments"],"acf":[],"yoast_head":"<!-- This site is optimized with the Yoast SEO plugin v27.5 - https:\/\/yoast.com\/product\/yoast-seo-wordpress\/ -->\n<title>Novembre 2015 - Visite de l&#039;un des d\u00e9p\u00f4ts des collections films de la Cin\u00e9math\u00e8que royale de Belgique \/ Cinematek - ABD-BVD<\/title>\n<meta name=\"robots\" content=\"index, follow, max-snippet:-1, max-image-preview:large, max-video-preview:-1\" \/>\n<link rel=\"canonical\" href=\"https:\/\/www.abd-bvd.be\/fr\/doc-moments\/novembre-2015\/\" \/>\n<meta property=\"og:locale\" content=\"fr_FR\" \/>\n<meta property=\"og:type\" content=\"article\" \/>\n<meta property=\"og:title\" content=\"Novembre 2015 - Visite de l&#039;un des d\u00e9p\u00f4ts des collections films de la Cin\u00e9math\u00e8que royale de Belgique \/ Cinematek - ABD-BVD\" \/>\n<meta property=\"og:description\" content=\"La collection de films de la Cin\u00e9math\u00e8que royale est l&rsquo;une des plus importantes au monde. Elle comptait alors pr\u00e8s de 180.000 \u00e9l\u00e9ments films, correspondant \u00e0 76.000 titres : films de fiction, documentaires, longs m\u00e9trages, courts m\u00e9trages, illustrant le cin\u00e9ma de ses origines \u00e0 nos jours. La collection s&rsquo;accro\u00eet chaque ann\u00e9e de quelques 2.000 copies en [&hellip;]\" \/>\n<meta property=\"og:url\" content=\"https:\/\/www.abd-bvd.be\/fr\/doc-moments\/novembre-2015\/\" \/>\n<meta property=\"og:site_name\" content=\"ABD-BVD\" \/>\n<meta property=\"article:published_time\" content=\"2015-11-17T17:00:09+00:00\" \/>\n<meta property=\"article:modified_time\" content=\"2015-11-18T09:49:46+00:00\" \/>\n<meta name=\"author\" content=\"Fr\u00e9d\u00e9ric Vergez\" \/>\n<meta name=\"twitter:card\" content=\"summary_large_image\" \/>\n<meta name=\"twitter:label1\" content=\"\u00c9crit par\" \/>\n\t<meta name=\"twitter:data1\" content=\"Fr\u00e9d\u00e9ric Vergez\" \/>\n\t<meta name=\"twitter:label2\" content=\"Dur\u00e9e de lecture estim\u00e9e\" \/>\n\t<meta name=\"twitter:data2\" content=\"1 minute\" \/>\n<script type=\"application\/ld+json\" class=\"yoast-schema-graph\">{\"@context\":\"https:\\\/\\\/schema.org\",\"@graph\":[{\"@type\":\"Article\",\"@id\":\"https:\\\/\\\/www.abd-bvd.be\\\/fr\\\/doc-moments\\\/novembre-2015\\\/#article\",\"isPartOf\":{\"@id\":\"https:\\\/\\\/www.abd-bvd.be\\\/fr\\\/doc-moments\\\/novembre-2015\\\/\"},\"author\":{\"name\":\"Fr\u00e9d\u00e9ric Vergez\",\"@id\":\"https:\\\/\\\/www.abd-bvd.be\\\/fr\\\/#\\\/schema\\\/person\\\/580363f266f4f5cbafd2e75fab2b0ea1\"},\"headline\":\"Novembre 2015 &#8211; Visite de l&rsquo;un des d\u00e9p\u00f4ts des collections films de la Cin\u00e9math\u00e8que royale de Belgique \\\/ Cinematek\",\"datePublished\":\"2015-11-17T17:00:09+00:00\",\"dateModified\":\"2015-11-18T09:49:46+00:00\",\"mainEntityOfPage\":{\"@id\":\"https:\\\/\\\/www.abd-bvd.be\\\/fr\\\/doc-moments\\\/novembre-2015\\\/\"},\"wordCount\":149,\"articleSection\":[\"Doc'Moments\"],\"inLanguage\":\"fr-FR\"},{\"@type\":\"WebPage\",\"@id\":\"https:\\\/\\\/www.abd-bvd.be\\\/fr\\\/doc-moments\\\/novembre-2015\\\/\",\"url\":\"https:\\\/\\\/www.abd-bvd.be\\\/fr\\\/doc-moments\\\/novembre-2015\\\/\",\"name\":\"Novembre 2015 - Visite de l'un des d\u00e9p\u00f4ts des collections films de la Cin\u00e9math\u00e8que royale de Belgique \\\/ Cinematek - ABD-BVD\",\"isPartOf\":{\"@id\":\"https:\\\/\\\/www.abd-bvd.be\\\/fr\\\/#website\"},\"datePublished\":\"2015-11-17T17:00:09+00:00\",\"dateModified\":\"2015-11-18T09:49:46+00:00\",\"author\":{\"@id\":\"https:\\\/\\\/www.abd-bvd.be\\\/fr\\\/#\\\/schema\\\/person\\\/580363f266f4f5cbafd2e75fab2b0ea1\"},\"breadcrumb\":{\"@id\":\"https:\\\/\\\/www.abd-bvd.be\\\/fr\\\/doc-moments\\\/novembre-2015\\\/#breadcrumb\"},\"inLanguage\":\"fr-FR\",\"potentialAction\":[{\"@type\":\"ReadAction\",\"target\":[\"https:\\\/\\\/www.abd-bvd.be\\\/fr\\\/doc-moments\\\/novembre-2015\\\/\"]}]},{\"@type\":\"BreadcrumbList\",\"@id\":\"https:\\\/\\\/www.abd-bvd.be\\\/fr\\\/doc-moments\\\/novembre-2015\\\/#breadcrumb\",\"itemListElement\":[{\"@type\":\"ListItem\",\"position\":1,\"name\":\"Accueil\",\"item\":\"https:\\\/\\\/www.abd-bvd.be\\\/fr\\\/\"},{\"@type\":\"ListItem\",\"position\":2,\"name\":\"Novembre 2015 &#8211; Visite de l&rsquo;un des d\u00e9p\u00f4ts des collections films de la Cin\u00e9math\u00e8que royale de Belgique \\\/ Cinematek\"}]},{\"@type\":\"WebSite\",\"@id\":\"https:\\\/\\\/www.abd-bvd.be\\\/fr\\\/#website\",\"url\":\"https:\\\/\\\/www.abd-bvd.be\\\/fr\\\/\",\"name\":\"ABD-BVD\",\"description\":\"Association Belge de documentation - Belgische verniging voor documentatie\",\"potentialAction\":[{\"@type\":\"SearchAction\",\"target\":{\"@type\":\"EntryPoint\",\"urlTemplate\":\"https:\\\/\\\/www.abd-bvd.be\\\/fr\\\/?s={search_term_string}\"},\"query-input\":{\"@type\":\"PropertyValueSpecification\",\"valueRequired\":true,\"valueName\":\"search_term_string\"}}],\"inLanguage\":\"fr-FR\"},{\"@type\":\"Person\",\"@id\":\"https:\\\/\\\/www.abd-bvd.be\\\/fr\\\/#\\\/schema\\\/person\\\/580363f266f4f5cbafd2e75fab2b0ea1\",\"name\":\"Fr\u00e9d\u00e9ric Vergez\",\"image\":{\"@type\":\"ImageObject\",\"inLanguage\":\"fr-FR\",\"@id\":\"https:\\\/\\\/secure.gravatar.com\\\/avatar\\\/bd3e6e2068f4828002fd7324e82929fbe1935d4c7d864625eecfb2354a211741?s=96&d=mm&r=g\",\"url\":\"https:\\\/\\\/secure.gravatar.com\\\/avatar\\\/bd3e6e2068f4828002fd7324e82929fbe1935d4c7d864625eecfb2354a211741?s=96&d=mm&r=g\",\"contentUrl\":\"https:\\\/\\\/secure.gravatar.com\\\/avatar\\\/bd3e6e2068f4828002fd7324e82929fbe1935d4c7d864625eecfb2354a211741?s=96&d=mm&r=g\",\"caption\":\"Fr\u00e9d\u00e9ric Vergez\"},\"url\":\"https:\\\/\\\/www.abd-bvd.be\\\/fr\\\/author\\\/frederic-vergez\\\/\"}]}<\/script>\n<!-- \/ Yoast SEO plugin. -->","yoast_head_json":{"title":"Novembre 2015 - Visite de l'un des d\u00e9p\u00f4ts des collections films de la Cin\u00e9math\u00e8que royale de Belgique \/ Cinematek - ABD-BVD","robots":{"index":"index","follow":"follow","max-snippet":"max-snippet:-1","max-image-preview":"max-image-preview:large","max-video-preview":"max-video-preview:-1"},"canonical":"https:\/\/www.abd-bvd.be\/fr\/doc-moments\/novembre-2015\/","og_locale":"fr_FR","og_type":"article","og_title":"Novembre 2015 - Visite de l'un des d\u00e9p\u00f4ts des collections films de la Cin\u00e9math\u00e8que royale de Belgique \/ Cinematek - ABD-BVD","og_description":"La collection de films de la Cin\u00e9math\u00e8que royale est l&rsquo;une des plus importantes au monde. Elle comptait alors pr\u00e8s de 180.000 \u00e9l\u00e9ments films, correspondant \u00e0 76.000 titres : films de fiction, documentaires, longs m\u00e9trages, courts m\u00e9trages, illustrant le cin\u00e9ma de ses origines \u00e0 nos jours. La collection s&rsquo;accro\u00eet chaque ann\u00e9e de quelques 2.000 copies en [&hellip;]","og_url":"https:\/\/www.abd-bvd.be\/fr\/doc-moments\/novembre-2015\/","og_site_name":"ABD-BVD","article_published_time":"2015-11-17T17:00:09+00:00","article_modified_time":"2015-11-18T09:49:46+00:00","author":"Fr\u00e9d\u00e9ric Vergez","twitter_card":"summary_large_image","twitter_misc":{"\u00c9crit par":"Fr\u00e9d\u00e9ric Vergez","Dur\u00e9e de lecture estim\u00e9e":"1 minute"},"schema":{"@context":"https:\/\/schema.org","@graph":[{"@type":"Article","@id":"https:\/\/www.abd-bvd.be\/fr\/doc-moments\/novembre-2015\/#article","isPartOf":{"@id":"https:\/\/www.abd-bvd.be\/fr\/doc-moments\/novembre-2015\/"},"author":{"name":"Fr\u00e9d\u00e9ric Vergez","@id":"https:\/\/www.abd-bvd.be\/fr\/#\/schema\/person\/580363f266f4f5cbafd2e75fab2b0ea1"},"headline":"Novembre 2015 &#8211; Visite de l&rsquo;un des d\u00e9p\u00f4ts des collections films de la Cin\u00e9math\u00e8que royale de Belgique \/ Cinematek","datePublished":"2015-11-17T17:00:09+00:00","dateModified":"2015-11-18T09:49:46+00:00","mainEntityOfPage":{"@id":"https:\/\/www.abd-bvd.be\/fr\/doc-moments\/novembre-2015\/"},"wordCount":149,"articleSection":["Doc'Moments"],"inLanguage":"fr-FR"},{"@type":"WebPage","@id":"https:\/\/www.abd-bvd.be\/fr\/doc-moments\/novembre-2015\/","url":"https:\/\/www.abd-bvd.be\/fr\/doc-moments\/novembre-2015\/","name":"Novembre 2015 - Visite de l'un des d\u00e9p\u00f4ts des collections films de la Cin\u00e9math\u00e8que royale de Belgique \/ Cinematek - ABD-BVD","isPartOf":{"@id":"https:\/\/www.abd-bvd.be\/fr\/#website"},"datePublished":"2015-11-17T17:00:09+00:00","dateModified":"2015-11-18T09:49:46+00:00","author":{"@id":"https:\/\/www.abd-bvd.be\/fr\/#\/schema\/person\/580363f266f4f5cbafd2e75fab2b0ea1"},"breadcrumb":{"@id":"https:\/\/www.abd-bvd.be\/fr\/doc-moments\/novembre-2015\/#breadcrumb"},"inLanguage":"fr-FR","potentialAction":[{"@type":"ReadAction","target":["https:\/\/www.abd-bvd.be\/fr\/doc-moments\/novembre-2015\/"]}]},{"@type":"BreadcrumbList","@id":"https:\/\/www.abd-bvd.be\/fr\/doc-moments\/novembre-2015\/#breadcrumb","itemListElement":[{"@type":"ListItem","position":1,"name":"Accueil","item":"https:\/\/www.abd-bvd.be\/fr\/"},{"@type":"ListItem","position":2,"name":"Novembre 2015 &#8211; Visite de l&rsquo;un des d\u00e9p\u00f4ts des collections films de la Cin\u00e9math\u00e8que royale de Belgique \/ Cinematek"}]},{"@type":"WebSite","@id":"https:\/\/www.abd-bvd.be\/fr\/#website","url":"https:\/\/www.abd-bvd.be\/fr\/","name":"ABD-BVD","description":"Association Belge de documentation - Belgische verniging voor documentatie","potentialAction":[{"@type":"SearchAction","target":{"@type":"EntryPoint","urlTemplate":"https:\/\/www.abd-bvd.be\/fr\/?s={search_term_string}"},"query-input":{"@type":"PropertyValueSpecification","valueRequired":true,"valueName":"search_term_string"}}],"inLanguage":"fr-FR"},{"@type":"Person","@id":"https:\/\/www.abd-bvd.be\/fr\/#\/schema\/person\/580363f266f4f5cbafd2e75fab2b0ea1","name":"Fr\u00e9d\u00e9ric Vergez","image":{"@type":"ImageObject","inLanguage":"fr-FR","@id":"https:\/\/secure.gravatar.com\/avatar\/bd3e6e2068f4828002fd7324e82929fbe1935d4c7d864625eecfb2354a211741?s=96&d=mm&r=g","url":"https:\/\/secure.gravatar.com\/avatar\/bd3e6e2068f4828002fd7324e82929fbe1935d4c7d864625eecfb2354a211741?s=96&d=mm&r=g","contentUrl":"https:\/\/secure.gravatar.com\/avatar\/bd3e6e2068f4828002fd7324e82929fbe1935d4c7d864625eecfb2354a211741?s=96&d=mm&r=g","caption":"Fr\u00e9d\u00e9ric Vergez"},"url":"https:\/\/www.abd-bvd.be\/fr\/author\/frederic-vergez\/"}]}},"_links":{"self":[{"href":"https:\/\/www.abd-bvd.be\/fr\/wp-json\/wp\/v2\/posts\/3951","targetHints":{"allow":["GET"]}}],"collection":[{"href":"https:\/\/www.abd-bvd.be\/fr\/wp-json\/wp\/v2\/posts"}],"about":[{"href":"https:\/\/www.abd-bvd.be\/fr\/wp-json\/wp\/v2\/types\/post"}],"author":[{"embeddable":true,"href":"https:\/\/www.abd-bvd.be\/fr\/wp-json\/wp\/v2\/users\/13"}],"replies":[{"embeddable":true,"href":"https:\/\/www.abd-bvd.be\/fr\/wp-json\/wp\/v2\/comments?post=3951"}],"version-history":[{"count":0,"href":"https:\/\/www.abd-bvd.be\/fr\/wp-json\/wp\/v2\/posts\/3951\/revisions"}],"wp:attachment":[{"href":"https:\/\/www.abd-bvd.be\/fr\/wp-json\/wp\/v2\/media?parent=3951"}],"wp:term":[{"taxonomy":"category","embeddable":true,"href":"https:\/\/www.abd-bvd.be\/fr\/wp-json\/wp\/v2\/categories?post=3951"},{"taxonomy":"post_tag","embeddable":true,"href":"https:\/\/www.abd-bvd.be\/fr\/wp-json\/wp\/v2\/tags?post=3951"}],"curies":[{"name":"wp","href":"https:\/\/api.w.org\/{rel}","templated":true}]}}