{"id":3781,"date":"2012-12-01T16:16:54","date_gmt":"2012-12-01T16:16:54","guid":{"rendered":"http:\/\/www.abd-bvd.be\/?p=3781"},"modified":"2018-07-25T15:34:08","modified_gmt":"2018-07-25T13:34:08","slug":"2012-4","status":"publish","type":"post","link":"https:\/\/www.abd-bvd.be\/fr\/cahiers-de-la-documentation\/2012-4\/","title":{"rendered":"Cahiers de la Documentation 2012\/4 (d\u00e9cembre 2012)"},"content":{"rendered":"<h1 style=\"text-align: center;\"><span style=\"font-size: 14pt;\"><strong>NUM\u00c9RO SP\u00c9CIAL<\/strong><\/span><\/h1>\n<h1 style=\"text-align: center;\"><span style=\"font-size: 14pt;\">Inforum 2012<br \/>\n\u00ab\u00a0Alt+0169\u00a0\u00bb: Copyright v. copywrong<\/span><\/h1>\n<h2 style=\"text-align: left;\"><a href=\"https:\/\/www.abd-bvd.be\/wp-content\/uploads\/cover2012-4_small.jpg\"><img loading=\"lazy\" decoding=\"async\" class=\"size-full wp-image-1453 alignleft\" src=\"https:\/\/www.abd-bvd.be\/wp-content\/uploads\/cover2012-4_small.jpg\" alt=\"cover2012-4_small\" width=\"135\" height=\"191\"><\/a>\u00c9ditorial<\/h2>\n<p style=\"text-align: justify;\">Le num\u00e9ro des <em>Cahiers<\/em> de d\u00e9cembre devient petit \u00e0 petit un classique consacr\u00e9 au dernier <em>Inforum<\/em>. Un autre grand classique est, telle une tirelire en ces temps de crise, le casse-t\u00eate auquel le coordinateur de cette journ\u00e9e d\u2019\u00e9tude est confront\u00e9 en vue de faire surgir de son imagination quelques mots sens\u00e9s pour cet \u00e9dito.<\/p>\n<p style=\"text-align: justify;\">Tout d\u2019abord merci pour votre pr\u00e9sence en masse, plus de 250 participants ont r\u00e9pondu \u00e0 l\u2019appel dont environ 85&nbsp;% de membres de l\u2019ABD-BVD. Diff\u00e9rentes associations s\u0153urs \u2013 tant de Belgique que de l\u2019\u00e9tranger \u2013 se sont \u00e9galement manifest\u00e9es.<\/p>\n<p style=\"text-align: justify;\">Pour l\u2019organisation de la grand-messe de l\u2019ABD-BVD, votre pr\u00e9f\u00e9rence dans un choix de date va plut\u00f4t vers la fin du mois de mai que fin avril. Veuillez donc d\u2019ores et d\u00e9j\u00e0 noter dans vos agendas que l\u2019<em>Inforum 2013<\/em> se d\u00e9roulera le jeudi 30 mai, \u00e0 la Biblioth\u00e8que royale de Belgique, comme le veut la tradition.<\/p>\n<p style=\"text-align: justify;\">Nous esp\u00e9rons bien \u00e9videmment que, en vue d\u2019assister \u00e0 cette journ\u00e9e, non seulement la date mais \u00e9galement le th\u00e8me abord\u00e9 r\u00e9colteront vos faveurs. Un sujet, \u00e0 priori pas \u00e9vident, mais d\u2019un int\u00e9r\u00eat certain pour un large \u00e9ventail de m\u00e9tiers de l\u2019I&amp;D, repr\u00e9sent\u00e9s au sein de l\u2019Association belge de Documentation. Notre inspiration provient, en premier lieu, des formulaires d\u2019\u00e9valuation que vous remplissez apr\u00e8s chaque <em>Inforum<\/em>. \u00c0 c\u00f4t\u00e9 de vos appr\u00e9ciations sur les diff\u00e9rents intervenants et le d\u00e9roulement de la journ\u00e9e, il vous est donn\u00e9 la possibilit\u00e9 de sugg\u00e9rer un th\u00e8me pour l\u2019<em>Inforum<\/em> suivant ou pour une de nos r\u00e9unions mensuelles.<\/p>\n<p style=\"text-align: justify;\">\u00c0 l\u2019issue de l\u2019<em>Inforum 2011<\/em>, il s\u2019est av\u00e9r\u00e9 que nombre d\u2019entre vous marquait un int\u00e9r\u00eat pour approfondir la probl\u00e9matique du copyright, que ce soit de mani\u00e8re g\u00e9n\u00e9rale, dans un aspect en particulier, en rapport avec le segment professionnel dans lequel nous \u00e9voluons ou la logique en elle-m\u00eame. Le probl\u00e8me, m\u00eame si c\u2019est un probl\u00e8me de luxe, est la grande vari\u00e9t\u00e9 au sein du copyright et ses diff\u00e9rentes branches. Il nous fut donc difficile de nous limiter. En t\u00e9moigne le nombre exceptionnel de huit orateurs qui sont venus en parler. \u00c0 la lumi\u00e8re de l\u2019influence qu\u2019exerce l\u2019Europe, il fut de notre devoir d\u2019en inviter un repr\u00e9sentant. Vraisemblablement nous avons mis la barre un peu haut en demandant un des commissaires responsables&nbsp;: Neelie Kroes, comme Commissaire europ\u00e9en charg\u00e9 du calendrier num\u00e9rique, ou Michel Barnier, responsable du march\u00e9 int\u00e9rieur. Suite \u00e0 un \u00e9change de mails et de coups de fil, nous avons heureusement r\u00e9ussi \u00e0 convaincre un collaborateur de la DG March\u00e9 int\u00e9rieur de tenir une conf\u00e9rence. Ensuite, il y eut la veille de l\u2019<em>Inforum 2012<\/em>, un moment de lobbying de l\u2019IFLA et d\u2019EBLIDA devant le Parlement europ\u00e9en, ce qui nous donna l\u2019occasion id\u00e9ale d\u2019obtenir un r\u00e9sum\u00e9 de premi\u00e8re main. D\u2019o\u00f9 l\u2019int\u00e9r\u00eat d\u2019avoir r\u00e9uni huit orateurs autour de ce sujet int\u00e9ressant.<\/p>\n<p style=\"text-align: justify;\">Le copyright est une mati\u00e8re qui \u00e9volue constamment, d\u2019o\u00f9 \u00e9galement le contenu des articles qui change par rapport \u00e0 ce qui a \u00e9t\u00e9 pr\u00e9sent\u00e9 le 31 mai 2012. Donnons quelques exemples. Le 27 octobre 2012 est paru dans le <em>Journal Officiel de l\u2019Union Europ\u00e9enne<\/em>., la Directive 2012\/28\/EU du Parlement europ\u00e9en et du Conseil du 25 octobre 2012 concernant le l\u2019utilisation des \u0153uvres orphelines. Celle-ci est \u00e9voqu\u00e9e dans l\u2019article qui s\u2019y rapporte. La Commission continue bien \u00e9videmment ses investigations en la mati\u00e8re, d\u2019o\u00f9 la demande de Pierre-Yves Andrau de pouvoir finaliser son texte plus tard.<\/p>\n<p style=\"text-align: justify;\">Nous nous sommes, \u00e0 pr\u00e9sent, pench\u00e9s sur de potentiels sujets avanc\u00e9s \u00e0 la fin de l\u2019<em>Inforum 2012<\/em>. Apr\u00e8s avoir observ\u00e9 et discut\u00e9 des diff\u00e9rentes suggestions, nous avons d\u00e9cid\u00e9 de d\u00e9dier l\u2019<em>Inforum 2013<\/em> (le 30 mai donc) \u00e0 l\u2019\u00a0\u00bbinformation overload\u00a0\u00bb&nbsp;: face \u00e0 l\u2019immense masse d\u2019information num\u00e9rique qui nous arrive via Internet, nous sentons-nous \u00e0 l\u2019aise face \u00e0 ce ph\u00e9nom\u00e8ne, arrivons-nous \u00e0 rester critique ou sommes-nous victimes de crises de panique&nbsp;? En ce moment, nous partons activement \u00e0 la recherche d\u2019orateurs et les contactons dans l\u2019espoir de vous pr\u00e9senter \u00e0 nouveau, comme les pr\u00e9c\u00e9dentes ann\u00e9es, un programme exceptionnel afin de vous revoir en nombre.<\/p>\n<p style=\"text-align: justify;\">Il ne me reste plus qu\u2019\u00e0 remercier tout un chacun qui a contribu\u00e9 \u00e0 faire de l\u2019<em>Inforum 2012<\/em> un moment passionnant&nbsp;: en premier lieu les orateurs, la Biblioth\u00e8que Royale de Belgique et son directeur g\u00e9n\u00e9ral, Patrick Lef\u00e8vre, pour la location des facilit\u00e9s, le soutien logistique, les interpr\u00e8tes et les h\u00f4tesses, le service catering pour avoir s\u00e9duit l\u2019int\u00e9rieur des participants et sans oublier le Conseil d\u2019Administration de l\u2019ABD-BVD pour la confiance qu\u2019il nous a accord\u00e9 dans l\u2019organisation de cette journ\u00e9e.<\/p>\n<p style=\"text-align: justify;\">Apr\u00e8s la r\u00e9daction de cet \u00e9dito, il ne nous reste plus que l\u2019honneur de vous souhaiter une p\u00e9tillante fin d\u2019ann\u00e9e au nom du Conseil d\u2019Administration de l\u2019ABD-BVD. Nous esp\u00e9rons que vous embrassez les f\u00eates de fin d\u2019ann\u00e9e dans une atmosph\u00e8re d\u00e9tendue&nbsp;; que ce soit l\u2019occasion pour vous de mettre de c\u00f4t\u00e9 vos soucis professionnels pour un moment. Bien \u00e9videmment, nous esp\u00e9rons vous revoir \u00e0 l\u2019<em>Inforum 2013<\/em>, de pr\u00e9f\u00e9rence comme membre de notre association. Mai 2013 se situe encore loin dans le temps mais il est inutile d\u2019attendre jusque l\u00e0 pour se rencontrer, d\u2019o\u00f9 l\u2019importance d\u2019attirer votre attention sur les r\u00e9unions mensuelles que notre association organise r\u00e9guli\u00e8rement et o\u00f9 un th\u00e8me actuel li\u00e9 \u00e0 notre profession est propos\u00e9. Une excellente fin d\u2019ann\u00e9e&nbsp;!!!<\/p>\n<p style=\"text-align: right;\"><strong>Marc VAN DEN BERGH<br \/>\n<\/strong><\/p>\n<h2>Web 2.0 : Nouveaux usages, nouveaux droits&nbsp;?<\/h2>\n<p><strong>Mich\u00e8le BATTISTI<\/strong>, Responsable veille juridique, Association des Professionnels de l\u2019Information et de la Documentation (ADBS)<\/p>\n<p style=\"text-align: justify;\">R\u00e9vision drastique ou simple \u00e9volution du droit d\u2019auteur ? La question s\u2019impose \u00e0 l\u2019heure o\u00f9 s\u2019estompent les fronti\u00e8res entre les sph\u00e8res priv\u00e9e et publique, les usages professionnels et non professionnels ou encore le jeu actif et passif des acteurs, remettant ainsi en question les qualifications juridiques traditionnelles. Comment r\u00e9guler les tensions, particuli\u00e8rement fortes en ce moment, entre la diffusion des connaissances et les mod\u00e8les d\u2019affaires, la libert\u00e9 d\u2019expression et les limites \u00e0 apporter \u00e0 certaines d\u00e9rives ? Lois, contrats, usages : toute une panoplie de ressources juridiques peut \u00eatre d\u00e9ploy\u00e9e pour faire \u00e9merger un droit 2.0 adapt\u00e9 \u00e0 ce nouvel environnement.<\/p>\n<p><span class=\"file-button\"><a href=\"https:\/\/www.abd-bvd.be\/wp-content\/uploads\/2012-4_Battisti.pdf\">T\u00e9l\u00e9charger (FR)<\/a><\/span><\/p>\n<h2><span lang=\"nl-be\">A picture is worth a thousand words: Perikelen van portretrecht<\/span><\/h2>\n<p><strong>Bert DEMARSIN<\/strong>, Docent, Hogeschool-Universiteit Brussel (HUBrussel); Vicedecaan, Hogeschool-Universiteit Brussel (HUBrussel) \u2013 Katholieke Universiteit Brussel (KUBrussel) &#8211; Faculteit Rechten; Geaffilieerd onderzoeker, Katholieke Universiteit Leuven (KU Leuven) &#8211; Centrum voor Rechtsmethodiek; Co\u00f6rdinator <i>Art, Law &amp; Management Research Programme<\/i>, Katholieke Universiteit Leuven (KU Leuven)<\/p>\n<p style=\"text-align: justify;\">Cette contribution donne un bref aper\u00e7u du droit \u00e0 l\u2019image : une question juridique importante pour qui souhaite utiliser du mat\u00e9riel photographique (num\u00e9rique) \u00e0 des fins documentaires. En premier lieu, le droit \u00e0 l\u2019image est consid\u00e9r\u00e9 comme un droit de la personnalit\u00e9 en tenant compte des r\u00e9cents d\u00e9veloppements au niveau international des droits de l\u2019homme. L&rsquo;expos\u00e9 donnera ensuite des pr\u00e9cisions sur les fondements du droit de la personnalit\u00e9, sur le mat\u00e9riel photographique prot\u00e9g\u00e9 par le droit \u00e0 l\u2019image et sur les titulaires jouissant de ce droit. En outre, l&rsquo;auteur analyse le contenu de la protection offerte par le droit \u00e0 l\u2019image, les r\u00e8gles r\u00e9gissant les preuves de violation \u00e9ventuelle ainsi que la pr\u00e9vention et la r\u00e9pression de telles infractions. Enfin, il commente la pratique contractuelle en termes d\u2019exercice du droit \u00e0 l\u2019image.<\/p>\n<p><span class=\"file-button\"><a href=\"https:\/\/www.abd-bvd.be\/wp-content\/uploads\/2012-4_Demarsin.pdf\">T\u00e9l\u00e9charger (NL)<\/a><\/span><\/p>\n<h2><strong>De Europese Richtlijn verweesde werken: Gewikt, gewogen maar te licht bevonden<\/strong><\/h2>\n<p><strong>Joris DEENE<\/strong>, Advocaat, Docent en Juridisch adviseur, Samenwerkingsverband Auteursrecht en Samenleving (SA&amp;S)<\/p>\n<p style=\"text-align: justify;\">La Directive 2012\/28\/UE du Parlement europ\u00e9en et du Conseil du 25 octobre 2012 sur certaines utilisations autoris\u00e9es des oeuvres orphelines (ci-apr\u00e8s \u00ab\u00a0la Directive\u00a0\u00bb) a \u00e9t\u00e9 publi\u00e9e au <i>Journal officiel de l\u2019Union europ\u00e9enne<\/i> du 27 octobre 2012. L\u2019objectif de cette directive est d\u2019offrir une s\u00e9curit\u00e9 juridique \u00e0 certaines organisations culturelles qui souhaitent num\u00e9riser des \u0153uvres orphelines et les mettre \u00e0 disposition en ligne. La Directive repose sur une recherche diligente des titulaires de droits et une reconnaissance mutuelle par les \u00c9tats membres du statut d\u2019\u0153uvre orpheline. Dans cet article, l\u2019auteur analyse la pr\u00e9histoire de cette Directive, ainsi que son contenu. La conclusion est que la Directive, tant du point de vue du champ d\u2019application que du contenu, n\u2019atteint pas son objectif.<\/p>\n<p><span class=\"file-button\"><a href=\"https:\/\/www.abd-bvd.be\/wp-content\/uploads\/2012-4_Deene.pdf\">T\u00e9l\u00e9charger (NL)<\/a><\/span><\/p>\n<h2><strong>Le droit d\u2019auteur et le droit sui generis sur les bases de donn\u00e9es : Quinze ans plus tard : un succ\u00e8s ou un \u00e9chec ?<\/strong><\/h2>\n<p><strong>Estelle DERCLAYE<\/strong>, Professor of Intellectual Property Law, University of Nottingham \u2013 School of Law<\/p>\n<p style=\"text-align: justify;\">La directive harmonisant le droit d\u2019auteur sur les bases de donn\u00e9es et cr\u00e9ant un nouveau droit (le droit sui generis) fut adopt\u00e9e en 1996 et transpos\u00e9e dans les \u00c9tats membres de l\u2019Union europ\u00e9enne en 1998. Cet article \u00e9value, quinze ans plus tard, si elle fut un succ\u00e8s ou un \u00e9chec. Cette directive confirma le statu quo en ce qui concerne le droit d\u2019auteur pour les bases de donn\u00e9es. Cependant, elle renforce le droit d\u2019auteur des producteurs de base de donn\u00e9es en ne pr\u00e9voyant que peu d\u2019exceptions et en admettant le cumul de protection avec d\u2019autres droits similaires. Le droit sui generis souffre des m\u00eames d\u00e9fauts et de bien d\u2019autres. En ce sens, la directive est plut\u00f4t un \u00e9chec. N\u00e9anmoins, au fil des ann\u00e9es, la Cour de justice de l\u2019Union europ\u00e9enne r\u00e9duisit quelques aspects surprotecteurs du droit sui generis et clarifia la notion d\u2019originalit\u00e9 en droit d\u2019auteur. En ce sens, l\u2019harmonisation est un succ\u00e8s. Toutefois, le droit sui generis fut adopt\u00e9 sans \u00e9tudes empiriques, et c\u2019est avant tout ce qui manque encore aujourd\u2019hui pour d\u00e9terminer si son introduction \u00e9tait bien n\u00e9cessaire.<\/p>\n<p><span class=\"file-button\"><a href=\"https:\/\/www.abd-bvd.be\/wp-content\/uploads\/2012-4_Derclaye.pdf\">T\u00e9l\u00e9charger (FR)<\/a><\/span><\/p>\n<h2>Adapter le droit d\u2019auteur \u00e0 l\u2019environnement num\u00e9rique : Le r\u00f4le des associations de biblioth\u00e8ques et d&rsquo;EBLIDA<\/h2>\n<p><strong>Vincent BONNET<\/strong>, Directeur, Bureau europ\u00e9en des Associations de Biblioth\u00e8ques, d\u2019Information et de Documentation (EBLIDA)<\/p>\n<p style=\"text-align: justify;\">La mont\u00e9e en puissance des technologies de l\u2019information et le d\u00e9veloppement d\u2019Internet, combin\u00e9s \u00e0 l\u2019accroissement de nouveaux usages, remettent en question la p\u00e9rennit\u00e9 du syst\u00e8me actuel de droit d\u2019auteur. Dans ce contexte, les associations de biblioth\u00e8ques ont un r\u00f4le important \u00e0 jouer. Au niveau national, elles m\u00e8nent un travail de fond et de proximit\u00e9 avec les \u00e9lus. Dans les forums internationaux, elles assurent la repr\u00e9sentation des biblioth\u00e8ques. En Europe, le Bureau europ\u00e9en des Associations de Biblioth\u00e8ques, d\u2019Information et de Documentation (EBLIDA) assume cette mission en d\u00e9veloppant notamment une campagne sur les livres num\u00e9riques en biblioth\u00e8ques. \u00c0 travers cette campagne, EBLIDA accompagne les repr\u00e9sentants politiques dans leurs questionnements et ouvre le dialogue avec les organisations repr\u00e9sentatives des int\u00e9r\u00eats des \u00e9diteurs et d\u00e9tenteurs de droit. Par ce processus, EBLIDA s\u2019engage au b\u00e9n\u00e9fice des citoyens europ\u00e9ens pour leur assurer un acc\u00e8s libre \u00e0 l\u2019information et garantir la visibilit\u00e9 des biblioth\u00e8ques sur l\u2019agenda europ\u00e9en.<\/p>\n<p><span class=\"file-button\"><a href=\"https:\/\/www.abd-bvd.be\/wp-content\/uploads\/2012-4_Bonnet.pdf\">T\u00e9l\u00e9charger (FR)<\/a><\/span><\/p>\n<h2><strong>Compte rendu<em><br \/>\n<\/em> Information for sustainable development in a digital environment: SCECSAL 2012 20th edition<\/strong><\/h2>\n<p><strong>Egbert de SMET<\/strong>, Projectco\u00f6rdinator \u2013 academisch medewerker (ZAP) \u00ab\u00a0Informatie- en Bibliotheekwetenschap\u00a0\u00bb &#8211; Universiteit Antwerpen &#8211; Instituut Onderwijs- en Informatiewetenschappen (IOIW) &#8211; Departement Universiteit &amp; Samenleving (U&amp;S)<br \/>\n<span class=\"file-button\"><a href=\"https:\/\/www.abd-bvd.be\/wp-content\/uploads\/2012-4_deSmet.pdf\">T\u00e9l\u00e9charger (NL)<\/a><\/span><\/p>\n<p style=\"text-align: right;\"><span class=\"file-button\"><a href=\"https:\/\/www.abd-bvd.be\/wp-content\/uploads\/2012-4-full.pdf\">T\u00e9l\u00e9charger le num\u00e9ro complet<\/a><\/span><\/p>\n","protected":false},"excerpt":{"rendered":"<p>NUM\u00c9RO SP\u00c9CIAL Inforum 2012 \u00ab\u00a0Alt+0169\u00a0\u00bb: Copyright v. copywrong \u00c9ditorial Le num\u00e9ro des Cahiers de d\u00e9cembre devient petit \u00e0 petit un classique consacr\u00e9 au dernier Inforum. Un autre grand classique est, telle une tirelire en ces temps de crise, le casse-t\u00eate auquel le coordinateur de cette journ\u00e9e d\u2019\u00e9tude est confront\u00e9 en vue de faire surgir de [&hellip;]<\/p>\n","protected":false},"author":5,"featured_media":0,"comment_status":"closed","ping_status":"open","sticky":false,"template":"","format":"standard","meta":{"_acf_changed":false,"footnotes":"","_wpscppro_dont_share_socialmedia":false,"_wpscppro_custom_social_share_image":0,"_facebook_share_type":"","_twitter_share_type":"","_linkedin_share_type":"","_pinterest_share_type":"","_linkedin_share_type_page":"","_instagram_share_type":"","_medium_share_type":"","_threads_share_type":"","_google_business_share_type":"","_selected_social_profile":[],"_wpsp_enable_custom_social_template":false,"_wpsp_social_scheduling":{"enabled":false,"datetime":null,"platforms":[],"status":"template_only","dateOption":"today","timeOption":"now","customDays":"","customHours":"","customDate":"","customTime":"","schedulingType":"absolute"},"_wpsp_active_default_template":true},"categories":[69],"tags":[],"class_list":["post-3781","post","type-post","status-publish","format-standard","hentry","category-cahiers-de-la-documentation"],"acf":[],"yoast_head":"<!-- This site is optimized with the Yoast SEO plugin v27.5 - https:\/\/yoast.com\/product\/yoast-seo-wordpress\/ -->\n<title>Cahiers de la Documentation 2012\/4 (d\u00e9cembre 2012) - ABD-BVD<\/title>\n<meta name=\"robots\" content=\"index, follow, max-snippet:-1, max-image-preview:large, max-video-preview:-1\" \/>\n<link rel=\"canonical\" href=\"https:\/\/www.abd-bvd.be\/fr\/cahiers-de-la-documentation\/2012-4\/\" \/>\n<meta property=\"og:locale\" content=\"fr_FR\" \/>\n<meta property=\"og:type\" content=\"article\" \/>\n<meta property=\"og:title\" content=\"Cahiers de la Documentation 2012\/4 (d\u00e9cembre 2012) - ABD-BVD\" \/>\n<meta property=\"og:description\" content=\"NUM\u00c9RO SP\u00c9CIAL Inforum 2012 \u00ab\u00a0Alt+0169\u00a0\u00bb: Copyright v. copywrong \u00c9ditorial Le num\u00e9ro des Cahiers de d\u00e9cembre devient petit \u00e0 petit un classique consacr\u00e9 au dernier Inforum. Un autre grand classique est, telle une tirelire en ces temps de crise, le casse-t\u00eate auquel le coordinateur de cette journ\u00e9e d\u2019\u00e9tude est confront\u00e9 en vue de faire surgir de [&hellip;]\" \/>\n<meta property=\"og:url\" content=\"https:\/\/www.abd-bvd.be\/fr\/cahiers-de-la-documentation\/2012-4\/\" \/>\n<meta property=\"og:site_name\" content=\"ABD-BVD\" \/>\n<meta property=\"article:published_time\" content=\"2012-12-01T16:16:54+00:00\" \/>\n<meta property=\"article:modified_time\" content=\"2018-07-25T13:34:08+00:00\" \/>\n<meta property=\"og:image\" content=\"https:\/\/www.abd-bvd.be\/wp-content\/uploads\/cover2012-4_small.jpg\" \/>\n<meta name=\"author\" content=\"Guy Delsaut\" \/>\n<meta name=\"twitter:card\" content=\"summary_large_image\" \/>\n<meta name=\"twitter:label1\" content=\"\u00c9crit par\" \/>\n\t<meta name=\"twitter:data1\" content=\"Guy Delsaut\" \/>\n\t<meta name=\"twitter:label2\" content=\"Dur\u00e9e de lecture estim\u00e9e\" \/>\n\t<meta name=\"twitter:data2\" content=\"10 minutes\" \/>\n<script type=\"application\/ld+json\" class=\"yoast-schema-graph\">{\"@context\":\"https:\\\/\\\/schema.org\",\"@graph\":[{\"@type\":\"Article\",\"@id\":\"https:\\\/\\\/www.abd-bvd.be\\\/fr\\\/cahiers-de-la-documentation\\\/2012-4\\\/#article\",\"isPartOf\":{\"@id\":\"https:\\\/\\\/www.abd-bvd.be\\\/fr\\\/cahiers-de-la-documentation\\\/2012-4\\\/\"},\"author\":{\"name\":\"Guy Delsaut\",\"@id\":\"https:\\\/\\\/www.abd-bvd.be\\\/fr\\\/#\\\/schema\\\/person\\\/b16d2027ba7bd24752b02f45e6c2d628\"},\"headline\":\"Cahiers de la Documentation 2012\\\/4 (d\u00e9cembre 2012)\",\"datePublished\":\"2012-12-01T16:16:54+00:00\",\"dateModified\":\"2018-07-25T13:34:08+00:00\",\"mainEntityOfPage\":{\"@id\":\"https:\\\/\\\/www.abd-bvd.be\\\/fr\\\/cahiers-de-la-documentation\\\/2012-4\\\/\"},\"wordCount\":2033,\"image\":{\"@id\":\"https:\\\/\\\/www.abd-bvd.be\\\/fr\\\/cahiers-de-la-documentation\\\/2012-4\\\/#primaryimage\"},\"thumbnailUrl\":\"https:\\\/\\\/www.abd-bvd.be\\\/wp-content\\\/uploads\\\/cover2012-4_small.jpg\",\"articleSection\":[\"Cahiers de la Documentation\"],\"inLanguage\":\"fr-FR\"},{\"@type\":\"WebPage\",\"@id\":\"https:\\\/\\\/www.abd-bvd.be\\\/fr\\\/cahiers-de-la-documentation\\\/2012-4\\\/\",\"url\":\"https:\\\/\\\/www.abd-bvd.be\\\/fr\\\/cahiers-de-la-documentation\\\/2012-4\\\/\",\"name\":\"Cahiers de la Documentation 2012\\\/4 (d\u00e9cembre 2012) - ABD-BVD\",\"isPartOf\":{\"@id\":\"https:\\\/\\\/www.abd-bvd.be\\\/fr\\\/#website\"},\"primaryImageOfPage\":{\"@id\":\"https:\\\/\\\/www.abd-bvd.be\\\/fr\\\/cahiers-de-la-documentation\\\/2012-4\\\/#primaryimage\"},\"image\":{\"@id\":\"https:\\\/\\\/www.abd-bvd.be\\\/fr\\\/cahiers-de-la-documentation\\\/2012-4\\\/#primaryimage\"},\"thumbnailUrl\":\"https:\\\/\\\/www.abd-bvd.be\\\/wp-content\\\/uploads\\\/cover2012-4_small.jpg\",\"datePublished\":\"2012-12-01T16:16:54+00:00\",\"dateModified\":\"2018-07-25T13:34:08+00:00\",\"author\":{\"@id\":\"https:\\\/\\\/www.abd-bvd.be\\\/fr\\\/#\\\/schema\\\/person\\\/b16d2027ba7bd24752b02f45e6c2d628\"},\"breadcrumb\":{\"@id\":\"https:\\\/\\\/www.abd-bvd.be\\\/fr\\\/cahiers-de-la-documentation\\\/2012-4\\\/#breadcrumb\"},\"inLanguage\":\"fr-FR\",\"potentialAction\":[{\"@type\":\"ReadAction\",\"target\":[\"https:\\\/\\\/www.abd-bvd.be\\\/fr\\\/cahiers-de-la-documentation\\\/2012-4\\\/\"]}]},{\"@type\":\"ImageObject\",\"inLanguage\":\"fr-FR\",\"@id\":\"https:\\\/\\\/www.abd-bvd.be\\\/fr\\\/cahiers-de-la-documentation\\\/2012-4\\\/#primaryimage\",\"url\":\"https:\\\/\\\/www.abd-bvd.be\\\/wp-content\\\/uploads\\\/cover2012-4_small.jpg\",\"contentUrl\":\"https:\\\/\\\/www.abd-bvd.be\\\/wp-content\\\/uploads\\\/cover2012-4_small.jpg\"},{\"@type\":\"BreadcrumbList\",\"@id\":\"https:\\\/\\\/www.abd-bvd.be\\\/fr\\\/cahiers-de-la-documentation\\\/2012-4\\\/#breadcrumb\",\"itemListElement\":[{\"@type\":\"ListItem\",\"position\":1,\"name\":\"Accueil\",\"item\":\"https:\\\/\\\/www.abd-bvd.be\\\/fr\\\/\"},{\"@type\":\"ListItem\",\"position\":2,\"name\":\"Cahiers de la Documentation 2012\\\/4 (d\u00e9cembre 2012)\"}]},{\"@type\":\"WebSite\",\"@id\":\"https:\\\/\\\/www.abd-bvd.be\\\/fr\\\/#website\",\"url\":\"https:\\\/\\\/www.abd-bvd.be\\\/fr\\\/\",\"name\":\"ABD-BVD\",\"description\":\"Association Belge de documentation - Belgische verniging voor documentatie\",\"potentialAction\":[{\"@type\":\"SearchAction\",\"target\":{\"@type\":\"EntryPoint\",\"urlTemplate\":\"https:\\\/\\\/www.abd-bvd.be\\\/fr\\\/?s={search_term_string}\"},\"query-input\":{\"@type\":\"PropertyValueSpecification\",\"valueRequired\":true,\"valueName\":\"search_term_string\"}}],\"inLanguage\":\"fr-FR\"},{\"@type\":\"Person\",\"@id\":\"https:\\\/\\\/www.abd-bvd.be\\\/fr\\\/#\\\/schema\\\/person\\\/b16d2027ba7bd24752b02f45e6c2d628\",\"name\":\"Guy Delsaut\",\"image\":{\"@type\":\"ImageObject\",\"inLanguage\":\"fr-FR\",\"@id\":\"https:\\\/\\\/secure.gravatar.com\\\/avatar\\\/661ab3e27256975e79639c97a039adabdf47fbcdcd1883bad66ee2e8b41bdfa7?s=96&d=mm&r=g\",\"url\":\"https:\\\/\\\/secure.gravatar.com\\\/avatar\\\/661ab3e27256975e79639c97a039adabdf47fbcdcd1883bad66ee2e8b41bdfa7?s=96&d=mm&r=g\",\"contentUrl\":\"https:\\\/\\\/secure.gravatar.com\\\/avatar\\\/661ab3e27256975e79639c97a039adabdf47fbcdcd1883bad66ee2e8b41bdfa7?s=96&d=mm&r=g\",\"caption\":\"Guy Delsaut\"},\"url\":\"https:\\\/\\\/www.abd-bvd.be\\\/fr\\\/author\\\/guy-delsaut\\\/\"}]}<\/script>\n<!-- \/ Yoast SEO plugin. -->","yoast_head_json":{"title":"Cahiers de la Documentation 2012\/4 (d\u00e9cembre 2012) - ABD-BVD","robots":{"index":"index","follow":"follow","max-snippet":"max-snippet:-1","max-image-preview":"max-image-preview:large","max-video-preview":"max-video-preview:-1"},"canonical":"https:\/\/www.abd-bvd.be\/fr\/cahiers-de-la-documentation\/2012-4\/","og_locale":"fr_FR","og_type":"article","og_title":"Cahiers de la Documentation 2012\/4 (d\u00e9cembre 2012) - ABD-BVD","og_description":"NUM\u00c9RO SP\u00c9CIAL Inforum 2012 \u00ab\u00a0Alt+0169\u00a0\u00bb: Copyright v. copywrong \u00c9ditorial Le num\u00e9ro des Cahiers de d\u00e9cembre devient petit \u00e0 petit un classique consacr\u00e9 au dernier Inforum. Un autre grand classique est, telle une tirelire en ces temps de crise, le casse-t\u00eate auquel le coordinateur de cette journ\u00e9e d\u2019\u00e9tude est confront\u00e9 en vue de faire surgir de [&hellip;]","og_url":"https:\/\/www.abd-bvd.be\/fr\/cahiers-de-la-documentation\/2012-4\/","og_site_name":"ABD-BVD","article_published_time":"2012-12-01T16:16:54+00:00","article_modified_time":"2018-07-25T13:34:08+00:00","og_image":[{"url":"https:\/\/www.abd-bvd.be\/wp-content\/uploads\/cover2012-4_small.jpg","type":"","width":"","height":""}],"author":"Guy Delsaut","twitter_card":"summary_large_image","twitter_misc":{"\u00c9crit par":"Guy Delsaut","Dur\u00e9e de lecture estim\u00e9e":"10 minutes"},"schema":{"@context":"https:\/\/schema.org","@graph":[{"@type":"Article","@id":"https:\/\/www.abd-bvd.be\/fr\/cahiers-de-la-documentation\/2012-4\/#article","isPartOf":{"@id":"https:\/\/www.abd-bvd.be\/fr\/cahiers-de-la-documentation\/2012-4\/"},"author":{"name":"Guy Delsaut","@id":"https:\/\/www.abd-bvd.be\/fr\/#\/schema\/person\/b16d2027ba7bd24752b02f45e6c2d628"},"headline":"Cahiers de la Documentation 2012\/4 (d\u00e9cembre 2012)","datePublished":"2012-12-01T16:16:54+00:00","dateModified":"2018-07-25T13:34:08+00:00","mainEntityOfPage":{"@id":"https:\/\/www.abd-bvd.be\/fr\/cahiers-de-la-documentation\/2012-4\/"},"wordCount":2033,"image":{"@id":"https:\/\/www.abd-bvd.be\/fr\/cahiers-de-la-documentation\/2012-4\/#primaryimage"},"thumbnailUrl":"https:\/\/www.abd-bvd.be\/wp-content\/uploads\/cover2012-4_small.jpg","articleSection":["Cahiers de la Documentation"],"inLanguage":"fr-FR"},{"@type":"WebPage","@id":"https:\/\/www.abd-bvd.be\/fr\/cahiers-de-la-documentation\/2012-4\/","url":"https:\/\/www.abd-bvd.be\/fr\/cahiers-de-la-documentation\/2012-4\/","name":"Cahiers de la Documentation 2012\/4 (d\u00e9cembre 2012) - ABD-BVD","isPartOf":{"@id":"https:\/\/www.abd-bvd.be\/fr\/#website"},"primaryImageOfPage":{"@id":"https:\/\/www.abd-bvd.be\/fr\/cahiers-de-la-documentation\/2012-4\/#primaryimage"},"image":{"@id":"https:\/\/www.abd-bvd.be\/fr\/cahiers-de-la-documentation\/2012-4\/#primaryimage"},"thumbnailUrl":"https:\/\/www.abd-bvd.be\/wp-content\/uploads\/cover2012-4_small.jpg","datePublished":"2012-12-01T16:16:54+00:00","dateModified":"2018-07-25T13:34:08+00:00","author":{"@id":"https:\/\/www.abd-bvd.be\/fr\/#\/schema\/person\/b16d2027ba7bd24752b02f45e6c2d628"},"breadcrumb":{"@id":"https:\/\/www.abd-bvd.be\/fr\/cahiers-de-la-documentation\/2012-4\/#breadcrumb"},"inLanguage":"fr-FR","potentialAction":[{"@type":"ReadAction","target":["https:\/\/www.abd-bvd.be\/fr\/cahiers-de-la-documentation\/2012-4\/"]}]},{"@type":"ImageObject","inLanguage":"fr-FR","@id":"https:\/\/www.abd-bvd.be\/fr\/cahiers-de-la-documentation\/2012-4\/#primaryimage","url":"https:\/\/www.abd-bvd.be\/wp-content\/uploads\/cover2012-4_small.jpg","contentUrl":"https:\/\/www.abd-bvd.be\/wp-content\/uploads\/cover2012-4_small.jpg"},{"@type":"BreadcrumbList","@id":"https:\/\/www.abd-bvd.be\/fr\/cahiers-de-la-documentation\/2012-4\/#breadcrumb","itemListElement":[{"@type":"ListItem","position":1,"name":"Accueil","item":"https:\/\/www.abd-bvd.be\/fr\/"},{"@type":"ListItem","position":2,"name":"Cahiers de la Documentation 2012\/4 (d\u00e9cembre 2012)"}]},{"@type":"WebSite","@id":"https:\/\/www.abd-bvd.be\/fr\/#website","url":"https:\/\/www.abd-bvd.be\/fr\/","name":"ABD-BVD","description":"Association Belge de documentation - Belgische verniging voor documentatie","potentialAction":[{"@type":"SearchAction","target":{"@type":"EntryPoint","urlTemplate":"https:\/\/www.abd-bvd.be\/fr\/?s={search_term_string}"},"query-input":{"@type":"PropertyValueSpecification","valueRequired":true,"valueName":"search_term_string"}}],"inLanguage":"fr-FR"},{"@type":"Person","@id":"https:\/\/www.abd-bvd.be\/fr\/#\/schema\/person\/b16d2027ba7bd24752b02f45e6c2d628","name":"Guy Delsaut","image":{"@type":"ImageObject","inLanguage":"fr-FR","@id":"https:\/\/secure.gravatar.com\/avatar\/661ab3e27256975e79639c97a039adabdf47fbcdcd1883bad66ee2e8b41bdfa7?s=96&d=mm&r=g","url":"https:\/\/secure.gravatar.com\/avatar\/661ab3e27256975e79639c97a039adabdf47fbcdcd1883bad66ee2e8b41bdfa7?s=96&d=mm&r=g","contentUrl":"https:\/\/secure.gravatar.com\/avatar\/661ab3e27256975e79639c97a039adabdf47fbcdcd1883bad66ee2e8b41bdfa7?s=96&d=mm&r=g","caption":"Guy Delsaut"},"url":"https:\/\/www.abd-bvd.be\/fr\/author\/guy-delsaut\/"}]}},"_links":{"self":[{"href":"https:\/\/www.abd-bvd.be\/fr\/wp-json\/wp\/v2\/posts\/3781","targetHints":{"allow":["GET"]}}],"collection":[{"href":"https:\/\/www.abd-bvd.be\/fr\/wp-json\/wp\/v2\/posts"}],"about":[{"href":"https:\/\/www.abd-bvd.be\/fr\/wp-json\/wp\/v2\/types\/post"}],"author":[{"embeddable":true,"href":"https:\/\/www.abd-bvd.be\/fr\/wp-json\/wp\/v2\/users\/5"}],"replies":[{"embeddable":true,"href":"https:\/\/www.abd-bvd.be\/fr\/wp-json\/wp\/v2\/comments?post=3781"}],"version-history":[{"count":1,"href":"https:\/\/www.abd-bvd.be\/fr\/wp-json\/wp\/v2\/posts\/3781\/revisions"}],"predecessor-version":[{"id":12208,"href":"https:\/\/www.abd-bvd.be\/fr\/wp-json\/wp\/v2\/posts\/3781\/revisions\/12208"}],"wp:attachment":[{"href":"https:\/\/www.abd-bvd.be\/fr\/wp-json\/wp\/v2\/media?parent=3781"}],"wp:term":[{"taxonomy":"category","embeddable":true,"href":"https:\/\/www.abd-bvd.be\/fr\/wp-json\/wp\/v2\/categories?post=3781"},{"taxonomy":"post_tag","embeddable":true,"href":"https:\/\/www.abd-bvd.be\/fr\/wp-json\/wp\/v2\/tags?post=3781"}],"curies":[{"name":"wp","href":"https:\/\/api.w.org\/{rel}","templated":true}]}}