{"id":3699,"date":"2015-10-05T11:56:59","date_gmt":"2015-10-05T11:56:59","guid":{"rendered":"http:\/\/www.abd-bvd.be\/?p=3699"},"modified":"2015-10-05T11:56:59","modified_gmt":"2015-10-05T11:56:59","slug":"mini-formation-sur-le-mind-mapping","status":"publish","type":"post","link":"https:\/\/www.abd-bvd.be\/fr\/agenda\/mini-formation-sur-le-mind-mapping\/","title":{"rendered":"Mini-formation sur le mind mapping"},"content":{"rendered":"<p>Venez assister nombreux \u00e0 notre premier Doc&rsquo;Moment de rentr\u00e9e, sur le mind mapping, qui aura lieu le <a href=\"https:\/\/www.eventbrite.com\/e\/docmoment-et-mind-mapping-registration-18901946230\">12 octobre prochain<\/a>. Deux orateurs vous proposeront une mini-formation sur le sujet. Mich\u00e8le Orban, Charg\u00e9e de veille, d\u00e9veloppera, avec exemples \u00e0 l\u2019appui, en quoi le mind mapping repr\u00e9sente un outil transversal de visualisation et d\u2019exploitation de l\u2019information int\u00e9ressant dans les diff\u00e9rents m\u00e9tiers de l\u2019I&amp;D. De son c\u00f4t\u00e9, Arnaud Seeuws, Documentaliste au Centre Antipoisons belge, nous expliquera quels sont les outils existants sur le march\u00e9, en illustrant avec de nombreux exemples les possibilit\u00e9s infinies du mind mapping.<\/p>\n","protected":false},"excerpt":{"rendered":"<p>Venez assister nombreux \u00e0 notre premier Doc&rsquo;Moment de rentr\u00e9e, sur le mind mapping, qui aura lieu le 12 octobre prochain. Deux orateurs vous proposeront une mini-formation sur le sujet. Mich\u00e8le Orban, Charg\u00e9e de veille, d\u00e9veloppera, avec exemples \u00e0 l\u2019appui, en quoi le mind mapping repr\u00e9sente un outil transversal de visualisation et d\u2019exploitation de l\u2019information int\u00e9ressant [&hellip;]<\/p>\n","protected":false},"author":4,"featured_media":0,"comment_status":"open","ping_status":"open","sticky":false,"template":"","format":"standard","meta":{"_acf_changed":false,"footnotes":"","_wpscppro_dont_share_socialmedia":false,"_wpscppro_custom_social_share_image":0,"_facebook_share_type":"","_twitter_share_type":"","_linkedin_share_type":"","_pinterest_share_type":"","_linkedin_share_type_page":"","_instagram_share_type":"","_medium_share_type":"","_threads_share_type":"","_google_business_share_type":"","_selected_social_profile":[],"_wpsp_enable_custom_social_template":false,"_wpsp_social_scheduling":{"enabled":false,"datetime":null,"platforms":[],"status":"template_only","dateOption":"today","timeOption":"now","customDays":"","customHours":"","customDate":"","customTime":"","schedulingType":"absolute"},"_wpsp_active_default_template":true},"categories":[67],"tags":[],"class_list":["post-3699","post","type-post","status-publish","format-standard","hentry","category-agenda"],"acf":[],"yoast_head":"<!-- This site is optimized with the Yoast SEO plugin v27.4 - https:\/\/yoast.com\/product\/yoast-seo-wordpress\/ -->\n<title>Mini-formation sur le mind mapping - ABD-BVD<\/title>\n<meta name=\"robots\" content=\"index, follow, max-snippet:-1, max-image-preview:large, max-video-preview:-1\" \/>\n<link rel=\"canonical\" href=\"https:\/\/www.abd-bvd.be\/fr\/agenda\/mini-formation-sur-le-mind-mapping\/\" \/>\n<meta property=\"og:locale\" content=\"fr_FR\" \/>\n<meta property=\"og:type\" content=\"article\" \/>\n<meta property=\"og:title\" content=\"Mini-formation sur le mind mapping - ABD-BVD\" \/>\n<meta property=\"og:description\" content=\"Venez assister nombreux \u00e0 notre premier Doc&rsquo;Moment de rentr\u00e9e, sur le mind mapping, qui aura lieu le 12 octobre prochain. Deux orateurs vous proposeront une mini-formation sur le sujet. Mich\u00e8le Orban, Charg\u00e9e de veille, d\u00e9veloppera, avec exemples \u00e0 l\u2019appui, en quoi le mind mapping repr\u00e9sente un outil transversal de visualisation et d\u2019exploitation de l\u2019information int\u00e9ressant [&hellip;]\" \/>\n<meta property=\"og:url\" content=\"https:\/\/www.abd-bvd.be\/fr\/agenda\/mini-formation-sur-le-mind-mapping\/\" \/>\n<meta property=\"og:site_name\" content=\"ABD-BVD\" \/>\n<meta property=\"article:published_time\" content=\"2015-10-05T11:56:59+00:00\" \/>\n<meta name=\"author\" content=\"Denis Renard\" \/>\n<meta name=\"twitter:card\" content=\"summary_large_image\" \/>\n<meta name=\"twitter:label1\" content=\"\u00c9crit par\" \/>\n\t<meta name=\"twitter:data1\" content=\"Denis Renard\" \/>\n\t<meta name=\"twitter:label2\" content=\"Dur\u00e9e de lecture estim\u00e9e\" \/>\n\t<meta name=\"twitter:data2\" content=\"1 minute\" \/>\n<script type=\"application\/ld+json\" class=\"yoast-schema-graph\">{\"@context\":\"https:\\\/\\\/schema.org\",\"@graph\":[{\"@type\":\"Article\",\"@id\":\"https:\\\/\\\/www.abd-bvd.be\\\/fr\\\/agenda\\\/mini-formation-sur-le-mind-mapping\\\/#article\",\"isPartOf\":{\"@id\":\"https:\\\/\\\/www.abd-bvd.be\\\/fr\\\/agenda\\\/mini-formation-sur-le-mind-mapping\\\/\"},\"author\":{\"name\":\"Denis Renard\",\"@id\":\"https:\\\/\\\/www.abd-bvd.be\\\/fr\\\/#\\\/schema\\\/person\\\/0d16c496f6feee4f47cc24bcbf31a977\"},\"headline\":\"Mini-formation sur le mind mapping\",\"datePublished\":\"2015-10-05T11:56:59+00:00\",\"mainEntityOfPage\":{\"@id\":\"https:\\\/\\\/www.abd-bvd.be\\\/fr\\\/agenda\\\/mini-formation-sur-le-mind-mapping\\\/\"},\"wordCount\":112,\"commentCount\":0,\"articleSection\":[\"Agenda\"],\"inLanguage\":\"fr-FR\",\"potentialAction\":[{\"@type\":\"CommentAction\",\"name\":\"Comment\",\"target\":[\"https:\\\/\\\/www.abd-bvd.be\\\/fr\\\/agenda\\\/mini-formation-sur-le-mind-mapping\\\/#respond\"]}]},{\"@type\":\"WebPage\",\"@id\":\"https:\\\/\\\/www.abd-bvd.be\\\/fr\\\/agenda\\\/mini-formation-sur-le-mind-mapping\\\/\",\"url\":\"https:\\\/\\\/www.abd-bvd.be\\\/fr\\\/agenda\\\/mini-formation-sur-le-mind-mapping\\\/\",\"name\":\"Mini-formation sur le mind mapping - ABD-BVD\",\"isPartOf\":{\"@id\":\"https:\\\/\\\/www.abd-bvd.be\\\/fr\\\/#website\"},\"datePublished\":\"2015-10-05T11:56:59+00:00\",\"author\":{\"@id\":\"https:\\\/\\\/www.abd-bvd.be\\\/fr\\\/#\\\/schema\\\/person\\\/0d16c496f6feee4f47cc24bcbf31a977\"},\"breadcrumb\":{\"@id\":\"https:\\\/\\\/www.abd-bvd.be\\\/fr\\\/agenda\\\/mini-formation-sur-le-mind-mapping\\\/#breadcrumb\"},\"inLanguage\":\"fr-FR\",\"potentialAction\":[{\"@type\":\"ReadAction\",\"target\":[\"https:\\\/\\\/www.abd-bvd.be\\\/fr\\\/agenda\\\/mini-formation-sur-le-mind-mapping\\\/\"]}]},{\"@type\":\"BreadcrumbList\",\"@id\":\"https:\\\/\\\/www.abd-bvd.be\\\/fr\\\/agenda\\\/mini-formation-sur-le-mind-mapping\\\/#breadcrumb\",\"itemListElement\":[{\"@type\":\"ListItem\",\"position\":1,\"name\":\"Accueil\",\"item\":\"https:\\\/\\\/www.abd-bvd.be\\\/fr\\\/\"},{\"@type\":\"ListItem\",\"position\":2,\"name\":\"Mini-formation sur le mind mapping\"}]},{\"@type\":\"WebSite\",\"@id\":\"https:\\\/\\\/www.abd-bvd.be\\\/fr\\\/#website\",\"url\":\"https:\\\/\\\/www.abd-bvd.be\\\/fr\\\/\",\"name\":\"ABD-BVD\",\"description\":\"Association Belge de documentation - Belgische verniging voor documentatie\",\"potentialAction\":[{\"@type\":\"SearchAction\",\"target\":{\"@type\":\"EntryPoint\",\"urlTemplate\":\"https:\\\/\\\/www.abd-bvd.be\\\/fr\\\/?s={search_term_string}\"},\"query-input\":{\"@type\":\"PropertyValueSpecification\",\"valueRequired\":true,\"valueName\":\"search_term_string\"}}],\"inLanguage\":\"fr-FR\"},{\"@type\":\"Person\",\"@id\":\"https:\\\/\\\/www.abd-bvd.be\\\/fr\\\/#\\\/schema\\\/person\\\/0d16c496f6feee4f47cc24bcbf31a977\",\"name\":\"Denis Renard\",\"image\":{\"@type\":\"ImageObject\",\"inLanguage\":\"fr-FR\",\"@id\":\"https:\\\/\\\/secure.gravatar.com\\\/avatar\\\/c67055c0818126ab779102d6298b647d4d6a2bcfa9c37a4e1ff7ad4663218f58?s=96&d=mm&r=g\",\"url\":\"https:\\\/\\\/secure.gravatar.com\\\/avatar\\\/c67055c0818126ab779102d6298b647d4d6a2bcfa9c37a4e1ff7ad4663218f58?s=96&d=mm&r=g\",\"contentUrl\":\"https:\\\/\\\/secure.gravatar.com\\\/avatar\\\/c67055c0818126ab779102d6298b647d4d6a2bcfa9c37a4e1ff7ad4663218f58?s=96&d=mm&r=g\",\"caption\":\"Denis Renard\"},\"url\":\"https:\\\/\\\/www.abd-bvd.be\\\/fr\\\/author\\\/denis-renard\\\/\"}]}<\/script>\n<!-- \/ Yoast SEO plugin. -->","yoast_head_json":{"title":"Mini-formation sur le mind mapping - ABD-BVD","robots":{"index":"index","follow":"follow","max-snippet":"max-snippet:-1","max-image-preview":"max-image-preview:large","max-video-preview":"max-video-preview:-1"},"canonical":"https:\/\/www.abd-bvd.be\/fr\/agenda\/mini-formation-sur-le-mind-mapping\/","og_locale":"fr_FR","og_type":"article","og_title":"Mini-formation sur le mind mapping - ABD-BVD","og_description":"Venez assister nombreux \u00e0 notre premier Doc&rsquo;Moment de rentr\u00e9e, sur le mind mapping, qui aura lieu le 12 octobre prochain. Deux orateurs vous proposeront une mini-formation sur le sujet. Mich\u00e8le Orban, Charg\u00e9e de veille, d\u00e9veloppera, avec exemples \u00e0 l\u2019appui, en quoi le mind mapping repr\u00e9sente un outil transversal de visualisation et d\u2019exploitation de l\u2019information int\u00e9ressant [&hellip;]","og_url":"https:\/\/www.abd-bvd.be\/fr\/agenda\/mini-formation-sur-le-mind-mapping\/","og_site_name":"ABD-BVD","article_published_time":"2015-10-05T11:56:59+00:00","author":"Denis Renard","twitter_card":"summary_large_image","twitter_misc":{"\u00c9crit par":"Denis Renard","Dur\u00e9e de lecture estim\u00e9e":"1 minute"},"schema":{"@context":"https:\/\/schema.org","@graph":[{"@type":"Article","@id":"https:\/\/www.abd-bvd.be\/fr\/agenda\/mini-formation-sur-le-mind-mapping\/#article","isPartOf":{"@id":"https:\/\/www.abd-bvd.be\/fr\/agenda\/mini-formation-sur-le-mind-mapping\/"},"author":{"name":"Denis Renard","@id":"https:\/\/www.abd-bvd.be\/fr\/#\/schema\/person\/0d16c496f6feee4f47cc24bcbf31a977"},"headline":"Mini-formation sur le mind mapping","datePublished":"2015-10-05T11:56:59+00:00","mainEntityOfPage":{"@id":"https:\/\/www.abd-bvd.be\/fr\/agenda\/mini-formation-sur-le-mind-mapping\/"},"wordCount":112,"commentCount":0,"articleSection":["Agenda"],"inLanguage":"fr-FR","potentialAction":[{"@type":"CommentAction","name":"Comment","target":["https:\/\/www.abd-bvd.be\/fr\/agenda\/mini-formation-sur-le-mind-mapping\/#respond"]}]},{"@type":"WebPage","@id":"https:\/\/www.abd-bvd.be\/fr\/agenda\/mini-formation-sur-le-mind-mapping\/","url":"https:\/\/www.abd-bvd.be\/fr\/agenda\/mini-formation-sur-le-mind-mapping\/","name":"Mini-formation sur le mind mapping - ABD-BVD","isPartOf":{"@id":"https:\/\/www.abd-bvd.be\/fr\/#website"},"datePublished":"2015-10-05T11:56:59+00:00","author":{"@id":"https:\/\/www.abd-bvd.be\/fr\/#\/schema\/person\/0d16c496f6feee4f47cc24bcbf31a977"},"breadcrumb":{"@id":"https:\/\/www.abd-bvd.be\/fr\/agenda\/mini-formation-sur-le-mind-mapping\/#breadcrumb"},"inLanguage":"fr-FR","potentialAction":[{"@type":"ReadAction","target":["https:\/\/www.abd-bvd.be\/fr\/agenda\/mini-formation-sur-le-mind-mapping\/"]}]},{"@type":"BreadcrumbList","@id":"https:\/\/www.abd-bvd.be\/fr\/agenda\/mini-formation-sur-le-mind-mapping\/#breadcrumb","itemListElement":[{"@type":"ListItem","position":1,"name":"Accueil","item":"https:\/\/www.abd-bvd.be\/fr\/"},{"@type":"ListItem","position":2,"name":"Mini-formation sur le mind mapping"}]},{"@type":"WebSite","@id":"https:\/\/www.abd-bvd.be\/fr\/#website","url":"https:\/\/www.abd-bvd.be\/fr\/","name":"ABD-BVD","description":"Association Belge de documentation - Belgische verniging voor documentatie","potentialAction":[{"@type":"SearchAction","target":{"@type":"EntryPoint","urlTemplate":"https:\/\/www.abd-bvd.be\/fr\/?s={search_term_string}"},"query-input":{"@type":"PropertyValueSpecification","valueRequired":true,"valueName":"search_term_string"}}],"inLanguage":"fr-FR"},{"@type":"Person","@id":"https:\/\/www.abd-bvd.be\/fr\/#\/schema\/person\/0d16c496f6feee4f47cc24bcbf31a977","name":"Denis Renard","image":{"@type":"ImageObject","inLanguage":"fr-FR","@id":"https:\/\/secure.gravatar.com\/avatar\/c67055c0818126ab779102d6298b647d4d6a2bcfa9c37a4e1ff7ad4663218f58?s=96&d=mm&r=g","url":"https:\/\/secure.gravatar.com\/avatar\/c67055c0818126ab779102d6298b647d4d6a2bcfa9c37a4e1ff7ad4663218f58?s=96&d=mm&r=g","contentUrl":"https:\/\/secure.gravatar.com\/avatar\/c67055c0818126ab779102d6298b647d4d6a2bcfa9c37a4e1ff7ad4663218f58?s=96&d=mm&r=g","caption":"Denis Renard"},"url":"https:\/\/www.abd-bvd.be\/fr\/author\/denis-renard\/"}]}},"_links":{"self":[{"href":"https:\/\/www.abd-bvd.be\/fr\/wp-json\/wp\/v2\/posts\/3699","targetHints":{"allow":["GET"]}}],"collection":[{"href":"https:\/\/www.abd-bvd.be\/fr\/wp-json\/wp\/v2\/posts"}],"about":[{"href":"https:\/\/www.abd-bvd.be\/fr\/wp-json\/wp\/v2\/types\/post"}],"author":[{"embeddable":true,"href":"https:\/\/www.abd-bvd.be\/fr\/wp-json\/wp\/v2\/users\/4"}],"replies":[{"embeddable":true,"href":"https:\/\/www.abd-bvd.be\/fr\/wp-json\/wp\/v2\/comments?post=3699"}],"version-history":[{"count":0,"href":"https:\/\/www.abd-bvd.be\/fr\/wp-json\/wp\/v2\/posts\/3699\/revisions"}],"wp:attachment":[{"href":"https:\/\/www.abd-bvd.be\/fr\/wp-json\/wp\/v2\/media?parent=3699"}],"wp:term":[{"taxonomy":"category","embeddable":true,"href":"https:\/\/www.abd-bvd.be\/fr\/wp-json\/wp\/v2\/categories?post=3699"},{"taxonomy":"post_tag","embeddable":true,"href":"https:\/\/www.abd-bvd.be\/fr\/wp-json\/wp\/v2\/tags?post=3699"}],"curies":[{"name":"wp","href":"https:\/\/api.w.org\/{rel}","templated":true}]}}