{"id":32490,"date":"2022-11-22T16:55:38","date_gmt":"2022-11-22T15:55:38","guid":{"rendered":"https:\/\/www.abd-bvd.be\/?p=32490"},"modified":"2023-05-09T16:59:52","modified_gmt":"2023-05-09T14:59:52","slug":"inforum-2022-its-all-about-data-2","status":"publish","type":"post","link":"https:\/\/www.abd-bvd.be\/fr\/inforum\/inforum-2022-its-all-about-data-2\/","title":{"rendered":"Inforum 2022 &#8211; It\u2019s all about data"},"content":{"rendered":"<p style=\"text-align: justify;\"><img loading=\"lazy\" decoding=\"async\" class=\"size-medium wp-image-32497 aligncenter\" src=\"https:\/\/www.abd-bvd.be\/wp-content\/uploads\/20221025_visuel-inforum_v4_sara-1-300x200.jpg\" alt=\"\" width=\"300\" height=\"200\" srcset=\"https:\/\/www.abd-bvd.be\/wp-content\/uploads\/20221025_visuel-inforum_v4_sara-1-300x200.jpg 300w, https:\/\/www.abd-bvd.be\/wp-content\/uploads\/20221025_visuel-inforum_v4_sara-1-1024x683.jpg 1024w, https:\/\/www.abd-bvd.be\/wp-content\/uploads\/20221025_visuel-inforum_v4_sara-1-768x512.jpg 768w, https:\/\/www.abd-bvd.be\/wp-content\/uploads\/20221025_visuel-inforum_v4_sara-1-1536x1024.jpg 1536w, https:\/\/www.abd-bvd.be\/wp-content\/uploads\/20221025_visuel-inforum_v4_sara-1.jpg 1920w\" sizes=\"auto, (max-width: 300px) 100vw, 300px\" \/><\/p>\n<p style=\"text-align: justify;\">On l\u2019a entendu \u00e0 maintes reprises\u00a0: data is the new gold. C\u2019est vrai dans un contexte acad\u00e9mique comme dans un contexte professionnel. Les donn\u00e9es, sous-jacentes aux publications, sont ce qui permet de valider les r\u00e9sultats de la recherche. De m\u00eame, la r\u00e9flexion strat\u00e9gique en entreprise se base sur des donn\u00e9es permettant d\u2019objectiver la prise de d\u00e9cision. \u00c9tant donn\u00e9 l\u2019importance cruciale des donn\u00e9es,\u00a0leur gestion est devenue un enjeu majeur. Comment les rendre accessibles, comment les documenter, comment les pr\u00e9server sur le long terme, quelle est la meilleure mani\u00e8re de les sauvegarder et stocker\u00a0? En d\u2019autres termes, comment appliquer les principes FAIR en diff\u00e9rents contextes, \u00e0 l\u2019universit\u00e9, en entreprise, dans un institut de recherche\u00a0? Telles sont les questions que nous aborderons lors de l\u2019Inforum 2022.<\/p>\n<h2><span style=\"color: #591414;\"><strong>Programme<\/strong><\/span><\/h2>\n<h3><span style=\"color: #591414;\"><strong>9h00-9h30: Accueil des participants et caf\u00e9<\/strong><\/span><\/h3>\n<p><strong>9h30-9h45 : Introduction<\/strong><\/p>\n<ul>\n<li><strong>Denis Renard,<\/strong>\u00a0Pr\u00e9sident ABD-BVD<\/li>\n<li><strong>Sophie Vandepontseele,<\/strong>\u00a0Directrice Collections contemporaines KBR<\/li>\n<\/ul>\n<h3><span style=\"color: #591414;\">9h45-10h45 : session 1, mod\u00e9rateur: Robert van der Vooren<\/span><\/h3>\n<p><strong>9h45-10h15 :<\/strong><strong>\u00a0Dieuwertje Bloemen (KULeuven),\u00a0<\/strong><strong>Data sharing @ KU Leuven \u2013 presentatie in het Nederlands<\/strong><\/p>\n<p>&nbsp;<\/p>\n<p style=\"text-align: justify;\"><strong>Abstract :<br \/>\n<\/strong>Les principes FAIR sont le fil conducteur de la strat\u00e9gie de gestion des donn\u00e9es scientifiques de la KU Leuven. Mais qu\u2019en est-il du partage de donn\u00e9es dans le contexte des donn\u00e9es FAIR? Et comment pouvons-nous convaincre les chercheurs et les soutenir afin que leurs donn\u00e9es soient aussi FAIR que possible? En 2012 KU Leuven a lanc\u00e9 son propre d\u00e9p\u00f4t institutionnel de donn\u00e9es scientifiques, RDR, en tant qu\u2019\u00e9l\u00e9ment essentiel de l\u2019infrastructure de partage de donn\u00e9es de KU Leuven pour la FAIRification de donn\u00e9es de recherche scientifique. Le d\u00e9p\u00f4t institutionnel montre comment les institutions de recherche peuvent aider les chercheurs \u00e0 publier suivant les principes FAIR leurs donn\u00e9es de recherche, afin ainsi d\u2019avancer plus loin vers l\u2019Open Science for Data.<\/p>\n<p style=\"text-align: justify;\">Dieuwertje Bloemen a \u00e9tudi\u00e9 les langues et litt\u00e9ratures \u00e0 la KU Leuven, se sp\u00e9cialisant en linguistique variationnelle quantitative anglaise. Elle travaille actuellement chez LIBIS en tant que product manager pour RDR, le d\u00e9p\u00f4t institutionnel de donn\u00e9es scientifiques de la KU Leuven et pour Lirias (Leuven Institutional Repository and Information Archiving System). En tant que product manager de RDR, elle est l\u2019une des cinq membres du centre de comp\u00e9tences en mati\u00e8re de research data management. Elle est responsable en particulier de la phase de la gestion des donn\u00e9es qui suit la parution des publications, dans laquelle RDR joue un r\u00f4le important dans l\u2019architecture que la KU Leuven a mise en place pour le research data management.<\/p>\n<p><span class=\"file-button\"><a href=\"https:\/\/www.abd-bvd.be\/wp-content\/uploads\/bloemen.pdf\">T\u00e9l\u00e9chargez ici la pr\u00e9sentation de Dieuwertje Bloemen (NL)<\/a><\/span><\/p>\n<p><strong>10h15-10h45 :\u00a0<\/strong><strong>Christine Okret-Manville<\/strong>\u00a0(Directrice du Service commun de documentation de l\u2019universit\u00e9 Paris Dauphine-PSL<strong>), Le bingo de la science ouverte : une approche p\u00e9dago-ludique pour aborder la science ouverte avec les chercheurs \u2013 pr\u00e9sentation en fran\u00e7ais<\/strong><\/p>\n<p style=\"text-align: justify;\"><strong>\u00a0<\/strong><strong>Abstract :<\/strong><br \/>\nSi le d\u00e9veloppement de la science ouverte dans un \u00e9tablissement d\u2019enseignement sup\u00e9rieur et de recherche n\u00e9cessite un portage politique fort, il s\u2019appuie \u00e9galement sur une action continue de formation et d\u2019information \u00e0 l\u2019attention des chercheurs, pr\u00e9sentant les b\u00e9n\u00e9fices qui peuvent \u00eatre tir\u00e9s de l\u2019adoption de pratiques ouvertes. Les biblioth\u00e8ques, en premi\u00e8re ligne pour mener cette action, constatent souvent des pr\u00e9jug\u00e9s ou inqui\u00e9tudes concernant la science ouverte. Il leur faut alors trouver le moyen le plus efficace pour \u00e9voquer ces appr\u00e9hensions avec les chercheurs et d\u00e9velopper un discours positif et nuanc\u00e9 dans des contextes disciplinaires vari\u00e9s. Cette intervention pr\u00e9sente une approche p\u00e9dago-ludique facile \u00e0 utiliser, et r\u00e9plicable : le bingo de la science ouverte.<\/p>\n<p style=\"text-align: justify;\">Christine Okret-Manville est Docteur en histoire, dipl\u00f4m\u00e9e de l\u2019Ecole nationale des chartes, directrice de la biblioth\u00e8que de l\u2019universit\u00e9 Paris Dauphine-PSL. \u00c9galement r\u00e9f\u00e9rente science ouverte pour mon universit\u00e9 et membre du groupe de travail sur les comp\u00e9tences et formations dans le cadre du Comit\u00e9 pour la Science Ouverte form\u00e9 sous l\u2019\u00e9gide du Minist\u00e8re de l\u2019enseignement sup\u00e9rieur et de la recherche (MESR).<\/p>\n<p><span class=\"file-button\"><a href=\"https:\/\/www.abd-bvd.be\/wp-content\/uploads\/Bingo_ChristineOkretManville_ABD2022-Voix.pdf\">T\u00e9l\u00e9chargez ici la pr\u00e9sentation de Christine Okret-Manville\u00a0 (FR)<\/a><\/span><\/p>\n<h3><span style=\"color: #591414;\">10h45-11h15\u00a0: pause<\/span><\/h3>\n<h3><span style=\"color: #591414;\">11h15-12h15\u00a0: session 2, mod\u00e9rateur: Robert van der Vooren<\/span><\/h3>\n<p><strong>11h15-11h45 : Julie Birkholz<\/strong>\u00a0(Assistant Professor of Digital Humanities, Ghent University, Ghent, Belgium &amp; Lead of the Royal Library of Belgium\u2019s Digital Research Lab),\u00a0<strong>Sally Chambers<\/strong>\u00a0(DATA-KBR-BE Project Coordinator, KBR Royal Library of Belgium and Digital Humanities Research Coordinator, Ghent Centre for Digital Humanities),\u00a0<strong>Towards a Digital Data Strategy for KBR: a cross-departmental collaboration<\/strong><\/p>\n<p style=\"text-align: justify;\"><strong>\u00a0<\/strong><strong>Abstract :<\/strong><strong><br \/>\n<\/strong>KBR conserve des millions de documents tels que manuscrits, livres, journaux, plans, mais aussi des versions num\u00e9riques de ces documents analogiques, ou encore des documents exclusivement num\u00e9riques, et des publications \u00e9lectroniques. Ceci inclut des copies num\u00e9riques, des donn\u00e9es bibliographiques, publiques, patrimoniales, des collections comme donn\u00e9es (\u2018collection as data\u2019), des r\u00e9sultats de recherches et des donn\u00e9es scientifiques. Le volume croissant de ces informations impose le d\u00e9veloppement de nouveaux proc\u00e9d\u00e9s afin de traiter une telle vari\u00e9t\u00e9 de types de donn\u00e9es. La strat\u00e9gie des donn\u00e9es num\u00e9riques de KBR consiste en un plan d\u00e9taill\u00e9 de gestion de la diversit\u00e9 des donn\u00e9es (par exemple les divers formats impos\u00e9s par les diff\u00e9rents types de donn\u00e9es), du volume (par exemple les besoins accrus de stockage n\u00e9cessaire pour garantir l\u2019accessibilit\u00e9 et la plus haute pr\u00e9cision de l\u2019information sur les sources de donn\u00e9es, sur les versions num\u00e9ris\u00e9es, sur les donn\u00e9es elle-m\u00eames), la fiabilit\u00e9 (par exemple la garantie de qualit\u00e9 et d\u2019accessibilit\u00e9 dans de nouveaux modes d\u2019acc\u00e8s), la gestion des droits, et dans certains cas l\u2019augmentation de la demande de ces services (par exemple si des chercheurs ne demandent plus \u00e0 consulter un seul ouvrage, mais le contenu de millions d\u2019ouvrages.), ceci en respectant les principes FAIR (Findable, Accessible, Interoperable, Reusable). Nous envisageons \u00e9galement la conservation \u00e0 long terme. Au cours de cet expos\u00e9, nous n\u2019\u00e9voquerons pas seulement la n\u00e9cessit\u00e9 d\u2019une strat\u00e9gie, mais nous montrerons comment nous avons pu d\u00e9velopper ce plan impliquant un groupe de travail compos\u00e9 de diff\u00e9rents experts dans le cadre de ce plan d\u2019action de KBR.<strong>\u00a0<\/strong><\/p>\n<p><span class=\"file-button\"><a href=\"https:\/\/www.abd-bvd.be\/wp-content\/uploads\/ABD-BVD-Inforum_-Towards-a-Digital-Data-Strategy-for-KBR-4.pdf\">T\u00e9l\u00e9chargez ici la pr\u00e9sentation conjointe deJulie Bircholz et Sally Chambers et\u00a0 (NL)<\/a><\/span><br \/>\n<span class=\"file-button\"><a href=\"https:\/\/www.youtube.com\/watch?v=AbbLqFV-DpE\" target=\"_blank\" rel=\"noopener\">Julie Birkholz &#8211; Sally Chambers, (Video Youytube)<\/a><\/span><\/p>\n<p><strong>11h45-12h15 : Carmen Cercelescu<\/strong>, (Enterprise Data Governance Advisor, Euronova),\u00a0<strong>Le data management, un cas industriel \u2013 pr\u00e9sentation en fran\u00e7ais<\/strong><\/p>\n<p style=\"text-align: justify;\"><strong>Abstract :<br \/>\n<\/strong>De nombreux programmes de gouvernance de donn\u00e9es \u00e9chouent\u00a0 du premier coup (jusqu\u2019\u00e0 90% selon Gartner).Notre courte intervention porte sur d\u2019importants enseignements tir\u00e9s de la mise en \u0153uvre d\u2019un programme de gestion des donn\u00e9es au cours de ces 2,5 derni\u00e8res ann\u00e9es, chez Toyota Motor Europe. Le programme de gestion de donn\u00e9es est ex\u00e9cut\u00e9 dans le cadre strat\u00e9gique du programme d\u2019information lanc\u00e9 pour r\u00e9pondre aux ambitions de l\u2019entreprise en mati\u00e8re de cas d\u2019usage qui visent des outils d\u2019analyse avanc\u00e9e. La pr\u00e9sentation met en avant les meilleures pratiques, qui se sont av\u00e9r\u00e9es d\u00e9terminantes pour le succ\u00e8s du parcours de gouvernance des donn\u00e9es chez Toyota Motor Europe, \u00e0 travers\u00a0\u00a0trois aspects cl\u00e9s :<\/p>\n<ul>\n<li>Les d\u00e9fis du parcours vers une entreprise ax\u00e9es sur les donn\u00e9es,<\/li>\n<li>L\u2019importance d\u2019un cadre de gouvernance des donn\u00e9es \u00e9volutifs<\/li>\n<li>La gestion du changement \u00e0 travers des formations bien \u00e9tablies.<\/li>\n<\/ul>\n<p style=\"text-align: justify;\">Carmen Cercelescu est une praticienne de la gouvernance des donn\u00e9es avec une solide exp\u00e9rience dans la gestion des programmes de transformation des donn\u00e9es, construite au cours des 15 derni\u00e8res ann\u00e9es dans de grandes entreprises, principalement dans le domaine de la finance et de l\u2019assurance. En tant que consultante et practice lead, elle est une conseill\u00e8re reconnue et une \u00e9vang\u00e9liste des meilleures pratiques dans le domaine de la gouvernance et de la gestion des donn\u00e9es avec une obsession pour une approche pragmatique, bien dimensionn\u00e9e sur la culture et le positionnement strat\u00e9gique de l\u2019entreprise. Sa passion pour les connaissances scientifiques appliqu\u00e9es en neurosciences, renforc\u00e9e par la r\u00e9cente certification MIT Sloan en neurosciences pour les entreprises, sont des comp\u00e9tences cl\u00e9s pour conduire avec succ\u00e8s le changement de cultures des donn\u00e9es.<\/p>\n<p><span class=\"file-button\"><a href=\"https:\/\/www.abd-bvd.be\/wp-content\/uploads\/TME-use-case-presentation_cercelescu.pdf\">T\u00e9l\u00e9chargez ici la pr\u00e9sentation de Carmen Cercelescu (FR)<\/a><\/span><\/p>\n<h3><span style=\"color: #591414;\"><strong>12h15-13h40\u00a0: lunch<\/strong><\/span><\/h3>\n<h3><span style=\"color: #591414;\">13h40-14h00\u00a0: Remise du Prix ABD-BVD<\/span><\/h3>\n<p><strong>C\u00e9line Brems,<\/strong> Laur\u00e9ate du prix ABD-BVD :<br \/>\n<strong>De la gestion des documents vers une\u00a0 gouvernance informationnelle : le cas d&rsquo;une soci\u00e9t\u00e9 d&rsquo;experts comptables au Luxembourg<\/strong><\/p>\n<p><span class=\"file-button\"><a href=\"https:\/\/www.abd-bvd.be\/wp-content\/uploads\/Brems-Presentation.pdf\">T\u00e9l\u00e9chargez ici la pr\u00e9sentation de C\u00e9line Brems (FR)<\/a><\/span><\/p>\n<p>&nbsp;<\/p>\n<h3>14h00-15h00 : session 3, mod\u00e9ratrice: Maryse Colson<\/h3>\n<p><strong>14h00-14h30: Marlon Domingus<\/strong>\u00a0(Functionaris Gegevensbescherming voor de Erasmus Universiteit Rotterdam (EUR), de EUR Holding en RSM BV),\u00a0<strong>Van compliancy naar een nieuwe Europese visie op data governance. Geopolitiek via acroniemen: GDPR, DMA, DSA, DGA, DA, AIA \u2013 presentatie in het Nederlands<\/strong><\/p>\n<p style=\"text-align: justify;\"><strong>Abstract:<\/strong><strong><br \/>\n<\/strong>Alors que le RGPD est vu dans le monde entier comme la r\u00e8gle d\u2019or en mati\u00e8re de protection des donn\u00e9es, et que l\u2019on parle d\u2019un \u201ceffet Bruxelles\u201d, nous constatons au m\u00eame moment un \u00e9cart croissant entre les juridictions qui habituellement traitent suivant un \u201cdroit fond\u00e9 sur les r\u00e8gles\u201d par opposition au \u201cdroit fond\u00e9 sur le principe\u201d. Nous voyons \u00e9galement des diff\u00e9rences entre le fondement europ\u00e9en de la protection des donn\u00e9es dans des droits humains fondamentaux, et l\u2019ancrage des droits \u00e0 la vie priv\u00e9e comme un droit du consommateur.Entretemps L\u2019Europe a poursuivi son travail sur sa r\u00e8gle d\u2019or et dans diff\u00e9rents r\u00e9glements une plus large vision\u00a0 se dessine sur les donn\u00e9es, leur usage et leur gouvernance. La pr\u00e9sentation a pour but de d\u00e9voiler cette vision.Marlon Domingus est D\u00e9l\u00e9gu\u00e9 \u00e0 la Protection des donn\u00e9es \u00e0 l\u2019Erasmus Universiteit Rotterdam (EUR), aux EUR Holding et RSM BV. Il pr\u00e9side r\u00e9guli\u00e8rement des groupes de travail au niveau national. Il a d\u00e9velopp\u00e9 plusieurs modules d\u2019enseignement consacr\u00e9s \u00e0 la confidentialit\u00e9 et \u00e0 la recherche scientifique.<\/p>\n<p style=\"text-align: justify;\">Marlon est un sp\u00e9cialiste du r\u00e8glement g\u00e9n\u00e9ral de la protection des donn\u00e9es personnelles (RGPD), \u00e9crit et communique au sujet de la gouvernance en mati\u00e8re de confidentialit\u00e9, de l\u2019\u00e9thique li\u00e9e aux donn\u00e9es, des concepts de \u201cconfidentialit\u00e9 d\u00e8s la conception\u201d (\u2018privacy by design\u2019) et de l\u2019ing\u00e9nierie de la confidentialit\u00e9, de la gestion du risque, des audits de confidentialit\u00e9 et des d\u00e9veloppements de la gouvernance europ\u00e9enne en mati\u00e8re de donn\u00e9es (AI Act, DMA, DSA, DGA, DA, \u2026). Un philosophe dans le monde de la confidentialit\u00e9.<\/p>\n<p><span class=\"file-button\"><a href=\"https:\/\/https:\/\/www.abd-bvd.be\/wp-content\/uploads\/KBR-Domingus-20221122.pdf\">T\u00e9l\u00e9chargez ici la pr\u00e9sentation de Marlon Domingus (NL)<\/a><\/span><\/p>\n<p><strong>14h30-15h00: Raf Buyle<\/strong>\u00a0(Informatie Architect, Digitaal Vlaanderen),\u00a0<strong>Open Standaarden als hefboom voor een beter hergebruik van (Archief)Data \u2013 presentatie in het Nederlands<\/strong><\/p>\n<p><strong>Abstract :<\/strong><br \/>\nEOpen Standards comme levier pour une meilleure r\u00e9utilisation des archives et donn\u00e9es. Le Gouvernement flamand adopte un standard sans ambigu\u00eft\u00e9 pour l\u2019\u00e9change d\u2019informations : OSLO (Open Standards for Linking Organisations). L\u2019objectif est d\u2019assurer une plus grande coh\u00e9rence, une meilleure lisibilit\u00e9 et une meilleure accessibilit\u00e9 des informations et services. De cette mani\u00e8re, chacun peut utiliser les donn\u00e9es plus facilement. Avec OSLO, un programme d\u2019interop\u00e9rabilit\u00e9 en Flandre pour 124 domaines (<a href=\"https:\/\/data.vlaanderen.be\/\"><strong>https:\/\/data.vlaanderen.be\/<\/strong><\/a>\u00a0ou\u00a0<a href=\"https:\/\/data.vlaanderen.be\/standaarden\/\"><strong>https:\/\/data.vlaanderen.be\/standaarden\/<\/strong><\/a>) bas\u00e9 sur des normes internationales. Un tel programme existe \u00e9galement au niveau interf\u00e9d\u00e9ral (communaut\u00e9s, r\u00e9gions, gouvernement f\u00e9d\u00e9ral en Belgique) (<a href=\"https:\/\/github.com\/belgif\/review\"><strong>https:\/\/github.com\/belgif\/review<\/strong><\/a>).<\/p>\n<p style=\"text-align: justify;\">Raf Buyle est architecte de l\u2019information chez Informatie Vlaanderen et au sein de l\u2019entreprise flamande de service public en charge des donn\u00e9es. Il est passionn\u00e9 par le gouvernement \u00e9lectronique depuis 2002. Il g\u00e8re OSLO, le programme flamand en mati\u00e8re d\u2019interop\u00e9rabilit\u00e9, qui s\u2019occupe des standards ouverts pour des organisations li\u00e9es. Le focus de ce programme est de jeter des ponts entre l\u2019information des services publics et l\u2019information externe. En tant qu\u2019administrateur chez Open Knowledge Belgium, il oeuvre pour les donn\u00e9es ouvertes. Comme chercheur postdoctoral, il est aussi li\u00e9 \u00e0 l\u2019Internet Technology and Data Science Lab de l\u2019Universit\u00e9 de Gand.<\/p>\n<p><span class=\"file-button\"><a href=\"https:\/\/www.abd-bvd.be\/wp-content\/uploads\/Buyle-OSLO-Inforum-2022-20201122-v_1_01.pdf\">T\u00e9l\u00e9chargez ici la pr\u00e9sentation de Raf Buyle (NL)<\/a><\/span><\/p>\n<h3><span style=\"color: #591414;\">15h00-15h30\u00a0: pause<\/span><\/h3>\n<h3><span style=\"color: #591414;\">15h30-16h30: session 4, mod\u00e9ratrice: Maryse Colson<\/span><\/h3>\n<p><strong>15h30-16h00: Christian De Neef<\/strong>\u00a0(Partenaire fondateur FastTrack),\u00a0<strong>Sommes-nous des illettr\u00e9s de data dans un monde affam\u00e9 de donn\u00e9es? \u2013 pr\u00e9sentation en fran\u00e7ais<\/strong><\/p>\n<p style=\"text-align: justify;\"><strong>Abstract :<\/strong><br \/>\nDans la plupart des organisations, on suppose que les gens savent lire et \u00e9crire. Nous attendons en fait d\u2019eux qu\u2019ils ma\u00eetrisent plus qu\u2019une simple alphab\u00e9tisation: nous voulons qu\u2019ils disposent de mani\u00e8re implicite de comp\u00e9tences plus approfondies: grammaire, orthographe, mais aussi pr\u00e9cision, pens\u00e9e critique et analytique, capacit\u00e9 de synth\u00e8se, de prendre des d\u00e9cisions sur base des informations disponibles, etc. Pourquoi sommes-nous si peu exigeants lorsqu\u2019il s\u2019agit de donn\u00e9es? Peut-\u00eatre parce que, que nous l\u2019admettions ou pas, la plupart d\u2019entre nous sommes data-analphab\u00e8tes dans un monde toujours plus d\u00e9pendant des data!On se consid\u00e8re comme data-comp\u00e9tent parce qu\u2019on comprend un graphique en courbe, ou une infographie. Mais comprenons-nous r\u00e9ellement en profondeur la repr\u00e9sentation des donn\u00e9es? Comment savons-nous si les donn\u00e9es elles-m\u00eames, ou la mani\u00e8re dont elles ont \u00e9t\u00e9 obtenues et analys\u00e9es, ou simplement leur simple pr\u00e9sentation ne sont pas biais\u00e9es? V\u00e9rifions-nous (et pouvons-nous le faire?) si nous pouvons nous fier aux sources de donn\u00e9es? Si cela d\u00e9pendait de nous, pourrions-nous trouver les donn\u00e9es, les obtenir, les analyser, les pr\u00e9sente, les synth\u00e9tiser, expliquer les cons\u00e9quences, les r\u00e9sultats? Au cours de cette session, nous parlerons de litt\u00e9ratie des donn\u00e9es: nous \u00e9tudierons certains cadres de litt\u00e9ratie et approches de mesure, nous expliquerons son r\u00f4le \u00e0 venir dans les organisations (et leur transformation num\u00e9rique) et explorerons les voies d\u2019am\u00e9lioration de la maturit\u00e9 digitale d\u2019une organisation.<\/p>\n<p><span class=\"file-button\"><a href=\"https:\/\/www.abd-bvd.be\/wp-content\/uploads\/de-neef.pdf\">T\u00e9l\u00e9chargez ici la pr\u00e9sentation de Christian De Neef (FR)<br \/>\n<\/a><\/span><\/p>\n<p style=\"text-align: justify;\"><strong>16h00-16h30: Bernard Rentier<\/strong>\u00a0(Recteur honoraire de l\u2019Universit\u00e9 de Li\u00e8ge),\u00a0<strong>Le partage des donn\u00e9es, un d\u00e9fi culturellement contre-intuitif\u00a0\u2013 pr\u00e9sentation en fran\u00e7ais<\/strong><strong><br \/>\n<\/strong><br \/>\n<strong>Abstract :<\/strong><strong><br \/>\n<\/strong>Le partage des donn\u00e9es est un des piliers essentiels de la Science Ouverte, au m\u00eame titre que l\u2019acc\u00e8s ouvert, l\u2019archivage FAIR, les logiciels libres ou l\u2019apprentissage ouvert. Cependant, le partage de ses propres donn\u00e9es est rarement un acte spontan\u00e9. Le chercheur souhaite g\u00e9n\u00e9ralement les conserver pour lui-m\u00eame en vue de les exploiter dans le futur. Les donner ouvertement lui appara\u00eet souvent comme une d\u00e9possession inacceptable. Il est donc essentiel, dans une d\u00e9marche universelle de Science Ouverte, de faire en sorte que le chercheur trouve plus d\u2019avantages que d\u2019inconv\u00e9nients \u00e0 surmonter ce r\u00e9flexe possessif. Une telle ambition n\u00e9cessite \u00e9videmment une acceptation de la part du chercheur, mais aussi des efforts importants de la part des universit\u00e9s, des consortiums universitaires, des agences de financement de la recherche et des comit\u00e9s d\u2019\u00e9valuation. Et il existe des moyens d\u2019y parvenir, mais cela demande un effort et une acceptation du changement par l\u2019ensemble de la communaut\u00e9 scientifique.<\/p>\n<p style=\"text-align: justify;\">Bernard Rentier est biologiste sp\u00e9cialis\u00e9 en virologie. Il est Recteur honoraire de l\u2019Universit\u00e9 de Li\u00e8ge. Il est tr\u00e8s connu pour son travail en faveur de la cause de l\u2019acc\u00e8s ouvert et libre aux publications scientifiques. Il a re\u00e7u en 2014 les insignes de Docteur Honoris Causa de l\u2019Universit\u00e9 du Qu\u00e9bec \u00e0 Montr\u00e9al pour son r\u00f4le de pionnier acad\u00e9mique de l\u2019Open Access. En d\u00e9cembre 2018, il a publi\u00e9 aux \u00c9ditions de l\u2019Acad\u00e9mie Royale de Belgique un livre intitul\u00e9 : \u00ab\u00a0<em>Science Ouverte, le d\u00e9fi de la transparenc<\/em>e \u00bb dont les versions \u00e9lectroniques fran\u00e7aise et anglaise ont \u00e9t\u00e9 imm\u00e9diatement t\u00e9l\u00e9chargeables en ligne gratuitement. Le livre a re\u00e7u le Prix 2019 du Livre Politique en Belgique. Membre de l\u2019Acad\u00e9mie Royale des Sciences, des Lettres et des Beaux-Arts de Belgique, il est vice-pr\u00e9sident du Conseil f\u00e9d\u00e9ral belge de la Recherche scientifique.<\/p>\n<p><span class=\"file-button\"><a href=\"https:\/\/www.abd-bvd.be\/wp-content\/uploads\/rentier.pdf\">T\u00e9l\u00e9chargez ici la pr\u00e9sentation de Bernard Rentier (FR)<\/a><\/span><\/p>\n<h3 style=\"line-height: 15.0pt; background: white; vertical-align: top; margin: 0cm 0cm 3.75pt 0cm;\"><span style=\"color: #591414;\"><strong><span style=\"font-size: 12pt; font-family: 'Open Sans', sans-serif;\">16h30-17h00: conclusions<\/span><\/strong><\/span><\/h3>\n<ul>\n<li><strong>Sara Decoster<\/strong>, Coordinatrice scientifique de l&rsquo; Inforum 2022<\/li>\n<li><strong>Denis Renard<\/strong>, Pr\u00e9sident ABD-BVD<\/li>\n<\/ul>\n","protected":false},"excerpt":{"rendered":"<p>On l\u2019a entendu \u00e0 maintes reprises\u00a0: data is the new gold. C\u2019est vrai dans un contexte acad\u00e9mique comme dans un contexte professionnel. Les donn\u00e9es, sous-jacentes aux publications, sont ce qui permet de valider les r\u00e9sultats de la recherche. De m\u00eame, la r\u00e9flexion strat\u00e9gique en entreprise se base sur des donn\u00e9es permettant d\u2019objectiver la prise de [&hellip;]<\/p>\n","protected":false},"author":35,"featured_media":0,"comment_status":"closed","ping_status":"open","sticky":false,"template":"","format":"standard","meta":{"_acf_changed":false,"footnotes":"","_wpscppro_dont_share_socialmedia":false,"_wpscppro_custom_social_share_image":0,"_facebook_share_type":"","_twitter_share_type":"","_linkedin_share_type":"","_pinterest_share_type":"","_linkedin_share_type_page":"","_instagram_share_type":"","_medium_share_type":"","_threads_share_type":"","_google_business_share_type":"","_selected_social_profile":[],"_wpsp_enable_custom_social_template":false,"_wpsp_social_scheduling":{"enabled":false,"datetime":null,"platforms":[],"status":"template_only","dateOption":"today","timeOption":"now","customDays":"","customHours":"","customDate":"","customTime":"","schedulingType":"absolute"},"_wpsp_active_default_template":true},"categories":[68],"tags":[],"class_list":["post-32490","post","type-post","status-publish","format-standard","hentry","category-inforum"],"acf":[],"yoast_head":"<!-- This site is optimized with the Yoast SEO plugin v27.4 - https:\/\/yoast.com\/product\/yoast-seo-wordpress\/ -->\n<title>Inforum 2022 - It\u2019s all about data - ABD-BVD<\/title>\n<meta name=\"robots\" content=\"index, follow, max-snippet:-1, max-image-preview:large, max-video-preview:-1\" \/>\n<link rel=\"canonical\" href=\"https:\/\/www.abd-bvd.be\/fr\/inforum\/inforum-2022-its-all-about-data-2\/\" \/>\n<meta property=\"og:locale\" content=\"fr_FR\" \/>\n<meta property=\"og:type\" content=\"article\" \/>\n<meta property=\"og:title\" content=\"Inforum 2022 - It\u2019s all about data - ABD-BVD\" \/>\n<meta property=\"og:description\" content=\"On l\u2019a entendu \u00e0 maintes reprises\u00a0: data is the new gold. C\u2019est vrai dans un contexte acad\u00e9mique comme dans un contexte professionnel. Les donn\u00e9es, sous-jacentes aux publications, sont ce qui permet de valider les r\u00e9sultats de la recherche. De m\u00eame, la r\u00e9flexion strat\u00e9gique en entreprise se base sur des donn\u00e9es permettant d\u2019objectiver la prise de [&hellip;]\" \/>\n<meta property=\"og:url\" content=\"https:\/\/www.abd-bvd.be\/fr\/inforum\/inforum-2022-its-all-about-data-2\/\" \/>\n<meta property=\"og:site_name\" content=\"ABD-BVD\" \/>\n<meta property=\"article:published_time\" content=\"2022-11-22T15:55:38+00:00\" \/>\n<meta property=\"article:modified_time\" content=\"2023-05-09T14:59:52+00:00\" \/>\n<meta property=\"og:image\" content=\"https:\/\/www.abd-bvd.be\/wp-content\/uploads\/20221025_visuel-inforum_v4_sara-1-300x200.jpg\" \/>\n<meta name=\"author\" content=\"Vincent Duterme\" \/>\n<meta name=\"twitter:card\" content=\"summary_large_image\" \/>\n<meta name=\"twitter:label1\" content=\"\u00c9crit par\" \/>\n\t<meta name=\"twitter:data1\" content=\"Vincent Duterme\" \/>\n\t<meta name=\"twitter:label2\" content=\"Dur\u00e9e de lecture estim\u00e9e\" \/>\n\t<meta name=\"twitter:data2\" content=\"14 minutes\" \/>\n<script type=\"application\/ld+json\" class=\"yoast-schema-graph\">{\"@context\":\"https:\\\/\\\/schema.org\",\"@graph\":[{\"@type\":\"Article\",\"@id\":\"https:\\\/\\\/www.abd-bvd.be\\\/fr\\\/inforum\\\/inforum-2022-its-all-about-data-2\\\/#article\",\"isPartOf\":{\"@id\":\"https:\\\/\\\/www.abd-bvd.be\\\/fr\\\/inforum\\\/inforum-2022-its-all-about-data-2\\\/\"},\"author\":{\"name\":\"Vincent Duterme\",\"@id\":\"https:\\\/\\\/www.abd-bvd.be\\\/fr\\\/#\\\/schema\\\/person\\\/cb7d2f8c7ffd42ddb2e0d2a1281f56ab\"},\"headline\":\"Inforum 2022 &#8211; It\u2019s all about data\",\"datePublished\":\"2022-11-22T15:55:38+00:00\",\"dateModified\":\"2023-05-09T14:59:52+00:00\",\"mainEntityOfPage\":{\"@id\":\"https:\\\/\\\/www.abd-bvd.be\\\/fr\\\/inforum\\\/inforum-2022-its-all-about-data-2\\\/\"},\"wordCount\":2825,\"image\":{\"@id\":\"https:\\\/\\\/www.abd-bvd.be\\\/fr\\\/inforum\\\/inforum-2022-its-all-about-data-2\\\/#primaryimage\"},\"thumbnailUrl\":\"https:\\\/\\\/www.abd-bvd.be\\\/wp-content\\\/uploads\\\/20221025_visuel-inforum_v4_sara-1-300x200.jpg\",\"articleSection\":[\"Inforum\"],\"inLanguage\":\"fr-FR\"},{\"@type\":\"WebPage\",\"@id\":\"https:\\\/\\\/www.abd-bvd.be\\\/fr\\\/inforum\\\/inforum-2022-its-all-about-data-2\\\/\",\"url\":\"https:\\\/\\\/www.abd-bvd.be\\\/fr\\\/inforum\\\/inforum-2022-its-all-about-data-2\\\/\",\"name\":\"Inforum 2022 - It\u2019s all about data - ABD-BVD\",\"isPartOf\":{\"@id\":\"https:\\\/\\\/www.abd-bvd.be\\\/fr\\\/#website\"},\"primaryImageOfPage\":{\"@id\":\"https:\\\/\\\/www.abd-bvd.be\\\/fr\\\/inforum\\\/inforum-2022-its-all-about-data-2\\\/#primaryimage\"},\"image\":{\"@id\":\"https:\\\/\\\/www.abd-bvd.be\\\/fr\\\/inforum\\\/inforum-2022-its-all-about-data-2\\\/#primaryimage\"},\"thumbnailUrl\":\"https:\\\/\\\/www.abd-bvd.be\\\/wp-content\\\/uploads\\\/20221025_visuel-inforum_v4_sara-1-300x200.jpg\",\"datePublished\":\"2022-11-22T15:55:38+00:00\",\"dateModified\":\"2023-05-09T14:59:52+00:00\",\"author\":{\"@id\":\"https:\\\/\\\/www.abd-bvd.be\\\/fr\\\/#\\\/schema\\\/person\\\/cb7d2f8c7ffd42ddb2e0d2a1281f56ab\"},\"breadcrumb\":{\"@id\":\"https:\\\/\\\/www.abd-bvd.be\\\/fr\\\/inforum\\\/inforum-2022-its-all-about-data-2\\\/#breadcrumb\"},\"inLanguage\":\"fr-FR\",\"potentialAction\":[{\"@type\":\"ReadAction\",\"target\":[\"https:\\\/\\\/www.abd-bvd.be\\\/fr\\\/inforum\\\/inforum-2022-its-all-about-data-2\\\/\"]}]},{\"@type\":\"ImageObject\",\"inLanguage\":\"fr-FR\",\"@id\":\"https:\\\/\\\/www.abd-bvd.be\\\/fr\\\/inforum\\\/inforum-2022-its-all-about-data-2\\\/#primaryimage\",\"url\":\"https:\\\/\\\/www.abd-bvd.be\\\/wp-content\\\/uploads\\\/20221025_visuel-inforum_v4_sara-1-300x200.jpg\",\"contentUrl\":\"https:\\\/\\\/www.abd-bvd.be\\\/wp-content\\\/uploads\\\/20221025_visuel-inforum_v4_sara-1-300x200.jpg\"},{\"@type\":\"BreadcrumbList\",\"@id\":\"https:\\\/\\\/www.abd-bvd.be\\\/fr\\\/inforum\\\/inforum-2022-its-all-about-data-2\\\/#breadcrumb\",\"itemListElement\":[{\"@type\":\"ListItem\",\"position\":1,\"name\":\"Accueil\",\"item\":\"https:\\\/\\\/www.abd-bvd.be\\\/fr\\\/\"},{\"@type\":\"ListItem\",\"position\":2,\"name\":\"Inforum 2022 &#8211; It\u2019s all about data\"}]},{\"@type\":\"WebSite\",\"@id\":\"https:\\\/\\\/www.abd-bvd.be\\\/fr\\\/#website\",\"url\":\"https:\\\/\\\/www.abd-bvd.be\\\/fr\\\/\",\"name\":\"ABD-BVD\",\"description\":\"Association Belge de documentation - Belgische verniging voor documentatie\",\"potentialAction\":[{\"@type\":\"SearchAction\",\"target\":{\"@type\":\"EntryPoint\",\"urlTemplate\":\"https:\\\/\\\/www.abd-bvd.be\\\/fr\\\/?s={search_term_string}\"},\"query-input\":{\"@type\":\"PropertyValueSpecification\",\"valueRequired\":true,\"valueName\":\"search_term_string\"}}],\"inLanguage\":\"fr-FR\"},{\"@type\":\"Person\",\"@id\":\"https:\\\/\\\/www.abd-bvd.be\\\/fr\\\/#\\\/schema\\\/person\\\/cb7d2f8c7ffd42ddb2e0d2a1281f56ab\",\"name\":\"Vincent Duterme\",\"image\":{\"@type\":\"ImageObject\",\"inLanguage\":\"fr-FR\",\"@id\":\"https:\\\/\\\/secure.gravatar.com\\\/avatar\\\/fce374dcb079715cd155bd4a5722f648814fa90bd4ec1de755c4150726d61439?s=96&d=mm&r=g\",\"url\":\"https:\\\/\\\/secure.gravatar.com\\\/avatar\\\/fce374dcb079715cd155bd4a5722f648814fa90bd4ec1de755c4150726d61439?s=96&d=mm&r=g\",\"contentUrl\":\"https:\\\/\\\/secure.gravatar.com\\\/avatar\\\/fce374dcb079715cd155bd4a5722f648814fa90bd4ec1de755c4150726d61439?s=96&d=mm&r=g\",\"caption\":\"Vincent Duterme\"},\"url\":\"https:\\\/\\\/www.abd-bvd.be\\\/fr\\\/author\\\/vincent-duterme\\\/\"}]}<\/script>\n<!-- \/ Yoast SEO plugin. -->","yoast_head_json":{"title":"Inforum 2022 - It\u2019s all about data - ABD-BVD","robots":{"index":"index","follow":"follow","max-snippet":"max-snippet:-1","max-image-preview":"max-image-preview:large","max-video-preview":"max-video-preview:-1"},"canonical":"https:\/\/www.abd-bvd.be\/fr\/inforum\/inforum-2022-its-all-about-data-2\/","og_locale":"fr_FR","og_type":"article","og_title":"Inforum 2022 - It\u2019s all about data - ABD-BVD","og_description":"On l\u2019a entendu \u00e0 maintes reprises\u00a0: data is the new gold. C\u2019est vrai dans un contexte acad\u00e9mique comme dans un contexte professionnel. Les donn\u00e9es, sous-jacentes aux publications, sont ce qui permet de valider les r\u00e9sultats de la recherche. De m\u00eame, la r\u00e9flexion strat\u00e9gique en entreprise se base sur des donn\u00e9es permettant d\u2019objectiver la prise de [&hellip;]","og_url":"https:\/\/www.abd-bvd.be\/fr\/inforum\/inforum-2022-its-all-about-data-2\/","og_site_name":"ABD-BVD","article_published_time":"2022-11-22T15:55:38+00:00","article_modified_time":"2023-05-09T14:59:52+00:00","og_image":[{"url":"https:\/\/www.abd-bvd.be\/wp-content\/uploads\/20221025_visuel-inforum_v4_sara-1-300x200.jpg","type":"","width":"","height":""}],"author":"Vincent Duterme","twitter_card":"summary_large_image","twitter_misc":{"\u00c9crit par":"Vincent Duterme","Dur\u00e9e de lecture estim\u00e9e":"14 minutes"},"schema":{"@context":"https:\/\/schema.org","@graph":[{"@type":"Article","@id":"https:\/\/www.abd-bvd.be\/fr\/inforum\/inforum-2022-its-all-about-data-2\/#article","isPartOf":{"@id":"https:\/\/www.abd-bvd.be\/fr\/inforum\/inforum-2022-its-all-about-data-2\/"},"author":{"name":"Vincent Duterme","@id":"https:\/\/www.abd-bvd.be\/fr\/#\/schema\/person\/cb7d2f8c7ffd42ddb2e0d2a1281f56ab"},"headline":"Inforum 2022 &#8211; It\u2019s all about data","datePublished":"2022-11-22T15:55:38+00:00","dateModified":"2023-05-09T14:59:52+00:00","mainEntityOfPage":{"@id":"https:\/\/www.abd-bvd.be\/fr\/inforum\/inforum-2022-its-all-about-data-2\/"},"wordCount":2825,"image":{"@id":"https:\/\/www.abd-bvd.be\/fr\/inforum\/inforum-2022-its-all-about-data-2\/#primaryimage"},"thumbnailUrl":"https:\/\/www.abd-bvd.be\/wp-content\/uploads\/20221025_visuel-inforum_v4_sara-1-300x200.jpg","articleSection":["Inforum"],"inLanguage":"fr-FR"},{"@type":"WebPage","@id":"https:\/\/www.abd-bvd.be\/fr\/inforum\/inforum-2022-its-all-about-data-2\/","url":"https:\/\/www.abd-bvd.be\/fr\/inforum\/inforum-2022-its-all-about-data-2\/","name":"Inforum 2022 - It\u2019s all about data - ABD-BVD","isPartOf":{"@id":"https:\/\/www.abd-bvd.be\/fr\/#website"},"primaryImageOfPage":{"@id":"https:\/\/www.abd-bvd.be\/fr\/inforum\/inforum-2022-its-all-about-data-2\/#primaryimage"},"image":{"@id":"https:\/\/www.abd-bvd.be\/fr\/inforum\/inforum-2022-its-all-about-data-2\/#primaryimage"},"thumbnailUrl":"https:\/\/www.abd-bvd.be\/wp-content\/uploads\/20221025_visuel-inforum_v4_sara-1-300x200.jpg","datePublished":"2022-11-22T15:55:38+00:00","dateModified":"2023-05-09T14:59:52+00:00","author":{"@id":"https:\/\/www.abd-bvd.be\/fr\/#\/schema\/person\/cb7d2f8c7ffd42ddb2e0d2a1281f56ab"},"breadcrumb":{"@id":"https:\/\/www.abd-bvd.be\/fr\/inforum\/inforum-2022-its-all-about-data-2\/#breadcrumb"},"inLanguage":"fr-FR","potentialAction":[{"@type":"ReadAction","target":["https:\/\/www.abd-bvd.be\/fr\/inforum\/inforum-2022-its-all-about-data-2\/"]}]},{"@type":"ImageObject","inLanguage":"fr-FR","@id":"https:\/\/www.abd-bvd.be\/fr\/inforum\/inforum-2022-its-all-about-data-2\/#primaryimage","url":"https:\/\/www.abd-bvd.be\/wp-content\/uploads\/20221025_visuel-inforum_v4_sara-1-300x200.jpg","contentUrl":"https:\/\/www.abd-bvd.be\/wp-content\/uploads\/20221025_visuel-inforum_v4_sara-1-300x200.jpg"},{"@type":"BreadcrumbList","@id":"https:\/\/www.abd-bvd.be\/fr\/inforum\/inforum-2022-its-all-about-data-2\/#breadcrumb","itemListElement":[{"@type":"ListItem","position":1,"name":"Accueil","item":"https:\/\/www.abd-bvd.be\/fr\/"},{"@type":"ListItem","position":2,"name":"Inforum 2022 &#8211; It\u2019s all about data"}]},{"@type":"WebSite","@id":"https:\/\/www.abd-bvd.be\/fr\/#website","url":"https:\/\/www.abd-bvd.be\/fr\/","name":"ABD-BVD","description":"Association Belge de documentation - Belgische verniging voor documentatie","potentialAction":[{"@type":"SearchAction","target":{"@type":"EntryPoint","urlTemplate":"https:\/\/www.abd-bvd.be\/fr\/?s={search_term_string}"},"query-input":{"@type":"PropertyValueSpecification","valueRequired":true,"valueName":"search_term_string"}}],"inLanguage":"fr-FR"},{"@type":"Person","@id":"https:\/\/www.abd-bvd.be\/fr\/#\/schema\/person\/cb7d2f8c7ffd42ddb2e0d2a1281f56ab","name":"Vincent Duterme","image":{"@type":"ImageObject","inLanguage":"fr-FR","@id":"https:\/\/secure.gravatar.com\/avatar\/fce374dcb079715cd155bd4a5722f648814fa90bd4ec1de755c4150726d61439?s=96&d=mm&r=g","url":"https:\/\/secure.gravatar.com\/avatar\/fce374dcb079715cd155bd4a5722f648814fa90bd4ec1de755c4150726d61439?s=96&d=mm&r=g","contentUrl":"https:\/\/secure.gravatar.com\/avatar\/fce374dcb079715cd155bd4a5722f648814fa90bd4ec1de755c4150726d61439?s=96&d=mm&r=g","caption":"Vincent Duterme"},"url":"https:\/\/www.abd-bvd.be\/fr\/author\/vincent-duterme\/"}]}},"_links":{"self":[{"href":"https:\/\/www.abd-bvd.be\/fr\/wp-json\/wp\/v2\/posts\/32490","targetHints":{"allow":["GET"]}}],"collection":[{"href":"https:\/\/www.abd-bvd.be\/fr\/wp-json\/wp\/v2\/posts"}],"about":[{"href":"https:\/\/www.abd-bvd.be\/fr\/wp-json\/wp\/v2\/types\/post"}],"author":[{"embeddable":true,"href":"https:\/\/www.abd-bvd.be\/fr\/wp-json\/wp\/v2\/users\/35"}],"replies":[{"embeddable":true,"href":"https:\/\/www.abd-bvd.be\/fr\/wp-json\/wp\/v2\/comments?post=32490"}],"version-history":[{"count":58,"href":"https:\/\/www.abd-bvd.be\/fr\/wp-json\/wp\/v2\/posts\/32490\/revisions"}],"predecessor-version":[{"id":32645,"href":"https:\/\/www.abd-bvd.be\/fr\/wp-json\/wp\/v2\/posts\/32490\/revisions\/32645"}],"wp:attachment":[{"href":"https:\/\/www.abd-bvd.be\/fr\/wp-json\/wp\/v2\/media?parent=32490"}],"wp:term":[{"taxonomy":"category","embeddable":true,"href":"https:\/\/www.abd-bvd.be\/fr\/wp-json\/wp\/v2\/categories?post=32490"},{"taxonomy":"post_tag","embeddable":true,"href":"https:\/\/www.abd-bvd.be\/fr\/wp-json\/wp\/v2\/tags?post=32490"}],"curies":[{"name":"wp","href":"https:\/\/api.w.org\/{rel}","templated":true}]}}