{"id":3224,"date":"2011-12-15T14:32:25","date_gmt":"2011-12-15T14:32:25","guid":{"rendered":"http:\/\/www.abd-bvd.be\/?p=3224"},"modified":"2015-09-01T14:35:18","modified_gmt":"2015-09-01T14:35:18","slug":"decembre-2011","status":"publish","type":"post","link":"https:\/\/www.abd-bvd.be\/fr\/doc-moments\/decembre-2011\/","title":{"rendered":"D\u00e9cembre 2011 &#8211; La curation : V(i)eille lune ? Nouveaux outils ?"},"content":{"rendered":"<h2 style=\"text-align: justify;\"><span id=\"yui_3_16_0_1_1441114818950_20120\" lang=\"EN-US\"><span id=\"yui_3_16_0_1_1441114818950_20119\"><span id=\"yui_3_16_0_1_1441114818950_20123\">Curation : Convergence des tendances de s\u00e9lection, organisation et mise \u00e0 disposition de l\u2019information<\/span><\/span><\/span><\/h2>\n<p style=\"text-align: justify;\"><span id=\"yui_3_16_0_1_1441114818950_20120\" lang=\"EN-US\"><span id=\"yui_3_16_0_1_1441114818950_20119\">par Fabienne <strong>Vandekerkove<\/strong>, Chief Knowledge Officer, <a href=\"http:\/\/www.knowledgeplaza.net\/\">Knowledge Plaza<\/a>, et Gr\u00e9gory <strong>Culpin<\/strong>, Business Developper, Knowledge Plaza<\/span><\/span><\/p>\n<h2 style=\"text-align: justify;\"><span id=\"yui_3_16_0_1_1441114818950_20423\" lang=\"EN-US\"><span id=\"yui_3_16_0_1_1441114818950_20422\">Curation : prendre le train en marche ou le regarder passer ?<\/span><\/span><\/h2>\n<p style=\"text-align: justify;\"><span id=\"yui_3_16_0_1_1441114818950_20423\" lang=\"EN-US\"><span id=\"yui_3_16_0_1_1441114818950_20422\">par Pierre-Yves <strong>Debliquy<\/strong>, Fondateur de Brainsfeed<\/span><\/span><\/p>\n<p style=\"text-align: justify;\"><span id=\"yui_3_16_0_1_1441114818950_20115\" lang=\"EN-US\"><span id=\"yui_3_16_0_1_1441114818950_20114\">Le concept de curation (ou <span id=\"yui_3_16_0_1_1441114818950_20113\" class=\"yiv8472836889apple-style-span\">la s\u00e9lection des contenus en ligne les plus pertinents, leur mise en valeur et leur partage)<\/span> fait d\u00e9bat. <\/span><\/span><span id=\"yui_3_16_0_1_1441114818950_20118\"><span id=\"yui_3_16_0_1_1441114818950_20117\">S\u2019agit-il d\u2019une nouvelle approche, de nouveaux outils, de nouvelles demandes de la part de nos utilisateurs, d\u2019un nouveau m\u00e9tier ? Ou d\u2019un nouveau terme \u201c\u00e0 la mode\u201d pour (re)nommer des aspects d\u00e9j\u00e0 couramment couverts par notre activit\u00e9 documentaire ?<\/span><\/span><\/p>\n<p style=\"text-align: justify;\">Lieu : WTC III<\/p>\n","protected":false},"excerpt":{"rendered":"<p>Curation : Convergence des tendances de s\u00e9lection, organisation et mise \u00e0 disposition de l\u2019information par Fabienne Vandekerkove, Chief Knowledge Officer, Knowledge Plaza, et Gr\u00e9gory Culpin, Business Developper, Knowledge Plaza Curation : prendre le train en marche ou le regarder passer ? par Pierre-Yves Debliquy, Fondateur de Brainsfeed Le concept de curation (ou la s\u00e9lection des [&hellip;]<\/p>\n","protected":false},"author":11,"featured_media":0,"comment_status":"open","ping_status":"open","sticky":false,"template":"","format":"standard","meta":{"_acf_changed":false,"footnotes":"","_wpscppro_dont_share_socialmedia":false,"_wpscppro_custom_social_share_image":0,"_facebook_share_type":"","_twitter_share_type":"","_linkedin_share_type":"","_pinterest_share_type":"","_linkedin_share_type_page":"","_instagram_share_type":"","_medium_share_type":"","_threads_share_type":"","_google_business_share_type":"","_selected_social_profile":[],"_wpsp_enable_custom_social_template":false,"_wpsp_social_scheduling":{"enabled":false,"datetime":null,"platforms":[],"status":"template_only","dateOption":"today","timeOption":"now","customDays":"","customHours":"","customDate":"","customTime":"","schedulingType":"absolute"},"_wpsp_active_default_template":true},"categories":[92],"tags":[],"class_list":["post-3224","post","type-post","status-publish","format-standard","hentry","category-doc-moments"],"acf":[],"yoast_head":"<!-- This site is optimized with the Yoast SEO plugin v27.4 - https:\/\/yoast.com\/product\/yoast-seo-wordpress\/ -->\n<title>D\u00e9cembre 2011 - La curation : V(i)eille lune ? Nouveaux outils ? - ABD-BVD<\/title>\n<meta name=\"robots\" content=\"index, follow, max-snippet:-1, max-image-preview:large, max-video-preview:-1\" \/>\n<link rel=\"canonical\" href=\"https:\/\/www.abd-bvd.be\/fr\/doc-moments\/decembre-2011\/\" \/>\n<meta property=\"og:locale\" content=\"fr_FR\" \/>\n<meta property=\"og:type\" content=\"article\" \/>\n<meta property=\"og:title\" content=\"D\u00e9cembre 2011 - La curation : V(i)eille lune ? Nouveaux outils ? - ABD-BVD\" \/>\n<meta property=\"og:description\" content=\"Curation : Convergence des tendances de s\u00e9lection, organisation et mise \u00e0 disposition de l\u2019information par Fabienne Vandekerkove, Chief Knowledge Officer, Knowledge Plaza, et Gr\u00e9gory Culpin, Business Developper, Knowledge Plaza Curation : prendre le train en marche ou le regarder passer ? par Pierre-Yves Debliquy, Fondateur de Brainsfeed Le concept de curation (ou la s\u00e9lection des [&hellip;]\" \/>\n<meta property=\"og:url\" content=\"https:\/\/www.abd-bvd.be\/fr\/doc-moments\/decembre-2011\/\" \/>\n<meta property=\"og:site_name\" content=\"ABD-BVD\" \/>\n<meta property=\"article:published_time\" content=\"2011-12-15T14:32:25+00:00\" \/>\n<meta property=\"article:modified_time\" content=\"2015-09-01T14:35:18+00:00\" \/>\n<meta name=\"author\" content=\"Catherine G\u00e9rard\" \/>\n<meta name=\"twitter:card\" content=\"summary_large_image\" \/>\n<meta name=\"twitter:label1\" content=\"\u00c9crit par\" \/>\n\t<meta name=\"twitter:data1\" content=\"Catherine G\u00e9rard\" \/>\n\t<meta name=\"twitter:label2\" content=\"Dur\u00e9e de lecture estim\u00e9e\" \/>\n\t<meta name=\"twitter:data2\" content=\"1 minute\" \/>\n<script type=\"application\/ld+json\" class=\"yoast-schema-graph\">{\"@context\":\"https:\\\/\\\/schema.org\",\"@graph\":[{\"@type\":\"Article\",\"@id\":\"https:\\\/\\\/www.abd-bvd.be\\\/fr\\\/doc-moments\\\/decembre-2011\\\/#article\",\"isPartOf\":{\"@id\":\"https:\\\/\\\/www.abd-bvd.be\\\/fr\\\/doc-moments\\\/decembre-2011\\\/\"},\"author\":{\"name\":\"Catherine G\u00e9rard\",\"@id\":\"https:\\\/\\\/www.abd-bvd.be\\\/fr\\\/#\\\/schema\\\/person\\\/b6755b61a1d8f94d075def4981f46068\"},\"headline\":\"D\u00e9cembre 2011 &#8211; La curation : V(i)eille lune ? Nouveaux outils ?\",\"datePublished\":\"2011-12-15T14:32:25+00:00\",\"dateModified\":\"2015-09-01T14:35:18+00:00\",\"mainEntityOfPage\":{\"@id\":\"https:\\\/\\\/www.abd-bvd.be\\\/fr\\\/doc-moments\\\/decembre-2011\\\/\"},\"wordCount\":128,\"commentCount\":0,\"articleSection\":[\"Doc'Moments\"],\"inLanguage\":\"fr-FR\",\"potentialAction\":[{\"@type\":\"CommentAction\",\"name\":\"Comment\",\"target\":[\"https:\\\/\\\/www.abd-bvd.be\\\/fr\\\/doc-moments\\\/decembre-2011\\\/#respond\"]}]},{\"@type\":\"WebPage\",\"@id\":\"https:\\\/\\\/www.abd-bvd.be\\\/fr\\\/doc-moments\\\/decembre-2011\\\/\",\"url\":\"https:\\\/\\\/www.abd-bvd.be\\\/fr\\\/doc-moments\\\/decembre-2011\\\/\",\"name\":\"D\u00e9cembre 2011 - La curation : V(i)eille lune ? Nouveaux outils ? - ABD-BVD\",\"isPartOf\":{\"@id\":\"https:\\\/\\\/www.abd-bvd.be\\\/fr\\\/#website\"},\"datePublished\":\"2011-12-15T14:32:25+00:00\",\"dateModified\":\"2015-09-01T14:35:18+00:00\",\"author\":{\"@id\":\"https:\\\/\\\/www.abd-bvd.be\\\/fr\\\/#\\\/schema\\\/person\\\/b6755b61a1d8f94d075def4981f46068\"},\"breadcrumb\":{\"@id\":\"https:\\\/\\\/www.abd-bvd.be\\\/fr\\\/doc-moments\\\/decembre-2011\\\/#breadcrumb\"},\"inLanguage\":\"fr-FR\",\"potentialAction\":[{\"@type\":\"ReadAction\",\"target\":[\"https:\\\/\\\/www.abd-bvd.be\\\/fr\\\/doc-moments\\\/decembre-2011\\\/\"]}]},{\"@type\":\"BreadcrumbList\",\"@id\":\"https:\\\/\\\/www.abd-bvd.be\\\/fr\\\/doc-moments\\\/decembre-2011\\\/#breadcrumb\",\"itemListElement\":[{\"@type\":\"ListItem\",\"position\":1,\"name\":\"Accueil\",\"item\":\"https:\\\/\\\/www.abd-bvd.be\\\/fr\\\/\"},{\"@type\":\"ListItem\",\"position\":2,\"name\":\"D\u00e9cembre 2011 &#8211; La curation : V(i)eille lune ? Nouveaux outils ?\"}]},{\"@type\":\"WebSite\",\"@id\":\"https:\\\/\\\/www.abd-bvd.be\\\/fr\\\/#website\",\"url\":\"https:\\\/\\\/www.abd-bvd.be\\\/fr\\\/\",\"name\":\"ABD-BVD\",\"description\":\"Association Belge de documentation - Belgische verniging voor documentatie\",\"potentialAction\":[{\"@type\":\"SearchAction\",\"target\":{\"@type\":\"EntryPoint\",\"urlTemplate\":\"https:\\\/\\\/www.abd-bvd.be\\\/fr\\\/?s={search_term_string}\"},\"query-input\":{\"@type\":\"PropertyValueSpecification\",\"valueRequired\":true,\"valueName\":\"search_term_string\"}}],\"inLanguage\":\"fr-FR\"},{\"@type\":\"Person\",\"@id\":\"https:\\\/\\\/www.abd-bvd.be\\\/fr\\\/#\\\/schema\\\/person\\\/b6755b61a1d8f94d075def4981f46068\",\"name\":\"Catherine G\u00e9rard\",\"image\":{\"@type\":\"ImageObject\",\"inLanguage\":\"fr-FR\",\"@id\":\"https:\\\/\\\/secure.gravatar.com\\\/avatar\\\/056de6abd907d96ee36216f287a04afb1792e8f76d2bb0915afff30cd81c37a2?s=96&d=mm&r=g\",\"url\":\"https:\\\/\\\/secure.gravatar.com\\\/avatar\\\/056de6abd907d96ee36216f287a04afb1792e8f76d2bb0915afff30cd81c37a2?s=96&d=mm&r=g\",\"contentUrl\":\"https:\\\/\\\/secure.gravatar.com\\\/avatar\\\/056de6abd907d96ee36216f287a04afb1792e8f76d2bb0915afff30cd81c37a2?s=96&d=mm&r=g\",\"caption\":\"Catherine G\u00e9rard\"},\"url\":\"https:\\\/\\\/www.abd-bvd.be\\\/fr\\\/author\\\/catherine-gerard\\\/\"}]}<\/script>\n<!-- \/ Yoast SEO plugin. -->","yoast_head_json":{"title":"D\u00e9cembre 2011 - La curation : V(i)eille lune ? Nouveaux outils ? - ABD-BVD","robots":{"index":"index","follow":"follow","max-snippet":"max-snippet:-1","max-image-preview":"max-image-preview:large","max-video-preview":"max-video-preview:-1"},"canonical":"https:\/\/www.abd-bvd.be\/fr\/doc-moments\/decembre-2011\/","og_locale":"fr_FR","og_type":"article","og_title":"D\u00e9cembre 2011 - La curation : V(i)eille lune ? Nouveaux outils ? - ABD-BVD","og_description":"Curation : Convergence des tendances de s\u00e9lection, organisation et mise \u00e0 disposition de l\u2019information par Fabienne Vandekerkove, Chief Knowledge Officer, Knowledge Plaza, et Gr\u00e9gory Culpin, Business Developper, Knowledge Plaza Curation : prendre le train en marche ou le regarder passer ? par Pierre-Yves Debliquy, Fondateur de Brainsfeed Le concept de curation (ou la s\u00e9lection des [&hellip;]","og_url":"https:\/\/www.abd-bvd.be\/fr\/doc-moments\/decembre-2011\/","og_site_name":"ABD-BVD","article_published_time":"2011-12-15T14:32:25+00:00","article_modified_time":"2015-09-01T14:35:18+00:00","author":"Catherine G\u00e9rard","twitter_card":"summary_large_image","twitter_misc":{"\u00c9crit par":"Catherine G\u00e9rard","Dur\u00e9e de lecture estim\u00e9e":"1 minute"},"schema":{"@context":"https:\/\/schema.org","@graph":[{"@type":"Article","@id":"https:\/\/www.abd-bvd.be\/fr\/doc-moments\/decembre-2011\/#article","isPartOf":{"@id":"https:\/\/www.abd-bvd.be\/fr\/doc-moments\/decembre-2011\/"},"author":{"name":"Catherine G\u00e9rard","@id":"https:\/\/www.abd-bvd.be\/fr\/#\/schema\/person\/b6755b61a1d8f94d075def4981f46068"},"headline":"D\u00e9cembre 2011 &#8211; La curation : V(i)eille lune ? Nouveaux outils ?","datePublished":"2011-12-15T14:32:25+00:00","dateModified":"2015-09-01T14:35:18+00:00","mainEntityOfPage":{"@id":"https:\/\/www.abd-bvd.be\/fr\/doc-moments\/decembre-2011\/"},"wordCount":128,"commentCount":0,"articleSection":["Doc'Moments"],"inLanguage":"fr-FR","potentialAction":[{"@type":"CommentAction","name":"Comment","target":["https:\/\/www.abd-bvd.be\/fr\/doc-moments\/decembre-2011\/#respond"]}]},{"@type":"WebPage","@id":"https:\/\/www.abd-bvd.be\/fr\/doc-moments\/decembre-2011\/","url":"https:\/\/www.abd-bvd.be\/fr\/doc-moments\/decembre-2011\/","name":"D\u00e9cembre 2011 - La curation : V(i)eille lune ? Nouveaux outils ? - ABD-BVD","isPartOf":{"@id":"https:\/\/www.abd-bvd.be\/fr\/#website"},"datePublished":"2011-12-15T14:32:25+00:00","dateModified":"2015-09-01T14:35:18+00:00","author":{"@id":"https:\/\/www.abd-bvd.be\/fr\/#\/schema\/person\/b6755b61a1d8f94d075def4981f46068"},"breadcrumb":{"@id":"https:\/\/www.abd-bvd.be\/fr\/doc-moments\/decembre-2011\/#breadcrumb"},"inLanguage":"fr-FR","potentialAction":[{"@type":"ReadAction","target":["https:\/\/www.abd-bvd.be\/fr\/doc-moments\/decembre-2011\/"]}]},{"@type":"BreadcrumbList","@id":"https:\/\/www.abd-bvd.be\/fr\/doc-moments\/decembre-2011\/#breadcrumb","itemListElement":[{"@type":"ListItem","position":1,"name":"Accueil","item":"https:\/\/www.abd-bvd.be\/fr\/"},{"@type":"ListItem","position":2,"name":"D\u00e9cembre 2011 &#8211; La curation : V(i)eille lune ? Nouveaux outils ?"}]},{"@type":"WebSite","@id":"https:\/\/www.abd-bvd.be\/fr\/#website","url":"https:\/\/www.abd-bvd.be\/fr\/","name":"ABD-BVD","description":"Association Belge de documentation - Belgische verniging voor documentatie","potentialAction":[{"@type":"SearchAction","target":{"@type":"EntryPoint","urlTemplate":"https:\/\/www.abd-bvd.be\/fr\/?s={search_term_string}"},"query-input":{"@type":"PropertyValueSpecification","valueRequired":true,"valueName":"search_term_string"}}],"inLanguage":"fr-FR"},{"@type":"Person","@id":"https:\/\/www.abd-bvd.be\/fr\/#\/schema\/person\/b6755b61a1d8f94d075def4981f46068","name":"Catherine G\u00e9rard","image":{"@type":"ImageObject","inLanguage":"fr-FR","@id":"https:\/\/secure.gravatar.com\/avatar\/056de6abd907d96ee36216f287a04afb1792e8f76d2bb0915afff30cd81c37a2?s=96&d=mm&r=g","url":"https:\/\/secure.gravatar.com\/avatar\/056de6abd907d96ee36216f287a04afb1792e8f76d2bb0915afff30cd81c37a2?s=96&d=mm&r=g","contentUrl":"https:\/\/secure.gravatar.com\/avatar\/056de6abd907d96ee36216f287a04afb1792e8f76d2bb0915afff30cd81c37a2?s=96&d=mm&r=g","caption":"Catherine G\u00e9rard"},"url":"https:\/\/www.abd-bvd.be\/fr\/author\/catherine-gerard\/"}]}},"_links":{"self":[{"href":"https:\/\/www.abd-bvd.be\/fr\/wp-json\/wp\/v2\/posts\/3224","targetHints":{"allow":["GET"]}}],"collection":[{"href":"https:\/\/www.abd-bvd.be\/fr\/wp-json\/wp\/v2\/posts"}],"about":[{"href":"https:\/\/www.abd-bvd.be\/fr\/wp-json\/wp\/v2\/types\/post"}],"author":[{"embeddable":true,"href":"https:\/\/www.abd-bvd.be\/fr\/wp-json\/wp\/v2\/users\/11"}],"replies":[{"embeddable":true,"href":"https:\/\/www.abd-bvd.be\/fr\/wp-json\/wp\/v2\/comments?post=3224"}],"version-history":[{"count":0,"href":"https:\/\/www.abd-bvd.be\/fr\/wp-json\/wp\/v2\/posts\/3224\/revisions"}],"wp:attachment":[{"href":"https:\/\/www.abd-bvd.be\/fr\/wp-json\/wp\/v2\/media?parent=3224"}],"wp:term":[{"taxonomy":"category","embeddable":true,"href":"https:\/\/www.abd-bvd.be\/fr\/wp-json\/wp\/v2\/categories?post=3224"},{"taxonomy":"post_tag","embeddable":true,"href":"https:\/\/www.abd-bvd.be\/fr\/wp-json\/wp\/v2\/tags?post=3224"}],"curies":[{"name":"wp","href":"https:\/\/api.w.org\/{rel}","templated":true}]}}