{"id":31883,"date":"2022-09-14T12:16:58","date_gmt":"2022-09-14T10:16:58","guid":{"rendered":"https:\/\/www.abd-bvd.be\/?p=31883"},"modified":"2022-09-14T12:19:23","modified_gmt":"2022-09-14T10:19:23","slug":"docmoment-nouveaux-regards-sur-la-veille","status":"publish","type":"post","link":"https:\/\/www.abd-bvd.be\/fr\/agenda\/docmoment-nouveaux-regards-sur-la-veille\/","title":{"rendered":"Doc&rsquo;Moment <br>Nouveaux regards sur la veille"},"content":{"rendered":"<p><strong>Doc&rsquo;Moment : les rendez-vous de l&rsquo;ABD-BVD \u2013 jeudi 29 septembre 2022 (14 \u2013 16h30)<\/strong><\/p>\n<p style=\"text-align: right;\"><span class=\"file-button\"><a href=\"https:\/\/www.eventbrite.co.uk\/e\/billets-nouveaux-regards-sur-la-veille-een-nieuwe-kijk-op-monitoring-414012581777\">S&rsquo;inscrire au Doc&rsquo;Moment<\/a><\/span><\/p>\n<h2>Comment vont \u00e9voluer les pratiques de veille sur les r\u00e9seaux sociaux\u00a0?<\/h2>\n<p><strong>Carole Tisserand-Barthole<\/strong>, R\u00e9dactrice en chef des revues <a href=\"https:\/\/www.bases-netsources.com\/\" target=\"_blank\" rel=\"noopener\"><em>Bases<\/em> et <em>Netsources<\/em><\/a> destin\u00e9es aux professionnels de l\u2019information et de la veille francophones<\/p>\n<p>Que ce soit pour la veille strat\u00e9gique, concurrentielle, m\u00e9tier et m\u00eame scientifique et innovation, les r\u00e9seaux sociaux sont aujourd\u2019hui souvent devenus des sources incontournables. Pour autant, ils restent complexes \u00e0 int\u00e9grer \u00e0 ses processus de veille du fait de la nature de leurs\u00a0 contenus, le manque d\u2019ouverture de ces outils \u00e0 des outils externes et le peu de fonctionnalit\u00e9s de recherche et de veille disponibles. Quelles sont aujourd\u2019hui les solutions et m\u00e9thodes disponibles pour faire de la veille sur les r\u00e9seaux sociaux ? Et comment tout cela pourrait-il bien \u00e9voluer dans les prochaines ann\u00e9es : ira-t-on vers plus de simplicit\u00e9 pour les int\u00e9grer \u00e0 sa veille ou bien alors plus de complexit\u00e9 ? et auront-ils toujours autant d\u2019int\u00e9r\u00eat pour la veille professionnelle\u00a0?<\/p>\n<p>&nbsp;<\/p>\n<h2>Concevoir une strat\u00e9gie de sourcing efficace pour sa veille<\/h2>\n<p><strong>Mich\u00e8le Orban<\/strong>, Formatrice et coach en veille professionnelle<\/p>\n<p>Le choix des sources est l\u2019axe fondateur sur lequel repose tout syst\u00e8me de veille. C\u2019est lui qui conditionne la qualit\u00e9 des r\u00e9sultats r\u00e9colt\u00e9s. C\u2019est \u00e9galement lui qui en conditionne la quantit\u00e9. Lorsque l\u2019on souhaite s\u2019informer, il est donc indispensable de s\u2019arr\u00eater un instant afin de r\u00e9fl\u00e9chir \u00e0 une strat\u00e9gie de sourcing efficace et adapt\u00e9e \u00e0 ses besoins. Quelle information recherche-t-on ? Comment choisir son bouquet de sources et s\u2019assurer qu\u2019il couvre le p\u00e9rim\u00e8tre informationnel n\u00e9cessaire ? Quelles techniques utiliser pour d\u00e9couvrir de nouvelles sources ? Est-il possible de veiller sans se laisser noyer par la quantit\u00e9 des sources possibles ? Comment exploiter l\u2019intelligence collective\u00a0? Autant de questions qui serviront de fil conducteur tout au long de cette intervention.<\/p>\n<hr \/>\n<p>Les pr\u00e9sentations se d\u00e9rouleront en <strong>fran\u00e7ais<\/strong><\/p>\n<p>Lieu\u00a0: <strong>KBR &#8211; Salle Concert (4<sup>e<\/sup> \u00e9tage)<br \/>\n<\/strong>Mont des Arts 28<br \/>\n1000 Bruxelles<\/p>\n<p><strong><a href=\"https:\/\/www.kbr.be\/wp-content\/uploads\/2018\/11\/bereikbaarheidsplan_plandacces.pdf\">Plan d&rsquo;acc\u00e8s<\/a><\/strong><\/p>\n<p>Membres ABD-BVD\u00a0: Gratuit<\/p>\n<p>Non membres\u00a0: 25 \u20ac<\/p>\n<p style=\"text-align: right;\"><span class=\"file-button\"><a href=\"https:\/\/www.eventbrite.co.uk\/e\/billets-nouveaux-regards-sur-la-veille-een-nieuwe-kijk-op-monitoring-414012581777\">S&rsquo;inscrire au Doc&rsquo;Moment<\/a><\/span><\/p>\n<h2><\/h2>\n<p>&nbsp;<\/p>\n<div id=\"ConnectiveDocSignExtentionInstalled\" data-extension-version=\"1.0.4\"><\/div>\n<div id=\"ConnectiveDocSignExtentionInstalled\" data-extension-version=\"1.0.4\"><\/div>\n","protected":false},"excerpt":{"rendered":"<p>Doc&rsquo;Moment : les rendez-vous de l&rsquo;ABD-BVD \u2013 jeudi 29 septembre 2022 (14 \u2013 16h30) S&rsquo;inscrire au Doc&rsquo;Moment Comment vont \u00e9voluer les pratiques de veille sur les r\u00e9seaux sociaux\u00a0? Carole Tisserand-Barthole, R\u00e9dactrice en chef des revues Bases et Netsources destin\u00e9es aux professionnels de l\u2019information et de la veille francophones Que ce soit pour la veille strat\u00e9gique, [&hellip;]<\/p>\n","protected":false},"author":24,"featured_media":0,"comment_status":"closed","ping_status":"open","sticky":false,"template":"","format":"standard","meta":{"_acf_changed":false,"footnotes":"","_wpscppro_dont_share_socialmedia":false,"_wpscppro_custom_social_share_image":0,"_facebook_share_type":"","_twitter_share_type":"","_linkedin_share_type":"","_pinterest_share_type":"","_linkedin_share_type_page":"","_instagram_share_type":"","_medium_share_type":"","_threads_share_type":"","_google_business_share_type":"","_selected_social_profile":[],"_wpsp_enable_custom_social_template":false,"_wpsp_social_scheduling":{"enabled":false,"datetime":null,"platforms":[],"status":"template_only","dateOption":"today","timeOption":"now","customDays":"","customHours":"","customDate":"","customTime":"","schedulingType":"absolute"},"_wpsp_active_default_template":true},"categories":[67],"tags":[],"class_list":["post-31883","post","type-post","status-publish","format-standard","hentry","category-agenda"],"acf":[],"yoast_head":"<!-- This site is optimized with the Yoast SEO plugin v27.4 - https:\/\/yoast.com\/product\/yoast-seo-wordpress\/ -->\n<title>Doc&#039;Moment Nouveaux regards sur la veille - ABD-BVD<\/title>\n<meta name=\"robots\" content=\"index, follow, max-snippet:-1, max-image-preview:large, max-video-preview:-1\" \/>\n<link rel=\"canonical\" href=\"https:\/\/www.abd-bvd.be\/fr\/agenda\/docmoment-nouveaux-regards-sur-la-veille\/\" \/>\n<meta property=\"og:locale\" content=\"fr_FR\" \/>\n<meta property=\"og:type\" content=\"article\" \/>\n<meta property=\"og:title\" content=\"Doc&#039;Moment Nouveaux regards sur la veille - ABD-BVD\" \/>\n<meta property=\"og:description\" content=\"Doc&rsquo;Moment : les rendez-vous de l&rsquo;ABD-BVD \u2013 jeudi 29 septembre 2022 (14 \u2013 16h30) S&rsquo;inscrire au Doc&rsquo;Moment Comment vont \u00e9voluer les pratiques de veille sur les r\u00e9seaux sociaux\u00a0? Carole Tisserand-Barthole, R\u00e9dactrice en chef des revues Bases et Netsources destin\u00e9es aux professionnels de l\u2019information et de la veille francophones Que ce soit pour la veille strat\u00e9gique, [&hellip;]\" \/>\n<meta property=\"og:url\" content=\"https:\/\/www.abd-bvd.be\/fr\/agenda\/docmoment-nouveaux-regards-sur-la-veille\/\" \/>\n<meta property=\"og:site_name\" content=\"ABD-BVD\" \/>\n<meta property=\"article:published_time\" content=\"2022-09-14T10:16:58+00:00\" \/>\n<meta property=\"article:modified_time\" content=\"2022-09-14T10:19:23+00:00\" \/>\n<meta name=\"author\" content=\"dev1\" \/>\n<meta name=\"twitter:card\" content=\"summary_large_image\" \/>\n<meta name=\"twitter:label1\" content=\"\u00c9crit par\" \/>\n\t<meta name=\"twitter:data1\" content=\"dev1\" \/>\n\t<meta name=\"twitter:label2\" content=\"Dur\u00e9e de lecture estim\u00e9e\" \/>\n\t<meta name=\"twitter:data2\" content=\"2 minutes\" \/>\n<script type=\"application\/ld+json\" class=\"yoast-schema-graph\">{\"@context\":\"https:\\\/\\\/schema.org\",\"@graph\":[{\"@type\":\"Article\",\"@id\":\"https:\\\/\\\/www.abd-bvd.be\\\/fr\\\/agenda\\\/docmoment-nouveaux-regards-sur-la-veille\\\/#article\",\"isPartOf\":{\"@id\":\"https:\\\/\\\/www.abd-bvd.be\\\/fr\\\/agenda\\\/docmoment-nouveaux-regards-sur-la-veille\\\/\"},\"author\":{\"name\":\"dev1\",\"@id\":\"https:\\\/\\\/www.abd-bvd.be\\\/fr\\\/#\\\/schema\\\/person\\\/d1d6ba03505d9e6a9d15a423f9fbc771\"},\"headline\":\"Doc&rsquo;Moment Nouveaux regards sur la veille\",\"datePublished\":\"2022-09-14T10:16:58+00:00\",\"dateModified\":\"2022-09-14T10:19:23+00:00\",\"mainEntityOfPage\":{\"@id\":\"https:\\\/\\\/www.abd-bvd.be\\\/fr\\\/agenda\\\/docmoment-nouveaux-regards-sur-la-veille\\\/\"},\"wordCount\":377,\"articleSection\":[\"Agenda\"],\"inLanguage\":\"fr-FR\"},{\"@type\":\"WebPage\",\"@id\":\"https:\\\/\\\/www.abd-bvd.be\\\/fr\\\/agenda\\\/docmoment-nouveaux-regards-sur-la-veille\\\/\",\"url\":\"https:\\\/\\\/www.abd-bvd.be\\\/fr\\\/agenda\\\/docmoment-nouveaux-regards-sur-la-veille\\\/\",\"name\":\"Doc'Moment Nouveaux regards sur la veille - ABD-BVD\",\"isPartOf\":{\"@id\":\"https:\\\/\\\/www.abd-bvd.be\\\/fr\\\/#website\"},\"datePublished\":\"2022-09-14T10:16:58+00:00\",\"dateModified\":\"2022-09-14T10:19:23+00:00\",\"author\":{\"@id\":\"https:\\\/\\\/www.abd-bvd.be\\\/fr\\\/#\\\/schema\\\/person\\\/d1d6ba03505d9e6a9d15a423f9fbc771\"},\"breadcrumb\":{\"@id\":\"https:\\\/\\\/www.abd-bvd.be\\\/fr\\\/agenda\\\/docmoment-nouveaux-regards-sur-la-veille\\\/#breadcrumb\"},\"inLanguage\":\"fr-FR\",\"potentialAction\":[{\"@type\":\"ReadAction\",\"target\":[\"https:\\\/\\\/www.abd-bvd.be\\\/fr\\\/agenda\\\/docmoment-nouveaux-regards-sur-la-veille\\\/\"]}]},{\"@type\":\"BreadcrumbList\",\"@id\":\"https:\\\/\\\/www.abd-bvd.be\\\/fr\\\/agenda\\\/docmoment-nouveaux-regards-sur-la-veille\\\/#breadcrumb\",\"itemListElement\":[{\"@type\":\"ListItem\",\"position\":1,\"name\":\"Accueil\",\"item\":\"https:\\\/\\\/www.abd-bvd.be\\\/fr\\\/\"},{\"@type\":\"ListItem\",\"position\":2,\"name\":\"Doc&#8217;Moment Nouveaux regards sur la veille\"}]},{\"@type\":\"WebSite\",\"@id\":\"https:\\\/\\\/www.abd-bvd.be\\\/fr\\\/#website\",\"url\":\"https:\\\/\\\/www.abd-bvd.be\\\/fr\\\/\",\"name\":\"ABD-BVD\",\"description\":\"Association Belge de documentation - Belgische verniging voor documentatie\",\"potentialAction\":[{\"@type\":\"SearchAction\",\"target\":{\"@type\":\"EntryPoint\",\"urlTemplate\":\"https:\\\/\\\/www.abd-bvd.be\\\/fr\\\/?s={search_term_string}\"},\"query-input\":{\"@type\":\"PropertyValueSpecification\",\"valueRequired\":true,\"valueName\":\"search_term_string\"}}],\"inLanguage\":\"fr-FR\"},{\"@type\":\"Person\",\"@id\":\"https:\\\/\\\/www.abd-bvd.be\\\/fr\\\/#\\\/schema\\\/person\\\/d1d6ba03505d9e6a9d15a423f9fbc771\",\"name\":\"dev1\",\"image\":{\"@type\":\"ImageObject\",\"inLanguage\":\"fr-FR\",\"@id\":\"https:\\\/\\\/secure.gravatar.com\\\/avatar\\\/e59026f43461a1dd35b2facbaaa27291a300b3e138c2d2414cd1ad71f051e464?s=96&d=mm&r=g\",\"url\":\"https:\\\/\\\/secure.gravatar.com\\\/avatar\\\/e59026f43461a1dd35b2facbaaa27291a300b3e138c2d2414cd1ad71f051e464?s=96&d=mm&r=g\",\"contentUrl\":\"https:\\\/\\\/secure.gravatar.com\\\/avatar\\\/e59026f43461a1dd35b2facbaaa27291a300b3e138c2d2414cd1ad71f051e464?s=96&d=mm&r=g\",\"caption\":\"dev1\"},\"url\":\"https:\\\/\\\/www.abd-bvd.be\\\/fr\\\/author\\\/dev1\\\/\"}]}<\/script>\n<!-- \/ Yoast SEO plugin. -->","yoast_head_json":{"title":"Doc'Moment Nouveaux regards sur la veille - ABD-BVD","robots":{"index":"index","follow":"follow","max-snippet":"max-snippet:-1","max-image-preview":"max-image-preview:large","max-video-preview":"max-video-preview:-1"},"canonical":"https:\/\/www.abd-bvd.be\/fr\/agenda\/docmoment-nouveaux-regards-sur-la-veille\/","og_locale":"fr_FR","og_type":"article","og_title":"Doc'Moment Nouveaux regards sur la veille - ABD-BVD","og_description":"Doc&rsquo;Moment : les rendez-vous de l&rsquo;ABD-BVD \u2013 jeudi 29 septembre 2022 (14 \u2013 16h30) S&rsquo;inscrire au Doc&rsquo;Moment Comment vont \u00e9voluer les pratiques de veille sur les r\u00e9seaux sociaux\u00a0? Carole Tisserand-Barthole, R\u00e9dactrice en chef des revues Bases et Netsources destin\u00e9es aux professionnels de l\u2019information et de la veille francophones Que ce soit pour la veille strat\u00e9gique, [&hellip;]","og_url":"https:\/\/www.abd-bvd.be\/fr\/agenda\/docmoment-nouveaux-regards-sur-la-veille\/","og_site_name":"ABD-BVD","article_published_time":"2022-09-14T10:16:58+00:00","article_modified_time":"2022-09-14T10:19:23+00:00","author":"dev1","twitter_card":"summary_large_image","twitter_misc":{"\u00c9crit par":"dev1","Dur\u00e9e de lecture estim\u00e9e":"2 minutes"},"schema":{"@context":"https:\/\/schema.org","@graph":[{"@type":"Article","@id":"https:\/\/www.abd-bvd.be\/fr\/agenda\/docmoment-nouveaux-regards-sur-la-veille\/#article","isPartOf":{"@id":"https:\/\/www.abd-bvd.be\/fr\/agenda\/docmoment-nouveaux-regards-sur-la-veille\/"},"author":{"name":"dev1","@id":"https:\/\/www.abd-bvd.be\/fr\/#\/schema\/person\/d1d6ba03505d9e6a9d15a423f9fbc771"},"headline":"Doc&rsquo;Moment Nouveaux regards sur la veille","datePublished":"2022-09-14T10:16:58+00:00","dateModified":"2022-09-14T10:19:23+00:00","mainEntityOfPage":{"@id":"https:\/\/www.abd-bvd.be\/fr\/agenda\/docmoment-nouveaux-regards-sur-la-veille\/"},"wordCount":377,"articleSection":["Agenda"],"inLanguage":"fr-FR"},{"@type":"WebPage","@id":"https:\/\/www.abd-bvd.be\/fr\/agenda\/docmoment-nouveaux-regards-sur-la-veille\/","url":"https:\/\/www.abd-bvd.be\/fr\/agenda\/docmoment-nouveaux-regards-sur-la-veille\/","name":"Doc'Moment Nouveaux regards sur la veille - ABD-BVD","isPartOf":{"@id":"https:\/\/www.abd-bvd.be\/fr\/#website"},"datePublished":"2022-09-14T10:16:58+00:00","dateModified":"2022-09-14T10:19:23+00:00","author":{"@id":"https:\/\/www.abd-bvd.be\/fr\/#\/schema\/person\/d1d6ba03505d9e6a9d15a423f9fbc771"},"breadcrumb":{"@id":"https:\/\/www.abd-bvd.be\/fr\/agenda\/docmoment-nouveaux-regards-sur-la-veille\/#breadcrumb"},"inLanguage":"fr-FR","potentialAction":[{"@type":"ReadAction","target":["https:\/\/www.abd-bvd.be\/fr\/agenda\/docmoment-nouveaux-regards-sur-la-veille\/"]}]},{"@type":"BreadcrumbList","@id":"https:\/\/www.abd-bvd.be\/fr\/agenda\/docmoment-nouveaux-regards-sur-la-veille\/#breadcrumb","itemListElement":[{"@type":"ListItem","position":1,"name":"Accueil","item":"https:\/\/www.abd-bvd.be\/fr\/"},{"@type":"ListItem","position":2,"name":"Doc&#8217;Moment Nouveaux regards sur la veille"}]},{"@type":"WebSite","@id":"https:\/\/www.abd-bvd.be\/fr\/#website","url":"https:\/\/www.abd-bvd.be\/fr\/","name":"ABD-BVD","description":"Association Belge de documentation - Belgische verniging voor documentatie","potentialAction":[{"@type":"SearchAction","target":{"@type":"EntryPoint","urlTemplate":"https:\/\/www.abd-bvd.be\/fr\/?s={search_term_string}"},"query-input":{"@type":"PropertyValueSpecification","valueRequired":true,"valueName":"search_term_string"}}],"inLanguage":"fr-FR"},{"@type":"Person","@id":"https:\/\/www.abd-bvd.be\/fr\/#\/schema\/person\/d1d6ba03505d9e6a9d15a423f9fbc771","name":"dev1","image":{"@type":"ImageObject","inLanguage":"fr-FR","@id":"https:\/\/secure.gravatar.com\/avatar\/e59026f43461a1dd35b2facbaaa27291a300b3e138c2d2414cd1ad71f051e464?s=96&d=mm&r=g","url":"https:\/\/secure.gravatar.com\/avatar\/e59026f43461a1dd35b2facbaaa27291a300b3e138c2d2414cd1ad71f051e464?s=96&d=mm&r=g","contentUrl":"https:\/\/secure.gravatar.com\/avatar\/e59026f43461a1dd35b2facbaaa27291a300b3e138c2d2414cd1ad71f051e464?s=96&d=mm&r=g","caption":"dev1"},"url":"https:\/\/www.abd-bvd.be\/fr\/author\/dev1\/"}]}},"_links":{"self":[{"href":"https:\/\/www.abd-bvd.be\/fr\/wp-json\/wp\/v2\/posts\/31883","targetHints":{"allow":["GET"]}}],"collection":[{"href":"https:\/\/www.abd-bvd.be\/fr\/wp-json\/wp\/v2\/posts"}],"about":[{"href":"https:\/\/www.abd-bvd.be\/fr\/wp-json\/wp\/v2\/types\/post"}],"author":[{"embeddable":true,"href":"https:\/\/www.abd-bvd.be\/fr\/wp-json\/wp\/v2\/users\/24"}],"replies":[{"embeddable":true,"href":"https:\/\/www.abd-bvd.be\/fr\/wp-json\/wp\/v2\/comments?post=31883"}],"version-history":[{"count":2,"href":"https:\/\/www.abd-bvd.be\/fr\/wp-json\/wp\/v2\/posts\/31883\/revisions"}],"predecessor-version":[{"id":31885,"href":"https:\/\/www.abd-bvd.be\/fr\/wp-json\/wp\/v2\/posts\/31883\/revisions\/31885"}],"wp:attachment":[{"href":"https:\/\/www.abd-bvd.be\/fr\/wp-json\/wp\/v2\/media?parent=31883"}],"wp:term":[{"taxonomy":"category","embeddable":true,"href":"https:\/\/www.abd-bvd.be\/fr\/wp-json\/wp\/v2\/categories?post=31883"},{"taxonomy":"post_tag","embeddable":true,"href":"https:\/\/www.abd-bvd.be\/fr\/wp-json\/wp\/v2\/tags?post=31883"}],"curies":[{"name":"wp","href":"https:\/\/api.w.org\/{rel}","templated":true}]}}