{"id":31796,"date":"2022-06-01T17:25:34","date_gmt":"2022-06-01T15:25:34","guid":{"rendered":"https:\/\/www.abd-bvd.be\/?p=31796"},"modified":"2022-07-24T17:27:30","modified_gmt":"2022-07-24T15:27:30","slug":"2022-1-2","status":"publish","type":"post","link":"https:\/\/www.abd-bvd.be\/fr\/cahiers-de-la-documentation\/2022-1-2\/","title":{"rendered":"Cahiers de la Documentation 2022\/1-2 (juin 2022)"},"content":{"rendered":"<p style=\"text-align: center;\"><em>Ce num\u00e9ro est d\u00e9di\u00e9 \u00e0 la m\u00e9moire de<\/em><br \/>\n<strong><em>Jacques Henrard<\/em><\/strong><br \/>\n<em>(19 septembre 1928 &#8211; 27 f\u00e9vrier 2022)<\/em><\/p>\n<h2><img loading=\"lazy\" decoding=\"async\" class=\"alignleft wp-image-20275 size-medium\" src=\"https:\/\/www.abd-bvd.be\/wp-content\/uploads\/cover-2022-1-2_middle.jpg\" alt=\"\" width=\"212\" height=\"300\" \/><\/h2>\n<h2>\u00c9ditorial<\/h2>\n<p style=\"text-align: justify;\">Cher Jacques,<\/p>\n<p style=\"text-align: justify;\">Tu es parti comme tu as v\u00e9cu : discr\u00e8tement. Nous n\u2019avons pas pu te dire au revoir, te remercier de tout ce que tu as fait pour notre association. Le covid nous a \u00e9loign\u00e9s de toi pendant les derniers mois de ta vie mais tu as toujours \u00e9t\u00e9 dans nos esprits.<\/p>\n<p style=\"text-align: justify;\">\u00c0 ta pension, apr\u00e8s une carri\u00e8re bien remplie chez Solvay, tu as d\u00e9cid\u00e9 de t\u2019engager aupr\u00e8s de notre association. M\u00eame si tu n\u2019as jamais \u00e9t\u00e9 membre du Conseil d\u2019administration, tu faisais partie de cette \u00e9quipe qui a fait vivre l\u2019ABD-BVD, pendant 35 ans. Tu \u00e9tais la m\u00e9moire de notre association et l\u2019homme de l\u2019ombre. Jamais tu ne t\u2019es mis en avant et pourtant ton r\u00f4le \u00e9tait indispensable. Pendant des ann\u00e9es, tu t\u2019es occup\u00e9 des <em>Cahiers de la Documentation<\/em>. Les recensions de livre, c\u2019\u00e9tait toi. La supervision de la mise en page, c\u2019\u00e9tait toi. Jusqu\u2019\u00e0 un \u00e2ge avanc\u00e9, tu t\u2019es occup\u00e9 de les mettre sous enveloppe, puis de les porter \u00e0 la poste, \u00e0 ce bureau d\u2019Auderghem o\u00f9 tu portais aussi si souvent le courrier pour l\u2019ABD-BVD. Tu t\u2019es aussi occup\u00e9 des archives. Notre si\u00e8ge social a d\u2019ailleurs \u00e9t\u00e9 longtemps pr\u00e8s de chez toi et tu transmettais le courrier \u00e0 qui de droit.<\/p>\n<p style=\"text-align: justify;\">Lors de nos \u00e9v\u00e9nements, tu \u00e9tais \u00e9galement toujours l\u00e0 : \u00e0 l\u2019Inforum, lors des Assembl\u00e9es g\u00e9n\u00e9rales, lors de nos anniversaires. Nos membres ont pu te rencontrer, voir l\u2019homme souriant que tu \u00e9tais. Ils ont pu appr\u00e9cier ta gentillesse, tes petits mots pour chacun. Tu nous remerciais souvent pour notre gentillesse mais c\u2019est toi qui m\u00e9ritais tous ces remerciements. Jusqu\u2019\u00e0 plus de 90 ans, tu nous as aid\u00e9s. Tu es un exemple pour nous tous.<\/p>\n<p style=\"text-align: justify;\">Le 27 f\u00e9vrier dernier, \u00e0 l\u2019\u00e2ge de 93 ans, tu es parti rejoindre le paradis des professionnels de l\u2019infodoc. L\u00e0-haut, tu auras certainement d\u00e9j\u00e0 propos\u00e9 ton aide dans l\u2019une ou l\u2019autre association c\u00e9leste, tout en continuant \u00e0 veiller sur nous.<\/p>\n<p style=\"text-align: justify;\">Jacques, tu nous manques et tu resteras \u00e0 jamais dans le c\u0153ur et dans l\u2019esprit de tous ceux et toutes celles qui t\u2019ont connu. Nous te d\u00e9dions ce num\u00e9ro qui, nous l\u2019esp\u00e9rons, te plaira.<\/p>\n<p><strong>Le Conseil d\u2019administration de l\u2019ABD-BVD<\/strong><br \/>\n<strong>Le Comit\u00e9 de publication des Cahiers de la Documentation<\/strong><\/p>\n<p>&nbsp;<\/p>\n<h2>Analyse fonctionnelle de l\u2019outil de gestion de planning LibStaffer<\/h2>\n<p><strong>Fran\u00e7ois RENAVILLE<\/strong>, Responsable des syst\u00e8mes documentaires informatis\u00e9s &#8211; Universit\u00e9 de Li\u00e8ge &#8211; ULi\u00e8ge Library<br \/>\n<strong>Fabienne PROSMANS<\/strong>, Responsable Service aux usagers et PIB, responsable scientifique Polytech &#8211; Universit\u00e9 de Li\u00e8ge &#8211; ULi\u00e8ge Library<br \/>\n<strong>Isabelle GILLES<\/strong>, Coordinatrice des ressources humaines et immobili\u00e8res de ULi\u00e8ge Library &#8211; Universit\u00e9 de Li\u00e8ge &#8211; ULi\u00e8ge Library<\/p>\n<p style=\"text-align: justify;\"><em>LibStaffer<\/em> est un outil de gestion de planning de service pour les biblioth\u00e8ques propos\u00e9 par Springshare. Dans cet article, nous exposons l\u2019analyse que nous avons mise en \u0153uvre pour d\u00e9terminer le potentiel de <em>LibStaffer<\/em> en mati\u00e8re de simplification de la gestion de planning d\u2019accueil, sur des implantations de configurations diverses, ainsi que d\u2019activit\u00e9s transversales de service au public. Nous nous sommes fond\u00e9s sur les questions \u00e9tablies par Philippe Lenepveu et Marc Maisonneuve, dans leur ouvrage consacr\u00e9 aux logiciels de gestion de planning pour les biblioth\u00e8ques, et les avons enrichies par les interrogations de plusieurs coll\u00e8gues. B\u00e9n\u00e9ficier d\u2019un test de <em>LibStaffer<\/em>, de pr\u00e8s de deux mois, nous a permis de r\u00e9pondre \u00e0 ces questions et nous a convaincus de prendre une souscription \u00e0 l\u2019outil.<\/p>\n<p>&nbsp;<\/p>\n<h2>Reaffirming the formative bias of the national library<\/h2>\n<p><strong>Bart A. BUSEYNE<\/strong>, Expert librarian (Contemporary printed books), KBR<\/p>\n<p style=\"text-align: justify;\">Une biblioth\u00e8que nationale, c\u2019est avant tout un objectif : comment promouvoir la valorisation des h\u00e9ritages qui font de nous des passeurs ? L\u2019\u00e9laboration de cette question part de l\u2019id\u00e9e que \u201cla vie de l\u2019esprit\u201d a \u00e9t\u00e9 fa\u00e7onn\u00e9e d\u00e8s son invention par des m\u00e9dias techniques. Parce que ces m\u00e9dias, par leur nature m\u00eame, sont \u00e0 la fois rem\u00e8de et poison (Platon), la vie intellectuelle et culturelle doit d\u2019abord \u00eatre d\u00e9finie comme une lutte. C\u2019est pr\u00e9cis\u00e9ment dans le cadre de cette lutte que l\u2019esprit m\u00e8ne avec ses propres mat\u00e9rialisations techniques, qu\u2019une biblioth\u00e8que nationale \u2013 conform\u00e9ment \u00e0 sa mission \u2013 doit poursuivre une politique active de ces m\u00e9dias qui habitent constitutivement la vie de l\u2019esprit. Le slogan qui accompagne le logo KBR explicite l\u2019enjeu d\u2019une telle politique de m\u00e9diation technique en termes temporels : \u201cProt\u00e9geons le temps\u201d.<\/p>\n<p>&nbsp;<\/p>\n<h2><span lang=\"nl\">Biblioth\u00e8ques troisi\u00e8me lieu et tiers-lieux culturels<br \/>\nEntre utopie, incantation et injonctions<\/span><\/h2>\n<p>Conversation entre \u00c9milie Garcia Guillen, Mathilde Servet et Karolina Svobodova<strong><br \/>\n\u00c9milie GARCIA GUILLEN, <\/strong>Chercheuse post-doctorante, Universit\u00e9 libre de Bruxelles (METICES)<\/p>\n<p style=\"text-align: justify;\">Sous forme de conversation entre deux chercheuses et une professionnelle des biblioth\u00e8ques, l\u2019article rend compte des enjeux qui traversent aujourd\u2019hui l\u2019univers des biblioth\u00e8ques et de la culture avec le bouleversement introduit par les mod\u00e8les du troisi\u00e8me lieu et des tiers-lieux culturels. En mobilisant exp\u00e9riences de terrain et recherches empiriques, elles reviennent d\u2019abord sur la gen\u00e8se de la notion. Elles discutent de diff\u00e9rents aspects qui sont au coeur de ces tentatives : le design, le rapport aux publics, l\u2019ambition de coh\u00e9sion sociale, en soulignant les tensions et les ambigu\u00eft\u00e9s. Elles s\u2019interrogent enfin sur les usages de la notion, entre utopie, incantation et injonction.<\/p>\n<p>&nbsp;<\/p>\n<h2>Le Portail des Arts de la Marionnette (PAM)<br \/>\nMod\u00e9lisation d&rsquo;un domaine culturel et mise en pratique dans PMB, retour d&rsquo;exp\u00e9rience (2<sup>e<\/sup> partie)<\/h2>\n<p><strong>Rapha\u00e8le FLEURY<\/strong>, Directrice de la recherche et de l&rsquo;innovation, Institut International de la Marionnette<br \/>\n<strong>Florent T\u00c9TART<\/strong>, Directeur de l&rsquo;innovation, PMB Services<\/p>\n<p style=\"text-align: justify;\">Cet article pr\u00e9sente les modalit\u00e9s de mise en oeuvre, dans la version Lab&rsquo; du Portail des Arts de la Marionnette, le PAM, d&rsquo;un mod\u00e8le de donn\u00e9es complexe d\u00e9crivant le domaine culturel concern\u00e9. D&rsquo;une part, la construction d&rsquo;interfaces de consultation dynamiques exploite le potentiel d&rsquo;\u00e9ditorialisation automatique rendu possible par la s\u00e9mantisation des donn\u00e9es. D&rsquo;autre part, diff\u00e9rents outils et m\u00e9thodes de contribution ont \u00e9t\u00e9 con\u00e7us \u00e0 destination de professionnels de la documentation, mais aussi pour pouvoir mener une d\u00e9marche de science participative (crowdsourcing). Ce projet a permis d&rsquo;identifier un certain nombre d&rsquo;am\u00e9liorations \u00e0 apporter au logiciel, dont l&rsquo;article pr\u00e9sente la feuille de route, avant de conclure sur les perspectives que ces nouvelles pratiques ouvrent pour l&rsquo;\u00e9volution du m\u00e9tier de documentaliste.<\/p>\n<div id=\"ConnectiveDocSignExtentionInstalled\" data-extension-version=\"1.0.4\"><\/div>\n","protected":false},"excerpt":{"rendered":"<p>Ce num\u00e9ro est d\u00e9di\u00e9 \u00e0 la m\u00e9moire de Jacques Henrard (19 septembre 1928 &#8211; 27 f\u00e9vrier 2022) \u00c9ditorial Cher Jacques, Tu es parti comme tu as v\u00e9cu : discr\u00e8tement. Nous n\u2019avons pas pu te dire au revoir, te remercier de tout ce que tu as fait pour notre association. Le covid nous a \u00e9loign\u00e9s de [&hellip;]<\/p>\n","protected":false},"author":5,"featured_media":0,"comment_status":"closed","ping_status":"open","sticky":false,"template":"","format":"standard","meta":{"_acf_changed":false,"footnotes":"","_wpscppro_dont_share_socialmedia":false,"_wpscppro_custom_social_share_image":0,"_facebook_share_type":"","_twitter_share_type":"","_linkedin_share_type":"","_pinterest_share_type":"","_linkedin_share_type_page":"","_instagram_share_type":"","_medium_share_type":"","_threads_share_type":"","_google_business_share_type":"","_selected_social_profile":[],"_wpsp_enable_custom_social_template":false,"_wpsp_social_scheduling":{"enabled":false,"datetime":null,"platforms":[],"status":"template_only","dateOption":"today","timeOption":"now","customDays":"","customHours":"","customDate":"","customTime":"","schedulingType":"absolute"},"_wpsp_active_default_template":true},"categories":[69],"tags":[],"class_list":["post-31796","post","type-post","status-publish","format-standard","hentry","category-cahiers-de-la-documentation"],"acf":[],"yoast_head":"<!-- This site is optimized with the Yoast SEO plugin v27.5 - https:\/\/yoast.com\/product\/yoast-seo-wordpress\/ -->\n<title>Cahiers de la Documentation 2022\/1-2 (juin 2022) - ABD-BVD<\/title>\n<meta name=\"robots\" content=\"index, follow, max-snippet:-1, max-image-preview:large, max-video-preview:-1\" \/>\n<link rel=\"canonical\" href=\"https:\/\/www.abd-bvd.be\/fr\/cahiers-de-la-documentation\/2022-1-2\/\" \/>\n<meta property=\"og:locale\" content=\"fr_FR\" \/>\n<meta property=\"og:type\" content=\"article\" \/>\n<meta property=\"og:title\" content=\"Cahiers de la Documentation 2022\/1-2 (juin 2022) - ABD-BVD\" \/>\n<meta property=\"og:description\" content=\"Ce num\u00e9ro est d\u00e9di\u00e9 \u00e0 la m\u00e9moire de Jacques Henrard (19 septembre 1928 &#8211; 27 f\u00e9vrier 2022) \u00c9ditorial Cher Jacques, Tu es parti comme tu as v\u00e9cu : discr\u00e8tement. Nous n\u2019avons pas pu te dire au revoir, te remercier de tout ce que tu as fait pour notre association. Le covid nous a \u00e9loign\u00e9s de [&hellip;]\" \/>\n<meta property=\"og:url\" content=\"https:\/\/www.abd-bvd.be\/fr\/cahiers-de-la-documentation\/2022-1-2\/\" \/>\n<meta property=\"og:site_name\" content=\"ABD-BVD\" \/>\n<meta property=\"article:published_time\" content=\"2022-06-01T15:25:34+00:00\" \/>\n<meta property=\"article:modified_time\" content=\"2022-07-24T15:27:30+00:00\" \/>\n<meta property=\"og:image\" content=\"https:\/\/www.abd-bvd.be\/wp-content\/uploads\/cover-2022-1-2_middle.jpg\" \/>\n<meta name=\"author\" content=\"Guy Delsaut\" \/>\n<meta name=\"twitter:card\" content=\"summary_large_image\" \/>\n<meta name=\"twitter:label1\" content=\"\u00c9crit par\" \/>\n\t<meta name=\"twitter:data1\" content=\"Guy Delsaut\" \/>\n\t<meta name=\"twitter:label2\" content=\"Dur\u00e9e de lecture estim\u00e9e\" \/>\n\t<meta name=\"twitter:data2\" content=\"5 minutes\" \/>\n<script type=\"application\/ld+json\" class=\"yoast-schema-graph\">{\"@context\":\"https:\\\/\\\/schema.org\",\"@graph\":[{\"@type\":\"Article\",\"@id\":\"https:\\\/\\\/www.abd-bvd.be\\\/fr\\\/cahiers-de-la-documentation\\\/2022-1-2\\\/#article\",\"isPartOf\":{\"@id\":\"https:\\\/\\\/www.abd-bvd.be\\\/fr\\\/cahiers-de-la-documentation\\\/2022-1-2\\\/\"},\"author\":{\"name\":\"Guy Delsaut\",\"@id\":\"https:\\\/\\\/www.abd-bvd.be\\\/fr\\\/#\\\/schema\\\/person\\\/b16d2027ba7bd24752b02f45e6c2d628\"},\"headline\":\"Cahiers de la Documentation 2022\\\/1-2 (juin 2022)\",\"datePublished\":\"2022-06-01T15:25:34+00:00\",\"dateModified\":\"2022-07-24T15:27:30+00:00\",\"mainEntityOfPage\":{\"@id\":\"https:\\\/\\\/www.abd-bvd.be\\\/fr\\\/cahiers-de-la-documentation\\\/2022-1-2\\\/\"},\"wordCount\":1159,\"image\":{\"@id\":\"https:\\\/\\\/www.abd-bvd.be\\\/fr\\\/cahiers-de-la-documentation\\\/2022-1-2\\\/#primaryimage\"},\"thumbnailUrl\":\"https:\\\/\\\/www.abd-bvd.be\\\/wp-content\\\/uploads\\\/cover-2022-1-2_middle.jpg\",\"articleSection\":[\"Cahiers de la Documentation\"],\"inLanguage\":\"fr-FR\"},{\"@type\":\"WebPage\",\"@id\":\"https:\\\/\\\/www.abd-bvd.be\\\/fr\\\/cahiers-de-la-documentation\\\/2022-1-2\\\/\",\"url\":\"https:\\\/\\\/www.abd-bvd.be\\\/fr\\\/cahiers-de-la-documentation\\\/2022-1-2\\\/\",\"name\":\"Cahiers de la Documentation 2022\\\/1-2 (juin 2022) - ABD-BVD\",\"isPartOf\":{\"@id\":\"https:\\\/\\\/www.abd-bvd.be\\\/fr\\\/#website\"},\"primaryImageOfPage\":{\"@id\":\"https:\\\/\\\/www.abd-bvd.be\\\/fr\\\/cahiers-de-la-documentation\\\/2022-1-2\\\/#primaryimage\"},\"image\":{\"@id\":\"https:\\\/\\\/www.abd-bvd.be\\\/fr\\\/cahiers-de-la-documentation\\\/2022-1-2\\\/#primaryimage\"},\"thumbnailUrl\":\"https:\\\/\\\/www.abd-bvd.be\\\/wp-content\\\/uploads\\\/cover-2022-1-2_middle.jpg\",\"datePublished\":\"2022-06-01T15:25:34+00:00\",\"dateModified\":\"2022-07-24T15:27:30+00:00\",\"author\":{\"@id\":\"https:\\\/\\\/www.abd-bvd.be\\\/fr\\\/#\\\/schema\\\/person\\\/b16d2027ba7bd24752b02f45e6c2d628\"},\"breadcrumb\":{\"@id\":\"https:\\\/\\\/www.abd-bvd.be\\\/fr\\\/cahiers-de-la-documentation\\\/2022-1-2\\\/#breadcrumb\"},\"inLanguage\":\"fr-FR\",\"potentialAction\":[{\"@type\":\"ReadAction\",\"target\":[\"https:\\\/\\\/www.abd-bvd.be\\\/fr\\\/cahiers-de-la-documentation\\\/2022-1-2\\\/\"]}]},{\"@type\":\"ImageObject\",\"inLanguage\":\"fr-FR\",\"@id\":\"https:\\\/\\\/www.abd-bvd.be\\\/fr\\\/cahiers-de-la-documentation\\\/2022-1-2\\\/#primaryimage\",\"url\":\"https:\\\/\\\/www.abd-bvd.be\\\/wp-content\\\/uploads\\\/cover-2022-1-2_middle.jpg\",\"contentUrl\":\"https:\\\/\\\/www.abd-bvd.be\\\/wp-content\\\/uploads\\\/cover-2022-1-2_middle.jpg\"},{\"@type\":\"BreadcrumbList\",\"@id\":\"https:\\\/\\\/www.abd-bvd.be\\\/fr\\\/cahiers-de-la-documentation\\\/2022-1-2\\\/#breadcrumb\",\"itemListElement\":[{\"@type\":\"ListItem\",\"position\":1,\"name\":\"Accueil\",\"item\":\"https:\\\/\\\/www.abd-bvd.be\\\/fr\\\/\"},{\"@type\":\"ListItem\",\"position\":2,\"name\":\"Cahiers de la Documentation 2022\\\/1-2 (juin 2022)\"}]},{\"@type\":\"WebSite\",\"@id\":\"https:\\\/\\\/www.abd-bvd.be\\\/fr\\\/#website\",\"url\":\"https:\\\/\\\/www.abd-bvd.be\\\/fr\\\/\",\"name\":\"ABD-BVD\",\"description\":\"Association Belge de documentation - Belgische verniging voor documentatie\",\"potentialAction\":[{\"@type\":\"SearchAction\",\"target\":{\"@type\":\"EntryPoint\",\"urlTemplate\":\"https:\\\/\\\/www.abd-bvd.be\\\/fr\\\/?s={search_term_string}\"},\"query-input\":{\"@type\":\"PropertyValueSpecification\",\"valueRequired\":true,\"valueName\":\"search_term_string\"}}],\"inLanguage\":\"fr-FR\"},{\"@type\":\"Person\",\"@id\":\"https:\\\/\\\/www.abd-bvd.be\\\/fr\\\/#\\\/schema\\\/person\\\/b16d2027ba7bd24752b02f45e6c2d628\",\"name\":\"Guy Delsaut\",\"image\":{\"@type\":\"ImageObject\",\"inLanguage\":\"fr-FR\",\"@id\":\"https:\\\/\\\/secure.gravatar.com\\\/avatar\\\/661ab3e27256975e79639c97a039adabdf47fbcdcd1883bad66ee2e8b41bdfa7?s=96&d=mm&r=g\",\"url\":\"https:\\\/\\\/secure.gravatar.com\\\/avatar\\\/661ab3e27256975e79639c97a039adabdf47fbcdcd1883bad66ee2e8b41bdfa7?s=96&d=mm&r=g\",\"contentUrl\":\"https:\\\/\\\/secure.gravatar.com\\\/avatar\\\/661ab3e27256975e79639c97a039adabdf47fbcdcd1883bad66ee2e8b41bdfa7?s=96&d=mm&r=g\",\"caption\":\"Guy Delsaut\"},\"url\":\"https:\\\/\\\/www.abd-bvd.be\\\/fr\\\/author\\\/guy-delsaut\\\/\"}]}<\/script>\n<!-- \/ Yoast SEO plugin. -->","yoast_head_json":{"title":"Cahiers de la Documentation 2022\/1-2 (juin 2022) - ABD-BVD","robots":{"index":"index","follow":"follow","max-snippet":"max-snippet:-1","max-image-preview":"max-image-preview:large","max-video-preview":"max-video-preview:-1"},"canonical":"https:\/\/www.abd-bvd.be\/fr\/cahiers-de-la-documentation\/2022-1-2\/","og_locale":"fr_FR","og_type":"article","og_title":"Cahiers de la Documentation 2022\/1-2 (juin 2022) - ABD-BVD","og_description":"Ce num\u00e9ro est d\u00e9di\u00e9 \u00e0 la m\u00e9moire de Jacques Henrard (19 septembre 1928 &#8211; 27 f\u00e9vrier 2022) \u00c9ditorial Cher Jacques, Tu es parti comme tu as v\u00e9cu : discr\u00e8tement. Nous n\u2019avons pas pu te dire au revoir, te remercier de tout ce que tu as fait pour notre association. Le covid nous a \u00e9loign\u00e9s de [&hellip;]","og_url":"https:\/\/www.abd-bvd.be\/fr\/cahiers-de-la-documentation\/2022-1-2\/","og_site_name":"ABD-BVD","article_published_time":"2022-06-01T15:25:34+00:00","article_modified_time":"2022-07-24T15:27:30+00:00","og_image":[{"url":"https:\/\/www.abd-bvd.be\/wp-content\/uploads\/cover-2022-1-2_middle.jpg","type":"","width":"","height":""}],"author":"Guy Delsaut","twitter_card":"summary_large_image","twitter_misc":{"\u00c9crit par":"Guy Delsaut","Dur\u00e9e de lecture estim\u00e9e":"5 minutes"},"schema":{"@context":"https:\/\/schema.org","@graph":[{"@type":"Article","@id":"https:\/\/www.abd-bvd.be\/fr\/cahiers-de-la-documentation\/2022-1-2\/#article","isPartOf":{"@id":"https:\/\/www.abd-bvd.be\/fr\/cahiers-de-la-documentation\/2022-1-2\/"},"author":{"name":"Guy Delsaut","@id":"https:\/\/www.abd-bvd.be\/fr\/#\/schema\/person\/b16d2027ba7bd24752b02f45e6c2d628"},"headline":"Cahiers de la Documentation 2022\/1-2 (juin 2022)","datePublished":"2022-06-01T15:25:34+00:00","dateModified":"2022-07-24T15:27:30+00:00","mainEntityOfPage":{"@id":"https:\/\/www.abd-bvd.be\/fr\/cahiers-de-la-documentation\/2022-1-2\/"},"wordCount":1159,"image":{"@id":"https:\/\/www.abd-bvd.be\/fr\/cahiers-de-la-documentation\/2022-1-2\/#primaryimage"},"thumbnailUrl":"https:\/\/www.abd-bvd.be\/wp-content\/uploads\/cover-2022-1-2_middle.jpg","articleSection":["Cahiers de la Documentation"],"inLanguage":"fr-FR"},{"@type":"WebPage","@id":"https:\/\/www.abd-bvd.be\/fr\/cahiers-de-la-documentation\/2022-1-2\/","url":"https:\/\/www.abd-bvd.be\/fr\/cahiers-de-la-documentation\/2022-1-2\/","name":"Cahiers de la Documentation 2022\/1-2 (juin 2022) - ABD-BVD","isPartOf":{"@id":"https:\/\/www.abd-bvd.be\/fr\/#website"},"primaryImageOfPage":{"@id":"https:\/\/www.abd-bvd.be\/fr\/cahiers-de-la-documentation\/2022-1-2\/#primaryimage"},"image":{"@id":"https:\/\/www.abd-bvd.be\/fr\/cahiers-de-la-documentation\/2022-1-2\/#primaryimage"},"thumbnailUrl":"https:\/\/www.abd-bvd.be\/wp-content\/uploads\/cover-2022-1-2_middle.jpg","datePublished":"2022-06-01T15:25:34+00:00","dateModified":"2022-07-24T15:27:30+00:00","author":{"@id":"https:\/\/www.abd-bvd.be\/fr\/#\/schema\/person\/b16d2027ba7bd24752b02f45e6c2d628"},"breadcrumb":{"@id":"https:\/\/www.abd-bvd.be\/fr\/cahiers-de-la-documentation\/2022-1-2\/#breadcrumb"},"inLanguage":"fr-FR","potentialAction":[{"@type":"ReadAction","target":["https:\/\/www.abd-bvd.be\/fr\/cahiers-de-la-documentation\/2022-1-2\/"]}]},{"@type":"ImageObject","inLanguage":"fr-FR","@id":"https:\/\/www.abd-bvd.be\/fr\/cahiers-de-la-documentation\/2022-1-2\/#primaryimage","url":"https:\/\/www.abd-bvd.be\/wp-content\/uploads\/cover-2022-1-2_middle.jpg","contentUrl":"https:\/\/www.abd-bvd.be\/wp-content\/uploads\/cover-2022-1-2_middle.jpg"},{"@type":"BreadcrumbList","@id":"https:\/\/www.abd-bvd.be\/fr\/cahiers-de-la-documentation\/2022-1-2\/#breadcrumb","itemListElement":[{"@type":"ListItem","position":1,"name":"Accueil","item":"https:\/\/www.abd-bvd.be\/fr\/"},{"@type":"ListItem","position":2,"name":"Cahiers de la Documentation 2022\/1-2 (juin 2022)"}]},{"@type":"WebSite","@id":"https:\/\/www.abd-bvd.be\/fr\/#website","url":"https:\/\/www.abd-bvd.be\/fr\/","name":"ABD-BVD","description":"Association Belge de documentation - Belgische verniging voor documentatie","potentialAction":[{"@type":"SearchAction","target":{"@type":"EntryPoint","urlTemplate":"https:\/\/www.abd-bvd.be\/fr\/?s={search_term_string}"},"query-input":{"@type":"PropertyValueSpecification","valueRequired":true,"valueName":"search_term_string"}}],"inLanguage":"fr-FR"},{"@type":"Person","@id":"https:\/\/www.abd-bvd.be\/fr\/#\/schema\/person\/b16d2027ba7bd24752b02f45e6c2d628","name":"Guy Delsaut","image":{"@type":"ImageObject","inLanguage":"fr-FR","@id":"https:\/\/secure.gravatar.com\/avatar\/661ab3e27256975e79639c97a039adabdf47fbcdcd1883bad66ee2e8b41bdfa7?s=96&d=mm&r=g","url":"https:\/\/secure.gravatar.com\/avatar\/661ab3e27256975e79639c97a039adabdf47fbcdcd1883bad66ee2e8b41bdfa7?s=96&d=mm&r=g","contentUrl":"https:\/\/secure.gravatar.com\/avatar\/661ab3e27256975e79639c97a039adabdf47fbcdcd1883bad66ee2e8b41bdfa7?s=96&d=mm&r=g","caption":"Guy Delsaut"},"url":"https:\/\/www.abd-bvd.be\/fr\/author\/guy-delsaut\/"}]}},"_links":{"self":[{"href":"https:\/\/www.abd-bvd.be\/fr\/wp-json\/wp\/v2\/posts\/31796","targetHints":{"allow":["GET"]}}],"collection":[{"href":"https:\/\/www.abd-bvd.be\/fr\/wp-json\/wp\/v2\/posts"}],"about":[{"href":"https:\/\/www.abd-bvd.be\/fr\/wp-json\/wp\/v2\/types\/post"}],"author":[{"embeddable":true,"href":"https:\/\/www.abd-bvd.be\/fr\/wp-json\/wp\/v2\/users\/5"}],"replies":[{"embeddable":true,"href":"https:\/\/www.abd-bvd.be\/fr\/wp-json\/wp\/v2\/comments?post=31796"}],"version-history":[{"count":4,"href":"https:\/\/www.abd-bvd.be\/fr\/wp-json\/wp\/v2\/posts\/31796\/revisions"}],"predecessor-version":[{"id":31800,"href":"https:\/\/www.abd-bvd.be\/fr\/wp-json\/wp\/v2\/posts\/31796\/revisions\/31800"}],"wp:attachment":[{"href":"https:\/\/www.abd-bvd.be\/fr\/wp-json\/wp\/v2\/media?parent=31796"}],"wp:term":[{"taxonomy":"category","embeddable":true,"href":"https:\/\/www.abd-bvd.be\/fr\/wp-json\/wp\/v2\/categories?post=31796"},{"taxonomy":"post_tag","embeddable":true,"href":"https:\/\/www.abd-bvd.be\/fr\/wp-json\/wp\/v2\/tags?post=31796"}],"curies":[{"name":"wp","href":"https:\/\/api.w.org\/{rel}","templated":true}]}}