{"id":30096,"date":"2022-03-06T18:36:14","date_gmt":"2022-03-06T17:36:14","guid":{"rendered":"https:\/\/www.abd-bvd.be\/?p=30096"},"modified":"2022-03-06T18:42:51","modified_gmt":"2022-03-06T17:42:51","slug":"docmoment-mars-2022","status":"publish","type":"post","link":"https:\/\/www.abd-bvd.be\/fr\/agenda\/docmoment-mars-2022\/","title":{"rendered":"Doc&rsquo;Moment &#8211; Table ronde virtuelle <br>Lecture et public emp\u00each\u00e9 : \u00e9tat des lieux en Belgique"},"content":{"rendered":"<p><strong>Doc\u2019Moment : les rendez-vous de l\u2019ABD-BVD \u2013 Jeudi 17 mars 2022 (14:00 &#8211; 16:30)<\/strong><\/p>\n<p style=\"text-align: right;\"><span class=\"file-button\"><a href=\"https:\/\/www.eventbrite.co.uk\/e\/ligue-braille-lecture-et-public-empeche-lectuur-en-visuele-beperking-tickets-291194469497\">S&rsquo;inscrire au Doc&rsquo;Moment<\/a><\/span><\/p>\n<h2><strong>Quel acc\u00e8s \u00e0 la litt\u00e9rature pour les personnes d\u00e9ficientes visuelles en F\u00e9d\u00e9ration Wallonie-Bruxelles\u00a0?<\/strong><\/h2>\n<p><strong>Mich\u00e8le Dubois<\/strong>, Biblioth\u00e9caire-dirigeante, Biblioth\u00e8que de la Ligue Braille<\/p>\n<p>Pr\u00e9sentation des sp\u00e9cificit\u00e9s du livre sonore DAISY et de l\u2019offre des Biblioth\u00e8ques sp\u00e9ciales, qui permettent aux personnes d\u00e9ficientes visuelles d\u2019avoir acc\u00e8s \u00e0 la litt\u00e9rature en F\u00e9d\u00e9ration Wallonie-Bruxelles. Citons notamment la biblioth\u00e8que de la Ligue Braille qui propose \u00e0 ses b\u00e9n\u00e9ficiaires une collection de plus de 35 000 livres adapt\u00e9s.<\/p>\n<h2>Vue de Flandre : la Luisterpuntbibliotheek et son exp\u00e9rience relative \u00e0 l\u2019accueil des publics dyslexiques<\/h2>\n<p><strong>Saskia Boets<\/strong>, Directeur lezers, collectie en communicatie, Luisterpuntbibliotheek<\/p>\n<p>Luisterpuntbibliotheek est la biblioth\u00e8que publique n\u00e9erlandophone o\u00f9 les personnes aveugles, malvoyantes ou souffrant de l&rsquo;une ou l&rsquo;autre forme de trouble de la lecture peuvent emprunter des livres adapt\u00e9s. Sa mission est de procurer de la lecture adapt\u00e9e \u00e0 toute personne ne pouvant momentan\u00e9ment ou d\u00e9finitivement utiliser des livres ordinaires. Retour sur ses activit\u00e9s et sur son exp\u00e9rience relative \u00e0 l\u2019accueil des publics dys\u2019.<\/p>\n<h2>Et \u00e0 l\u2019international ? Le Trait\u00e9 de Marrakech et Le Service Mondial d&rsquo;\u00c9change de Livres de l&rsquo;ABC<\/h2>\n<p><strong>Luc Maumet<\/strong>, Biblioth\u00e9caire au Consortium pour des livres accessibles (ABC), Organisation mondiale de la propri\u00e9t\u00e9 intellectuelle<\/p>\n<p>Le Trait\u00e9 de Marrakech permet la production et l\u2019\u00e9change transfronti\u00e8re de livres accessibles. Ce trait\u00e9 historique a \u00e9t\u00e9 adopt\u00e9 le 27 juin 2013 par les \u00c9tats membres de l\u2019OMPI et est entr\u00e9 en vigueur le 30 septembre 2016 apr\u00e8s avoir \u00e9t\u00e9 ratifi\u00e9 par 20 de ces \u00c9tats membres. Le service mondial d\u2019\u00e9change de livres de l\u2019ABC est une initiative visant \u00e0 mettre en \u0153uvre le Trait\u00e9 de Marrakech au niveau op\u00e9rationnel. Ce service interbiblioth\u00e8ques international offre la possibilit\u00e9 aux organismes participants d\u2019\u00e9toffer gratuitement leurs collections dans le cadre d\u2019un \u00e9change avec des biblioth\u00e8ques d\u2019autres pays.<\/p>\n<p>&nbsp;<\/p>\n<p>Les pr\u00e9sentations de Dani\u00e8le Dubois et Luc Maumet se d\u00e9rouleront en <strong>fran\u00e7ais<\/strong>. La pr\u00e9sentation de Saskia Boets se d\u00e9roulera en <strong>n\u00e9erlandais<\/strong>.<\/p>\n<hr \/>\n<p class=\"v1x_MsoNormal\"><em>Lieu\u00a0<\/em>: en ligne (Le lien vous sera envoy\u00e9 apr\u00e8s l\u2019inscription)<\/p>\n<p class=\"v1x_MsoNormal\">Gratuit pour les membres (25 \u20ac pour les non-membres)<\/p>\n<p style=\"text-align: right;\"><span class=\"file-button\"><a href=\"https:\/\/www.eventbrite.co.uk\/e\/ligue-braille-lecture-et-public-empeche-lectuur-en-visuele-beperking-tickets-291194469497\">S&rsquo;inscrire au Doc&rsquo;Moment<\/a><\/span><\/p>\n<div id=\"ConnectiveDocSignExtentionInstalled\" data-extension-version=\"1.0.4\"><\/div>\n","protected":false},"excerpt":{"rendered":"<p>Doc\u2019Moment : les rendez-vous de l\u2019ABD-BVD \u2013 Jeudi 17 mars 2022 (14:00 &#8211; 16:30) S&rsquo;inscrire au Doc&rsquo;Moment Quel acc\u00e8s \u00e0 la litt\u00e9rature pour les personnes d\u00e9ficientes visuelles en F\u00e9d\u00e9ration Wallonie-Bruxelles\u00a0? Mich\u00e8le Dubois, Biblioth\u00e9caire-dirigeante, Biblioth\u00e8que de la Ligue Braille Pr\u00e9sentation des sp\u00e9cificit\u00e9s du livre sonore DAISY et de l\u2019offre des Biblioth\u00e8ques sp\u00e9ciales, qui permettent aux personnes [&hellip;]<\/p>\n","protected":false},"author":5,"featured_media":0,"comment_status":"closed","ping_status":"open","sticky":false,"template":"","format":"standard","meta":{"_acf_changed":false,"footnotes":"","_wpscppro_dont_share_socialmedia":false,"_wpscppro_custom_social_share_image":0,"_facebook_share_type":"","_twitter_share_type":"","_linkedin_share_type":"","_pinterest_share_type":"","_linkedin_share_type_page":"","_instagram_share_type":"","_medium_share_type":"","_threads_share_type":"","_google_business_share_type":"","_selected_social_profile":[],"_wpsp_enable_custom_social_template":false,"_wpsp_social_scheduling":{"enabled":false,"datetime":null,"platforms":[],"status":"template_only","dateOption":"today","timeOption":"now","customDays":"","customHours":"","customDate":"","customTime":"","schedulingType":"absolute"},"_wpsp_active_default_template":true},"categories":[67],"tags":[],"class_list":["post-30096","post","type-post","status-publish","format-standard","hentry","category-agenda"],"acf":[],"yoast_head":"<!-- This site is optimized with the Yoast SEO plugin v27.4 - https:\/\/yoast.com\/product\/yoast-seo-wordpress\/ -->\n<title>Doc&#039;Moment - Table ronde virtuelle Lecture et public emp\u00each\u00e9 : \u00e9tat des lieux en Belgique - ABD-BVD<\/title>\n<meta name=\"robots\" content=\"index, follow, max-snippet:-1, max-image-preview:large, max-video-preview:-1\" \/>\n<link rel=\"canonical\" href=\"https:\/\/www.abd-bvd.be\/fr\/agenda\/docmoment-mars-2022\/\" \/>\n<meta property=\"og:locale\" content=\"fr_FR\" \/>\n<meta property=\"og:type\" content=\"article\" \/>\n<meta property=\"og:title\" content=\"Doc&#039;Moment - Table ronde virtuelle Lecture et public emp\u00each\u00e9 : \u00e9tat des lieux en Belgique - ABD-BVD\" \/>\n<meta property=\"og:description\" content=\"Doc\u2019Moment : les rendez-vous de l\u2019ABD-BVD \u2013 Jeudi 17 mars 2022 (14:00 &#8211; 16:30) S&rsquo;inscrire au Doc&rsquo;Moment Quel acc\u00e8s \u00e0 la litt\u00e9rature pour les personnes d\u00e9ficientes visuelles en F\u00e9d\u00e9ration Wallonie-Bruxelles\u00a0? Mich\u00e8le Dubois, Biblioth\u00e9caire-dirigeante, Biblioth\u00e8que de la Ligue Braille Pr\u00e9sentation des sp\u00e9cificit\u00e9s du livre sonore DAISY et de l\u2019offre des Biblioth\u00e8ques sp\u00e9ciales, qui permettent aux personnes [&hellip;]\" \/>\n<meta property=\"og:url\" content=\"https:\/\/www.abd-bvd.be\/fr\/agenda\/docmoment-mars-2022\/\" \/>\n<meta property=\"og:site_name\" content=\"ABD-BVD\" \/>\n<meta property=\"article:published_time\" content=\"2022-03-06T17:36:14+00:00\" \/>\n<meta property=\"article:modified_time\" content=\"2022-03-06T17:42:51+00:00\" \/>\n<meta name=\"author\" content=\"Guy Delsaut\" \/>\n<meta name=\"twitter:card\" content=\"summary_large_image\" \/>\n<meta name=\"twitter:label1\" content=\"\u00c9crit par\" \/>\n\t<meta name=\"twitter:data1\" content=\"Guy Delsaut\" \/>\n\t<meta name=\"twitter:label2\" content=\"Dur\u00e9e de lecture estim\u00e9e\" \/>\n\t<meta name=\"twitter:data2\" content=\"2 minutes\" \/>\n<script type=\"application\/ld+json\" class=\"yoast-schema-graph\">{\"@context\":\"https:\\\/\\\/schema.org\",\"@graph\":[{\"@type\":\"Article\",\"@id\":\"https:\\\/\\\/www.abd-bvd.be\\\/fr\\\/agenda\\\/docmoment-mars-2022\\\/#article\",\"isPartOf\":{\"@id\":\"https:\\\/\\\/www.abd-bvd.be\\\/fr\\\/agenda\\\/docmoment-mars-2022\\\/\"},\"author\":{\"name\":\"Guy Delsaut\",\"@id\":\"https:\\\/\\\/www.abd-bvd.be\\\/fr\\\/#\\\/schema\\\/person\\\/b16d2027ba7bd24752b02f45e6c2d628\"},\"headline\":\"Doc&rsquo;Moment &#8211; Table ronde virtuelle Lecture et public emp\u00each\u00e9 : \u00e9tat des lieux en Belgique\",\"datePublished\":\"2022-03-06T17:36:14+00:00\",\"dateModified\":\"2022-03-06T17:42:51+00:00\",\"mainEntityOfPage\":{\"@id\":\"https:\\\/\\\/www.abd-bvd.be\\\/fr\\\/agenda\\\/docmoment-mars-2022\\\/\"},\"wordCount\":405,\"articleSection\":[\"Agenda\"],\"inLanguage\":\"fr-FR\"},{\"@type\":\"WebPage\",\"@id\":\"https:\\\/\\\/www.abd-bvd.be\\\/fr\\\/agenda\\\/docmoment-mars-2022\\\/\",\"url\":\"https:\\\/\\\/www.abd-bvd.be\\\/fr\\\/agenda\\\/docmoment-mars-2022\\\/\",\"name\":\"Doc'Moment - Table ronde virtuelle Lecture et public emp\u00each\u00e9 : \u00e9tat des lieux en Belgique - ABD-BVD\",\"isPartOf\":{\"@id\":\"https:\\\/\\\/www.abd-bvd.be\\\/fr\\\/#website\"},\"datePublished\":\"2022-03-06T17:36:14+00:00\",\"dateModified\":\"2022-03-06T17:42:51+00:00\",\"author\":{\"@id\":\"https:\\\/\\\/www.abd-bvd.be\\\/fr\\\/#\\\/schema\\\/person\\\/b16d2027ba7bd24752b02f45e6c2d628\"},\"breadcrumb\":{\"@id\":\"https:\\\/\\\/www.abd-bvd.be\\\/fr\\\/agenda\\\/docmoment-mars-2022\\\/#breadcrumb\"},\"inLanguage\":\"fr-FR\",\"potentialAction\":[{\"@type\":\"ReadAction\",\"target\":[\"https:\\\/\\\/www.abd-bvd.be\\\/fr\\\/agenda\\\/docmoment-mars-2022\\\/\"]}]},{\"@type\":\"BreadcrumbList\",\"@id\":\"https:\\\/\\\/www.abd-bvd.be\\\/fr\\\/agenda\\\/docmoment-mars-2022\\\/#breadcrumb\",\"itemListElement\":[{\"@type\":\"ListItem\",\"position\":1,\"name\":\"Accueil\",\"item\":\"https:\\\/\\\/www.abd-bvd.be\\\/fr\\\/\"},{\"@type\":\"ListItem\",\"position\":2,\"name\":\"Doc&rsquo;Moment &#8211; Table ronde virtuelle Lecture et public emp\u00each\u00e9 : \u00e9tat des lieux en Belgique\"}]},{\"@type\":\"WebSite\",\"@id\":\"https:\\\/\\\/www.abd-bvd.be\\\/fr\\\/#website\",\"url\":\"https:\\\/\\\/www.abd-bvd.be\\\/fr\\\/\",\"name\":\"ABD-BVD\",\"description\":\"Association Belge de documentation - Belgische verniging voor documentatie\",\"potentialAction\":[{\"@type\":\"SearchAction\",\"target\":{\"@type\":\"EntryPoint\",\"urlTemplate\":\"https:\\\/\\\/www.abd-bvd.be\\\/fr\\\/?s={search_term_string}\"},\"query-input\":{\"@type\":\"PropertyValueSpecification\",\"valueRequired\":true,\"valueName\":\"search_term_string\"}}],\"inLanguage\":\"fr-FR\"},{\"@type\":\"Person\",\"@id\":\"https:\\\/\\\/www.abd-bvd.be\\\/fr\\\/#\\\/schema\\\/person\\\/b16d2027ba7bd24752b02f45e6c2d628\",\"name\":\"Guy Delsaut\",\"image\":{\"@type\":\"ImageObject\",\"inLanguage\":\"fr-FR\",\"@id\":\"https:\\\/\\\/secure.gravatar.com\\\/avatar\\\/661ab3e27256975e79639c97a039adabdf47fbcdcd1883bad66ee2e8b41bdfa7?s=96&d=mm&r=g\",\"url\":\"https:\\\/\\\/secure.gravatar.com\\\/avatar\\\/661ab3e27256975e79639c97a039adabdf47fbcdcd1883bad66ee2e8b41bdfa7?s=96&d=mm&r=g\",\"contentUrl\":\"https:\\\/\\\/secure.gravatar.com\\\/avatar\\\/661ab3e27256975e79639c97a039adabdf47fbcdcd1883bad66ee2e8b41bdfa7?s=96&d=mm&r=g\",\"caption\":\"Guy Delsaut\"},\"url\":\"https:\\\/\\\/www.abd-bvd.be\\\/fr\\\/author\\\/guy-delsaut\\\/\"}]}<\/script>\n<!-- \/ Yoast SEO plugin. -->","yoast_head_json":{"title":"Doc'Moment - Table ronde virtuelle Lecture et public emp\u00each\u00e9 : \u00e9tat des lieux en Belgique - ABD-BVD","robots":{"index":"index","follow":"follow","max-snippet":"max-snippet:-1","max-image-preview":"max-image-preview:large","max-video-preview":"max-video-preview:-1"},"canonical":"https:\/\/www.abd-bvd.be\/fr\/agenda\/docmoment-mars-2022\/","og_locale":"fr_FR","og_type":"article","og_title":"Doc'Moment - Table ronde virtuelle Lecture et public emp\u00each\u00e9 : \u00e9tat des lieux en Belgique - ABD-BVD","og_description":"Doc\u2019Moment : les rendez-vous de l\u2019ABD-BVD \u2013 Jeudi 17 mars 2022 (14:00 &#8211; 16:30) S&rsquo;inscrire au Doc&rsquo;Moment Quel acc\u00e8s \u00e0 la litt\u00e9rature pour les personnes d\u00e9ficientes visuelles en F\u00e9d\u00e9ration Wallonie-Bruxelles\u00a0? Mich\u00e8le Dubois, Biblioth\u00e9caire-dirigeante, Biblioth\u00e8que de la Ligue Braille Pr\u00e9sentation des sp\u00e9cificit\u00e9s du livre sonore DAISY et de l\u2019offre des Biblioth\u00e8ques sp\u00e9ciales, qui permettent aux personnes [&hellip;]","og_url":"https:\/\/www.abd-bvd.be\/fr\/agenda\/docmoment-mars-2022\/","og_site_name":"ABD-BVD","article_published_time":"2022-03-06T17:36:14+00:00","article_modified_time":"2022-03-06T17:42:51+00:00","author":"Guy Delsaut","twitter_card":"summary_large_image","twitter_misc":{"\u00c9crit par":"Guy Delsaut","Dur\u00e9e de lecture estim\u00e9e":"2 minutes"},"schema":{"@context":"https:\/\/schema.org","@graph":[{"@type":"Article","@id":"https:\/\/www.abd-bvd.be\/fr\/agenda\/docmoment-mars-2022\/#article","isPartOf":{"@id":"https:\/\/www.abd-bvd.be\/fr\/agenda\/docmoment-mars-2022\/"},"author":{"name":"Guy Delsaut","@id":"https:\/\/www.abd-bvd.be\/fr\/#\/schema\/person\/b16d2027ba7bd24752b02f45e6c2d628"},"headline":"Doc&rsquo;Moment &#8211; Table ronde virtuelle Lecture et public emp\u00each\u00e9 : \u00e9tat des lieux en Belgique","datePublished":"2022-03-06T17:36:14+00:00","dateModified":"2022-03-06T17:42:51+00:00","mainEntityOfPage":{"@id":"https:\/\/www.abd-bvd.be\/fr\/agenda\/docmoment-mars-2022\/"},"wordCount":405,"articleSection":["Agenda"],"inLanguage":"fr-FR"},{"@type":"WebPage","@id":"https:\/\/www.abd-bvd.be\/fr\/agenda\/docmoment-mars-2022\/","url":"https:\/\/www.abd-bvd.be\/fr\/agenda\/docmoment-mars-2022\/","name":"Doc'Moment - Table ronde virtuelle Lecture et public emp\u00each\u00e9 : \u00e9tat des lieux en Belgique - ABD-BVD","isPartOf":{"@id":"https:\/\/www.abd-bvd.be\/fr\/#website"},"datePublished":"2022-03-06T17:36:14+00:00","dateModified":"2022-03-06T17:42:51+00:00","author":{"@id":"https:\/\/www.abd-bvd.be\/fr\/#\/schema\/person\/b16d2027ba7bd24752b02f45e6c2d628"},"breadcrumb":{"@id":"https:\/\/www.abd-bvd.be\/fr\/agenda\/docmoment-mars-2022\/#breadcrumb"},"inLanguage":"fr-FR","potentialAction":[{"@type":"ReadAction","target":["https:\/\/www.abd-bvd.be\/fr\/agenda\/docmoment-mars-2022\/"]}]},{"@type":"BreadcrumbList","@id":"https:\/\/www.abd-bvd.be\/fr\/agenda\/docmoment-mars-2022\/#breadcrumb","itemListElement":[{"@type":"ListItem","position":1,"name":"Accueil","item":"https:\/\/www.abd-bvd.be\/fr\/"},{"@type":"ListItem","position":2,"name":"Doc&rsquo;Moment &#8211; Table ronde virtuelle Lecture et public emp\u00each\u00e9 : \u00e9tat des lieux en Belgique"}]},{"@type":"WebSite","@id":"https:\/\/www.abd-bvd.be\/fr\/#website","url":"https:\/\/www.abd-bvd.be\/fr\/","name":"ABD-BVD","description":"Association Belge de documentation - Belgische verniging voor documentatie","potentialAction":[{"@type":"SearchAction","target":{"@type":"EntryPoint","urlTemplate":"https:\/\/www.abd-bvd.be\/fr\/?s={search_term_string}"},"query-input":{"@type":"PropertyValueSpecification","valueRequired":true,"valueName":"search_term_string"}}],"inLanguage":"fr-FR"},{"@type":"Person","@id":"https:\/\/www.abd-bvd.be\/fr\/#\/schema\/person\/b16d2027ba7bd24752b02f45e6c2d628","name":"Guy Delsaut","image":{"@type":"ImageObject","inLanguage":"fr-FR","@id":"https:\/\/secure.gravatar.com\/avatar\/661ab3e27256975e79639c97a039adabdf47fbcdcd1883bad66ee2e8b41bdfa7?s=96&d=mm&r=g","url":"https:\/\/secure.gravatar.com\/avatar\/661ab3e27256975e79639c97a039adabdf47fbcdcd1883bad66ee2e8b41bdfa7?s=96&d=mm&r=g","contentUrl":"https:\/\/secure.gravatar.com\/avatar\/661ab3e27256975e79639c97a039adabdf47fbcdcd1883bad66ee2e8b41bdfa7?s=96&d=mm&r=g","caption":"Guy Delsaut"},"url":"https:\/\/www.abd-bvd.be\/fr\/author\/guy-delsaut\/"}]}},"_links":{"self":[{"href":"https:\/\/www.abd-bvd.be\/fr\/wp-json\/wp\/v2\/posts\/30096","targetHints":{"allow":["GET"]}}],"collection":[{"href":"https:\/\/www.abd-bvd.be\/fr\/wp-json\/wp\/v2\/posts"}],"about":[{"href":"https:\/\/www.abd-bvd.be\/fr\/wp-json\/wp\/v2\/types\/post"}],"author":[{"embeddable":true,"href":"https:\/\/www.abd-bvd.be\/fr\/wp-json\/wp\/v2\/users\/5"}],"replies":[{"embeddable":true,"href":"https:\/\/www.abd-bvd.be\/fr\/wp-json\/wp\/v2\/comments?post=30096"}],"version-history":[{"count":5,"href":"https:\/\/www.abd-bvd.be\/fr\/wp-json\/wp\/v2\/posts\/30096\/revisions"}],"predecessor-version":[{"id":30101,"href":"https:\/\/www.abd-bvd.be\/fr\/wp-json\/wp\/v2\/posts\/30096\/revisions\/30101"}],"wp:attachment":[{"href":"https:\/\/www.abd-bvd.be\/fr\/wp-json\/wp\/v2\/media?parent=30096"}],"wp:term":[{"taxonomy":"category","embeddable":true,"href":"https:\/\/www.abd-bvd.be\/fr\/wp-json\/wp\/v2\/categories?post=30096"},{"taxonomy":"post_tag","embeddable":true,"href":"https:\/\/www.abd-bvd.be\/fr\/wp-json\/wp\/v2\/tags?post=30096"}],"curies":[{"name":"wp","href":"https:\/\/api.w.org\/{rel}","templated":true}]}}