{"id":2794,"date":"2012-12-18T13:21:46","date_gmt":"2012-12-18T13:21:46","guid":{"rendered":"http:\/\/www.abd-bvd.be\/?p=2794"},"modified":"2015-08-21T13:25:57","modified_gmt":"2015-08-21T13:25:57","slug":"decembre-2012","status":"publish","type":"post","link":"https:\/\/www.abd-bvd.be\/fr\/doc-moments\/decembre-2012\/","title":{"rendered":"D\u00e9cembre 2012 &#8211; Pr\u00e9sentation du Kiosque GoPress"},"content":{"rendered":"<p>par Fran\u00e7is <strong>F\u00e9raux<\/strong> et Inge <strong>Aerden<\/strong><\/p>\n<p style=\"text-align: justify;\">PressBanking et Mediargus ont r\u00e9cemment ouvert \u2018<a href=\"http:\/\/www.gopress.be\/info\/fr\">GoPress<\/a>\u2019, le premier kiosque num\u00e9rique de la presse belge francophone et n\u00e9erlandophone. Gr\u00e2ce \u00e0 une mise en \u0153uvre informatique innovante tant sur les plans techniques que fonctionnels, il offre un acc\u00e8s centralis\u00e9 et ais\u00e9 \u00e0 l\u2019ensemble de la presse belge, quotidienne et p\u00e9riodique, ainsi qu\u2019\u00e0 des titres fran\u00e7ais et hollandais. Des modules de recherche sp\u00e9cifiques permettent une utilisation professionnelle.<\/p>\n<p>Lieu : Biblioth\u00e8que royale de Belgique (KBR)<\/p>\n","protected":false},"excerpt":{"rendered":"<p>par Fran\u00e7is F\u00e9raux et Inge Aerden PressBanking et Mediargus ont r\u00e9cemment ouvert \u2018GoPress\u2019, le premier kiosque num\u00e9rique de la presse belge francophone et n\u00e9erlandophone. Gr\u00e2ce \u00e0 une mise en \u0153uvre informatique innovante tant sur les plans techniques que fonctionnels, il offre un acc\u00e8s centralis\u00e9 et ais\u00e9 \u00e0 l\u2019ensemble de la presse belge, quotidienne et p\u00e9riodique, [&hellip;]<\/p>\n","protected":false},"author":11,"featured_media":0,"comment_status":"open","ping_status":"open","sticky":false,"template":"","format":"standard","meta":{"_acf_changed":false,"footnotes":"","_wpscppro_dont_share_socialmedia":false,"_wpscppro_custom_social_share_image":0,"_facebook_share_type":"","_twitter_share_type":"","_linkedin_share_type":"","_pinterest_share_type":"","_linkedin_share_type_page":"","_instagram_share_type":"","_medium_share_type":"","_threads_share_type":"","_google_business_share_type":"","_selected_social_profile":[],"_wpsp_enable_custom_social_template":false,"_wpsp_social_scheduling":{"enabled":false,"datetime":null,"platforms":[],"status":"template_only","dateOption":"today","timeOption":"now","customDays":"","customHours":"","customDate":"","customTime":"","schedulingType":"absolute"},"_wpsp_active_default_template":true},"categories":[92],"tags":[],"class_list":["post-2794","post","type-post","status-publish","format-standard","hentry","category-doc-moments"],"acf":[],"yoast_head":"<!-- This site is optimized with the Yoast SEO plugin v27.4 - https:\/\/yoast.com\/product\/yoast-seo-wordpress\/ -->\n<title>D\u00e9cembre 2012 - Pr\u00e9sentation du Kiosque GoPress - ABD-BVD<\/title>\n<meta name=\"robots\" content=\"index, follow, max-snippet:-1, max-image-preview:large, max-video-preview:-1\" \/>\n<link rel=\"canonical\" href=\"https:\/\/www.abd-bvd.be\/fr\/doc-moments\/decembre-2012\/\" \/>\n<meta property=\"og:locale\" content=\"fr_FR\" \/>\n<meta property=\"og:type\" content=\"article\" \/>\n<meta property=\"og:title\" content=\"D\u00e9cembre 2012 - Pr\u00e9sentation du Kiosque GoPress - ABD-BVD\" \/>\n<meta property=\"og:description\" content=\"par Fran\u00e7is F\u00e9raux et Inge Aerden PressBanking et Mediargus ont r\u00e9cemment ouvert \u2018GoPress\u2019, le premier kiosque num\u00e9rique de la presse belge francophone et n\u00e9erlandophone. Gr\u00e2ce \u00e0 une mise en \u0153uvre informatique innovante tant sur les plans techniques que fonctionnels, il offre un acc\u00e8s centralis\u00e9 et ais\u00e9 \u00e0 l\u2019ensemble de la presse belge, quotidienne et p\u00e9riodique, [&hellip;]\" \/>\n<meta property=\"og:url\" content=\"https:\/\/www.abd-bvd.be\/fr\/doc-moments\/decembre-2012\/\" \/>\n<meta property=\"og:site_name\" content=\"ABD-BVD\" \/>\n<meta property=\"article:published_time\" content=\"2012-12-18T13:21:46+00:00\" \/>\n<meta property=\"article:modified_time\" content=\"2015-08-21T13:25:57+00:00\" \/>\n<meta name=\"author\" content=\"Catherine G\u00e9rard\" \/>\n<meta name=\"twitter:card\" content=\"summary_large_image\" \/>\n<meta name=\"twitter:label1\" content=\"\u00c9crit par\" \/>\n\t<meta name=\"twitter:data1\" content=\"Catherine G\u00e9rard\" \/>\n<script type=\"application\/ld+json\" class=\"yoast-schema-graph\">{\"@context\":\"https:\\\/\\\/schema.org\",\"@graph\":[{\"@type\":\"Article\",\"@id\":\"https:\\\/\\\/www.abd-bvd.be\\\/fr\\\/doc-moments\\\/decembre-2012\\\/#article\",\"isPartOf\":{\"@id\":\"https:\\\/\\\/www.abd-bvd.be\\\/fr\\\/doc-moments\\\/decembre-2012\\\/\"},\"author\":{\"name\":\"Catherine G\u00e9rard\",\"@id\":\"https:\\\/\\\/www.abd-bvd.be\\\/fr\\\/#\\\/schema\\\/person\\\/b6755b61a1d8f94d075def4981f46068\"},\"headline\":\"D\u00e9cembre 2012 &#8211; Pr\u00e9sentation du Kiosque GoPress\",\"datePublished\":\"2012-12-18T13:21:46+00:00\",\"dateModified\":\"2015-08-21T13:25:57+00:00\",\"mainEntityOfPage\":{\"@id\":\"https:\\\/\\\/www.abd-bvd.be\\\/fr\\\/doc-moments\\\/decembre-2012\\\/\"},\"wordCount\":95,\"commentCount\":0,\"articleSection\":[\"Doc'Moments\"],\"inLanguage\":\"fr-FR\",\"potentialAction\":[{\"@type\":\"CommentAction\",\"name\":\"Comment\",\"target\":[\"https:\\\/\\\/www.abd-bvd.be\\\/fr\\\/doc-moments\\\/decembre-2012\\\/#respond\"]}]},{\"@type\":\"WebPage\",\"@id\":\"https:\\\/\\\/www.abd-bvd.be\\\/fr\\\/doc-moments\\\/decembre-2012\\\/\",\"url\":\"https:\\\/\\\/www.abd-bvd.be\\\/fr\\\/doc-moments\\\/decembre-2012\\\/\",\"name\":\"D\u00e9cembre 2012 - Pr\u00e9sentation du Kiosque GoPress - ABD-BVD\",\"isPartOf\":{\"@id\":\"https:\\\/\\\/www.abd-bvd.be\\\/fr\\\/#website\"},\"datePublished\":\"2012-12-18T13:21:46+00:00\",\"dateModified\":\"2015-08-21T13:25:57+00:00\",\"author\":{\"@id\":\"https:\\\/\\\/www.abd-bvd.be\\\/fr\\\/#\\\/schema\\\/person\\\/b6755b61a1d8f94d075def4981f46068\"},\"breadcrumb\":{\"@id\":\"https:\\\/\\\/www.abd-bvd.be\\\/fr\\\/doc-moments\\\/decembre-2012\\\/#breadcrumb\"},\"inLanguage\":\"fr-FR\",\"potentialAction\":[{\"@type\":\"ReadAction\",\"target\":[\"https:\\\/\\\/www.abd-bvd.be\\\/fr\\\/doc-moments\\\/decembre-2012\\\/\"]}]},{\"@type\":\"BreadcrumbList\",\"@id\":\"https:\\\/\\\/www.abd-bvd.be\\\/fr\\\/doc-moments\\\/decembre-2012\\\/#breadcrumb\",\"itemListElement\":[{\"@type\":\"ListItem\",\"position\":1,\"name\":\"Accueil\",\"item\":\"https:\\\/\\\/www.abd-bvd.be\\\/fr\\\/\"},{\"@type\":\"ListItem\",\"position\":2,\"name\":\"D\u00e9cembre 2012 &#8211; Pr\u00e9sentation du Kiosque GoPress\"}]},{\"@type\":\"WebSite\",\"@id\":\"https:\\\/\\\/www.abd-bvd.be\\\/fr\\\/#website\",\"url\":\"https:\\\/\\\/www.abd-bvd.be\\\/fr\\\/\",\"name\":\"ABD-BVD\",\"description\":\"Association Belge de documentation - Belgische verniging voor documentatie\",\"potentialAction\":[{\"@type\":\"SearchAction\",\"target\":{\"@type\":\"EntryPoint\",\"urlTemplate\":\"https:\\\/\\\/www.abd-bvd.be\\\/fr\\\/?s={search_term_string}\"},\"query-input\":{\"@type\":\"PropertyValueSpecification\",\"valueRequired\":true,\"valueName\":\"search_term_string\"}}],\"inLanguage\":\"fr-FR\"},{\"@type\":\"Person\",\"@id\":\"https:\\\/\\\/www.abd-bvd.be\\\/fr\\\/#\\\/schema\\\/person\\\/b6755b61a1d8f94d075def4981f46068\",\"name\":\"Catherine G\u00e9rard\",\"image\":{\"@type\":\"ImageObject\",\"inLanguage\":\"fr-FR\",\"@id\":\"https:\\\/\\\/secure.gravatar.com\\\/avatar\\\/056de6abd907d96ee36216f287a04afb1792e8f76d2bb0915afff30cd81c37a2?s=96&d=mm&r=g\",\"url\":\"https:\\\/\\\/secure.gravatar.com\\\/avatar\\\/056de6abd907d96ee36216f287a04afb1792e8f76d2bb0915afff30cd81c37a2?s=96&d=mm&r=g\",\"contentUrl\":\"https:\\\/\\\/secure.gravatar.com\\\/avatar\\\/056de6abd907d96ee36216f287a04afb1792e8f76d2bb0915afff30cd81c37a2?s=96&d=mm&r=g\",\"caption\":\"Catherine G\u00e9rard\"},\"url\":\"https:\\\/\\\/www.abd-bvd.be\\\/fr\\\/author\\\/catherine-gerard\\\/\"}]}<\/script>\n<!-- \/ Yoast SEO plugin. -->","yoast_head_json":{"title":"D\u00e9cembre 2012 - Pr\u00e9sentation du Kiosque GoPress - ABD-BVD","robots":{"index":"index","follow":"follow","max-snippet":"max-snippet:-1","max-image-preview":"max-image-preview:large","max-video-preview":"max-video-preview:-1"},"canonical":"https:\/\/www.abd-bvd.be\/fr\/doc-moments\/decembre-2012\/","og_locale":"fr_FR","og_type":"article","og_title":"D\u00e9cembre 2012 - Pr\u00e9sentation du Kiosque GoPress - ABD-BVD","og_description":"par Fran\u00e7is F\u00e9raux et Inge Aerden PressBanking et Mediargus ont r\u00e9cemment ouvert \u2018GoPress\u2019, le premier kiosque num\u00e9rique de la presse belge francophone et n\u00e9erlandophone. Gr\u00e2ce \u00e0 une mise en \u0153uvre informatique innovante tant sur les plans techniques que fonctionnels, il offre un acc\u00e8s centralis\u00e9 et ais\u00e9 \u00e0 l\u2019ensemble de la presse belge, quotidienne et p\u00e9riodique, [&hellip;]","og_url":"https:\/\/www.abd-bvd.be\/fr\/doc-moments\/decembre-2012\/","og_site_name":"ABD-BVD","article_published_time":"2012-12-18T13:21:46+00:00","article_modified_time":"2015-08-21T13:25:57+00:00","author":"Catherine G\u00e9rard","twitter_card":"summary_large_image","twitter_misc":{"\u00c9crit par":"Catherine G\u00e9rard"},"schema":{"@context":"https:\/\/schema.org","@graph":[{"@type":"Article","@id":"https:\/\/www.abd-bvd.be\/fr\/doc-moments\/decembre-2012\/#article","isPartOf":{"@id":"https:\/\/www.abd-bvd.be\/fr\/doc-moments\/decembre-2012\/"},"author":{"name":"Catherine G\u00e9rard","@id":"https:\/\/www.abd-bvd.be\/fr\/#\/schema\/person\/b6755b61a1d8f94d075def4981f46068"},"headline":"D\u00e9cembre 2012 &#8211; Pr\u00e9sentation du Kiosque GoPress","datePublished":"2012-12-18T13:21:46+00:00","dateModified":"2015-08-21T13:25:57+00:00","mainEntityOfPage":{"@id":"https:\/\/www.abd-bvd.be\/fr\/doc-moments\/decembre-2012\/"},"wordCount":95,"commentCount":0,"articleSection":["Doc'Moments"],"inLanguage":"fr-FR","potentialAction":[{"@type":"CommentAction","name":"Comment","target":["https:\/\/www.abd-bvd.be\/fr\/doc-moments\/decembre-2012\/#respond"]}]},{"@type":"WebPage","@id":"https:\/\/www.abd-bvd.be\/fr\/doc-moments\/decembre-2012\/","url":"https:\/\/www.abd-bvd.be\/fr\/doc-moments\/decembre-2012\/","name":"D\u00e9cembre 2012 - Pr\u00e9sentation du Kiosque GoPress - ABD-BVD","isPartOf":{"@id":"https:\/\/www.abd-bvd.be\/fr\/#website"},"datePublished":"2012-12-18T13:21:46+00:00","dateModified":"2015-08-21T13:25:57+00:00","author":{"@id":"https:\/\/www.abd-bvd.be\/fr\/#\/schema\/person\/b6755b61a1d8f94d075def4981f46068"},"breadcrumb":{"@id":"https:\/\/www.abd-bvd.be\/fr\/doc-moments\/decembre-2012\/#breadcrumb"},"inLanguage":"fr-FR","potentialAction":[{"@type":"ReadAction","target":["https:\/\/www.abd-bvd.be\/fr\/doc-moments\/decembre-2012\/"]}]},{"@type":"BreadcrumbList","@id":"https:\/\/www.abd-bvd.be\/fr\/doc-moments\/decembre-2012\/#breadcrumb","itemListElement":[{"@type":"ListItem","position":1,"name":"Accueil","item":"https:\/\/www.abd-bvd.be\/fr\/"},{"@type":"ListItem","position":2,"name":"D\u00e9cembre 2012 &#8211; Pr\u00e9sentation du Kiosque GoPress"}]},{"@type":"WebSite","@id":"https:\/\/www.abd-bvd.be\/fr\/#website","url":"https:\/\/www.abd-bvd.be\/fr\/","name":"ABD-BVD","description":"Association Belge de documentation - Belgische verniging voor documentatie","potentialAction":[{"@type":"SearchAction","target":{"@type":"EntryPoint","urlTemplate":"https:\/\/www.abd-bvd.be\/fr\/?s={search_term_string}"},"query-input":{"@type":"PropertyValueSpecification","valueRequired":true,"valueName":"search_term_string"}}],"inLanguage":"fr-FR"},{"@type":"Person","@id":"https:\/\/www.abd-bvd.be\/fr\/#\/schema\/person\/b6755b61a1d8f94d075def4981f46068","name":"Catherine G\u00e9rard","image":{"@type":"ImageObject","inLanguage":"fr-FR","@id":"https:\/\/secure.gravatar.com\/avatar\/056de6abd907d96ee36216f287a04afb1792e8f76d2bb0915afff30cd81c37a2?s=96&d=mm&r=g","url":"https:\/\/secure.gravatar.com\/avatar\/056de6abd907d96ee36216f287a04afb1792e8f76d2bb0915afff30cd81c37a2?s=96&d=mm&r=g","contentUrl":"https:\/\/secure.gravatar.com\/avatar\/056de6abd907d96ee36216f287a04afb1792e8f76d2bb0915afff30cd81c37a2?s=96&d=mm&r=g","caption":"Catherine G\u00e9rard"},"url":"https:\/\/www.abd-bvd.be\/fr\/author\/catherine-gerard\/"}]}},"_links":{"self":[{"href":"https:\/\/www.abd-bvd.be\/fr\/wp-json\/wp\/v2\/posts\/2794","targetHints":{"allow":["GET"]}}],"collection":[{"href":"https:\/\/www.abd-bvd.be\/fr\/wp-json\/wp\/v2\/posts"}],"about":[{"href":"https:\/\/www.abd-bvd.be\/fr\/wp-json\/wp\/v2\/types\/post"}],"author":[{"embeddable":true,"href":"https:\/\/www.abd-bvd.be\/fr\/wp-json\/wp\/v2\/users\/11"}],"replies":[{"embeddable":true,"href":"https:\/\/www.abd-bvd.be\/fr\/wp-json\/wp\/v2\/comments?post=2794"}],"version-history":[{"count":0,"href":"https:\/\/www.abd-bvd.be\/fr\/wp-json\/wp\/v2\/posts\/2794\/revisions"}],"wp:attachment":[{"href":"https:\/\/www.abd-bvd.be\/fr\/wp-json\/wp\/v2\/media?parent=2794"}],"wp:term":[{"taxonomy":"category","embeddable":true,"href":"https:\/\/www.abd-bvd.be\/fr\/wp-json\/wp\/v2\/categories?post=2794"},{"taxonomy":"post_tag","embeddable":true,"href":"https:\/\/www.abd-bvd.be\/fr\/wp-json\/wp\/v2\/tags?post=2794"}],"curies":[{"name":"wp","href":"https:\/\/api.w.org\/{rel}","templated":true}]}}