{"id":26544,"date":"2021-08-31T22:51:41","date_gmt":"2021-08-31T20:51:41","guid":{"rendered":"https:\/\/www.abd-bvd.be\/?p=26544"},"modified":"2021-08-31T23:11:01","modified_gmt":"2021-08-31T21:11:01","slug":"docmoment-videoconference-des-bibliothecaires-pris-dans-le-mode-projet-retour-sur-la-conception-dune-grande-bibliotheque-en-france","status":"publish","type":"post","link":"https:\/\/www.abd-bvd.be\/fr\/agenda\/docmoment-videoconference-des-bibliothecaires-pris-dans-le-mode-projet-retour-sur-la-conception-dune-grande-bibliotheque-en-france\/","title":{"rendered":"Doc&rsquo;Moment (vid\u00e9oconf\u00e9rence) <br> Des biblioth\u00e9caires pris dans le mode projet : retour sur la conception d&rsquo;une grande biblioth\u00e8que en France"},"content":{"rendered":"<p class=\"v1x_MsoNormal\"><strong>Doc&rsquo;Moment : les rendez-vous de l&rsquo;ABD-BVD \u2013 Jeudi 23 septembre 2021 (14:00 \u2013 16:30)<\/strong><strong>&nbsp;<\/strong><\/p>\n<h2 class=\"v1x_MsoNormal\"><strong>Des biblioth\u00e9caires pris dans le mode projet : retour sur la conception d&rsquo;une grande biblioth\u00e8que en France<\/strong><\/h2>\n<p><strong>Emilie GARCIA GUILLEN, docteur en sociologie, Universit\u00e9 libre de Bruxelles<\/strong><\/p>\n<p>La th\u00e8se pr\u00e9sent\u00e9e par l&rsquo;oratrice explore un projet de conception d&rsquo;une grande biblioth\u00e8que dans une m\u00e9tropole fran\u00e7aise r\u00e9cemment institu\u00e9e, appel\u00e9e \u00e0 \u00eatre un \u00e9quipement culturel phare \u00e0 l&rsquo;\u00e9chelle de l&rsquo;agglom\u00e9ration. Les enjeux de cette grande biblioth\u00e8que cens\u00e9e \u00eatre \u00ab porteuse de sens et d&rsquo;avenir pour les habitants \u00bb sont donc tr\u00e8s importants pour les \u00e9lus \u00e0 divers titres (dynamisme de la politique culturelle, image de la ville, rayonnement de la m\u00e9tropole, etc.). La recherche se penche plus pr\u00e9cis\u00e9ment sur l&rsquo;activit\u00e9 des biblioth\u00e9caires occup\u00e9s \u00e0 travailler sur cette biblioth\u00e8que, \u00ab en mode projet \u00bb.<\/p>\n<p>La pr\u00e9sentation se d\u00e9roulera en&nbsp;<strong>fran\u00e7ais <\/strong><\/p>\n<p class=\"v1x_MsoNormal\"><a href=\"https:\/\/www.eventbrite.co.uk\/e\/conception-dune-grande-bibliotheque-ontwerp-van-een-grote-bibliotheek-tickets-168071844411?aff=ebdssbonlinesearch\" target=\"_blank\" rel=\"noopener\">Inscription<\/a><\/p>\n<div class=\"v1x_MsoNormal\" align=\"center\">\n<hr width=\"100%\" size=\"2\" align=\"center\">\n<\/div>\n<p class=\"v1x_MsoNormal\"><em>Lieu&nbsp;<\/em>: en ligne (Le lien vous sera envoy\u00e9 apr\u00e8s l&rsquo;inscription)<\/p>\n<p class=\"v1x_MsoNormal\">Gratuit pour les membres (25 \u20ac pour les non-membres)<\/p>\n","protected":false},"excerpt":{"rendered":"<p>Doc&rsquo;Moment : les rendez-vous de l&rsquo;ABD-BVD \u2013 Jeudi 23 septembre 2021 (14:00 \u2013 16:30)&nbsp; Des biblioth\u00e9caires pris dans le mode projet : retour sur la conception d&rsquo;une grande biblioth\u00e8que en France Emilie GARCIA GUILLEN, docteur en sociologie, Universit\u00e9 libre de Bruxelles La th\u00e8se pr\u00e9sent\u00e9e par l&rsquo;oratrice explore un projet de conception d&rsquo;une grande biblioth\u00e8que dans [&hellip;]<\/p>\n","protected":false},"author":4,"featured_media":0,"comment_status":"closed","ping_status":"open","sticky":false,"template":"","format":"standard","meta":{"_acf_changed":false,"footnotes":"","_wpscppro_dont_share_socialmedia":false,"_wpscppro_custom_social_share_image":0,"_facebook_share_type":"","_twitter_share_type":"","_linkedin_share_type":"","_pinterest_share_type":"","_linkedin_share_type_page":"","_instagram_share_type":"","_medium_share_type":"","_threads_share_type":"","_google_business_share_type":"","_selected_social_profile":[],"_wpsp_enable_custom_social_template":false,"_wpsp_social_scheduling":{"enabled":false,"datetime":null,"platforms":[],"status":"template_only","dateOption":"today","timeOption":"now","customDays":"","customHours":"","customDate":"","customTime":"","schedulingType":"absolute"},"_wpsp_active_default_template":true},"categories":[67],"tags":[],"class_list":["post-26544","post","type-post","status-publish","format-standard","hentry","category-agenda"],"acf":[],"yoast_head":"<!-- This site is optimized with the Yoast SEO plugin v27.4 - https:\/\/yoast.com\/product\/yoast-seo-wordpress\/ -->\n<title>Doc&#039;Moment (vid\u00e9oconf\u00e9rence)  Des biblioth\u00e9caires pris dans le mode projet : retour sur la conception d&#039;une grande biblioth\u00e8que en France - ABD-BVD<\/title>\n<meta name=\"robots\" content=\"index, follow, max-snippet:-1, max-image-preview:large, max-video-preview:-1\" \/>\n<link rel=\"canonical\" href=\"https:\/\/www.abd-bvd.be\/fr\/agenda\/docmoment-videoconference-des-bibliothecaires-pris-dans-le-mode-projet-retour-sur-la-conception-dune-grande-bibliotheque-en-france\/\" \/>\n<meta property=\"og:locale\" content=\"fr_FR\" \/>\n<meta property=\"og:type\" content=\"article\" \/>\n<meta property=\"og:title\" content=\"Doc&#039;Moment (vid\u00e9oconf\u00e9rence)  Des biblioth\u00e9caires pris dans le mode projet : retour sur la conception d&#039;une grande biblioth\u00e8que en France - ABD-BVD\" \/>\n<meta property=\"og:description\" content=\"Doc&rsquo;Moment : les rendez-vous de l&rsquo;ABD-BVD \u2013 Jeudi 23 septembre 2021 (14:00 \u2013 16:30)&nbsp; Des biblioth\u00e9caires pris dans le mode projet : retour sur la conception d&rsquo;une grande biblioth\u00e8que en France Emilie GARCIA GUILLEN, docteur en sociologie, Universit\u00e9 libre de Bruxelles La th\u00e8se pr\u00e9sent\u00e9e par l&rsquo;oratrice explore un projet de conception d&rsquo;une grande biblioth\u00e8que dans [&hellip;]\" \/>\n<meta property=\"og:url\" content=\"https:\/\/www.abd-bvd.be\/fr\/agenda\/docmoment-videoconference-des-bibliothecaires-pris-dans-le-mode-projet-retour-sur-la-conception-dune-grande-bibliotheque-en-france\/\" \/>\n<meta property=\"og:site_name\" content=\"ABD-BVD\" \/>\n<meta property=\"article:published_time\" content=\"2021-08-31T20:51:41+00:00\" \/>\n<meta property=\"article:modified_time\" content=\"2021-08-31T21:11:01+00:00\" \/>\n<meta name=\"author\" content=\"Denis Renard\" \/>\n<meta name=\"twitter:card\" content=\"summary_large_image\" \/>\n<meta name=\"twitter:label1\" content=\"\u00c9crit par\" \/>\n\t<meta name=\"twitter:data1\" content=\"Denis Renard\" \/>\n\t<meta name=\"twitter:label2\" content=\"Dur\u00e9e de lecture estim\u00e9e\" \/>\n\t<meta name=\"twitter:data2\" content=\"1 minute\" \/>\n<script type=\"application\/ld+json\" class=\"yoast-schema-graph\">{\"@context\":\"https:\\\/\\\/schema.org\",\"@graph\":[{\"@type\":\"Article\",\"@id\":\"https:\\\/\\\/www.abd-bvd.be\\\/fr\\\/agenda\\\/docmoment-videoconference-des-bibliothecaires-pris-dans-le-mode-projet-retour-sur-la-conception-dune-grande-bibliotheque-en-france\\\/#article\",\"isPartOf\":{\"@id\":\"https:\\\/\\\/www.abd-bvd.be\\\/fr\\\/agenda\\\/docmoment-videoconference-des-bibliothecaires-pris-dans-le-mode-projet-retour-sur-la-conception-dune-grande-bibliotheque-en-france\\\/\"},\"author\":{\"name\":\"Denis Renard\",\"@id\":\"https:\\\/\\\/www.abd-bvd.be\\\/fr\\\/#\\\/schema\\\/person\\\/0d16c496f6feee4f47cc24bcbf31a977\"},\"headline\":\"Doc&rsquo;Moment (vid\u00e9oconf\u00e9rence) Des biblioth\u00e9caires pris dans le mode projet : retour sur la conception d&rsquo;une grande biblioth\u00e8que en France\",\"datePublished\":\"2021-08-31T20:51:41+00:00\",\"dateModified\":\"2021-08-31T21:11:01+00:00\",\"mainEntityOfPage\":{\"@id\":\"https:\\\/\\\/www.abd-bvd.be\\\/fr\\\/agenda\\\/docmoment-videoconference-des-bibliothecaires-pris-dans-le-mode-projet-retour-sur-la-conception-dune-grande-bibliotheque-en-france\\\/\"},\"wordCount\":204,\"articleSection\":[\"Agenda\"],\"inLanguage\":\"fr-FR\"},{\"@type\":\"WebPage\",\"@id\":\"https:\\\/\\\/www.abd-bvd.be\\\/fr\\\/agenda\\\/docmoment-videoconference-des-bibliothecaires-pris-dans-le-mode-projet-retour-sur-la-conception-dune-grande-bibliotheque-en-france\\\/\",\"url\":\"https:\\\/\\\/www.abd-bvd.be\\\/fr\\\/agenda\\\/docmoment-videoconference-des-bibliothecaires-pris-dans-le-mode-projet-retour-sur-la-conception-dune-grande-bibliotheque-en-france\\\/\",\"name\":\"Doc'Moment (vid\u00e9oconf\u00e9rence) Des biblioth\u00e9caires pris dans le mode projet : retour sur la conception d'une grande biblioth\u00e8que en France - ABD-BVD\",\"isPartOf\":{\"@id\":\"https:\\\/\\\/www.abd-bvd.be\\\/fr\\\/#website\"},\"datePublished\":\"2021-08-31T20:51:41+00:00\",\"dateModified\":\"2021-08-31T21:11:01+00:00\",\"author\":{\"@id\":\"https:\\\/\\\/www.abd-bvd.be\\\/fr\\\/#\\\/schema\\\/person\\\/0d16c496f6feee4f47cc24bcbf31a977\"},\"breadcrumb\":{\"@id\":\"https:\\\/\\\/www.abd-bvd.be\\\/fr\\\/agenda\\\/docmoment-videoconference-des-bibliothecaires-pris-dans-le-mode-projet-retour-sur-la-conception-dune-grande-bibliotheque-en-france\\\/#breadcrumb\"},\"inLanguage\":\"fr-FR\",\"potentialAction\":[{\"@type\":\"ReadAction\",\"target\":[\"https:\\\/\\\/www.abd-bvd.be\\\/fr\\\/agenda\\\/docmoment-videoconference-des-bibliothecaires-pris-dans-le-mode-projet-retour-sur-la-conception-dune-grande-bibliotheque-en-france\\\/\"]}]},{\"@type\":\"BreadcrumbList\",\"@id\":\"https:\\\/\\\/www.abd-bvd.be\\\/fr\\\/agenda\\\/docmoment-videoconference-des-bibliothecaires-pris-dans-le-mode-projet-retour-sur-la-conception-dune-grande-bibliotheque-en-france\\\/#breadcrumb\",\"itemListElement\":[{\"@type\":\"ListItem\",\"position\":1,\"name\":\"Accueil\",\"item\":\"https:\\\/\\\/www.abd-bvd.be\\\/fr\\\/\"},{\"@type\":\"ListItem\",\"position\":2,\"name\":\"Doc&rsquo;Moment (vid\u00e9oconf\u00e9rence) Des biblioth\u00e9caires pris dans le mode projet : retour sur la conception d&rsquo;une grande biblioth\u00e8que en France\"}]},{\"@type\":\"WebSite\",\"@id\":\"https:\\\/\\\/www.abd-bvd.be\\\/fr\\\/#website\",\"url\":\"https:\\\/\\\/www.abd-bvd.be\\\/fr\\\/\",\"name\":\"ABD-BVD\",\"description\":\"Association Belge de documentation - Belgische verniging voor documentatie\",\"potentialAction\":[{\"@type\":\"SearchAction\",\"target\":{\"@type\":\"EntryPoint\",\"urlTemplate\":\"https:\\\/\\\/www.abd-bvd.be\\\/fr\\\/?s={search_term_string}\"},\"query-input\":{\"@type\":\"PropertyValueSpecification\",\"valueRequired\":true,\"valueName\":\"search_term_string\"}}],\"inLanguage\":\"fr-FR\"},{\"@type\":\"Person\",\"@id\":\"https:\\\/\\\/www.abd-bvd.be\\\/fr\\\/#\\\/schema\\\/person\\\/0d16c496f6feee4f47cc24bcbf31a977\",\"name\":\"Denis Renard\",\"image\":{\"@type\":\"ImageObject\",\"inLanguage\":\"fr-FR\",\"@id\":\"https:\\\/\\\/secure.gravatar.com\\\/avatar\\\/c67055c0818126ab779102d6298b647d4d6a2bcfa9c37a4e1ff7ad4663218f58?s=96&d=mm&r=g\",\"url\":\"https:\\\/\\\/secure.gravatar.com\\\/avatar\\\/c67055c0818126ab779102d6298b647d4d6a2bcfa9c37a4e1ff7ad4663218f58?s=96&d=mm&r=g\",\"contentUrl\":\"https:\\\/\\\/secure.gravatar.com\\\/avatar\\\/c67055c0818126ab779102d6298b647d4d6a2bcfa9c37a4e1ff7ad4663218f58?s=96&d=mm&r=g\",\"caption\":\"Denis Renard\"},\"url\":\"https:\\\/\\\/www.abd-bvd.be\\\/fr\\\/author\\\/denis-renard\\\/\"}]}<\/script>\n<!-- \/ Yoast SEO plugin. -->","yoast_head_json":{"title":"Doc'Moment (vid\u00e9oconf\u00e9rence)  Des biblioth\u00e9caires pris dans le mode projet : retour sur la conception d'une grande biblioth\u00e8que en France - ABD-BVD","robots":{"index":"index","follow":"follow","max-snippet":"max-snippet:-1","max-image-preview":"max-image-preview:large","max-video-preview":"max-video-preview:-1"},"canonical":"https:\/\/www.abd-bvd.be\/fr\/agenda\/docmoment-videoconference-des-bibliothecaires-pris-dans-le-mode-projet-retour-sur-la-conception-dune-grande-bibliotheque-en-france\/","og_locale":"fr_FR","og_type":"article","og_title":"Doc'Moment (vid\u00e9oconf\u00e9rence)  Des biblioth\u00e9caires pris dans le mode projet : retour sur la conception d'une grande biblioth\u00e8que en France - ABD-BVD","og_description":"Doc&rsquo;Moment : les rendez-vous de l&rsquo;ABD-BVD \u2013 Jeudi 23 septembre 2021 (14:00 \u2013 16:30)&nbsp; Des biblioth\u00e9caires pris dans le mode projet : retour sur la conception d&rsquo;une grande biblioth\u00e8que en France Emilie GARCIA GUILLEN, docteur en sociologie, Universit\u00e9 libre de Bruxelles La th\u00e8se pr\u00e9sent\u00e9e par l&rsquo;oratrice explore un projet de conception d&rsquo;une grande biblioth\u00e8que dans [&hellip;]","og_url":"https:\/\/www.abd-bvd.be\/fr\/agenda\/docmoment-videoconference-des-bibliothecaires-pris-dans-le-mode-projet-retour-sur-la-conception-dune-grande-bibliotheque-en-france\/","og_site_name":"ABD-BVD","article_published_time":"2021-08-31T20:51:41+00:00","article_modified_time":"2021-08-31T21:11:01+00:00","author":"Denis Renard","twitter_card":"summary_large_image","twitter_misc":{"\u00c9crit par":"Denis Renard","Dur\u00e9e de lecture estim\u00e9e":"1 minute"},"schema":{"@context":"https:\/\/schema.org","@graph":[{"@type":"Article","@id":"https:\/\/www.abd-bvd.be\/fr\/agenda\/docmoment-videoconference-des-bibliothecaires-pris-dans-le-mode-projet-retour-sur-la-conception-dune-grande-bibliotheque-en-france\/#article","isPartOf":{"@id":"https:\/\/www.abd-bvd.be\/fr\/agenda\/docmoment-videoconference-des-bibliothecaires-pris-dans-le-mode-projet-retour-sur-la-conception-dune-grande-bibliotheque-en-france\/"},"author":{"name":"Denis Renard","@id":"https:\/\/www.abd-bvd.be\/fr\/#\/schema\/person\/0d16c496f6feee4f47cc24bcbf31a977"},"headline":"Doc&rsquo;Moment (vid\u00e9oconf\u00e9rence) Des biblioth\u00e9caires pris dans le mode projet : retour sur la conception d&rsquo;une grande biblioth\u00e8que en France","datePublished":"2021-08-31T20:51:41+00:00","dateModified":"2021-08-31T21:11:01+00:00","mainEntityOfPage":{"@id":"https:\/\/www.abd-bvd.be\/fr\/agenda\/docmoment-videoconference-des-bibliothecaires-pris-dans-le-mode-projet-retour-sur-la-conception-dune-grande-bibliotheque-en-france\/"},"wordCount":204,"articleSection":["Agenda"],"inLanguage":"fr-FR"},{"@type":"WebPage","@id":"https:\/\/www.abd-bvd.be\/fr\/agenda\/docmoment-videoconference-des-bibliothecaires-pris-dans-le-mode-projet-retour-sur-la-conception-dune-grande-bibliotheque-en-france\/","url":"https:\/\/www.abd-bvd.be\/fr\/agenda\/docmoment-videoconference-des-bibliothecaires-pris-dans-le-mode-projet-retour-sur-la-conception-dune-grande-bibliotheque-en-france\/","name":"Doc'Moment (vid\u00e9oconf\u00e9rence) Des biblioth\u00e9caires pris dans le mode projet : retour sur la conception d'une grande biblioth\u00e8que en France - ABD-BVD","isPartOf":{"@id":"https:\/\/www.abd-bvd.be\/fr\/#website"},"datePublished":"2021-08-31T20:51:41+00:00","dateModified":"2021-08-31T21:11:01+00:00","author":{"@id":"https:\/\/www.abd-bvd.be\/fr\/#\/schema\/person\/0d16c496f6feee4f47cc24bcbf31a977"},"breadcrumb":{"@id":"https:\/\/www.abd-bvd.be\/fr\/agenda\/docmoment-videoconference-des-bibliothecaires-pris-dans-le-mode-projet-retour-sur-la-conception-dune-grande-bibliotheque-en-france\/#breadcrumb"},"inLanguage":"fr-FR","potentialAction":[{"@type":"ReadAction","target":["https:\/\/www.abd-bvd.be\/fr\/agenda\/docmoment-videoconference-des-bibliothecaires-pris-dans-le-mode-projet-retour-sur-la-conception-dune-grande-bibliotheque-en-france\/"]}]},{"@type":"BreadcrumbList","@id":"https:\/\/www.abd-bvd.be\/fr\/agenda\/docmoment-videoconference-des-bibliothecaires-pris-dans-le-mode-projet-retour-sur-la-conception-dune-grande-bibliotheque-en-france\/#breadcrumb","itemListElement":[{"@type":"ListItem","position":1,"name":"Accueil","item":"https:\/\/www.abd-bvd.be\/fr\/"},{"@type":"ListItem","position":2,"name":"Doc&rsquo;Moment (vid\u00e9oconf\u00e9rence) Des biblioth\u00e9caires pris dans le mode projet : retour sur la conception d&rsquo;une grande biblioth\u00e8que en France"}]},{"@type":"WebSite","@id":"https:\/\/www.abd-bvd.be\/fr\/#website","url":"https:\/\/www.abd-bvd.be\/fr\/","name":"ABD-BVD","description":"Association Belge de documentation - Belgische verniging voor documentatie","potentialAction":[{"@type":"SearchAction","target":{"@type":"EntryPoint","urlTemplate":"https:\/\/www.abd-bvd.be\/fr\/?s={search_term_string}"},"query-input":{"@type":"PropertyValueSpecification","valueRequired":true,"valueName":"search_term_string"}}],"inLanguage":"fr-FR"},{"@type":"Person","@id":"https:\/\/www.abd-bvd.be\/fr\/#\/schema\/person\/0d16c496f6feee4f47cc24bcbf31a977","name":"Denis Renard","image":{"@type":"ImageObject","inLanguage":"fr-FR","@id":"https:\/\/secure.gravatar.com\/avatar\/c67055c0818126ab779102d6298b647d4d6a2bcfa9c37a4e1ff7ad4663218f58?s=96&d=mm&r=g","url":"https:\/\/secure.gravatar.com\/avatar\/c67055c0818126ab779102d6298b647d4d6a2bcfa9c37a4e1ff7ad4663218f58?s=96&d=mm&r=g","contentUrl":"https:\/\/secure.gravatar.com\/avatar\/c67055c0818126ab779102d6298b647d4d6a2bcfa9c37a4e1ff7ad4663218f58?s=96&d=mm&r=g","caption":"Denis Renard"},"url":"https:\/\/www.abd-bvd.be\/fr\/author\/denis-renard\/"}]}},"_links":{"self":[{"href":"https:\/\/www.abd-bvd.be\/fr\/wp-json\/wp\/v2\/posts\/26544","targetHints":{"allow":["GET"]}}],"collection":[{"href":"https:\/\/www.abd-bvd.be\/fr\/wp-json\/wp\/v2\/posts"}],"about":[{"href":"https:\/\/www.abd-bvd.be\/fr\/wp-json\/wp\/v2\/types\/post"}],"author":[{"embeddable":true,"href":"https:\/\/www.abd-bvd.be\/fr\/wp-json\/wp\/v2\/users\/4"}],"replies":[{"embeddable":true,"href":"https:\/\/www.abd-bvd.be\/fr\/wp-json\/wp\/v2\/comments?post=26544"}],"version-history":[{"count":11,"href":"https:\/\/www.abd-bvd.be\/fr\/wp-json\/wp\/v2\/posts\/26544\/revisions"}],"predecessor-version":[{"id":26567,"href":"https:\/\/www.abd-bvd.be\/fr\/wp-json\/wp\/v2\/posts\/26544\/revisions\/26567"}],"wp:attachment":[{"href":"https:\/\/www.abd-bvd.be\/fr\/wp-json\/wp\/v2\/media?parent=26544"}],"wp:term":[{"taxonomy":"category","embeddable":true,"href":"https:\/\/www.abd-bvd.be\/fr\/wp-json\/wp\/v2\/categories?post=26544"},{"taxonomy":"post_tag","embeddable":true,"href":"https:\/\/www.abd-bvd.be\/fr\/wp-json\/wp\/v2\/tags?post=26544"}],"curies":[{"name":"wp","href":"https:\/\/api.w.org\/{rel}","templated":true}]}}