{"id":23830,"date":"2021-03-18T15:11:45","date_gmt":"2021-03-18T14:11:45","guid":{"rendered":"https:\/\/www.abd-bvd.be\/?p=23830"},"modified":"2021-03-18T16:34:42","modified_gmt":"2021-03-18T15:34:42","slug":"docmoment-mars-2021","status":"publish","type":"post","link":"https:\/\/www.abd-bvd.be\/fr\/agenda\/docmoment-mars-2021\/","title":{"rendered":"Doc&rsquo;Moment (en visioconf\u00e9rence)<br>Reprobel et le droit d\u2019auteur : Nouvelles perspectives"},"content":{"rendered":"<p><strong>Doc\u2019Moment : les rendez-vous de l\u2019ABD-BVD \u2013 Mardi 30 mars 2021 (14:00 &#8211; 16:30)<\/strong><\/p>\n<p style=\"text-align: right;\"><span class=\"file-button\"><a href=\"https:\/\/www.eventbrite.co.uk\/e\/reprobel-et-le-droit-dauteur-nouvelles-perspectives-tickets-146134242453\">S&rsquo;inscrire au Doc&rsquo;Moment<\/a><\/span><\/p>\n<div>\n<div dir=\"ltr\">\n<div style=\"font-size: 12pt; font-family: Calibri,Helvetica,sans-serif; color: #000000;\">\n<div style=\"border-top: medium none; border-right: medium none; background: white; border-bottom: #cccccc 1pt dashed; border-left: medium none; padding: 0cm 0cm 8pt 0cm;\">\n<h2 class=\"x_MsoNormal\" style=\"font-size: 12pt; font-family: 'Times New Roman',serif; vertical-align: top; background: white; margin: 15pt 0cm 7.5pt; line-height: 15pt; padding: 0cm;\"><b><span style=\"font-size: 15pt; font-family: 'Arial',sans-serif; color: #444444;\">Reprobel et le droit d\u2019auteur\u00a0: Nouvelles perspectives<\/span><\/b><\/h2>\n<\/div>\n<\/div>\n<\/div>\n<\/div>\n<p><strong>Kurt Van Damme<\/strong>, Head of Sales (Private) legal &amp; International, Reprobel<br \/>\n<strong>Prof. Vincent Cassiers<\/strong>, Charg\u00e9 de cours, UCLouvain<\/p>\n<p style=\"text-align: justify;\">Reprobel repr\u00e9sente les auteurs et les \u00e9diteurs belges de livres et magazines litt\u00e9raires, informatifs, \u00e9ducatifs, scientifiques et professionnels, d\u2019articles de presse, de photographies, d\u2019illustrations et d\u2019autres \u0153uvres visuelles et d\u2019\u0153uvres musicales (\u00e0 l\u2019exclusion des partitions). Reprobel repr\u00e9sente \u00e9galement, par le biais de plus de 35 conventions de repr\u00e9sentation, un r\u00e9pertoire \u00e9tranger important. Reprobel g\u00e8re, comme guichet unique, la r\u00e9mun\u00e9ration l\u00e9gale de la \u00ab reprographie \u00bb (photocopies) mais offre \u00e9galement une licence combin\u00e9e qui comprend notamment les impressions, les scans, les copies num\u00e9riques, la communication num\u00e9rique interne et externe, les pr\u00e9sentations Powerpoint et l\u2019archivage num\u00e9rique d\u2019\u0153uvres prot\u00e9g\u00e9es.<\/p>\n<p>Les pr\u00e9sentations se d\u00e9rouleront en <strong>fran\u00e7ais et en n\u00e9erlandais<\/strong>.<\/p>\n<hr \/>\n<p><em>Lieu <\/em>: en ligne (Le lien vous sera envoy\u00e9 apr\u00e8s l&rsquo;inscription)<\/p>\n<p>Gratuit pour les membres (25 \u20ac pour les non-membres)<\/p>\n<p style=\"text-align: right;\"><span class=\"file-button\"><a href=\"https:\/\/www.eventbrite.co.uk\/e\/reprobel-et-le-droit-dauteur-nouvelles-perspectives-tickets-146134242453\">S&rsquo;inscrire au Doc&rsquo;Moment<\/a><\/span><\/p>\n","protected":false},"excerpt":{"rendered":"<p>Doc\u2019Moment : les rendez-vous de l\u2019ABD-BVD \u2013 Mardi 30 mars 2021 (14:00 &#8211; 16:30) S&rsquo;inscrire au Doc&rsquo;Moment Reprobel et le droit d\u2019auteur\u00a0: Nouvelles perspectives Kurt Van Damme, Head of Sales (Private) legal &amp; International, Reprobel Prof. Vincent Cassiers, Charg\u00e9 de cours, UCLouvain Reprobel repr\u00e9sente les auteurs et les \u00e9diteurs belges de livres et magazines litt\u00e9raires, [&hellip;]<\/p>\n","protected":false},"author":5,"featured_media":0,"comment_status":"closed","ping_status":"open","sticky":false,"template":"","format":"standard","meta":{"_acf_changed":false,"footnotes":"","_wpscppro_dont_share_socialmedia":false,"_wpscppro_custom_social_share_image":0,"_facebook_share_type":"","_twitter_share_type":"","_linkedin_share_type":"","_pinterest_share_type":"","_linkedin_share_type_page":"","_instagram_share_type":"","_medium_share_type":"","_threads_share_type":"","_google_business_share_type":"","_selected_social_profile":[],"_wpsp_enable_custom_social_template":false,"_wpsp_social_scheduling":{"enabled":false,"datetime":null,"platforms":[],"status":"template_only","dateOption":"today","timeOption":"now","customDays":"","customHours":"","customDate":"","customTime":"","schedulingType":"absolute"},"_wpsp_active_default_template":true},"categories":[67],"tags":[],"class_list":["post-23830","post","type-post","status-publish","format-standard","hentry","category-agenda"],"acf":[],"yoast_head":"<!-- This site is optimized with the Yoast SEO plugin v27.4 - https:\/\/yoast.com\/product\/yoast-seo-wordpress\/ -->\n<title>Doc&#039;Moment (en visioconf\u00e9rence)Reprobel et le droit d\u2019auteur : Nouvelles perspectives - ABD-BVD<\/title>\n<meta name=\"robots\" content=\"index, follow, max-snippet:-1, max-image-preview:large, max-video-preview:-1\" \/>\n<link rel=\"canonical\" href=\"https:\/\/www.abd-bvd.be\/fr\/agenda\/docmoment-mars-2021\/\" \/>\n<meta property=\"og:locale\" content=\"fr_FR\" \/>\n<meta property=\"og:type\" content=\"article\" \/>\n<meta property=\"og:title\" content=\"Doc&#039;Moment (en visioconf\u00e9rence)Reprobel et le droit d\u2019auteur : Nouvelles perspectives - ABD-BVD\" \/>\n<meta property=\"og:description\" content=\"Doc\u2019Moment : les rendez-vous de l\u2019ABD-BVD \u2013 Mardi 30 mars 2021 (14:00 &#8211; 16:30) S&rsquo;inscrire au Doc&rsquo;Moment Reprobel et le droit d\u2019auteur\u00a0: Nouvelles perspectives Kurt Van Damme, Head of Sales (Private) legal &amp; International, Reprobel Prof. Vincent Cassiers, Charg\u00e9 de cours, UCLouvain Reprobel repr\u00e9sente les auteurs et les \u00e9diteurs belges de livres et magazines litt\u00e9raires, [&hellip;]\" \/>\n<meta property=\"og:url\" content=\"https:\/\/www.abd-bvd.be\/fr\/agenda\/docmoment-mars-2021\/\" \/>\n<meta property=\"og:site_name\" content=\"ABD-BVD\" \/>\n<meta property=\"article:published_time\" content=\"2021-03-18T14:11:45+00:00\" \/>\n<meta property=\"article:modified_time\" content=\"2021-03-18T15:34:42+00:00\" \/>\n<meta name=\"author\" content=\"Guy Delsaut\" \/>\n<meta name=\"twitter:card\" content=\"summary_large_image\" \/>\n<meta name=\"twitter:label1\" content=\"\u00c9crit par\" \/>\n\t<meta name=\"twitter:data1\" content=\"Guy Delsaut\" \/>\n\t<meta name=\"twitter:label2\" content=\"Dur\u00e9e de lecture estim\u00e9e\" \/>\n\t<meta name=\"twitter:data2\" content=\"1 minute\" \/>\n<script type=\"application\/ld+json\" class=\"yoast-schema-graph\">{\"@context\":\"https:\\\/\\\/schema.org\",\"@graph\":[{\"@type\":\"Article\",\"@id\":\"https:\\\/\\\/www.abd-bvd.be\\\/fr\\\/agenda\\\/docmoment-mars-2021\\\/#article\",\"isPartOf\":{\"@id\":\"https:\\\/\\\/www.abd-bvd.be\\\/fr\\\/agenda\\\/docmoment-mars-2021\\\/\"},\"author\":{\"name\":\"Guy Delsaut\",\"@id\":\"https:\\\/\\\/www.abd-bvd.be\\\/fr\\\/#\\\/schema\\\/person\\\/b16d2027ba7bd24752b02f45e6c2d628\"},\"headline\":\"Doc&rsquo;Moment (en visioconf\u00e9rence) Reprobel et le droit d\u2019auteur : Nouvelles perspectives\",\"datePublished\":\"2021-03-18T14:11:45+00:00\",\"dateModified\":\"2021-03-18T15:34:42+00:00\",\"mainEntityOfPage\":{\"@id\":\"https:\\\/\\\/www.abd-bvd.be\\\/fr\\\/agenda\\\/docmoment-mars-2021\\\/\"},\"wordCount\":206,\"articleSection\":[\"Agenda\"],\"inLanguage\":\"fr-FR\"},{\"@type\":\"WebPage\",\"@id\":\"https:\\\/\\\/www.abd-bvd.be\\\/fr\\\/agenda\\\/docmoment-mars-2021\\\/\",\"url\":\"https:\\\/\\\/www.abd-bvd.be\\\/fr\\\/agenda\\\/docmoment-mars-2021\\\/\",\"name\":\"Doc'Moment (en visioconf\u00e9rence) Reprobel et le droit d\u2019auteur : Nouvelles perspectives - ABD-BVD\",\"isPartOf\":{\"@id\":\"https:\\\/\\\/www.abd-bvd.be\\\/fr\\\/#website\"},\"datePublished\":\"2021-03-18T14:11:45+00:00\",\"dateModified\":\"2021-03-18T15:34:42+00:00\",\"author\":{\"@id\":\"https:\\\/\\\/www.abd-bvd.be\\\/fr\\\/#\\\/schema\\\/person\\\/b16d2027ba7bd24752b02f45e6c2d628\"},\"breadcrumb\":{\"@id\":\"https:\\\/\\\/www.abd-bvd.be\\\/fr\\\/agenda\\\/docmoment-mars-2021\\\/#breadcrumb\"},\"inLanguage\":\"fr-FR\",\"potentialAction\":[{\"@type\":\"ReadAction\",\"target\":[\"https:\\\/\\\/www.abd-bvd.be\\\/fr\\\/agenda\\\/docmoment-mars-2021\\\/\"]}]},{\"@type\":\"BreadcrumbList\",\"@id\":\"https:\\\/\\\/www.abd-bvd.be\\\/fr\\\/agenda\\\/docmoment-mars-2021\\\/#breadcrumb\",\"itemListElement\":[{\"@type\":\"ListItem\",\"position\":1,\"name\":\"Accueil\",\"item\":\"https:\\\/\\\/www.abd-bvd.be\\\/fr\\\/\"},{\"@type\":\"ListItem\",\"position\":2,\"name\":\"Doc&rsquo;Moment (en visioconf\u00e9rence)Reprobel et le droit d\u2019auteur : Nouvelles perspectives\"}]},{\"@type\":\"WebSite\",\"@id\":\"https:\\\/\\\/www.abd-bvd.be\\\/fr\\\/#website\",\"url\":\"https:\\\/\\\/www.abd-bvd.be\\\/fr\\\/\",\"name\":\"ABD-BVD\",\"description\":\"Association Belge de documentation - Belgische verniging voor documentatie\",\"potentialAction\":[{\"@type\":\"SearchAction\",\"target\":{\"@type\":\"EntryPoint\",\"urlTemplate\":\"https:\\\/\\\/www.abd-bvd.be\\\/fr\\\/?s={search_term_string}\"},\"query-input\":{\"@type\":\"PropertyValueSpecification\",\"valueRequired\":true,\"valueName\":\"search_term_string\"}}],\"inLanguage\":\"fr-FR\"},{\"@type\":\"Person\",\"@id\":\"https:\\\/\\\/www.abd-bvd.be\\\/fr\\\/#\\\/schema\\\/person\\\/b16d2027ba7bd24752b02f45e6c2d628\",\"name\":\"Guy Delsaut\",\"image\":{\"@type\":\"ImageObject\",\"inLanguage\":\"fr-FR\",\"@id\":\"https:\\\/\\\/secure.gravatar.com\\\/avatar\\\/661ab3e27256975e79639c97a039adabdf47fbcdcd1883bad66ee2e8b41bdfa7?s=96&d=mm&r=g\",\"url\":\"https:\\\/\\\/secure.gravatar.com\\\/avatar\\\/661ab3e27256975e79639c97a039adabdf47fbcdcd1883bad66ee2e8b41bdfa7?s=96&d=mm&r=g\",\"contentUrl\":\"https:\\\/\\\/secure.gravatar.com\\\/avatar\\\/661ab3e27256975e79639c97a039adabdf47fbcdcd1883bad66ee2e8b41bdfa7?s=96&d=mm&r=g\",\"caption\":\"Guy Delsaut\"},\"url\":\"https:\\\/\\\/www.abd-bvd.be\\\/fr\\\/author\\\/guy-delsaut\\\/\"}]}<\/script>\n<!-- \/ Yoast SEO plugin. -->","yoast_head_json":{"title":"Doc'Moment (en visioconf\u00e9rence)Reprobel et le droit d\u2019auteur : Nouvelles perspectives - ABD-BVD","robots":{"index":"index","follow":"follow","max-snippet":"max-snippet:-1","max-image-preview":"max-image-preview:large","max-video-preview":"max-video-preview:-1"},"canonical":"https:\/\/www.abd-bvd.be\/fr\/agenda\/docmoment-mars-2021\/","og_locale":"fr_FR","og_type":"article","og_title":"Doc'Moment (en visioconf\u00e9rence)Reprobel et le droit d\u2019auteur : Nouvelles perspectives - ABD-BVD","og_description":"Doc\u2019Moment : les rendez-vous de l\u2019ABD-BVD \u2013 Mardi 30 mars 2021 (14:00 &#8211; 16:30) S&rsquo;inscrire au Doc&rsquo;Moment Reprobel et le droit d\u2019auteur\u00a0: Nouvelles perspectives Kurt Van Damme, Head of Sales (Private) legal &amp; International, Reprobel Prof. Vincent Cassiers, Charg\u00e9 de cours, UCLouvain Reprobel repr\u00e9sente les auteurs et les \u00e9diteurs belges de livres et magazines litt\u00e9raires, [&hellip;]","og_url":"https:\/\/www.abd-bvd.be\/fr\/agenda\/docmoment-mars-2021\/","og_site_name":"ABD-BVD","article_published_time":"2021-03-18T14:11:45+00:00","article_modified_time":"2021-03-18T15:34:42+00:00","author":"Guy Delsaut","twitter_card":"summary_large_image","twitter_misc":{"\u00c9crit par":"Guy Delsaut","Dur\u00e9e de lecture estim\u00e9e":"1 minute"},"schema":{"@context":"https:\/\/schema.org","@graph":[{"@type":"Article","@id":"https:\/\/www.abd-bvd.be\/fr\/agenda\/docmoment-mars-2021\/#article","isPartOf":{"@id":"https:\/\/www.abd-bvd.be\/fr\/agenda\/docmoment-mars-2021\/"},"author":{"name":"Guy Delsaut","@id":"https:\/\/www.abd-bvd.be\/fr\/#\/schema\/person\/b16d2027ba7bd24752b02f45e6c2d628"},"headline":"Doc&rsquo;Moment (en visioconf\u00e9rence) Reprobel et le droit d\u2019auteur : Nouvelles perspectives","datePublished":"2021-03-18T14:11:45+00:00","dateModified":"2021-03-18T15:34:42+00:00","mainEntityOfPage":{"@id":"https:\/\/www.abd-bvd.be\/fr\/agenda\/docmoment-mars-2021\/"},"wordCount":206,"articleSection":["Agenda"],"inLanguage":"fr-FR"},{"@type":"WebPage","@id":"https:\/\/www.abd-bvd.be\/fr\/agenda\/docmoment-mars-2021\/","url":"https:\/\/www.abd-bvd.be\/fr\/agenda\/docmoment-mars-2021\/","name":"Doc'Moment (en visioconf\u00e9rence) Reprobel et le droit d\u2019auteur : Nouvelles perspectives - ABD-BVD","isPartOf":{"@id":"https:\/\/www.abd-bvd.be\/fr\/#website"},"datePublished":"2021-03-18T14:11:45+00:00","dateModified":"2021-03-18T15:34:42+00:00","author":{"@id":"https:\/\/www.abd-bvd.be\/fr\/#\/schema\/person\/b16d2027ba7bd24752b02f45e6c2d628"},"breadcrumb":{"@id":"https:\/\/www.abd-bvd.be\/fr\/agenda\/docmoment-mars-2021\/#breadcrumb"},"inLanguage":"fr-FR","potentialAction":[{"@type":"ReadAction","target":["https:\/\/www.abd-bvd.be\/fr\/agenda\/docmoment-mars-2021\/"]}]},{"@type":"BreadcrumbList","@id":"https:\/\/www.abd-bvd.be\/fr\/agenda\/docmoment-mars-2021\/#breadcrumb","itemListElement":[{"@type":"ListItem","position":1,"name":"Accueil","item":"https:\/\/www.abd-bvd.be\/fr\/"},{"@type":"ListItem","position":2,"name":"Doc&rsquo;Moment (en visioconf\u00e9rence)Reprobel et le droit d\u2019auteur : Nouvelles perspectives"}]},{"@type":"WebSite","@id":"https:\/\/www.abd-bvd.be\/fr\/#website","url":"https:\/\/www.abd-bvd.be\/fr\/","name":"ABD-BVD","description":"Association Belge de documentation - Belgische verniging voor documentatie","potentialAction":[{"@type":"SearchAction","target":{"@type":"EntryPoint","urlTemplate":"https:\/\/www.abd-bvd.be\/fr\/?s={search_term_string}"},"query-input":{"@type":"PropertyValueSpecification","valueRequired":true,"valueName":"search_term_string"}}],"inLanguage":"fr-FR"},{"@type":"Person","@id":"https:\/\/www.abd-bvd.be\/fr\/#\/schema\/person\/b16d2027ba7bd24752b02f45e6c2d628","name":"Guy Delsaut","image":{"@type":"ImageObject","inLanguage":"fr-FR","@id":"https:\/\/secure.gravatar.com\/avatar\/661ab3e27256975e79639c97a039adabdf47fbcdcd1883bad66ee2e8b41bdfa7?s=96&d=mm&r=g","url":"https:\/\/secure.gravatar.com\/avatar\/661ab3e27256975e79639c97a039adabdf47fbcdcd1883bad66ee2e8b41bdfa7?s=96&d=mm&r=g","contentUrl":"https:\/\/secure.gravatar.com\/avatar\/661ab3e27256975e79639c97a039adabdf47fbcdcd1883bad66ee2e8b41bdfa7?s=96&d=mm&r=g","caption":"Guy Delsaut"},"url":"https:\/\/www.abd-bvd.be\/fr\/author\/guy-delsaut\/"}]}},"_links":{"self":[{"href":"https:\/\/www.abd-bvd.be\/fr\/wp-json\/wp\/v2\/posts\/23830","targetHints":{"allow":["GET"]}}],"collection":[{"href":"https:\/\/www.abd-bvd.be\/fr\/wp-json\/wp\/v2\/posts"}],"about":[{"href":"https:\/\/www.abd-bvd.be\/fr\/wp-json\/wp\/v2\/types\/post"}],"author":[{"embeddable":true,"href":"https:\/\/www.abd-bvd.be\/fr\/wp-json\/wp\/v2\/users\/5"}],"replies":[{"embeddable":true,"href":"https:\/\/www.abd-bvd.be\/fr\/wp-json\/wp\/v2\/comments?post=23830"}],"version-history":[{"count":4,"href":"https:\/\/www.abd-bvd.be\/fr\/wp-json\/wp\/v2\/posts\/23830\/revisions"}],"predecessor-version":[{"id":27277,"href":"https:\/\/www.abd-bvd.be\/fr\/wp-json\/wp\/v2\/posts\/23830\/revisions\/27277"}],"wp:attachment":[{"href":"https:\/\/www.abd-bvd.be\/fr\/wp-json\/wp\/v2\/media?parent=23830"}],"wp:term":[{"taxonomy":"category","embeddable":true,"href":"https:\/\/www.abd-bvd.be\/fr\/wp-json\/wp\/v2\/categories?post=23830"},{"taxonomy":"post_tag","embeddable":true,"href":"https:\/\/www.abd-bvd.be\/fr\/wp-json\/wp\/v2\/tags?post=23830"}],"curies":[{"name":"wp","href":"https:\/\/api.w.org\/{rel}","templated":true}]}}