{"id":2355,"date":"2015-03-09T10:53:44","date_gmt":"2015-03-09T10:53:44","guid":{"rendered":"http:\/\/www.abd-bvd.be\/?p=2355"},"modified":"2015-08-21T12:19:32","modified_gmt":"2015-08-21T12:19:32","slug":"mars-2015-2","status":"publish","type":"post","link":"https:\/\/www.abd-bvd.be\/fr\/doc-moments\/mars-2015-2\/","title":{"rendered":"Mars 2015-2 &#8211; Les 5 d\u00e9fis actuels et futurs des m\u00e9tiers de l&rsquo;information documentation"},"content":{"rendered":"<p>par <strong>Jean-Philippe Accart<\/strong>, Responsable de la Biblioth\u00e8que de l&rsquo;\u00c9cole h\u00f4teli\u00e8re de Lausanne (Suisse)<\/p>\n<p style=\"text-align: justify;\">\u00c0 l&rsquo;occasion de la sortie en avril 2014 de l&rsquo;ouvrage \u00ab\u00a0Regards crois\u00e9s sur les m\u00e9tiers de l&rsquo;information\u00a0\u00bb (Editions Klog) et de la sortie pr\u00e9vue en 2015 de la 4\u00e8me \u00e9dition du \u00ab\u00a0M\u00e9tier de documentaliste\u00a0\u00bb (\u00c9ditions du Cercle de la Librairie), l&rsquo;auteur se propose de faire le point sur l&rsquo;actualit\u00e9 des m\u00e9tiers de l&rsquo;information documentation et biblioth\u00e8ques. Cette actualit\u00e9 prend en compte les d\u00e9fis sociaux, techniques et politiques, ainsi que les d\u00e9veloppements en cours. Si les m\u00e9tiers de l&rsquo;information restent attach\u00e9s \u00e0 des valeurs d&rsquo;\u00e9change et de partage, ils doivent \u00eatre encore mieux imbriqu\u00e9s dans la vie sociale et politique, suivre les \u00e9volutions technologiques et soci\u00e9tales pour assurer leur futur. Un certain nombre de d\u00e9veloppements sont pris en compte tels la collaboration, la m\u00e9diation, l&rsquo;\u00e9valuation et enfin la formation, grandes tendances actuelles.<\/p>\n<p><span class=\"file-button\"><a href=\"https:\/\/www.abd-bvd.be\/wp-content\/uploads\/DocMoment-032015-Jean-Philippe-Accart.pdf\">T\u00e9l\u00e9charger (FR)<\/a><\/span><\/p>\n<p>Lieu : <span class=\"st\">Haute \u00c9cole de Namur-Li\u00e8ge-Luxembourg (Henallux)<\/span> &#8211; Namur<\/p>\n","protected":false},"excerpt":{"rendered":"<p>par Jean-Philippe Accart, Responsable de la Biblioth\u00e8que de l&rsquo;\u00c9cole h\u00f4teli\u00e8re de Lausanne (Suisse) \u00c0 l&rsquo;occasion de la sortie en avril 2014 de l&rsquo;ouvrage \u00ab\u00a0Regards crois\u00e9s sur les m\u00e9tiers de l&rsquo;information\u00a0\u00bb (Editions Klog) et de la sortie pr\u00e9vue en 2015 de la 4\u00e8me \u00e9dition du \u00ab\u00a0M\u00e9tier de documentaliste\u00a0\u00bb (\u00c9ditions du Cercle de la Librairie), l&rsquo;auteur se [&hellip;]<\/p>\n","protected":false},"author":11,"featured_media":0,"comment_status":"open","ping_status":"open","sticky":false,"template":"","format":"standard","meta":{"_acf_changed":false,"footnotes":"","_wpscppro_dont_share_socialmedia":false,"_wpscppro_custom_social_share_image":0,"_facebook_share_type":"","_twitter_share_type":"","_linkedin_share_type":"","_pinterest_share_type":"","_linkedin_share_type_page":"","_instagram_share_type":"","_medium_share_type":"","_threads_share_type":"","_google_business_share_type":"","_selected_social_profile":[],"_wpsp_enable_custom_social_template":false,"_wpsp_social_scheduling":{"enabled":false,"datetime":null,"platforms":[],"status":"template_only","dateOption":"today","timeOption":"now","customDays":"","customHours":"","customDate":"","customTime":"","schedulingType":"absolute"},"_wpsp_active_default_template":true},"categories":[92],"tags":[],"class_list":["post-2355","post","type-post","status-publish","format-standard","hentry","category-doc-moments"],"acf":[],"yoast_head":"<!-- This site is optimized with the Yoast SEO plugin v27.5 - https:\/\/yoast.com\/product\/yoast-seo-wordpress\/ -->\n<title>Mars 2015-2 - Les 5 d\u00e9fis actuels et futurs des m\u00e9tiers de l&#039;information documentation - ABD-BVD<\/title>\n<meta name=\"robots\" content=\"index, follow, max-snippet:-1, max-image-preview:large, max-video-preview:-1\" \/>\n<link rel=\"canonical\" href=\"https:\/\/www.abd-bvd.be\/fr\/doc-moments\/mars-2015-2\/\" \/>\n<meta property=\"og:locale\" content=\"fr_FR\" \/>\n<meta property=\"og:type\" content=\"article\" \/>\n<meta property=\"og:title\" content=\"Mars 2015-2 - Les 5 d\u00e9fis actuels et futurs des m\u00e9tiers de l&#039;information documentation - ABD-BVD\" \/>\n<meta property=\"og:description\" content=\"par Jean-Philippe Accart, Responsable de la Biblioth\u00e8que de l&rsquo;\u00c9cole h\u00f4teli\u00e8re de Lausanne (Suisse) \u00c0 l&rsquo;occasion de la sortie en avril 2014 de l&rsquo;ouvrage \u00ab\u00a0Regards crois\u00e9s sur les m\u00e9tiers de l&rsquo;information\u00a0\u00bb (Editions Klog) et de la sortie pr\u00e9vue en 2015 de la 4\u00e8me \u00e9dition du \u00ab\u00a0M\u00e9tier de documentaliste\u00a0\u00bb (\u00c9ditions du Cercle de la Librairie), l&rsquo;auteur se [&hellip;]\" \/>\n<meta property=\"og:url\" content=\"https:\/\/www.abd-bvd.be\/fr\/doc-moments\/mars-2015-2\/\" \/>\n<meta property=\"og:site_name\" content=\"ABD-BVD\" \/>\n<meta property=\"article:published_time\" content=\"2015-03-09T10:53:44+00:00\" \/>\n<meta property=\"article:modified_time\" content=\"2015-08-21T12:19:32+00:00\" \/>\n<meta name=\"author\" content=\"Catherine G\u00e9rard\" \/>\n<meta name=\"twitter:card\" content=\"summary_large_image\" \/>\n<meta name=\"twitter:label1\" content=\"\u00c9crit par\" \/>\n\t<meta name=\"twitter:data1\" content=\"Catherine G\u00e9rard\" \/>\n\t<meta name=\"twitter:label2\" content=\"Dur\u00e9e de lecture estim\u00e9e\" \/>\n\t<meta name=\"twitter:data2\" content=\"1 minute\" \/>\n<script type=\"application\/ld+json\" class=\"yoast-schema-graph\">{\"@context\":\"https:\\\/\\\/schema.org\",\"@graph\":[{\"@type\":\"Article\",\"@id\":\"https:\\\/\\\/www.abd-bvd.be\\\/fr\\\/doc-moments\\\/mars-2015-2\\\/#article\",\"isPartOf\":{\"@id\":\"https:\\\/\\\/www.abd-bvd.be\\\/fr\\\/doc-moments\\\/mars-2015-2\\\/\"},\"author\":{\"name\":\"Catherine G\u00e9rard\",\"@id\":\"https:\\\/\\\/www.abd-bvd.be\\\/fr\\\/#\\\/schema\\\/person\\\/b6755b61a1d8f94d075def4981f46068\"},\"headline\":\"Mars 2015-2 &#8211; Les 5 d\u00e9fis actuels et futurs des m\u00e9tiers de l&rsquo;information documentation\",\"datePublished\":\"2015-03-09T10:53:44+00:00\",\"dateModified\":\"2015-08-21T12:19:32+00:00\",\"mainEntityOfPage\":{\"@id\":\"https:\\\/\\\/www.abd-bvd.be\\\/fr\\\/doc-moments\\\/mars-2015-2\\\/\"},\"wordCount\":196,\"commentCount\":0,\"articleSection\":[\"Doc'Moments\"],\"inLanguage\":\"fr-FR\",\"potentialAction\":[{\"@type\":\"CommentAction\",\"name\":\"Comment\",\"target\":[\"https:\\\/\\\/www.abd-bvd.be\\\/fr\\\/doc-moments\\\/mars-2015-2\\\/#respond\"]}]},{\"@type\":\"WebPage\",\"@id\":\"https:\\\/\\\/www.abd-bvd.be\\\/fr\\\/doc-moments\\\/mars-2015-2\\\/\",\"url\":\"https:\\\/\\\/www.abd-bvd.be\\\/fr\\\/doc-moments\\\/mars-2015-2\\\/\",\"name\":\"Mars 2015-2 - Les 5 d\u00e9fis actuels et futurs des m\u00e9tiers de l'information documentation - ABD-BVD\",\"isPartOf\":{\"@id\":\"https:\\\/\\\/www.abd-bvd.be\\\/fr\\\/#website\"},\"datePublished\":\"2015-03-09T10:53:44+00:00\",\"dateModified\":\"2015-08-21T12:19:32+00:00\",\"author\":{\"@id\":\"https:\\\/\\\/www.abd-bvd.be\\\/fr\\\/#\\\/schema\\\/person\\\/b6755b61a1d8f94d075def4981f46068\"},\"breadcrumb\":{\"@id\":\"https:\\\/\\\/www.abd-bvd.be\\\/fr\\\/doc-moments\\\/mars-2015-2\\\/#breadcrumb\"},\"inLanguage\":\"fr-FR\",\"potentialAction\":[{\"@type\":\"ReadAction\",\"target\":[\"https:\\\/\\\/www.abd-bvd.be\\\/fr\\\/doc-moments\\\/mars-2015-2\\\/\"]}]},{\"@type\":\"BreadcrumbList\",\"@id\":\"https:\\\/\\\/www.abd-bvd.be\\\/fr\\\/doc-moments\\\/mars-2015-2\\\/#breadcrumb\",\"itemListElement\":[{\"@type\":\"ListItem\",\"position\":1,\"name\":\"Accueil\",\"item\":\"https:\\\/\\\/www.abd-bvd.be\\\/fr\\\/\"},{\"@type\":\"ListItem\",\"position\":2,\"name\":\"Mars 2015-2 &#8211; Les 5 d\u00e9fis actuels et futurs des m\u00e9tiers de l&rsquo;information documentation\"}]},{\"@type\":\"WebSite\",\"@id\":\"https:\\\/\\\/www.abd-bvd.be\\\/fr\\\/#website\",\"url\":\"https:\\\/\\\/www.abd-bvd.be\\\/fr\\\/\",\"name\":\"ABD-BVD\",\"description\":\"Association Belge de documentation - Belgische verniging voor documentatie\",\"potentialAction\":[{\"@type\":\"SearchAction\",\"target\":{\"@type\":\"EntryPoint\",\"urlTemplate\":\"https:\\\/\\\/www.abd-bvd.be\\\/fr\\\/?s={search_term_string}\"},\"query-input\":{\"@type\":\"PropertyValueSpecification\",\"valueRequired\":true,\"valueName\":\"search_term_string\"}}],\"inLanguage\":\"fr-FR\"},{\"@type\":\"Person\",\"@id\":\"https:\\\/\\\/www.abd-bvd.be\\\/fr\\\/#\\\/schema\\\/person\\\/b6755b61a1d8f94d075def4981f46068\",\"name\":\"Catherine G\u00e9rard\",\"image\":{\"@type\":\"ImageObject\",\"inLanguage\":\"fr-FR\",\"@id\":\"https:\\\/\\\/secure.gravatar.com\\\/avatar\\\/056de6abd907d96ee36216f287a04afb1792e8f76d2bb0915afff30cd81c37a2?s=96&d=mm&r=g\",\"url\":\"https:\\\/\\\/secure.gravatar.com\\\/avatar\\\/056de6abd907d96ee36216f287a04afb1792e8f76d2bb0915afff30cd81c37a2?s=96&d=mm&r=g\",\"contentUrl\":\"https:\\\/\\\/secure.gravatar.com\\\/avatar\\\/056de6abd907d96ee36216f287a04afb1792e8f76d2bb0915afff30cd81c37a2?s=96&d=mm&r=g\",\"caption\":\"Catherine G\u00e9rard\"},\"url\":\"https:\\\/\\\/www.abd-bvd.be\\\/fr\\\/author\\\/catherine-gerard\\\/\"}]}<\/script>\n<!-- \/ Yoast SEO plugin. -->","yoast_head_json":{"title":"Mars 2015-2 - Les 5 d\u00e9fis actuels et futurs des m\u00e9tiers de l'information documentation - ABD-BVD","robots":{"index":"index","follow":"follow","max-snippet":"max-snippet:-1","max-image-preview":"max-image-preview:large","max-video-preview":"max-video-preview:-1"},"canonical":"https:\/\/www.abd-bvd.be\/fr\/doc-moments\/mars-2015-2\/","og_locale":"fr_FR","og_type":"article","og_title":"Mars 2015-2 - Les 5 d\u00e9fis actuels et futurs des m\u00e9tiers de l'information documentation - ABD-BVD","og_description":"par Jean-Philippe Accart, Responsable de la Biblioth\u00e8que de l&rsquo;\u00c9cole h\u00f4teli\u00e8re de Lausanne (Suisse) \u00c0 l&rsquo;occasion de la sortie en avril 2014 de l&rsquo;ouvrage \u00ab\u00a0Regards crois\u00e9s sur les m\u00e9tiers de l&rsquo;information\u00a0\u00bb (Editions Klog) et de la sortie pr\u00e9vue en 2015 de la 4\u00e8me \u00e9dition du \u00ab\u00a0M\u00e9tier de documentaliste\u00a0\u00bb (\u00c9ditions du Cercle de la Librairie), l&rsquo;auteur se [&hellip;]","og_url":"https:\/\/www.abd-bvd.be\/fr\/doc-moments\/mars-2015-2\/","og_site_name":"ABD-BVD","article_published_time":"2015-03-09T10:53:44+00:00","article_modified_time":"2015-08-21T12:19:32+00:00","author":"Catherine G\u00e9rard","twitter_card":"summary_large_image","twitter_misc":{"\u00c9crit par":"Catherine G\u00e9rard","Dur\u00e9e de lecture estim\u00e9e":"1 minute"},"schema":{"@context":"https:\/\/schema.org","@graph":[{"@type":"Article","@id":"https:\/\/www.abd-bvd.be\/fr\/doc-moments\/mars-2015-2\/#article","isPartOf":{"@id":"https:\/\/www.abd-bvd.be\/fr\/doc-moments\/mars-2015-2\/"},"author":{"name":"Catherine G\u00e9rard","@id":"https:\/\/www.abd-bvd.be\/fr\/#\/schema\/person\/b6755b61a1d8f94d075def4981f46068"},"headline":"Mars 2015-2 &#8211; Les 5 d\u00e9fis actuels et futurs des m\u00e9tiers de l&rsquo;information documentation","datePublished":"2015-03-09T10:53:44+00:00","dateModified":"2015-08-21T12:19:32+00:00","mainEntityOfPage":{"@id":"https:\/\/www.abd-bvd.be\/fr\/doc-moments\/mars-2015-2\/"},"wordCount":196,"commentCount":0,"articleSection":["Doc'Moments"],"inLanguage":"fr-FR","potentialAction":[{"@type":"CommentAction","name":"Comment","target":["https:\/\/www.abd-bvd.be\/fr\/doc-moments\/mars-2015-2\/#respond"]}]},{"@type":"WebPage","@id":"https:\/\/www.abd-bvd.be\/fr\/doc-moments\/mars-2015-2\/","url":"https:\/\/www.abd-bvd.be\/fr\/doc-moments\/mars-2015-2\/","name":"Mars 2015-2 - Les 5 d\u00e9fis actuels et futurs des m\u00e9tiers de l'information documentation - ABD-BVD","isPartOf":{"@id":"https:\/\/www.abd-bvd.be\/fr\/#website"},"datePublished":"2015-03-09T10:53:44+00:00","dateModified":"2015-08-21T12:19:32+00:00","author":{"@id":"https:\/\/www.abd-bvd.be\/fr\/#\/schema\/person\/b6755b61a1d8f94d075def4981f46068"},"breadcrumb":{"@id":"https:\/\/www.abd-bvd.be\/fr\/doc-moments\/mars-2015-2\/#breadcrumb"},"inLanguage":"fr-FR","potentialAction":[{"@type":"ReadAction","target":["https:\/\/www.abd-bvd.be\/fr\/doc-moments\/mars-2015-2\/"]}]},{"@type":"BreadcrumbList","@id":"https:\/\/www.abd-bvd.be\/fr\/doc-moments\/mars-2015-2\/#breadcrumb","itemListElement":[{"@type":"ListItem","position":1,"name":"Accueil","item":"https:\/\/www.abd-bvd.be\/fr\/"},{"@type":"ListItem","position":2,"name":"Mars 2015-2 &#8211; Les 5 d\u00e9fis actuels et futurs des m\u00e9tiers de l&rsquo;information documentation"}]},{"@type":"WebSite","@id":"https:\/\/www.abd-bvd.be\/fr\/#website","url":"https:\/\/www.abd-bvd.be\/fr\/","name":"ABD-BVD","description":"Association Belge de documentation - Belgische verniging voor documentatie","potentialAction":[{"@type":"SearchAction","target":{"@type":"EntryPoint","urlTemplate":"https:\/\/www.abd-bvd.be\/fr\/?s={search_term_string}"},"query-input":{"@type":"PropertyValueSpecification","valueRequired":true,"valueName":"search_term_string"}}],"inLanguage":"fr-FR"},{"@type":"Person","@id":"https:\/\/www.abd-bvd.be\/fr\/#\/schema\/person\/b6755b61a1d8f94d075def4981f46068","name":"Catherine G\u00e9rard","image":{"@type":"ImageObject","inLanguage":"fr-FR","@id":"https:\/\/secure.gravatar.com\/avatar\/056de6abd907d96ee36216f287a04afb1792e8f76d2bb0915afff30cd81c37a2?s=96&d=mm&r=g","url":"https:\/\/secure.gravatar.com\/avatar\/056de6abd907d96ee36216f287a04afb1792e8f76d2bb0915afff30cd81c37a2?s=96&d=mm&r=g","contentUrl":"https:\/\/secure.gravatar.com\/avatar\/056de6abd907d96ee36216f287a04afb1792e8f76d2bb0915afff30cd81c37a2?s=96&d=mm&r=g","caption":"Catherine G\u00e9rard"},"url":"https:\/\/www.abd-bvd.be\/fr\/author\/catherine-gerard\/"}]}},"_links":{"self":[{"href":"https:\/\/www.abd-bvd.be\/fr\/wp-json\/wp\/v2\/posts\/2355","targetHints":{"allow":["GET"]}}],"collection":[{"href":"https:\/\/www.abd-bvd.be\/fr\/wp-json\/wp\/v2\/posts"}],"about":[{"href":"https:\/\/www.abd-bvd.be\/fr\/wp-json\/wp\/v2\/types\/post"}],"author":[{"embeddable":true,"href":"https:\/\/www.abd-bvd.be\/fr\/wp-json\/wp\/v2\/users\/11"}],"replies":[{"embeddable":true,"href":"https:\/\/www.abd-bvd.be\/fr\/wp-json\/wp\/v2\/comments?post=2355"}],"version-history":[{"count":0,"href":"https:\/\/www.abd-bvd.be\/fr\/wp-json\/wp\/v2\/posts\/2355\/revisions"}],"wp:attachment":[{"href":"https:\/\/www.abd-bvd.be\/fr\/wp-json\/wp\/v2\/media?parent=2355"}],"wp:term":[{"taxonomy":"category","embeddable":true,"href":"https:\/\/www.abd-bvd.be\/fr\/wp-json\/wp\/v2\/categories?post=2355"},{"taxonomy":"post_tag","embeddable":true,"href":"https:\/\/www.abd-bvd.be\/fr\/wp-json\/wp\/v2\/tags?post=2355"}],"curies":[{"name":"wp","href":"https:\/\/api.w.org\/{rel}","templated":true}]}}