{"id":21696,"date":"2020-10-07T00:09:50","date_gmt":"2020-10-06T22:09:50","guid":{"rendered":"https:\/\/www.abd-bvd.be\/?p=21696"},"modified":"2020-10-07T00:09:50","modified_gmt":"2020-10-06T22:09:50","slug":"le-prix-abd-bvd-2020-recompense-une-diplomee-de-liessid","status":"publish","type":"post","link":"https:\/\/www.abd-bvd.be\/fr\/actualites\/le-prix-abd-bvd-2020-recompense-une-diplomee-de-liessid\/","title":{"rendered":"Le Prix ABD-BVD 2020 r\u00e9compense une dipl\u00f4m\u00e9e de l&rsquo;IESSID"},"content":{"rendered":"<p>C&rsquo;est avec beaucoup de plaisir que le jury du Prix ABD-BVD 2020 a choisi de r\u00e9compenser Johanne Raya Ruiz, dipl\u00f4m\u00e9e de l&rsquo;IESSID (Haute \u00e9cole Bruxelles Brabant) pour son travail de fin d&rsquo;\u00e9tudes intitul\u00e9 <em>Valorisation du fonds local du Centre d&rsquo;Art de Rouge-Clo\u00eetre \u00e0 travers un produit documentaire ludo\u00e9ducatif\u00a0&amp; un module de phototh\u00e8que via PMB et sa fonctionnalit\u00e9 de g\u00e9or\u00e9f\u00e9rencement<\/em>.<\/p>\n<p>Le Prix ABD-BVD, d&rsquo;une valeur de 1500 \u20ac, r\u00e9compense chaque ann\u00e9e un travail de fin d\u2019\u00e9tudes in\u00e9dit consacr\u00e9 aux sciences de l\u2019information et de la documentation. L&rsquo;\u00e9dition 2021 sera bient\u00f4t lanc\u00e9e.<\/p>\n","protected":false},"excerpt":{"rendered":"<p>C&rsquo;est avec beaucoup de plaisir que le jury du Prix ABD-BVD 2020 a choisi de r\u00e9compenser Johanne Raya Ruiz, dipl\u00f4m\u00e9e de l&rsquo;IESSID (Haute \u00e9cole Bruxelles Brabant) pour son travail de fin d&rsquo;\u00e9tudes intitul\u00e9 Valorisation du fonds local du Centre d&rsquo;Art de Rouge-Clo\u00eetre \u00e0 travers un produit documentaire ludo\u00e9ducatif\u00a0&amp; un module de phototh\u00e8que via PMB et [&hellip;]<\/p>\n","protected":false},"author":5,"featured_media":0,"comment_status":"closed","ping_status":"open","sticky":false,"template":"","format":"standard","meta":{"_acf_changed":false,"footnotes":"","_wpscppro_dont_share_socialmedia":false,"_wpscppro_custom_social_share_image":0,"_facebook_share_type":"","_twitter_share_type":"","_linkedin_share_type":"","_pinterest_share_type":"","_linkedin_share_type_page":"","_instagram_share_type":"","_medium_share_type":"","_threads_share_type":"","_google_business_share_type":"","_selected_social_profile":[],"_wpsp_enable_custom_social_template":false,"_wpsp_social_scheduling":{"enabled":false,"datetime":null,"platforms":[],"status":"template_only","dateOption":"today","timeOption":"now","customDays":"","customHours":"","customDate":"","customTime":"","schedulingType":"absolute"},"_wpsp_active_default_template":true},"categories":[3],"tags":[],"class_list":["post-21696","post","type-post","status-publish","format-standard","hentry","category-actualites"],"acf":[],"yoast_head":"<!-- This site is optimized with the Yoast SEO plugin v27.4 - https:\/\/yoast.com\/product\/yoast-seo-wordpress\/ -->\n<title>Le Prix ABD-BVD 2020 r\u00e9compense une dipl\u00f4m\u00e9e de l&#039;IESSID - ABD-BVD<\/title>\n<meta name=\"robots\" content=\"index, follow, max-snippet:-1, max-image-preview:large, max-video-preview:-1\" \/>\n<link rel=\"canonical\" href=\"https:\/\/www.abd-bvd.be\/fr\/actualites\/le-prix-abd-bvd-2020-recompense-une-diplomee-de-liessid\/\" \/>\n<meta property=\"og:locale\" content=\"fr_FR\" \/>\n<meta property=\"og:type\" content=\"article\" \/>\n<meta property=\"og:title\" content=\"Le Prix ABD-BVD 2020 r\u00e9compense une dipl\u00f4m\u00e9e de l&#039;IESSID - ABD-BVD\" \/>\n<meta property=\"og:description\" content=\"C&rsquo;est avec beaucoup de plaisir que le jury du Prix ABD-BVD 2020 a choisi de r\u00e9compenser Johanne Raya Ruiz, dipl\u00f4m\u00e9e de l&rsquo;IESSID (Haute \u00e9cole Bruxelles Brabant) pour son travail de fin d&rsquo;\u00e9tudes intitul\u00e9 Valorisation du fonds local du Centre d&rsquo;Art de Rouge-Clo\u00eetre \u00e0 travers un produit documentaire ludo\u00e9ducatif\u00a0&amp; un module de phototh\u00e8que via PMB et [&hellip;]\" \/>\n<meta property=\"og:url\" content=\"https:\/\/www.abd-bvd.be\/fr\/actualites\/le-prix-abd-bvd-2020-recompense-une-diplomee-de-liessid\/\" \/>\n<meta property=\"og:site_name\" content=\"ABD-BVD\" \/>\n<meta property=\"article:published_time\" content=\"2020-10-06T22:09:50+00:00\" \/>\n<meta name=\"author\" content=\"Guy Delsaut\" \/>\n<meta name=\"twitter:card\" content=\"summary_large_image\" \/>\n<meta name=\"twitter:label1\" content=\"\u00c9crit par\" \/>\n\t<meta name=\"twitter:data1\" content=\"Guy Delsaut\" \/>\n\t<meta name=\"twitter:label2\" content=\"Dur\u00e9e de lecture estim\u00e9e\" \/>\n\t<meta name=\"twitter:data2\" content=\"1 minute\" \/>\n<script type=\"application\/ld+json\" class=\"yoast-schema-graph\">{\"@context\":\"https:\\\/\\\/schema.org\",\"@graph\":[{\"@type\":\"Article\",\"@id\":\"https:\\\/\\\/www.abd-bvd.be\\\/fr\\\/actualites\\\/le-prix-abd-bvd-2020-recompense-une-diplomee-de-liessid\\\/#article\",\"isPartOf\":{\"@id\":\"https:\\\/\\\/www.abd-bvd.be\\\/fr\\\/actualites\\\/le-prix-abd-bvd-2020-recompense-une-diplomee-de-liessid\\\/\"},\"author\":{\"name\":\"Guy Delsaut\",\"@id\":\"https:\\\/\\\/www.abd-bvd.be\\\/fr\\\/#\\\/schema\\\/person\\\/b16d2027ba7bd24752b02f45e6c2d628\"},\"headline\":\"Le Prix ABD-BVD 2020 r\u00e9compense une dipl\u00f4m\u00e9e de l&rsquo;IESSID\",\"datePublished\":\"2020-10-06T22:09:50+00:00\",\"mainEntityOfPage\":{\"@id\":\"https:\\\/\\\/www.abd-bvd.be\\\/fr\\\/actualites\\\/le-prix-abd-bvd-2020-recompense-une-diplomee-de-liessid\\\/\"},\"wordCount\":120,\"articleSection\":[\"Actualit\u00e9s\"],\"inLanguage\":\"fr-FR\"},{\"@type\":\"WebPage\",\"@id\":\"https:\\\/\\\/www.abd-bvd.be\\\/fr\\\/actualites\\\/le-prix-abd-bvd-2020-recompense-une-diplomee-de-liessid\\\/\",\"url\":\"https:\\\/\\\/www.abd-bvd.be\\\/fr\\\/actualites\\\/le-prix-abd-bvd-2020-recompense-une-diplomee-de-liessid\\\/\",\"name\":\"Le Prix ABD-BVD 2020 r\u00e9compense une dipl\u00f4m\u00e9e de l'IESSID - ABD-BVD\",\"isPartOf\":{\"@id\":\"https:\\\/\\\/www.abd-bvd.be\\\/fr\\\/#website\"},\"datePublished\":\"2020-10-06T22:09:50+00:00\",\"author\":{\"@id\":\"https:\\\/\\\/www.abd-bvd.be\\\/fr\\\/#\\\/schema\\\/person\\\/b16d2027ba7bd24752b02f45e6c2d628\"},\"breadcrumb\":{\"@id\":\"https:\\\/\\\/www.abd-bvd.be\\\/fr\\\/actualites\\\/le-prix-abd-bvd-2020-recompense-une-diplomee-de-liessid\\\/#breadcrumb\"},\"inLanguage\":\"fr-FR\",\"potentialAction\":[{\"@type\":\"ReadAction\",\"target\":[\"https:\\\/\\\/www.abd-bvd.be\\\/fr\\\/actualites\\\/le-prix-abd-bvd-2020-recompense-une-diplomee-de-liessid\\\/\"]}]},{\"@type\":\"BreadcrumbList\",\"@id\":\"https:\\\/\\\/www.abd-bvd.be\\\/fr\\\/actualites\\\/le-prix-abd-bvd-2020-recompense-une-diplomee-de-liessid\\\/#breadcrumb\",\"itemListElement\":[{\"@type\":\"ListItem\",\"position\":1,\"name\":\"Accueil\",\"item\":\"https:\\\/\\\/www.abd-bvd.be\\\/fr\\\/\"},{\"@type\":\"ListItem\",\"position\":2,\"name\":\"Le Prix ABD-BVD 2020 r\u00e9compense une dipl\u00f4m\u00e9e de l&rsquo;IESSID\"}]},{\"@type\":\"WebSite\",\"@id\":\"https:\\\/\\\/www.abd-bvd.be\\\/fr\\\/#website\",\"url\":\"https:\\\/\\\/www.abd-bvd.be\\\/fr\\\/\",\"name\":\"ABD-BVD\",\"description\":\"Association Belge de documentation - Belgische verniging voor documentatie\",\"potentialAction\":[{\"@type\":\"SearchAction\",\"target\":{\"@type\":\"EntryPoint\",\"urlTemplate\":\"https:\\\/\\\/www.abd-bvd.be\\\/fr\\\/?s={search_term_string}\"},\"query-input\":{\"@type\":\"PropertyValueSpecification\",\"valueRequired\":true,\"valueName\":\"search_term_string\"}}],\"inLanguage\":\"fr-FR\"},{\"@type\":\"Person\",\"@id\":\"https:\\\/\\\/www.abd-bvd.be\\\/fr\\\/#\\\/schema\\\/person\\\/b16d2027ba7bd24752b02f45e6c2d628\",\"name\":\"Guy Delsaut\",\"image\":{\"@type\":\"ImageObject\",\"inLanguage\":\"fr-FR\",\"@id\":\"https:\\\/\\\/secure.gravatar.com\\\/avatar\\\/661ab3e27256975e79639c97a039adabdf47fbcdcd1883bad66ee2e8b41bdfa7?s=96&d=mm&r=g\",\"url\":\"https:\\\/\\\/secure.gravatar.com\\\/avatar\\\/661ab3e27256975e79639c97a039adabdf47fbcdcd1883bad66ee2e8b41bdfa7?s=96&d=mm&r=g\",\"contentUrl\":\"https:\\\/\\\/secure.gravatar.com\\\/avatar\\\/661ab3e27256975e79639c97a039adabdf47fbcdcd1883bad66ee2e8b41bdfa7?s=96&d=mm&r=g\",\"caption\":\"Guy Delsaut\"},\"url\":\"https:\\\/\\\/www.abd-bvd.be\\\/fr\\\/author\\\/guy-delsaut\\\/\"}]}<\/script>\n<!-- \/ Yoast SEO plugin. -->","yoast_head_json":{"title":"Le Prix ABD-BVD 2020 r\u00e9compense une dipl\u00f4m\u00e9e de l'IESSID - ABD-BVD","robots":{"index":"index","follow":"follow","max-snippet":"max-snippet:-1","max-image-preview":"max-image-preview:large","max-video-preview":"max-video-preview:-1"},"canonical":"https:\/\/www.abd-bvd.be\/fr\/actualites\/le-prix-abd-bvd-2020-recompense-une-diplomee-de-liessid\/","og_locale":"fr_FR","og_type":"article","og_title":"Le Prix ABD-BVD 2020 r\u00e9compense une dipl\u00f4m\u00e9e de l'IESSID - ABD-BVD","og_description":"C&rsquo;est avec beaucoup de plaisir que le jury du Prix ABD-BVD 2020 a choisi de r\u00e9compenser Johanne Raya Ruiz, dipl\u00f4m\u00e9e de l&rsquo;IESSID (Haute \u00e9cole Bruxelles Brabant) pour son travail de fin d&rsquo;\u00e9tudes intitul\u00e9 Valorisation du fonds local du Centre d&rsquo;Art de Rouge-Clo\u00eetre \u00e0 travers un produit documentaire ludo\u00e9ducatif\u00a0&amp; un module de phototh\u00e8que via PMB et [&hellip;]","og_url":"https:\/\/www.abd-bvd.be\/fr\/actualites\/le-prix-abd-bvd-2020-recompense-une-diplomee-de-liessid\/","og_site_name":"ABD-BVD","article_published_time":"2020-10-06T22:09:50+00:00","author":"Guy Delsaut","twitter_card":"summary_large_image","twitter_misc":{"\u00c9crit par":"Guy Delsaut","Dur\u00e9e de lecture estim\u00e9e":"1 minute"},"schema":{"@context":"https:\/\/schema.org","@graph":[{"@type":"Article","@id":"https:\/\/www.abd-bvd.be\/fr\/actualites\/le-prix-abd-bvd-2020-recompense-une-diplomee-de-liessid\/#article","isPartOf":{"@id":"https:\/\/www.abd-bvd.be\/fr\/actualites\/le-prix-abd-bvd-2020-recompense-une-diplomee-de-liessid\/"},"author":{"name":"Guy Delsaut","@id":"https:\/\/www.abd-bvd.be\/fr\/#\/schema\/person\/b16d2027ba7bd24752b02f45e6c2d628"},"headline":"Le Prix ABD-BVD 2020 r\u00e9compense une dipl\u00f4m\u00e9e de l&rsquo;IESSID","datePublished":"2020-10-06T22:09:50+00:00","mainEntityOfPage":{"@id":"https:\/\/www.abd-bvd.be\/fr\/actualites\/le-prix-abd-bvd-2020-recompense-une-diplomee-de-liessid\/"},"wordCount":120,"articleSection":["Actualit\u00e9s"],"inLanguage":"fr-FR"},{"@type":"WebPage","@id":"https:\/\/www.abd-bvd.be\/fr\/actualites\/le-prix-abd-bvd-2020-recompense-une-diplomee-de-liessid\/","url":"https:\/\/www.abd-bvd.be\/fr\/actualites\/le-prix-abd-bvd-2020-recompense-une-diplomee-de-liessid\/","name":"Le Prix ABD-BVD 2020 r\u00e9compense une dipl\u00f4m\u00e9e de l'IESSID - ABD-BVD","isPartOf":{"@id":"https:\/\/www.abd-bvd.be\/fr\/#website"},"datePublished":"2020-10-06T22:09:50+00:00","author":{"@id":"https:\/\/www.abd-bvd.be\/fr\/#\/schema\/person\/b16d2027ba7bd24752b02f45e6c2d628"},"breadcrumb":{"@id":"https:\/\/www.abd-bvd.be\/fr\/actualites\/le-prix-abd-bvd-2020-recompense-une-diplomee-de-liessid\/#breadcrumb"},"inLanguage":"fr-FR","potentialAction":[{"@type":"ReadAction","target":["https:\/\/www.abd-bvd.be\/fr\/actualites\/le-prix-abd-bvd-2020-recompense-une-diplomee-de-liessid\/"]}]},{"@type":"BreadcrumbList","@id":"https:\/\/www.abd-bvd.be\/fr\/actualites\/le-prix-abd-bvd-2020-recompense-une-diplomee-de-liessid\/#breadcrumb","itemListElement":[{"@type":"ListItem","position":1,"name":"Accueil","item":"https:\/\/www.abd-bvd.be\/fr\/"},{"@type":"ListItem","position":2,"name":"Le Prix ABD-BVD 2020 r\u00e9compense une dipl\u00f4m\u00e9e de l&rsquo;IESSID"}]},{"@type":"WebSite","@id":"https:\/\/www.abd-bvd.be\/fr\/#website","url":"https:\/\/www.abd-bvd.be\/fr\/","name":"ABD-BVD","description":"Association Belge de documentation - Belgische verniging voor documentatie","potentialAction":[{"@type":"SearchAction","target":{"@type":"EntryPoint","urlTemplate":"https:\/\/www.abd-bvd.be\/fr\/?s={search_term_string}"},"query-input":{"@type":"PropertyValueSpecification","valueRequired":true,"valueName":"search_term_string"}}],"inLanguage":"fr-FR"},{"@type":"Person","@id":"https:\/\/www.abd-bvd.be\/fr\/#\/schema\/person\/b16d2027ba7bd24752b02f45e6c2d628","name":"Guy Delsaut","image":{"@type":"ImageObject","inLanguage":"fr-FR","@id":"https:\/\/secure.gravatar.com\/avatar\/661ab3e27256975e79639c97a039adabdf47fbcdcd1883bad66ee2e8b41bdfa7?s=96&d=mm&r=g","url":"https:\/\/secure.gravatar.com\/avatar\/661ab3e27256975e79639c97a039adabdf47fbcdcd1883bad66ee2e8b41bdfa7?s=96&d=mm&r=g","contentUrl":"https:\/\/secure.gravatar.com\/avatar\/661ab3e27256975e79639c97a039adabdf47fbcdcd1883bad66ee2e8b41bdfa7?s=96&d=mm&r=g","caption":"Guy Delsaut"},"url":"https:\/\/www.abd-bvd.be\/fr\/author\/guy-delsaut\/"}]}},"_links":{"self":[{"href":"https:\/\/www.abd-bvd.be\/fr\/wp-json\/wp\/v2\/posts\/21696","targetHints":{"allow":["GET"]}}],"collection":[{"href":"https:\/\/www.abd-bvd.be\/fr\/wp-json\/wp\/v2\/posts"}],"about":[{"href":"https:\/\/www.abd-bvd.be\/fr\/wp-json\/wp\/v2\/types\/post"}],"author":[{"embeddable":true,"href":"https:\/\/www.abd-bvd.be\/fr\/wp-json\/wp\/v2\/users\/5"}],"replies":[{"embeddable":true,"href":"https:\/\/www.abd-bvd.be\/fr\/wp-json\/wp\/v2\/comments?post=21696"}],"version-history":[{"count":1,"href":"https:\/\/www.abd-bvd.be\/fr\/wp-json\/wp\/v2\/posts\/21696\/revisions"}],"predecessor-version":[{"id":21698,"href":"https:\/\/www.abd-bvd.be\/fr\/wp-json\/wp\/v2\/posts\/21696\/revisions\/21698"}],"wp:attachment":[{"href":"https:\/\/www.abd-bvd.be\/fr\/wp-json\/wp\/v2\/media?parent=21696"}],"wp:term":[{"taxonomy":"category","embeddable":true,"href":"https:\/\/www.abd-bvd.be\/fr\/wp-json\/wp\/v2\/categories?post=21696"},{"taxonomy":"post_tag","embeddable":true,"href":"https:\/\/www.abd-bvd.be\/fr\/wp-json\/wp\/v2\/tags?post=21696"}],"curies":[{"name":"wp","href":"https:\/\/api.w.org\/{rel}","templated":true}]}}