{"id":19132,"date":"2020-03-20T18:37:36","date_gmt":"2020-03-20T17:37:36","guid":{"rendered":"https:\/\/www.abd-bvd.be\/?p=19132"},"modified":"2022-02-27T14:50:45","modified_gmt":"2022-02-27T13:50:45","slug":"2020-1","status":"publish","type":"post","link":"https:\/\/www.abd-bvd.be\/fr\/cahiers-de-la-documentation\/2020-1\/","title":{"rendered":"Cahiers de la Documentation 2020\/1 (mars 2020)"},"content":{"rendered":"\r\n<h1 style=\"text-align: center;\"><strong><span style=\"font-size: 12pt;\">NUM\u00c9RO SP\u00c9CIAL<\/span><\/strong><br \/><strong><span style=\"font-size: 12pt;\">La veille aujourd&rsquo;hui<\/span><\/strong><\/h1>\r\n<h2><img loading=\"lazy\" decoding=\"async\" class=\"alignleft wp-image-19133 size-medium\" src=\"https:\/\/www.abd-bvd.be\/wp-content\/uploads\/cahiers-2020-01-cover-212x300.jpg\" alt=\"\" width=\"212\" height=\"300\" srcset=\"https:\/\/www.abd-bvd.be\/wp-content\/uploads\/cahiers-2020-01-cover-212x300.jpg 212w, https:\/\/www.abd-bvd.be\/wp-content\/uploads\/cahiers-2020-01-cover-725x1024.jpg 725w, https:\/\/www.abd-bvd.be\/wp-content\/uploads\/cahiers-2020-01-cover-768x1085.jpg 768w, https:\/\/www.abd-bvd.be\/wp-content\/uploads\/cahiers-2020-01-cover-1087x1536.jpg 1087w, https:\/\/www.abd-bvd.be\/wp-content\/uploads\/cahiers-2020-01-cover.jpg 1241w\" sizes=\"auto, (max-width: 212px) 100vw, 212px\" \/><\/h2>\r\n<h2>\u00c9ditorial<\/h2>\r\n<p style=\"text-align: justify;\">Si la veille s&rsquo;inscrit clairement dans une d\u00e9marche d&rsquo;intelligence \u00e9conomique, force est de constater qu&rsquo;elle devient \u00e9galement une comp\u00e9tence de plus en plus recherch\u00e9e \u00e0 tous les niveaux du riche \u00e9ventail de nos m\u00e9tiers de l&rsquo;information.<\/p>\r\n<p style=\"text-align: justify;\">C&rsquo;est en partant de ce constat que l&rsquo;\u00e9quipe des Cahiers de la Documentation a d\u00e9cid\u00e9 de vous concocter un num\u00e9ro sp\u00e9cial en vous offrant un voyage \u00e0 360\u00b0 sur la veille aujourd&rsquo;hui.<\/p>\r\n<p style=\"text-align: justify;\">Pourquoi 360\u00b0 ? Parce que nous ouvrirons notre parcours avec un coup d&rsquo;\u0153il vers le pass\u00e9 et un bref croquis du contexte historico-g\u00e9ographique de la veille, et nous le refermerons sur l&rsquo;avenir gr\u00e2ce aux travaux prospectifs du Forem nous r\u00e9v\u00e9lant les comp\u00e9tences qui seront attendues chez les veilleurs de demain. Et aussi parce qu&rsquo;entre le pass\u00e9 et le futur, la veille d&rsquo;aujourd&rsquo;hui y sera auscult\u00e9e sous tous ses aspects : le besoin de collaboration, l&rsquo;impact de l&rsquo;intelligence artificielle, l&rsquo;\u00e9volution des outils, l&rsquo;analyse et la repr\u00e9sentation de l&rsquo;information, etc.<\/p>\r\n<p style=\"text-align: justify;\">Premi\u00e8re escale de notre p\u00e9riple, le fl\u00e9au contemporain de l&rsquo;infob\u00e9sit\u00e9 sera abord\u00e9 par Mich\u00e8le Orban. En \u00e9cho au Doc&rsquo;Moment de septembre 2019, j&rsquo;aurai le plaisir d&rsquo;y d\u00e9velopper les b\u00e9n\u00e9fices d&rsquo;un service de veille dans une perspective de di\u00e9t\u00e9tique informationnelle.<\/p>\r\n<p style=\"text-align: justify;\">Toute veille se rattache \u00e0 un lieu, \u00e0 une culture, \u00e0 tel point que les termes utilis\u00e9s pour en parler sont parfois difficilement traduisibles d&rsquo;une langue \u00e0 l&rsquo;autre. \u00c9voquent-ils seulement des concepts identiques ? Une question captivante qui sera soulev\u00e9e par Dominique Vanp\u00e9e. S&rsquo;appuyant sur son exp\u00e9rience, il pr\u00e9sentera la veille recontextualis\u00e9e au sein des fronti\u00e8res belges&#8230; Un article dont nous aurons le plaisir de lire la suite dans un prochain num\u00e9ro des Cahiers. Nous quitterons ensuite la Belgique pour visiter la Suisse, en compagnie de H\u00e9l\u00e8ne Madinier et de St\u00e9phanie Haesen qui nous feront d\u00e9couvrir l&rsquo;\u00e9volution des pratiques en Suisse romande.<\/p>\r\n<p style=\"text-align: justify;\">Notre itin\u00e9raire se poursuivra sous l&rsquo;angle de la technologie et de l&rsquo;intelligence artificielle. Cette \u00e9tape incontournable sera assur\u00e9e par Marc Borry, qui nous exposera les opportunit\u00e9s et les menaces que repr\u00e9sentent les derniers d\u00e9veloppements de l&rsquo;intelligence artificielle, et plus particuli\u00e8rement du \u00ab\u00a0deep learning\u00a0\u00bb, pour les veilleurs. Et parce que la technologie ne fait pas tout, J\u00e9r\u00f4me Bondu encha\u00eenera sur la n\u00e9cessit\u00e9 de l&rsquo;aspect collaboratif \u00e0 toutes les \u00e9tapes du processus.<\/p>\r\n<p style=\"text-align: justify;\">Parler de veille aujourd&rsquo;hui ne se con\u00e7oit pas sans faire un d\u00e9tour par les r\u00e9seaux sociaux et les mines d&rsquo;information qu&rsquo;ils rec\u00e8lent pour ceux qui savent s&rsquo;en servir. C&rsquo;est une m\u00e9thodologie innovante que nous enseignera Guillaume Sylvestre : en prenant la blockchain comme illustration, il nous d\u00e9crira comment la Social Graph Due Diligence peut faire \u00e9merger les signaux faibles et identifier les acteurs r\u00e9ellement influents d&rsquo;un domaine.<\/p>\r\n<p style=\"text-align: justify;\">\u00c9l\u00e9ment central pour anticiper l&rsquo;\u00e9volution d&rsquo;un environnement donn\u00e9, le signal faible est effectivement le graal du veilleur. Dans les multinationales, une \u00ab\u00a0intelligence team\u00a0\u00bb garantit une surveillance 24h\/24. Gr\u00e2ce \u00e0 son exp\u00e9rience active dans le domaine de l&rsquo;intelligence strat\u00e9gique, Jos\u00e9ph H.A.M. Rodenberg nous livrera, de nombreux exemples \u00e0 l&rsquo;appui, comment l&rsquo;intelligence strat\u00e9gique permet d&rsquo;\u00e9viter aux entreprises les grandes crises caus\u00e9es notamment par la perte d&rsquo;un avantage concurrentiel.<\/p>\r\n<p style=\"text-align: justify;\">Quels que soient le type ou la grandeur de l&rsquo;organisation, les moyens \u00e0 disposition ou l&rsquo;objectif de la veille, l&rsquo;analyse occupe une place cruciale dans le processus. C&rsquo;est ce que d\u00e9veloppera V\u00e9ronique Mesguich en nous exposant diff\u00e9rentes approches et m\u00e9thodes d&rsquo;analyse de l&rsquo;information strat\u00e9gique.<\/p>\r\n<p style=\"text-align: justify;\">Christophe Deschamps prendra ensuite le relais afin de nous partager sa m\u00e9thode de mindmapping, d&rsquo;une grande utilit\u00e9 \u00e0 toutes les \u00e9tapes de la veille depuis la collecte des informations jusqu&rsquo;\u00e0 son analyse et sa diffusion. Et si malgr\u00e9 tout vous \u00eates perdu\u00b7e\u00b7s, rendez-vous avez Serge Courrier qui vous guidera en exposant tr\u00e8s concr\u00e8tement sa m\u00e9thode pour repenser votre veille.<\/p>\r\n<p style=\"text-align: justify;\">Comme pr\u00e9vu, notre voyage \u00e0 360\u00b0 se cl\u00f4turera, les yeux sur l&rsquo;horizon, avec l&rsquo;article de Jean-Claude Chalon dont les travaux prospectifs permettent de d\u00e9gager les \u00e9volutions attendues en termes de comp\u00e9tences pour le charg\u00e9 de veille dans les cinq prochaines ann\u00e9es.<\/p>\r\n<p style=\"text-align: justify;\">Il ne me reste plus qu&rsquo;\u00e0 remercier chaleureusement les auteur\u00b7e\u00b7s pour leur pr\u00e9cieuse contribution, et \u00e0 vous souhaiter un bon voyage en leur compagnie.<\/p>\r\n<p style=\"text-align: right;\"><strong>Mich\u00e8le ORBAN<\/strong><\/p>\r\n<h2>\u00a0<\/h2>\r\n<h2>Concevoir un syst\u00e8me de veille dans une perspective de di\u00e9t\u00e9tique informationnelle<\/h2>\r\n<p><strong>Mich\u00e8le ORBAN<\/strong>, Consultante et formatrice en veille informationnelle<\/p>\r\n<p style=\"text-align: justify;\">Les m\u00e9tiers de l\u2019information et de la documentation sont particuli\u00e8rement touch\u00e9s aujourd\u2019hui par ce ph\u00e9nom\u00e8ne appel\u00e9 de plus en plus commun\u00e9ment \u00abinfob\u00e9sit\u00e9 \u00ab. Face \u00e0 la prolif\u00e9ration anarchique de l\u2019information, les outils de veille peuvent \u00eatre adapt\u00e9s \u00e0 des fins de filtrage et d\u2019amaigrissement du flux informationnel. Apr\u00e8s avoir bross\u00e9 le contexte historico-g\u00e9ographique de la veille, l\u2019article s\u2019attardera sur la recette et les b\u00e9n\u00e9fices d\u2019un syst\u00e8me de veille dans une perspective de di\u00e9t\u00e9tique informationnelle.<\/p>\r\n<\/p>\r\n<span class=\"file-button\"><a href=\"https:\/\/www.abd-bvd.be\/wp-content\/uploads\/2020-1_Orban.pdf\">T\u00e9l\u00e9charger (FR)<\/a><\/span>\r\n\r\n<h2>De wolk rond &lsquo;veille technologique&rsquo; (1ste deel)<\/h2>\r\n<p><strong>Dominique J.B. VANPEE<\/strong>, redacteur \/ researcher Gosiau GCV<\/p>\r\n<p style=\"text-align: justify;\">Dans cette contribution, nous examinerons la gen\u00e8se du concept \u00ab\u00a0veille technologique\u00a0\u00bb dans le contexte belge, ainsi que les notions anglo-saxonnes similaires (competitive &amp; strategic intelligence). Nous tiendrons compte de l\u2019historique de la veille et des syst\u00e8mes de Diffusion S\u00e9lective de l\u2019Information (DSI) lorsque nous clarifierons les diff\u00e9rents termes utilis\u00e9s en n\u00e9erlandais.<\/p>\r\n<\/p>\r\n<span class=\"file-button\"><a href=\"https:\/\/www.abd-bvd.be\/wp-content\/uploads\/2020-1_Vanpee.pdf\">T\u00e9l\u00e9charger (NL)<\/a><\/span>\r\n\r\n<h2>\u00c9volution des pratiques de veille en Suisse romande et r\u00f4le des professionnels de l\u2019information dans la promotion de la veille<\/h2>\r\n<p><strong>H\u00e9l\u00e8ne MADINIER, <\/strong>Professeure associ\u00e9e HES, Haute \u00c9cole de Gestion de Gen\u00e8ve<br \/><strong>et St\u00e9phanie HAESEN<\/strong>, Charg\u00e9e de cours HES, Haute \u00c9cole de Gestion de Gen\u00e8ve<\/p>\r\n<p style=\"text-align: justify;\">Cet article d\u00e9crit l&rsquo;\u00e9volution des pratiques de veille en Suisse romande depuis environ une quinzaine d&rsquo;ann\u00e9es, en se basant sur des enqu\u00eates, des t\u00e9moignages de praticiens concernant des cas particuliers, ainsi que sur le d\u00e9veloppement des r\u00e9seaux : colloques, conf\u00e9rences et association professionnelle, le d\u00e9veloppement de la recherche appliqu\u00e9e et de la formation en veille. Finalement, il met en \u00e9vidence quelques \u00e9volutions r\u00e9centes observ\u00e9es. Pour chaque point, il met en exergue le r\u00f4le des professionnels de l&rsquo;information.<\/p>\r\n<\/p>\r\n<span class=\"file-button\"><a href=\"https:\/\/www.abd-bvd.be\/wp-content\/uploads\/2020-1_Madinier-Haesen.pdf\">T\u00e9l\u00e9charger (FR)<\/a><\/span>\r\n\r\n<h2>Intelligence artificielle et veille<br \/>opportunit\u00e9s et menaces<\/h2>\r\n<p><strong>Marc BORRY<\/strong>, Conseiller \u00e0 la Police f\u00e9d\u00e9rale et charg\u00e9 de cours \u00e0 l&rsquo;Universit\u00e9 de Lille et HE2B<\/p>\r\n<p style=\"text-align: justify;\">L&rsquo;intelligence artificielle (IA) n&rsquo;est pas neuve, mais les importants d\u00e9veloppements de ces derni\u00e8res ann\u00e9es, notamment en mati\u00e8re de \u00ab\u00a0deep learning\u00a0\u00bb, offrent de nombreuses opportunit\u00e9s pour rendre la veille encore plus efficace en automatisant certaines t\u00e2ches ou en assistant le veilleur dans l&rsquo;ex\u00e9cution de celles-ci. Le pr\u00e9sent article passe en revue ces diff\u00e9rentes opportunit\u00e9s, mais aussi les menaces que l&rsquo;IA g\u00e9n\u00e8re. \u00c0 charge pour les veilleurs et surtout pour les futurs veilleurs d&rsquo;apprendre \u00e0 vivre avec l&rsquo;assistance des machines pour \u00e9chapper au risque de se voir remplac\u00e9s par elles. Le d\u00e9fi sera d&rsquo;inventer les bases d&rsquo;une nouvelle \u00ab\u00a0intelligence hybride\u00a0\u00bb.<\/p>\r\n<\/p>\r\n<span class=\"file-button\"><a href=\"https:\/\/www.abd-bvd.be\/wp-content\/uploads\/2020-1_Borry.pdf\">T\u00e9l\u00e9charger (FR)<\/a><\/span>\r\n\r\n<h2>Facteurs cl\u00e9s de succ\u00e8s d\u2019une veille collaborative<\/h2>\r\n<p><strong>J\u00e9r\u00f4me BONDU<\/strong>, Directeur de la soci\u00e9t\u00e9 Inter-Ligere, veille &amp; intelligence<\/p>\r\n<p style=\"text-align: justify;\">On serait tent\u00e9 de dire que faire de la veille et travailler en mode collaboratif sont tellement imbriqu\u00e9s l&rsquo;un dans l&rsquo;autre que parler de \u00ab\u00a0veille collaborative\u00a0\u00bb serait presque un pl\u00e9onasme. En effet, que ce soit durant la phase d&rsquo;analyse des besoins, de traitement des informations ou de partage des r\u00e9sultats, la dimension collaborative est partout pr\u00e9sente. Mais force est de constater que faire du collaboratif est souvent plus un d\u00e9sir qu&rsquo;une r\u00e9alit\u00e9. Dans cet article nous allons tenter de r\u00e9pondre \u00e0 quatre questions : pourquoi le collaboratif est-il une n\u00e9cessit\u00e9 ? Quels sont les freins ? Quelle m\u00e9thodologie suivre ? Et finalement quels outils utiliser ?<\/p>\r\n<\/p>\r\n<span class=\"file-button\"><a href=\"https:\/\/www.abd-bvd.be\/wp-content\/uploads\/2020-1_Bondu.pdf\">T\u00e9l\u00e9charger (FR)<\/a><\/span>\r\n\r\n<h2>La Social Graph Due Diligence sur Twitter, une m\u00e9thodologie d\u2019analyse strat\u00e9gique qui combine algorithmes de sciences sociales, datavisualisation et expertise humaine<\/h2>\r\n<p><strong>Guillaume SYLVESTRE<\/strong>, Directeur de l&rsquo;innovation num\u00e9rique \u00e0 l&rsquo;Agence pour la Diffusion de l&rsquo;Information Technologique (ADIT)<\/p>\r\n<p style=\"text-align: justify;\">Les nouveaux secteurs technologiques innovants promettent monts et merveilles, mais l&rsquo;atterrissage est parfois rude, comme on l&rsquo;a encore vu r\u00e9cemment avec We Work. Outre la complexit\u00e9 des mod\u00e8les \u00e9conomiques des startups, les bonnes id\u00e9es ne d\u00e9boucheront pas toujours sur des r\u00e9ussites commerciales. Nous proposons ici une m\u00e9thodologie pour identifier les startups prometteuses via la cartographie de leurs interactions sociales. Il s&rsquo;agit de v\u00e9rifier la capacit\u00e9 d&rsquo;une startup \u00e0 influencer les acteurs de son secteur, \u00e0 partir de l&rsquo;analyse de la dynamique des \u00e9changes sur Twitter interpr\u00e9t\u00e9e via la th\u00e9orie des graphes. Les algorithmes de l&rsquo;outil de datavisualisation <em>Gephi<\/em> permettent en effet d&rsquo;analyser pr\u00e9cis\u00e9ment les interactions d&rsquo;un corpus Twitter pour identifier les acteurs r\u00e9ellement influents. La cartographie de Gephi,\u00a0obtenue \u00e0 partir de l\u2019export des donn\u00e9es Twitter via la plateforme de veille Visibrain, permet ainsi de v\u00e9rifier si une startup arrive \u00e0 convaincre au-del\u00e0 de son r\u00e9seau propre d\u2019experts et d\u2019investisseurs, et de qualifier la pertinence de ses interactions.<\/p>\r\n<\/p>\r\n<span class=\"file-button\"><a href=\"https:\/\/www.abd-bvd.be\/wp-content\/uploads\/2020-1_Sylvestre.pdf\">T\u00e9l\u00e9charger (FR)<\/a><\/span>\r\n\r\n<h2>Strategic intelligence voorkomt dat bedrijven in een strategische crisis raken<\/h2>\r\n<p><strong>Jos\u00e9ph H.A.M. RODENBERG,<\/strong> Managing Partner &#8211; Rodenberg Tillman &amp; Associates<\/p>\r\n<p style=\"text-align: justify;\">Plusieurs mois peuvent s&rsquo;\u00e9couler avant qu&rsquo;une mauvaise nouvelle n&rsquo;atteigne le sommet de l&rsquo;entreprise. Qui est responsable en fin de compte ? L&rsquo;intelligence strat\u00e9gique permet d&rsquo;\u00e9viter que les entreprises ne tombent dans une crise strat\u00e9gique. C&rsquo;est \u00ab\u00a0le dixi\u00e8me homme\u00a0\u00bb ou \u00ab\u00a0la dixi\u00e8me femme\u00a0\u00bb de l&rsquo;\u00e9quipe de renseignement qui est capable d&rsquo;indiquer les futurs signes de changement \u00e0 un stade pr\u00e9coce avec des \u00ab\u00a0plans d&rsquo;action\u00a0\u00bb. Une telle \u00e9quipe de renseignement dispose souvent d&rsquo;une \u00ab\u00a0war room\u00a0\u00bb o\u00f9 les changements les plus importants concernant les march\u00e9s, les clients, la concurrence, la technologie et les r\u00e9glementations sont surveill\u00e9s, 24 heures sur 24, 7 jours sur 7. Une \u00e9quipe de renseignement dispose de bonnes sources d&rsquo;information actualis\u00e9es gr\u00e2ce \u00e0 des outils d&rsquo;analyse structur\u00e9s. Parce que l&rsquo;intelligence n&rsquo;est cr\u00e9\u00e9e que par des personnes. Ceci leur permet de mettre \u00e0 l&rsquo;\u00e9preuve la direction g\u00e9n\u00e9rale sur son fondement constitu\u00e9 d&rsquo;hypoth\u00e8ses, d&rsquo;\u00e9vidences, de partis pris ou de complaisance &#8211; en d&rsquo;autres termes, de \u00ab\u00a0on a toujours fait comme \u00e7a !\u00a0\u00bb. En Belgique, ce sont principalement les multinationales qui sont actives dans le domaine de l&rsquo;intelligence strat\u00e9gique.<\/p>\r\n<\/p>\r\n<span class=\"file-button\"><a href=\"https:\/\/www.abd-bvd.be\/wp-content\/uploads\/2020-1_Rodenberg.pdf\">T\u00e9l\u00e9charger (NL)<\/a><\/span>\r\n\r\n<h2>Analyser l\u2019information pour fiabiliser la prise de d\u00e9cision<\/h2>\r\n<p><strong>V\u00e9ronique MESGUICH<\/strong>, Consultante formatrice sp\u00e9cialis\u00e9e en veille strat\u00e9gique et management de l&rsquo;information<\/p>\r\n<p style=\"text-align: justify;\">Qu&rsquo;elle soit effectu\u00e9e par des personnes humaines ou des solutions automatis\u00e9es, l&rsquo;analyse occupe une place cruciale dans le processus de veille. Cet article pr\u00e9sente diff\u00e9rentes approches et m\u00e9thodes d&rsquo;analyse de l&rsquo;information strat\u00e9gique : analyse de la qualit\u00e9 et de la fiabilit\u00e9 de l&rsquo;information, identification de signaux faibles, visualisation de donn\u00e9es\u2026 La valeur ajout\u00e9e des professionnels de l&rsquo;information dans ce processus consiste ici non seulement en la maitrise des techniques et solutions pr\u00e9sent\u00e9es, mais aussi en une interpr\u00e9tation judicieuse et non biais\u00e9e des r\u00e9sultats de la veille.<\/p>\r\n<\/p>\r\n<span class=\"file-button\"><a href=\"https:\/\/www.abd-bvd.be\/wp-content\/uploads\/2020-1_Mesguich.pdf\">T\u00e9l\u00e9charger (FR)<\/a><\/span>\r\n\r\n<h2>Le mindmapping et son utilisation comme outil d\u2019aide \u00e0 l\u2019analyse dans un processus de veille<\/h2>\r\n<p><strong>Christophe DESCHAMPS<\/strong>, Consultant-formateur en veille et intelligence \u00e9conomique et mindmapping<\/p>\r\n<p style=\"text-align: justify;\">Le mindmapping, ou cartographie heuristique, est une m\u00e9thode appuy\u00e9e par des outils logiciels, pens\u00e9e initialement pour aider \u00e0 mieux m\u00e9moriser et \u00e0 \u00eatre plus cr\u00e9atif. Au fur et \u00e0 mesure de sa mise en oeuvre dans des contextes professionnels o\u00f9 l&rsquo;information est omnipr\u00e9sente, on s&rsquo;est aper\u00e7u qu&rsquo;il pouvait constituer un appui cons\u00e9quent \u00e0 certaines activit\u00e9s, notamment \u00e0 celles de veille sur internet. Cet article synth\u00e9tise une m\u00e9thode d\u00e9velopp\u00e9e par l&rsquo;auteur qui permet, gr\u00e2ce aux logiciels de mindmapping, de traiter l&rsquo;information issue de la veille, de sa collecte jusqu&rsquo;\u00e0 son analyse et sa diffusion.<\/p>\r\n<\/p>\r\n<span class=\"file-button\"><a href=\"https:\/\/www.abd-bvd.be\/wp-content\/uploads\/2020-1_Deschamps.pdf\">T\u00e9l\u00e9charger (FR)<\/a><\/span>\r\n\r\n<h2>Repenser sa veille<\/h2>\r\n<p><strong>Serge COURRIER<\/strong>, Consultant et formateur ind\u00e9pendant<\/p>\r\n<p style=\"text-align: justify;\">Il est un moment o\u00f9 la veille nous d\u00e9passe. Trop d&rsquo;informations. Trop de bruit. Et des informations importantes que l&rsquo;on a manqu\u00e9es. Il est temps de repenser sa veille, avec m\u00e9thode et en adoptant une strat\u00e9gie du petit pas. Dans cet article, nous passons en revue les diff\u00e9rentes \u00e9tapes qu&rsquo;il est bon de franchir pour mettre \u00e0 plat les phases classiques d&rsquo;un projet de veille : depuis la d\u00e9finition des objectifs jusqu&rsquo;aux modes de diffusion en passant par le choix des outils d&rsquo;extraction et la r\u00e9daction pr\u00e9cise des alertes. Une approche pragmatique o\u00f9 l&rsquo;humain reprend sa place.<\/p>\r\n<\/p>\r\n<span class=\"file-button\"><a href=\"https:\/\/www.abd-bvd.be\/wp-content\/uploads\/2020-1_Courrier.pdf\">T\u00e9l\u00e9charger (FR)<\/a><\/span>\r\n\r\n<h2>Il n\u2019est de vents favorables qu\u2019\u00e0 celui qui sait o\u00f9 il va !<br \/>Analyse prospective du m\u00e9tier de charg\u00e9 de veille<\/h2>\r\n<p><strong>Jean-Claude CHALON<\/strong>, Directeur Veille, analyse et prospective du march\u00e9 de l&#8217;emploi &#8211; Le Forem<\/p>\r\n<p style=\"text-align: justify;\">Compte tenu des \u00e9volutions r\u00e9glementaires, technologiques, soci\u00e9tales et \u00e9conomiques mais aussi de la n\u00e9cessit\u00e9 de d\u00e9veloppement de l&rsquo;intelligence strat\u00e9gique des organisations pour s&rsquo;adapter aux nombreux d\u00e9fis de leurs environnements, le m\u00e9tier de charg\u00e9 de veille a assur\u00e9ment de l&rsquo;avenir. Cet article rend compte des travaux prospectifs men\u00e9s au Forem lors de plusieurs ateliers r\u00e9unissant des experts du domaine en 2019 afin de d\u00e9crire le p\u00e9rim\u00e8tre du m\u00e9tier et les \u00e9volutions attendues en termes de comp\u00e9tences dans les cinq prochaines ann\u00e9es.<\/p>\r\n<\/p>\r\n<span class=\"file-button\"><a href=\"https:\/\/www.abd-bvd.be\/wp-content\/uploads\/2020-1_Chalon.pdf\">T\u00e9l\u00e9charger (NL)<\/a><\/span>\r\n\r\n\r\n<p style=\"text-align: right;\"><span class=\"file-button\"><a href=\"https:\/\/www.abd-bvd.be\/wp-content\/uploads\/2020-1-full.pdf\">T\u00e9l\u00e9charger le num\u00e9ro complet<\/a><\/span><\/p>\r\n<p>&nbsp;<\/p>\r\n<p style=\"text-align: justify;\">\u00a0<\/p>\r\n<p>&nbsp;<\/p>\r\n<div id=\"ConnectiveDocSignExtentionInstalled\" data-extension-version=\"1.0.4\">\u00a0<\/div>","protected":false},"excerpt":{"rendered":"<p>NUM\u00c9RO SP\u00c9CIALLa veille aujourd&rsquo;hui \u00c9ditorial Si la veille s&rsquo;inscrit clairement dans une d\u00e9marche d&rsquo;intelligence \u00e9conomique, force est de constater qu&rsquo;elle devient \u00e9galement une comp\u00e9tence de plus en plus recherch\u00e9e \u00e0 tous les niveaux du riche \u00e9ventail de nos m\u00e9tiers de l&rsquo;information. C&rsquo;est en partant de ce constat que l&rsquo;\u00e9quipe des Cahiers de la Documentation a [&hellip;]<\/p>\n","protected":false},"author":25,"featured_media":0,"comment_status":"closed","ping_status":"open","sticky":false,"template":"","format":"standard","meta":{"_acf_changed":false,"footnotes":"","_wpscppro_dont_share_socialmedia":false,"_wpscppro_custom_social_share_image":0,"_facebook_share_type":"","_twitter_share_type":"","_linkedin_share_type":"","_pinterest_share_type":"","_linkedin_share_type_page":"","_instagram_share_type":"","_medium_share_type":"","_threads_share_type":"","_google_business_share_type":"","_selected_social_profile":[],"_wpsp_enable_custom_social_template":false,"_wpsp_social_scheduling":{"enabled":false,"datetime":null,"platforms":[],"status":"template_only","dateOption":"today","timeOption":"now","customDays":"","customHours":"","customDate":"","customTime":"","schedulingType":"absolute"},"_wpsp_active_default_template":true},"categories":[69],"tags":[],"class_list":["post-19132","post","type-post","status-publish","format-standard","hentry","category-cahiers-de-la-documentation"],"acf":[],"yoast_head":"<!-- This site is optimized with the Yoast SEO plugin v27.5 - https:\/\/yoast.com\/product\/yoast-seo-wordpress\/ -->\n<title>Cahiers de la Documentation 2020\/1 (mars 2020) - ABD-BVD<\/title>\n<meta name=\"robots\" content=\"index, follow, max-snippet:-1, max-image-preview:large, max-video-preview:-1\" \/>\n<link rel=\"canonical\" href=\"https:\/\/www.abd-bvd.be\/fr\/cahiers-de-la-documentation\/2020-1\/\" \/>\n<meta property=\"og:locale\" content=\"fr_FR\" \/>\n<meta property=\"og:type\" content=\"article\" \/>\n<meta property=\"og:title\" content=\"Cahiers de la Documentation 2020\/1 (mars 2020) - ABD-BVD\" \/>\n<meta property=\"og:description\" content=\"NUM\u00c9RO SP\u00c9CIALLa veille aujourd&rsquo;hui \u00c9ditorial Si la veille s&rsquo;inscrit clairement dans une d\u00e9marche d&rsquo;intelligence \u00e9conomique, force est de constater qu&rsquo;elle devient \u00e9galement une comp\u00e9tence de plus en plus recherch\u00e9e \u00e0 tous les niveaux du riche \u00e9ventail de nos m\u00e9tiers de l&rsquo;information. C&rsquo;est en partant de ce constat que l&rsquo;\u00e9quipe des Cahiers de la Documentation a [&hellip;]\" \/>\n<meta property=\"og:url\" content=\"https:\/\/www.abd-bvd.be\/fr\/cahiers-de-la-documentation\/2020-1\/\" \/>\n<meta property=\"og:site_name\" content=\"ABD-BVD\" \/>\n<meta property=\"article:published_time\" content=\"2020-03-20T17:37:36+00:00\" \/>\n<meta property=\"article:modified_time\" content=\"2022-02-27T13:50:45+00:00\" \/>\n<meta property=\"og:image\" content=\"https:\/\/www.abd-bvd.be\/wp-content\/uploads\/cahiers-2020-01-cover-212x300.jpg\" \/>\n<meta name=\"author\" content=\"Samuel Piret\" \/>\n<meta name=\"twitter:card\" content=\"summary_large_image\" \/>\n<meta name=\"twitter:label1\" content=\"\u00c9crit par\" \/>\n\t<meta name=\"twitter:data1\" content=\"Samuel Piret\" \/>\n\t<meta name=\"twitter:label2\" content=\"Dur\u00e9e de lecture estim\u00e9e\" \/>\n\t<meta name=\"twitter:data2\" content=\"10 minutes\" \/>\n<script type=\"application\/ld+json\" class=\"yoast-schema-graph\">{\"@context\":\"https:\\\/\\\/schema.org\",\"@graph\":[{\"@type\":\"Article\",\"@id\":\"https:\\\/\\\/www.abd-bvd.be\\\/fr\\\/cahiers-de-la-documentation\\\/2020-1\\\/#article\",\"isPartOf\":{\"@id\":\"https:\\\/\\\/www.abd-bvd.be\\\/fr\\\/cahiers-de-la-documentation\\\/2020-1\\\/\"},\"author\":{\"name\":\"Samuel Piret\",\"@id\":\"https:\\\/\\\/www.abd-bvd.be\\\/fr\\\/#\\\/schema\\\/person\\\/8c1477a1481ed8775cc8dc40620a7fc4\"},\"headline\":\"Cahiers de la Documentation 2020\\\/1 (mars 2020)\",\"datePublished\":\"2020-03-20T17:37:36+00:00\",\"dateModified\":\"2022-02-27T13:50:45+00:00\",\"mainEntityOfPage\":{\"@id\":\"https:\\\/\\\/www.abd-bvd.be\\\/fr\\\/cahiers-de-la-documentation\\\/2020-1\\\/\"},\"wordCount\":2433,\"image\":{\"@id\":\"https:\\\/\\\/www.abd-bvd.be\\\/fr\\\/cahiers-de-la-documentation\\\/2020-1\\\/#primaryimage\"},\"thumbnailUrl\":\"https:\\\/\\\/www.abd-bvd.be\\\/wp-content\\\/uploads\\\/cahiers-2020-01-cover-212x300.jpg\",\"articleSection\":[\"Cahiers de la Documentation\"],\"inLanguage\":\"fr-FR\"},{\"@type\":\"WebPage\",\"@id\":\"https:\\\/\\\/www.abd-bvd.be\\\/fr\\\/cahiers-de-la-documentation\\\/2020-1\\\/\",\"url\":\"https:\\\/\\\/www.abd-bvd.be\\\/fr\\\/cahiers-de-la-documentation\\\/2020-1\\\/\",\"name\":\"Cahiers de la Documentation 2020\\\/1 (mars 2020) - ABD-BVD\",\"isPartOf\":{\"@id\":\"https:\\\/\\\/www.abd-bvd.be\\\/fr\\\/#website\"},\"primaryImageOfPage\":{\"@id\":\"https:\\\/\\\/www.abd-bvd.be\\\/fr\\\/cahiers-de-la-documentation\\\/2020-1\\\/#primaryimage\"},\"image\":{\"@id\":\"https:\\\/\\\/www.abd-bvd.be\\\/fr\\\/cahiers-de-la-documentation\\\/2020-1\\\/#primaryimage\"},\"thumbnailUrl\":\"https:\\\/\\\/www.abd-bvd.be\\\/wp-content\\\/uploads\\\/cahiers-2020-01-cover-212x300.jpg\",\"datePublished\":\"2020-03-20T17:37:36+00:00\",\"dateModified\":\"2022-02-27T13:50:45+00:00\",\"author\":{\"@id\":\"https:\\\/\\\/www.abd-bvd.be\\\/fr\\\/#\\\/schema\\\/person\\\/8c1477a1481ed8775cc8dc40620a7fc4\"},\"breadcrumb\":{\"@id\":\"https:\\\/\\\/www.abd-bvd.be\\\/fr\\\/cahiers-de-la-documentation\\\/2020-1\\\/#breadcrumb\"},\"inLanguage\":\"fr-FR\",\"potentialAction\":[{\"@type\":\"ReadAction\",\"target\":[\"https:\\\/\\\/www.abd-bvd.be\\\/fr\\\/cahiers-de-la-documentation\\\/2020-1\\\/\"]}]},{\"@type\":\"ImageObject\",\"inLanguage\":\"fr-FR\",\"@id\":\"https:\\\/\\\/www.abd-bvd.be\\\/fr\\\/cahiers-de-la-documentation\\\/2020-1\\\/#primaryimage\",\"url\":\"https:\\\/\\\/www.abd-bvd.be\\\/wp-content\\\/uploads\\\/cahiers-2020-01-cover-212x300.jpg\",\"contentUrl\":\"https:\\\/\\\/www.abd-bvd.be\\\/wp-content\\\/uploads\\\/cahiers-2020-01-cover-212x300.jpg\"},{\"@type\":\"BreadcrumbList\",\"@id\":\"https:\\\/\\\/www.abd-bvd.be\\\/fr\\\/cahiers-de-la-documentation\\\/2020-1\\\/#breadcrumb\",\"itemListElement\":[{\"@type\":\"ListItem\",\"position\":1,\"name\":\"Accueil\",\"item\":\"https:\\\/\\\/www.abd-bvd.be\\\/fr\\\/\"},{\"@type\":\"ListItem\",\"position\":2,\"name\":\"Cahiers de la Documentation 2020\\\/1 (mars 2020)\"}]},{\"@type\":\"WebSite\",\"@id\":\"https:\\\/\\\/www.abd-bvd.be\\\/fr\\\/#website\",\"url\":\"https:\\\/\\\/www.abd-bvd.be\\\/fr\\\/\",\"name\":\"ABD-BVD\",\"description\":\"Association Belge de documentation - Belgische verniging voor documentatie\",\"potentialAction\":[{\"@type\":\"SearchAction\",\"target\":{\"@type\":\"EntryPoint\",\"urlTemplate\":\"https:\\\/\\\/www.abd-bvd.be\\\/fr\\\/?s={search_term_string}\"},\"query-input\":{\"@type\":\"PropertyValueSpecification\",\"valueRequired\":true,\"valueName\":\"search_term_string\"}}],\"inLanguage\":\"fr-FR\"},{\"@type\":\"Person\",\"@id\":\"https:\\\/\\\/www.abd-bvd.be\\\/fr\\\/#\\\/schema\\\/person\\\/8c1477a1481ed8775cc8dc40620a7fc4\",\"name\":\"Samuel Piret\",\"image\":{\"@type\":\"ImageObject\",\"inLanguage\":\"fr-FR\",\"@id\":\"https:\\\/\\\/secure.gravatar.com\\\/avatar\\\/cee3a2d3b154849fab4023fe8528c315fac5f6770fdae8bb480de9d0e0b272a8?s=96&d=mm&r=g\",\"url\":\"https:\\\/\\\/secure.gravatar.com\\\/avatar\\\/cee3a2d3b154849fab4023fe8528c315fac5f6770fdae8bb480de9d0e0b272a8?s=96&d=mm&r=g\",\"contentUrl\":\"https:\\\/\\\/secure.gravatar.com\\\/avatar\\\/cee3a2d3b154849fab4023fe8528c315fac5f6770fdae8bb480de9d0e0b272a8?s=96&d=mm&r=g\",\"caption\":\"Samuel Piret\"},\"url\":\"https:\\\/\\\/www.abd-bvd.be\\\/fr\\\/author\\\/samuel-piret\\\/\"}]}<\/script>\n<!-- \/ Yoast SEO plugin. -->","yoast_head_json":{"title":"Cahiers de la Documentation 2020\/1 (mars 2020) - ABD-BVD","robots":{"index":"index","follow":"follow","max-snippet":"max-snippet:-1","max-image-preview":"max-image-preview:large","max-video-preview":"max-video-preview:-1"},"canonical":"https:\/\/www.abd-bvd.be\/fr\/cahiers-de-la-documentation\/2020-1\/","og_locale":"fr_FR","og_type":"article","og_title":"Cahiers de la Documentation 2020\/1 (mars 2020) - ABD-BVD","og_description":"NUM\u00c9RO SP\u00c9CIALLa veille aujourd&rsquo;hui \u00c9ditorial Si la veille s&rsquo;inscrit clairement dans une d\u00e9marche d&rsquo;intelligence \u00e9conomique, force est de constater qu&rsquo;elle devient \u00e9galement une comp\u00e9tence de plus en plus recherch\u00e9e \u00e0 tous les niveaux du riche \u00e9ventail de nos m\u00e9tiers de l&rsquo;information. C&rsquo;est en partant de ce constat que l&rsquo;\u00e9quipe des Cahiers de la Documentation a [&hellip;]","og_url":"https:\/\/www.abd-bvd.be\/fr\/cahiers-de-la-documentation\/2020-1\/","og_site_name":"ABD-BVD","article_published_time":"2020-03-20T17:37:36+00:00","article_modified_time":"2022-02-27T13:50:45+00:00","og_image":[{"url":"https:\/\/www.abd-bvd.be\/wp-content\/uploads\/cahiers-2020-01-cover-212x300.jpg","type":"","width":"","height":""}],"author":"Samuel Piret","twitter_card":"summary_large_image","twitter_misc":{"\u00c9crit par":"Samuel Piret","Dur\u00e9e de lecture estim\u00e9e":"10 minutes"},"schema":{"@context":"https:\/\/schema.org","@graph":[{"@type":"Article","@id":"https:\/\/www.abd-bvd.be\/fr\/cahiers-de-la-documentation\/2020-1\/#article","isPartOf":{"@id":"https:\/\/www.abd-bvd.be\/fr\/cahiers-de-la-documentation\/2020-1\/"},"author":{"name":"Samuel Piret","@id":"https:\/\/www.abd-bvd.be\/fr\/#\/schema\/person\/8c1477a1481ed8775cc8dc40620a7fc4"},"headline":"Cahiers de la Documentation 2020\/1 (mars 2020)","datePublished":"2020-03-20T17:37:36+00:00","dateModified":"2022-02-27T13:50:45+00:00","mainEntityOfPage":{"@id":"https:\/\/www.abd-bvd.be\/fr\/cahiers-de-la-documentation\/2020-1\/"},"wordCount":2433,"image":{"@id":"https:\/\/www.abd-bvd.be\/fr\/cahiers-de-la-documentation\/2020-1\/#primaryimage"},"thumbnailUrl":"https:\/\/www.abd-bvd.be\/wp-content\/uploads\/cahiers-2020-01-cover-212x300.jpg","articleSection":["Cahiers de la Documentation"],"inLanguage":"fr-FR"},{"@type":"WebPage","@id":"https:\/\/www.abd-bvd.be\/fr\/cahiers-de-la-documentation\/2020-1\/","url":"https:\/\/www.abd-bvd.be\/fr\/cahiers-de-la-documentation\/2020-1\/","name":"Cahiers de la Documentation 2020\/1 (mars 2020) - ABD-BVD","isPartOf":{"@id":"https:\/\/www.abd-bvd.be\/fr\/#website"},"primaryImageOfPage":{"@id":"https:\/\/www.abd-bvd.be\/fr\/cahiers-de-la-documentation\/2020-1\/#primaryimage"},"image":{"@id":"https:\/\/www.abd-bvd.be\/fr\/cahiers-de-la-documentation\/2020-1\/#primaryimage"},"thumbnailUrl":"https:\/\/www.abd-bvd.be\/wp-content\/uploads\/cahiers-2020-01-cover-212x300.jpg","datePublished":"2020-03-20T17:37:36+00:00","dateModified":"2022-02-27T13:50:45+00:00","author":{"@id":"https:\/\/www.abd-bvd.be\/fr\/#\/schema\/person\/8c1477a1481ed8775cc8dc40620a7fc4"},"breadcrumb":{"@id":"https:\/\/www.abd-bvd.be\/fr\/cahiers-de-la-documentation\/2020-1\/#breadcrumb"},"inLanguage":"fr-FR","potentialAction":[{"@type":"ReadAction","target":["https:\/\/www.abd-bvd.be\/fr\/cahiers-de-la-documentation\/2020-1\/"]}]},{"@type":"ImageObject","inLanguage":"fr-FR","@id":"https:\/\/www.abd-bvd.be\/fr\/cahiers-de-la-documentation\/2020-1\/#primaryimage","url":"https:\/\/www.abd-bvd.be\/wp-content\/uploads\/cahiers-2020-01-cover-212x300.jpg","contentUrl":"https:\/\/www.abd-bvd.be\/wp-content\/uploads\/cahiers-2020-01-cover-212x300.jpg"},{"@type":"BreadcrumbList","@id":"https:\/\/www.abd-bvd.be\/fr\/cahiers-de-la-documentation\/2020-1\/#breadcrumb","itemListElement":[{"@type":"ListItem","position":1,"name":"Accueil","item":"https:\/\/www.abd-bvd.be\/fr\/"},{"@type":"ListItem","position":2,"name":"Cahiers de la Documentation 2020\/1 (mars 2020)"}]},{"@type":"WebSite","@id":"https:\/\/www.abd-bvd.be\/fr\/#website","url":"https:\/\/www.abd-bvd.be\/fr\/","name":"ABD-BVD","description":"Association Belge de documentation - Belgische verniging voor documentatie","potentialAction":[{"@type":"SearchAction","target":{"@type":"EntryPoint","urlTemplate":"https:\/\/www.abd-bvd.be\/fr\/?s={search_term_string}"},"query-input":{"@type":"PropertyValueSpecification","valueRequired":true,"valueName":"search_term_string"}}],"inLanguage":"fr-FR"},{"@type":"Person","@id":"https:\/\/www.abd-bvd.be\/fr\/#\/schema\/person\/8c1477a1481ed8775cc8dc40620a7fc4","name":"Samuel Piret","image":{"@type":"ImageObject","inLanguage":"fr-FR","@id":"https:\/\/secure.gravatar.com\/avatar\/cee3a2d3b154849fab4023fe8528c315fac5f6770fdae8bb480de9d0e0b272a8?s=96&d=mm&r=g","url":"https:\/\/secure.gravatar.com\/avatar\/cee3a2d3b154849fab4023fe8528c315fac5f6770fdae8bb480de9d0e0b272a8?s=96&d=mm&r=g","contentUrl":"https:\/\/secure.gravatar.com\/avatar\/cee3a2d3b154849fab4023fe8528c315fac5f6770fdae8bb480de9d0e0b272a8?s=96&d=mm&r=g","caption":"Samuel Piret"},"url":"https:\/\/www.abd-bvd.be\/fr\/author\/samuel-piret\/"}]}},"_links":{"self":[{"href":"https:\/\/www.abd-bvd.be\/fr\/wp-json\/wp\/v2\/posts\/19132","targetHints":{"allow":["GET"]}}],"collection":[{"href":"https:\/\/www.abd-bvd.be\/fr\/wp-json\/wp\/v2\/posts"}],"about":[{"href":"https:\/\/www.abd-bvd.be\/fr\/wp-json\/wp\/v2\/types\/post"}],"author":[{"embeddable":true,"href":"https:\/\/www.abd-bvd.be\/fr\/wp-json\/wp\/v2\/users\/25"}],"replies":[{"embeddable":true,"href":"https:\/\/www.abd-bvd.be\/fr\/wp-json\/wp\/v2\/comments?post=19132"}],"version-history":[{"count":20,"href":"https:\/\/www.abd-bvd.be\/fr\/wp-json\/wp\/v2\/posts\/19132\/revisions"}],"predecessor-version":[{"id":29846,"href":"https:\/\/www.abd-bvd.be\/fr\/wp-json\/wp\/v2\/posts\/19132\/revisions\/29846"}],"wp:attachment":[{"href":"https:\/\/www.abd-bvd.be\/fr\/wp-json\/wp\/v2\/media?parent=19132"}],"wp:term":[{"taxonomy":"category","embeddable":true,"href":"https:\/\/www.abd-bvd.be\/fr\/wp-json\/wp\/v2\/categories?post=19132"},{"taxonomy":"post_tag","embeddable":true,"href":"https:\/\/www.abd-bvd.be\/fr\/wp-json\/wp\/v2\/tags?post=19132"}],"curies":[{"name":"wp","href":"https:\/\/api.w.org\/{rel}","templated":true}]}}