{"id":17363,"date":"2019-12-01T18:20:05","date_gmt":"2019-12-01T17:20:05","guid":{"rendered":"https:\/\/www.abd-bvd.be\/?p=17363"},"modified":"2019-12-02T12:28:11","modified_gmt":"2019-12-02T11:28:11","slug":"docmoment-les-rendez-vous-de-labd-bvd-vendredi-13-decembre-2019-1430-1630","status":"publish","type":"post","link":"https:\/\/www.abd-bvd.be\/fr\/agenda\/docmoment-les-rendez-vous-de-labd-bvd-vendredi-13-decembre-2019-1430-1630\/","title":{"rendered":"Doc\u2019Moment : D\u00e9velopper les activit\u00e9s mus\u00e9ales au sein de KBR\u00a0"},"content":{"rendered":"<p><strong>Doc\u2019Moment : les rendez-vous de l\u2019ABD-BVD \u2013 Vendredi 13 d\u00e9cembre\u00a0 2019 (14:30 \u2013 16:30)<\/strong><\/p>\n<p style=\"text-align: right\"><span class=\"file-button\"><a href=\"https:\/\/www.eventbrite.co.uk\/e\/developper-les-activites-museales-au-sein-de-kbr-de-museumactiviteiten-in-tickets-84527537139\">S&rsquo;inscrire au Doc&rsquo;Moment<\/a><\/span><\/p>\n<p>La Biblioth\u00e8que royale de Belgique, d\u00e9sormais KBR, \u00e9largit son offre culturelle par la cr\u00e9ation d\u2019un espace d\u2019exposition temporaire au sein du palais de Charles de Lorraine et d\u2019un mus\u00e9e permanent d\u00e9di\u00e9 \u00e0 la Librairie des ducs de Bourgogne.<\/p>\n<p>Nos deux intervenantes \u00e9voqueront les raisons qui ont men\u00e9 \u00e0 ces projets de valorisation d\u2019un patrimoine exceptionnel et la mani\u00e8re dont \u00a0ceux-ci sont mis en \u0153uvre.<\/p>\n<h2>The World of Bruegel in Black and White<\/h2>\n<p><strong>Vanessa Braekeveld<\/strong>, coordinatrice de l\u2019exposition Bruegel<\/p>\n<p>Jusqu\u2019au 16 f\u00e9vrier, dans le cadre de l\u2019ann\u00e9e du 450<sup>e<\/sup> anniversaire de la mort de Bruegel, KBR expose sa <a href=\"https:\/\/www.kbr.be\/fr\/evenement\/expo-the-world-of-bruegel-in-black-and-white\/\" target=\"_blank\" rel=\"noopener noreferrer\">collection compl\u00e8te d\u2019estampes<\/a> de Bruegel. \u00a0Vanessa Braekeveld nous expliquera comment faire d\u00e9couvrir au grand public le ma\u00eetre flamand au-del\u00e0 de ses peintures.<\/p>\n<h2>KBR museum<\/h2>\n<p><strong>Julie Bouniton<\/strong>, coordinatrice du KBR museum<\/p>\n<p>En mai 2020 s\u2019ouvrira un <a href=\"https:\/\/www.kbr.be\/fr\/museum\/\">mus\u00e9e permanent<\/a> d\u00e9di\u00e9 aux prestigieux manuscrits de la Librairie des ducs de Bourgogne. Julie Bouniton nous expliquera ce projet d\u2019envergure et les d\u00e9fis qui y sont li\u00e9s\u00a0: temps d\u2019exposition limit\u00e9 pour les manuscrits, rendre accessible ce tr\u00e9sor pour une multiplicit\u00e9 de publics, etc.<\/p>\n<p>&nbsp;<\/p>\n<hr \/>\n<p style=\"text-align: left\"><em>Lieu<\/em> : KBR, Auditorium De Greef (4<sup>e<\/sup> \u00e9tage)<br \/>\n<em>Adresse<\/em> : Mont des Arts, 28 &#8211; 1000\u00a0 Bruxelles<\/p>\n<p><strong>Plan d&rsquo;acc\u00e8s<\/strong><br \/>\n<span class=\"file-button\"><a href=\"https:\/\/www.kbr.be\/wp-content\/uploads\/2018\/11\/bereikbaarheidsplan_plandacces.pdf\">T\u00e9l\u00e9charger (FR-NL)<\/a><\/span><\/p>\n<p><strong>Gratuit<\/strong> <strong>pour les membres<\/strong> (25 \u20ac pour les non-membres)<\/p>\n<p style=\"text-align: right\"><span class=\"file-button\"><a href=\"https:\/\/www.eventbrite.co.uk\/e\/developper-les-activites-museales-au-sein-de-kbr-de-museumactiviteiten-in-tickets-84527537139\">S&rsquo;inscrire au Doc&rsquo;Moment<\/a><\/span><\/p>\n<p>&nbsp;<\/p>\n<p>&nbsp;<\/p>\n","protected":false},"excerpt":{"rendered":"<p>Doc\u2019Moment : les rendez-vous de l\u2019ABD-BVD \u2013 Vendredi 13 d\u00e9cembre\u00a0 2019 (14:30 \u2013 16:30) S&rsquo;inscrire au Doc&rsquo;Moment La Biblioth\u00e8que royale de Belgique, d\u00e9sormais KBR, \u00e9largit son offre culturelle par la cr\u00e9ation d\u2019un espace d\u2019exposition temporaire au sein du palais de Charles de Lorraine et d\u2019un mus\u00e9e permanent d\u00e9di\u00e9 \u00e0 la Librairie des ducs de Bourgogne. [&hellip;]<\/p>\n","protected":false},"author":35,"featured_media":0,"comment_status":"closed","ping_status":"open","sticky":false,"template":"","format":"standard","meta":{"_acf_changed":false,"footnotes":"","_wpscppro_dont_share_socialmedia":false,"_wpscppro_custom_social_share_image":0,"_facebook_share_type":"","_twitter_share_type":"","_linkedin_share_type":"","_pinterest_share_type":"","_linkedin_share_type_page":"","_instagram_share_type":"","_medium_share_type":"","_threads_share_type":"","_google_business_share_type":"","_selected_social_profile":[],"_wpsp_enable_custom_social_template":false,"_wpsp_social_scheduling":{"enabled":false,"datetime":null,"platforms":[],"status":"template_only","dateOption":"today","timeOption":"now","customDays":"","customHours":"","customDate":"","customTime":"","schedulingType":"absolute"},"_wpsp_active_default_template":true},"categories":[67],"tags":[],"class_list":["post-17363","post","type-post","status-publish","format-standard","hentry","category-agenda"],"acf":[],"yoast_head":"<!-- This site is optimized with the Yoast SEO plugin v27.4 - https:\/\/yoast.com\/product\/yoast-seo-wordpress\/ -->\n<title>Doc\u2019Moment : D\u00e9velopper les activit\u00e9s mus\u00e9ales au sein de KBR\u00a0 - ABD-BVD<\/title>\n<meta name=\"robots\" content=\"index, follow, max-snippet:-1, max-image-preview:large, max-video-preview:-1\" \/>\n<link rel=\"canonical\" href=\"https:\/\/www.abd-bvd.be\/fr\/agenda\/docmoment-les-rendez-vous-de-labd-bvd-vendredi-13-decembre-2019-1430-1630\/\" \/>\n<meta property=\"og:locale\" content=\"fr_FR\" \/>\n<meta property=\"og:type\" content=\"article\" \/>\n<meta property=\"og:title\" content=\"Doc\u2019Moment : D\u00e9velopper les activit\u00e9s mus\u00e9ales au sein de KBR\u00a0 - ABD-BVD\" \/>\n<meta property=\"og:description\" content=\"Doc\u2019Moment : les rendez-vous de l\u2019ABD-BVD \u2013 Vendredi 13 d\u00e9cembre\u00a0 2019 (14:30 \u2013 16:30) S&rsquo;inscrire au Doc&rsquo;Moment La Biblioth\u00e8que royale de Belgique, d\u00e9sormais KBR, \u00e9largit son offre culturelle par la cr\u00e9ation d\u2019un espace d\u2019exposition temporaire au sein du palais de Charles de Lorraine et d\u2019un mus\u00e9e permanent d\u00e9di\u00e9 \u00e0 la Librairie des ducs de Bourgogne. [&hellip;]\" \/>\n<meta property=\"og:url\" content=\"https:\/\/www.abd-bvd.be\/fr\/agenda\/docmoment-les-rendez-vous-de-labd-bvd-vendredi-13-decembre-2019-1430-1630\/\" \/>\n<meta property=\"og:site_name\" content=\"ABD-BVD\" \/>\n<meta property=\"article:published_time\" content=\"2019-12-01T17:20:05+00:00\" \/>\n<meta property=\"article:modified_time\" content=\"2019-12-02T11:28:11+00:00\" \/>\n<meta name=\"author\" content=\"Vincent Duterme\" \/>\n<meta name=\"twitter:card\" content=\"summary_large_image\" \/>\n<meta name=\"twitter:label1\" content=\"\u00c9crit par\" \/>\n\t<meta name=\"twitter:data1\" content=\"Vincent Duterme\" \/>\n\t<meta name=\"twitter:label2\" content=\"Dur\u00e9e de lecture estim\u00e9e\" \/>\n\t<meta name=\"twitter:data2\" content=\"1 minute\" \/>\n<script type=\"application\/ld+json\" class=\"yoast-schema-graph\">{\"@context\":\"https:\\\/\\\/schema.org\",\"@graph\":[{\"@type\":\"Article\",\"@id\":\"https:\\\/\\\/www.abd-bvd.be\\\/fr\\\/agenda\\\/docmoment-les-rendez-vous-de-labd-bvd-vendredi-13-decembre-2019-1430-1630\\\/#article\",\"isPartOf\":{\"@id\":\"https:\\\/\\\/www.abd-bvd.be\\\/fr\\\/agenda\\\/docmoment-les-rendez-vous-de-labd-bvd-vendredi-13-decembre-2019-1430-1630\\\/\"},\"author\":{\"name\":\"Vincent Duterme\",\"@id\":\"https:\\\/\\\/www.abd-bvd.be\\\/fr\\\/#\\\/schema\\\/person\\\/cb7d2f8c7ffd42ddb2e0d2a1281f56ab\"},\"headline\":\"Doc\u2019Moment : D\u00e9velopper les activit\u00e9s mus\u00e9ales au sein de KBR\u00a0\",\"datePublished\":\"2019-12-01T17:20:05+00:00\",\"dateModified\":\"2019-12-02T11:28:11+00:00\",\"mainEntityOfPage\":{\"@id\":\"https:\\\/\\\/www.abd-bvd.be\\\/fr\\\/agenda\\\/docmoment-les-rendez-vous-de-labd-bvd-vendredi-13-decembre-2019-1430-1630\\\/\"},\"wordCount\":262,\"articleSection\":[\"Agenda\"],\"inLanguage\":\"fr-FR\"},{\"@type\":\"WebPage\",\"@id\":\"https:\\\/\\\/www.abd-bvd.be\\\/fr\\\/agenda\\\/docmoment-les-rendez-vous-de-labd-bvd-vendredi-13-decembre-2019-1430-1630\\\/\",\"url\":\"https:\\\/\\\/www.abd-bvd.be\\\/fr\\\/agenda\\\/docmoment-les-rendez-vous-de-labd-bvd-vendredi-13-decembre-2019-1430-1630\\\/\",\"name\":\"Doc\u2019Moment : D\u00e9velopper les activit\u00e9s mus\u00e9ales au sein de KBR\u00a0 - ABD-BVD\",\"isPartOf\":{\"@id\":\"https:\\\/\\\/www.abd-bvd.be\\\/fr\\\/#website\"},\"datePublished\":\"2019-12-01T17:20:05+00:00\",\"dateModified\":\"2019-12-02T11:28:11+00:00\",\"author\":{\"@id\":\"https:\\\/\\\/www.abd-bvd.be\\\/fr\\\/#\\\/schema\\\/person\\\/cb7d2f8c7ffd42ddb2e0d2a1281f56ab\"},\"breadcrumb\":{\"@id\":\"https:\\\/\\\/www.abd-bvd.be\\\/fr\\\/agenda\\\/docmoment-les-rendez-vous-de-labd-bvd-vendredi-13-decembre-2019-1430-1630\\\/#breadcrumb\"},\"inLanguage\":\"fr-FR\",\"potentialAction\":[{\"@type\":\"ReadAction\",\"target\":[\"https:\\\/\\\/www.abd-bvd.be\\\/fr\\\/agenda\\\/docmoment-les-rendez-vous-de-labd-bvd-vendredi-13-decembre-2019-1430-1630\\\/\"]}]},{\"@type\":\"BreadcrumbList\",\"@id\":\"https:\\\/\\\/www.abd-bvd.be\\\/fr\\\/agenda\\\/docmoment-les-rendez-vous-de-labd-bvd-vendredi-13-decembre-2019-1430-1630\\\/#breadcrumb\",\"itemListElement\":[{\"@type\":\"ListItem\",\"position\":1,\"name\":\"Accueil\",\"item\":\"https:\\\/\\\/www.abd-bvd.be\\\/fr\\\/\"},{\"@type\":\"ListItem\",\"position\":2,\"name\":\"Doc\u2019Moment : D\u00e9velopper les activit\u00e9s mus\u00e9ales au sein de KBR\u00a0\"}]},{\"@type\":\"WebSite\",\"@id\":\"https:\\\/\\\/www.abd-bvd.be\\\/fr\\\/#website\",\"url\":\"https:\\\/\\\/www.abd-bvd.be\\\/fr\\\/\",\"name\":\"ABD-BVD\",\"description\":\"Association Belge de documentation - Belgische verniging voor documentatie\",\"potentialAction\":[{\"@type\":\"SearchAction\",\"target\":{\"@type\":\"EntryPoint\",\"urlTemplate\":\"https:\\\/\\\/www.abd-bvd.be\\\/fr\\\/?s={search_term_string}\"},\"query-input\":{\"@type\":\"PropertyValueSpecification\",\"valueRequired\":true,\"valueName\":\"search_term_string\"}}],\"inLanguage\":\"fr-FR\"},{\"@type\":\"Person\",\"@id\":\"https:\\\/\\\/www.abd-bvd.be\\\/fr\\\/#\\\/schema\\\/person\\\/cb7d2f8c7ffd42ddb2e0d2a1281f56ab\",\"name\":\"Vincent Duterme\",\"image\":{\"@type\":\"ImageObject\",\"inLanguage\":\"fr-FR\",\"@id\":\"https:\\\/\\\/secure.gravatar.com\\\/avatar\\\/fce374dcb079715cd155bd4a5722f648814fa90bd4ec1de755c4150726d61439?s=96&d=mm&r=g\",\"url\":\"https:\\\/\\\/secure.gravatar.com\\\/avatar\\\/fce374dcb079715cd155bd4a5722f648814fa90bd4ec1de755c4150726d61439?s=96&d=mm&r=g\",\"contentUrl\":\"https:\\\/\\\/secure.gravatar.com\\\/avatar\\\/fce374dcb079715cd155bd4a5722f648814fa90bd4ec1de755c4150726d61439?s=96&d=mm&r=g\",\"caption\":\"Vincent Duterme\"},\"url\":\"https:\\\/\\\/www.abd-bvd.be\\\/fr\\\/author\\\/vincent-duterme\\\/\"}]}<\/script>\n<!-- \/ Yoast SEO plugin. -->","yoast_head_json":{"title":"Doc\u2019Moment : D\u00e9velopper les activit\u00e9s mus\u00e9ales au sein de KBR\u00a0 - ABD-BVD","robots":{"index":"index","follow":"follow","max-snippet":"max-snippet:-1","max-image-preview":"max-image-preview:large","max-video-preview":"max-video-preview:-1"},"canonical":"https:\/\/www.abd-bvd.be\/fr\/agenda\/docmoment-les-rendez-vous-de-labd-bvd-vendredi-13-decembre-2019-1430-1630\/","og_locale":"fr_FR","og_type":"article","og_title":"Doc\u2019Moment : D\u00e9velopper les activit\u00e9s mus\u00e9ales au sein de KBR\u00a0 - ABD-BVD","og_description":"Doc\u2019Moment : les rendez-vous de l\u2019ABD-BVD \u2013 Vendredi 13 d\u00e9cembre\u00a0 2019 (14:30 \u2013 16:30) S&rsquo;inscrire au Doc&rsquo;Moment La Biblioth\u00e8que royale de Belgique, d\u00e9sormais KBR, \u00e9largit son offre culturelle par la cr\u00e9ation d\u2019un espace d\u2019exposition temporaire au sein du palais de Charles de Lorraine et d\u2019un mus\u00e9e permanent d\u00e9di\u00e9 \u00e0 la Librairie des ducs de Bourgogne. [&hellip;]","og_url":"https:\/\/www.abd-bvd.be\/fr\/agenda\/docmoment-les-rendez-vous-de-labd-bvd-vendredi-13-decembre-2019-1430-1630\/","og_site_name":"ABD-BVD","article_published_time":"2019-12-01T17:20:05+00:00","article_modified_time":"2019-12-02T11:28:11+00:00","author":"Vincent Duterme","twitter_card":"summary_large_image","twitter_misc":{"\u00c9crit par":"Vincent Duterme","Dur\u00e9e de lecture estim\u00e9e":"1 minute"},"schema":{"@context":"https:\/\/schema.org","@graph":[{"@type":"Article","@id":"https:\/\/www.abd-bvd.be\/fr\/agenda\/docmoment-les-rendez-vous-de-labd-bvd-vendredi-13-decembre-2019-1430-1630\/#article","isPartOf":{"@id":"https:\/\/www.abd-bvd.be\/fr\/agenda\/docmoment-les-rendez-vous-de-labd-bvd-vendredi-13-decembre-2019-1430-1630\/"},"author":{"name":"Vincent Duterme","@id":"https:\/\/www.abd-bvd.be\/fr\/#\/schema\/person\/cb7d2f8c7ffd42ddb2e0d2a1281f56ab"},"headline":"Doc\u2019Moment : D\u00e9velopper les activit\u00e9s mus\u00e9ales au sein de KBR\u00a0","datePublished":"2019-12-01T17:20:05+00:00","dateModified":"2019-12-02T11:28:11+00:00","mainEntityOfPage":{"@id":"https:\/\/www.abd-bvd.be\/fr\/agenda\/docmoment-les-rendez-vous-de-labd-bvd-vendredi-13-decembre-2019-1430-1630\/"},"wordCount":262,"articleSection":["Agenda"],"inLanguage":"fr-FR"},{"@type":"WebPage","@id":"https:\/\/www.abd-bvd.be\/fr\/agenda\/docmoment-les-rendez-vous-de-labd-bvd-vendredi-13-decembre-2019-1430-1630\/","url":"https:\/\/www.abd-bvd.be\/fr\/agenda\/docmoment-les-rendez-vous-de-labd-bvd-vendredi-13-decembre-2019-1430-1630\/","name":"Doc\u2019Moment : D\u00e9velopper les activit\u00e9s mus\u00e9ales au sein de KBR\u00a0 - ABD-BVD","isPartOf":{"@id":"https:\/\/www.abd-bvd.be\/fr\/#website"},"datePublished":"2019-12-01T17:20:05+00:00","dateModified":"2019-12-02T11:28:11+00:00","author":{"@id":"https:\/\/www.abd-bvd.be\/fr\/#\/schema\/person\/cb7d2f8c7ffd42ddb2e0d2a1281f56ab"},"breadcrumb":{"@id":"https:\/\/www.abd-bvd.be\/fr\/agenda\/docmoment-les-rendez-vous-de-labd-bvd-vendredi-13-decembre-2019-1430-1630\/#breadcrumb"},"inLanguage":"fr-FR","potentialAction":[{"@type":"ReadAction","target":["https:\/\/www.abd-bvd.be\/fr\/agenda\/docmoment-les-rendez-vous-de-labd-bvd-vendredi-13-decembre-2019-1430-1630\/"]}]},{"@type":"BreadcrumbList","@id":"https:\/\/www.abd-bvd.be\/fr\/agenda\/docmoment-les-rendez-vous-de-labd-bvd-vendredi-13-decembre-2019-1430-1630\/#breadcrumb","itemListElement":[{"@type":"ListItem","position":1,"name":"Accueil","item":"https:\/\/www.abd-bvd.be\/fr\/"},{"@type":"ListItem","position":2,"name":"Doc\u2019Moment : D\u00e9velopper les activit\u00e9s mus\u00e9ales au sein de KBR\u00a0"}]},{"@type":"WebSite","@id":"https:\/\/www.abd-bvd.be\/fr\/#website","url":"https:\/\/www.abd-bvd.be\/fr\/","name":"ABD-BVD","description":"Association Belge de documentation - Belgische verniging voor documentatie","potentialAction":[{"@type":"SearchAction","target":{"@type":"EntryPoint","urlTemplate":"https:\/\/www.abd-bvd.be\/fr\/?s={search_term_string}"},"query-input":{"@type":"PropertyValueSpecification","valueRequired":true,"valueName":"search_term_string"}}],"inLanguage":"fr-FR"},{"@type":"Person","@id":"https:\/\/www.abd-bvd.be\/fr\/#\/schema\/person\/cb7d2f8c7ffd42ddb2e0d2a1281f56ab","name":"Vincent Duterme","image":{"@type":"ImageObject","inLanguage":"fr-FR","@id":"https:\/\/secure.gravatar.com\/avatar\/fce374dcb079715cd155bd4a5722f648814fa90bd4ec1de755c4150726d61439?s=96&d=mm&r=g","url":"https:\/\/secure.gravatar.com\/avatar\/fce374dcb079715cd155bd4a5722f648814fa90bd4ec1de755c4150726d61439?s=96&d=mm&r=g","contentUrl":"https:\/\/secure.gravatar.com\/avatar\/fce374dcb079715cd155bd4a5722f648814fa90bd4ec1de755c4150726d61439?s=96&d=mm&r=g","caption":"Vincent Duterme"},"url":"https:\/\/www.abd-bvd.be\/fr\/author\/vincent-duterme\/"}]}},"_links":{"self":[{"href":"https:\/\/www.abd-bvd.be\/fr\/wp-json\/wp\/v2\/posts\/17363","targetHints":{"allow":["GET"]}}],"collection":[{"href":"https:\/\/www.abd-bvd.be\/fr\/wp-json\/wp\/v2\/posts"}],"about":[{"href":"https:\/\/www.abd-bvd.be\/fr\/wp-json\/wp\/v2\/types\/post"}],"author":[{"embeddable":true,"href":"https:\/\/www.abd-bvd.be\/fr\/wp-json\/wp\/v2\/users\/35"}],"replies":[{"embeddable":true,"href":"https:\/\/www.abd-bvd.be\/fr\/wp-json\/wp\/v2\/comments?post=17363"}],"version-history":[{"count":17,"href":"https:\/\/www.abd-bvd.be\/fr\/wp-json\/wp\/v2\/posts\/17363\/revisions"}],"predecessor-version":[{"id":17399,"href":"https:\/\/www.abd-bvd.be\/fr\/wp-json\/wp\/v2\/posts\/17363\/revisions\/17399"}],"wp:attachment":[{"href":"https:\/\/www.abd-bvd.be\/fr\/wp-json\/wp\/v2\/media?parent=17363"}],"wp:term":[{"taxonomy":"category","embeddable":true,"href":"https:\/\/www.abd-bvd.be\/fr\/wp-json\/wp\/v2\/categories?post=17363"},{"taxonomy":"post_tag","embeddable":true,"href":"https:\/\/www.abd-bvd.be\/fr\/wp-json\/wp\/v2\/tags?post=17363"}],"curies":[{"name":"wp","href":"https:\/\/api.w.org\/{rel}","templated":true}]}}