{"id":16919,"date":"2019-11-07T20:08:23","date_gmt":"2019-11-07T19:08:23","guid":{"rendered":"https:\/\/www.abd-bvd.be\/?p=16919"},"modified":"2020-03-06T15:43:20","modified_gmt":"2020-03-06T14:43:20","slug":"docmoment-larchive-photographique","status":"publish","type":"post","link":"https:\/\/www.abd-bvd.be\/fr\/agenda\/docmoment-larchive-photographique\/","title":{"rendered":"Doc&rsquo;Moment : L&rsquo;archive photographique"},"content":{"rendered":"<p><strong>Doc\u2019Moment : les rendez-vous de l\u2019ABD-BVD \u2013 Mercredi 20 novembre\u00a0 2019 (14:30 &#8211; 16:30)<\/strong><\/p>\n<p style=\"text-align: right\"><span class=\"file-button\"><a href=\"https:\/\/www.eventbrite.co.uk\/e\/larchive-photographique-fotografisch-achivis-tickets-80664873809\">S&rsquo;inscrire au Doc&rsquo;Moment<\/a><\/span><\/p>\n<h2>La photographie de presse \u00e0 l&rsquo;Agence Van Parys<\/h2>\n<p><strong>Nico Gastmans<\/strong>, Gestionnaire, Agence Van Parys. Il a notamment organis\u00e9 avec le CEGESOMA l&rsquo;exposition sur le 75<sup>e<\/sup> anniversaire de la lib\u00e9ration de Bruxelles<\/p>\n<p style=\"text-align: justify\">L\u2019agence de Presse photographique Van Parys : une v\u00e9ritable institution dans l\u2019histoire de la presse photographique en Belgique depuis 1918. Germaine Van Parys fut une pionni\u00e8re dans son domaine. Elle devint la premi\u00e8re femme photographe de Presse et s\u2019imposa dans un monde professionnel essentiellement masculin. Elle commence ses activit\u00e9s de photographe en 1918 et fonde par la suite l\u2019agence de presse qui porte son nom. De ce fait, elle r\u00e9cup\u00e8re les archives photographi\u00e9es durant ses ann\u00e9es sous contrat. Elle acquiert une notori\u00e9t\u00e9 par ses contrats avec diverses entreprises, ses liens avec la famille royale et le monde artistique. L\u2019agence est reprise sous la houlette d\u2019Odette Der\u00e8ze d\u00e9but des ann\u00e9es 60 et s\u2019inscrit dans un r\u00e9seau international. L\u2019agence devient une soci\u00e9t\u00e9 anonyme en 1983 et continue son d\u00e9veloppement en s\u2019orientant aussi vers la photo de stock. Tom et Nico Gastmans qui ont repris l\u2019agence sont \u00e0 la t\u00eate d\u2019un patrimoine de 35 000 clich\u00e9s de verre, 750 000 n\u00e9gatifs couleurs et de 750 000 positifs couleur.<\/p>\n<h2>Gestion de la documentation num\u00e9rique \u00e0 l\u2019IRPA<\/h2>\n<p><strong>Erik Buelinckx<\/strong>, Chercheur et Gestionnaire de projet, Institut Royal du Patrimoine Artistique (IRPA)<br \/>\n<strong>Julie Mauro<\/strong>, Documentaliste, Institut Royal du Patrimoine Artistique (IRPA)<\/p>\n<p style=\"text-align: justify\">L\u2019Institut Royal du Patrimoine Artistique, l\u2019un des 10 \u00e9tablissements scientifiques relevant des comp\u00e9tences du minist\u00e8re de la Politique scientifique f\u00e9d\u00e9rale (Belspo), se consacre \u00e0 la documentation, l\u2019\u00e9tude, la conservation et la valorisation des biens artistiques et culturels du pays. Pour ce faire, une de ses missions principales est l\u2019\u00e9tablissement d\u2019un inventaire des \u0153uvres sur un support photographique ou num\u00e9rique et le rendre accessible au public.<\/p>\n<p style=\"text-align: justify\">Riche d\u2019un peu plus d\u20191 million de n\u00e9gatifs, ce fonds est num\u00e9ris\u00e9, identifi\u00e9 et conserv\u00e9 en interne par la cellule DIGIT cr\u00e9\u00e9 en 2013 dans le cadre du projet DIGIT lanc\u00e9 par Belspo. Il est accessible via le site BALaT (<a href=\"http:\/\/balat.kikirpa.be\">http:\/\/balat.kikirpa.be<\/a>).<\/p>\n<p style=\"text-align: justify\">Le projet DIGIT a pour objectif \u00e9galement la num\u00e9risation du fonds des dossiers d\u2019intervention de l\u2019IRPA. Ce fonds qui remonte aux ann\u00e9es 40 jusqu\u2019\u00e0 aujourd\u2019hui, est le reflet d\u2019une grande partie de l\u2019histoire de la conservation-restauration du patrimoine en Belgique.<\/p>\n<p style=\"text-align: justify\">En plus L\u2019IRPA d\u00e9veloppe en partenariat avec d\u2019autres institutions nationales et internationales un projet de \u00ab\u00a0data management\u00a0\u00bb\u00a0: HESCIDA (Heritage Science Data Archive) pour rassembler et partager la multitude de donn\u00e9es h\u00e9t\u00e9rog\u00e8nes cr\u00e9\u00e9es par ses chercheurs.<\/p>\n<p>Les pr\u00e9sentations se d\u00e9rouleront en <strong>fran\u00e7ais et en n\u00e9erlandais<\/strong>.<\/p>\n<hr \/>\n<p><em>Lieu <\/em>: Haute \u00e9cole Galil\u00e9e<\/p>\n<p><em>Adresse<\/em> : Rue Royale, 336 &#8211; 1030 Bruxelles<br \/>\nTram 92 : Arr\u00eat Sainte Marie<\/p>\n<p>Gratuit pour les membres (25 \u20ac pour les non-membres)<\/p>\n<p style=\"text-align: right\"><span class=\"file-button\"><a href=\"https:\/\/www.eventbrite.co.uk\/e\/larchive-photographique-fotografisch-achivis-tickets-80664873809\">S&rsquo;inscrire au Doc&rsquo;Moment<\/a><\/span><\/p>\n","protected":false},"excerpt":{"rendered":"<p>Doc\u2019Moment : les rendez-vous de l\u2019ABD-BVD \u2013 Mercredi 20 novembre\u00a0 2019 (14:30 &#8211; 16:30) S&rsquo;inscrire au Doc&rsquo;Moment La photographie de presse \u00e0 l&rsquo;Agence Van Parys Nico Gastmans, Gestionnaire, Agence Van Parys. Il a notamment organis\u00e9 avec le CEGESOMA l&rsquo;exposition sur le 75e anniversaire de la lib\u00e9ration de Bruxelles L\u2019agence de Presse photographique Van Parys : [&hellip;]<\/p>\n","protected":false},"author":35,"featured_media":0,"comment_status":"closed","ping_status":"open","sticky":false,"template":"","format":"standard","meta":{"_acf_changed":false,"footnotes":"","_wpscppro_dont_share_socialmedia":false,"_wpscppro_custom_social_share_image":0,"_facebook_share_type":"","_twitter_share_type":"","_linkedin_share_type":"","_pinterest_share_type":"","_linkedin_share_type_page":"","_instagram_share_type":"","_medium_share_type":"","_threads_share_type":"","_google_business_share_type":"","_selected_social_profile":[],"_wpsp_enable_custom_social_template":false,"_wpsp_social_scheduling":{"enabled":false,"datetime":null,"platforms":[],"status":"template_only","dateOption":"today","timeOption":"now","customDays":"","customHours":"","customDate":"","customTime":"","schedulingType":"absolute"},"_wpsp_active_default_template":true},"categories":[67],"tags":[],"class_list":["post-16919","post","type-post","status-publish","format-standard","hentry","category-agenda"],"acf":[],"yoast_head":"<!-- This site is optimized with the Yoast SEO plugin v27.4 - https:\/\/yoast.com\/product\/yoast-seo-wordpress\/ -->\n<title>Doc&#039;Moment : L&#039;archive photographique - ABD-BVD<\/title>\n<meta name=\"robots\" content=\"index, follow, max-snippet:-1, max-image-preview:large, max-video-preview:-1\" \/>\n<link rel=\"canonical\" href=\"https:\/\/www.abd-bvd.be\/fr\/agenda\/docmoment-larchive-photographique\/\" \/>\n<meta property=\"og:locale\" content=\"fr_FR\" \/>\n<meta property=\"og:type\" content=\"article\" \/>\n<meta property=\"og:title\" content=\"Doc&#039;Moment : L&#039;archive photographique - ABD-BVD\" \/>\n<meta property=\"og:description\" content=\"Doc\u2019Moment : les rendez-vous de l\u2019ABD-BVD \u2013 Mercredi 20 novembre\u00a0 2019 (14:30 &#8211; 16:30) S&rsquo;inscrire au Doc&rsquo;Moment La photographie de presse \u00e0 l&rsquo;Agence Van Parys Nico Gastmans, Gestionnaire, Agence Van Parys. Il a notamment organis\u00e9 avec le CEGESOMA l&rsquo;exposition sur le 75e anniversaire de la lib\u00e9ration de Bruxelles L\u2019agence de Presse photographique Van Parys : [&hellip;]\" \/>\n<meta property=\"og:url\" content=\"https:\/\/www.abd-bvd.be\/fr\/agenda\/docmoment-larchive-photographique\/\" \/>\n<meta property=\"og:site_name\" content=\"ABD-BVD\" \/>\n<meta property=\"article:published_time\" content=\"2019-11-07T19:08:23+00:00\" \/>\n<meta property=\"article:modified_time\" content=\"2020-03-06T14:43:20+00:00\" \/>\n<meta name=\"author\" content=\"Vincent Duterme\" \/>\n<meta name=\"twitter:card\" content=\"summary_large_image\" \/>\n<meta name=\"twitter:label1\" content=\"\u00c9crit par\" \/>\n\t<meta name=\"twitter:data1\" content=\"Vincent Duterme\" \/>\n\t<meta name=\"twitter:label2\" content=\"Dur\u00e9e de lecture estim\u00e9e\" \/>\n\t<meta name=\"twitter:data2\" content=\"3 minutes\" \/>\n<script type=\"application\/ld+json\" class=\"yoast-schema-graph\">{\"@context\":\"https:\\\/\\\/schema.org\",\"@graph\":[{\"@type\":\"Article\",\"@id\":\"https:\\\/\\\/www.abd-bvd.be\\\/fr\\\/agenda\\\/docmoment-larchive-photographique\\\/#article\",\"isPartOf\":{\"@id\":\"https:\\\/\\\/www.abd-bvd.be\\\/fr\\\/agenda\\\/docmoment-larchive-photographique\\\/\"},\"author\":{\"name\":\"Vincent Duterme\",\"@id\":\"https:\\\/\\\/www.abd-bvd.be\\\/fr\\\/#\\\/schema\\\/person\\\/cb7d2f8c7ffd42ddb2e0d2a1281f56ab\"},\"headline\":\"Doc&rsquo;Moment : L&rsquo;archive photographique\",\"datePublished\":\"2019-11-07T19:08:23+00:00\",\"dateModified\":\"2020-03-06T14:43:20+00:00\",\"mainEntityOfPage\":{\"@id\":\"https:\\\/\\\/www.abd-bvd.be\\\/fr\\\/agenda\\\/docmoment-larchive-photographique\\\/\"},\"wordCount\":513,\"articleSection\":[\"Agenda\"],\"inLanguage\":\"fr-FR\"},{\"@type\":\"WebPage\",\"@id\":\"https:\\\/\\\/www.abd-bvd.be\\\/fr\\\/agenda\\\/docmoment-larchive-photographique\\\/\",\"url\":\"https:\\\/\\\/www.abd-bvd.be\\\/fr\\\/agenda\\\/docmoment-larchive-photographique\\\/\",\"name\":\"Doc'Moment : L'archive photographique - ABD-BVD\",\"isPartOf\":{\"@id\":\"https:\\\/\\\/www.abd-bvd.be\\\/fr\\\/#website\"},\"datePublished\":\"2019-11-07T19:08:23+00:00\",\"dateModified\":\"2020-03-06T14:43:20+00:00\",\"author\":{\"@id\":\"https:\\\/\\\/www.abd-bvd.be\\\/fr\\\/#\\\/schema\\\/person\\\/cb7d2f8c7ffd42ddb2e0d2a1281f56ab\"},\"breadcrumb\":{\"@id\":\"https:\\\/\\\/www.abd-bvd.be\\\/fr\\\/agenda\\\/docmoment-larchive-photographique\\\/#breadcrumb\"},\"inLanguage\":\"fr-FR\",\"potentialAction\":[{\"@type\":\"ReadAction\",\"target\":[\"https:\\\/\\\/www.abd-bvd.be\\\/fr\\\/agenda\\\/docmoment-larchive-photographique\\\/\"]}]},{\"@type\":\"BreadcrumbList\",\"@id\":\"https:\\\/\\\/www.abd-bvd.be\\\/fr\\\/agenda\\\/docmoment-larchive-photographique\\\/#breadcrumb\",\"itemListElement\":[{\"@type\":\"ListItem\",\"position\":1,\"name\":\"Accueil\",\"item\":\"https:\\\/\\\/www.abd-bvd.be\\\/fr\\\/\"},{\"@type\":\"ListItem\",\"position\":2,\"name\":\"Doc&rsquo;Moment : L&rsquo;archive photographique\"}]},{\"@type\":\"WebSite\",\"@id\":\"https:\\\/\\\/www.abd-bvd.be\\\/fr\\\/#website\",\"url\":\"https:\\\/\\\/www.abd-bvd.be\\\/fr\\\/\",\"name\":\"ABD-BVD\",\"description\":\"Association Belge de documentation - Belgische verniging voor documentatie\",\"potentialAction\":[{\"@type\":\"SearchAction\",\"target\":{\"@type\":\"EntryPoint\",\"urlTemplate\":\"https:\\\/\\\/www.abd-bvd.be\\\/fr\\\/?s={search_term_string}\"},\"query-input\":{\"@type\":\"PropertyValueSpecification\",\"valueRequired\":true,\"valueName\":\"search_term_string\"}}],\"inLanguage\":\"fr-FR\"},{\"@type\":\"Person\",\"@id\":\"https:\\\/\\\/www.abd-bvd.be\\\/fr\\\/#\\\/schema\\\/person\\\/cb7d2f8c7ffd42ddb2e0d2a1281f56ab\",\"name\":\"Vincent Duterme\",\"image\":{\"@type\":\"ImageObject\",\"inLanguage\":\"fr-FR\",\"@id\":\"https:\\\/\\\/secure.gravatar.com\\\/avatar\\\/fce374dcb079715cd155bd4a5722f648814fa90bd4ec1de755c4150726d61439?s=96&d=mm&r=g\",\"url\":\"https:\\\/\\\/secure.gravatar.com\\\/avatar\\\/fce374dcb079715cd155bd4a5722f648814fa90bd4ec1de755c4150726d61439?s=96&d=mm&r=g\",\"contentUrl\":\"https:\\\/\\\/secure.gravatar.com\\\/avatar\\\/fce374dcb079715cd155bd4a5722f648814fa90bd4ec1de755c4150726d61439?s=96&d=mm&r=g\",\"caption\":\"Vincent Duterme\"},\"url\":\"https:\\\/\\\/www.abd-bvd.be\\\/fr\\\/author\\\/vincent-duterme\\\/\"}]}<\/script>\n<!-- \/ Yoast SEO plugin. -->","yoast_head_json":{"title":"Doc'Moment : L'archive photographique - ABD-BVD","robots":{"index":"index","follow":"follow","max-snippet":"max-snippet:-1","max-image-preview":"max-image-preview:large","max-video-preview":"max-video-preview:-1"},"canonical":"https:\/\/www.abd-bvd.be\/fr\/agenda\/docmoment-larchive-photographique\/","og_locale":"fr_FR","og_type":"article","og_title":"Doc'Moment : L'archive photographique - ABD-BVD","og_description":"Doc\u2019Moment : les rendez-vous de l\u2019ABD-BVD \u2013 Mercredi 20 novembre\u00a0 2019 (14:30 &#8211; 16:30) S&rsquo;inscrire au Doc&rsquo;Moment La photographie de presse \u00e0 l&rsquo;Agence Van Parys Nico Gastmans, Gestionnaire, Agence Van Parys. Il a notamment organis\u00e9 avec le CEGESOMA l&rsquo;exposition sur le 75e anniversaire de la lib\u00e9ration de Bruxelles L\u2019agence de Presse photographique Van Parys : [&hellip;]","og_url":"https:\/\/www.abd-bvd.be\/fr\/agenda\/docmoment-larchive-photographique\/","og_site_name":"ABD-BVD","article_published_time":"2019-11-07T19:08:23+00:00","article_modified_time":"2020-03-06T14:43:20+00:00","author":"Vincent Duterme","twitter_card":"summary_large_image","twitter_misc":{"\u00c9crit par":"Vincent Duterme","Dur\u00e9e de lecture estim\u00e9e":"3 minutes"},"schema":{"@context":"https:\/\/schema.org","@graph":[{"@type":"Article","@id":"https:\/\/www.abd-bvd.be\/fr\/agenda\/docmoment-larchive-photographique\/#article","isPartOf":{"@id":"https:\/\/www.abd-bvd.be\/fr\/agenda\/docmoment-larchive-photographique\/"},"author":{"name":"Vincent Duterme","@id":"https:\/\/www.abd-bvd.be\/fr\/#\/schema\/person\/cb7d2f8c7ffd42ddb2e0d2a1281f56ab"},"headline":"Doc&rsquo;Moment : L&rsquo;archive photographique","datePublished":"2019-11-07T19:08:23+00:00","dateModified":"2020-03-06T14:43:20+00:00","mainEntityOfPage":{"@id":"https:\/\/www.abd-bvd.be\/fr\/agenda\/docmoment-larchive-photographique\/"},"wordCount":513,"articleSection":["Agenda"],"inLanguage":"fr-FR"},{"@type":"WebPage","@id":"https:\/\/www.abd-bvd.be\/fr\/agenda\/docmoment-larchive-photographique\/","url":"https:\/\/www.abd-bvd.be\/fr\/agenda\/docmoment-larchive-photographique\/","name":"Doc'Moment : L'archive photographique - ABD-BVD","isPartOf":{"@id":"https:\/\/www.abd-bvd.be\/fr\/#website"},"datePublished":"2019-11-07T19:08:23+00:00","dateModified":"2020-03-06T14:43:20+00:00","author":{"@id":"https:\/\/www.abd-bvd.be\/fr\/#\/schema\/person\/cb7d2f8c7ffd42ddb2e0d2a1281f56ab"},"breadcrumb":{"@id":"https:\/\/www.abd-bvd.be\/fr\/agenda\/docmoment-larchive-photographique\/#breadcrumb"},"inLanguage":"fr-FR","potentialAction":[{"@type":"ReadAction","target":["https:\/\/www.abd-bvd.be\/fr\/agenda\/docmoment-larchive-photographique\/"]}]},{"@type":"BreadcrumbList","@id":"https:\/\/www.abd-bvd.be\/fr\/agenda\/docmoment-larchive-photographique\/#breadcrumb","itemListElement":[{"@type":"ListItem","position":1,"name":"Accueil","item":"https:\/\/www.abd-bvd.be\/fr\/"},{"@type":"ListItem","position":2,"name":"Doc&rsquo;Moment : L&rsquo;archive photographique"}]},{"@type":"WebSite","@id":"https:\/\/www.abd-bvd.be\/fr\/#website","url":"https:\/\/www.abd-bvd.be\/fr\/","name":"ABD-BVD","description":"Association Belge de documentation - Belgische verniging voor documentatie","potentialAction":[{"@type":"SearchAction","target":{"@type":"EntryPoint","urlTemplate":"https:\/\/www.abd-bvd.be\/fr\/?s={search_term_string}"},"query-input":{"@type":"PropertyValueSpecification","valueRequired":true,"valueName":"search_term_string"}}],"inLanguage":"fr-FR"},{"@type":"Person","@id":"https:\/\/www.abd-bvd.be\/fr\/#\/schema\/person\/cb7d2f8c7ffd42ddb2e0d2a1281f56ab","name":"Vincent Duterme","image":{"@type":"ImageObject","inLanguage":"fr-FR","@id":"https:\/\/secure.gravatar.com\/avatar\/fce374dcb079715cd155bd4a5722f648814fa90bd4ec1de755c4150726d61439?s=96&d=mm&r=g","url":"https:\/\/secure.gravatar.com\/avatar\/fce374dcb079715cd155bd4a5722f648814fa90bd4ec1de755c4150726d61439?s=96&d=mm&r=g","contentUrl":"https:\/\/secure.gravatar.com\/avatar\/fce374dcb079715cd155bd4a5722f648814fa90bd4ec1de755c4150726d61439?s=96&d=mm&r=g","caption":"Vincent Duterme"},"url":"https:\/\/www.abd-bvd.be\/fr\/author\/vincent-duterme\/"}]}},"_links":{"self":[{"href":"https:\/\/www.abd-bvd.be\/fr\/wp-json\/wp\/v2\/posts\/16919","targetHints":{"allow":["GET"]}}],"collection":[{"href":"https:\/\/www.abd-bvd.be\/fr\/wp-json\/wp\/v2\/posts"}],"about":[{"href":"https:\/\/www.abd-bvd.be\/fr\/wp-json\/wp\/v2\/types\/post"}],"author":[{"embeddable":true,"href":"https:\/\/www.abd-bvd.be\/fr\/wp-json\/wp\/v2\/users\/35"}],"replies":[{"embeddable":true,"href":"https:\/\/www.abd-bvd.be\/fr\/wp-json\/wp\/v2\/comments?post=16919"}],"version-history":[{"count":29,"href":"https:\/\/www.abd-bvd.be\/fr\/wp-json\/wp\/v2\/posts\/16919\/revisions"}],"predecessor-version":[{"id":19020,"href":"https:\/\/www.abd-bvd.be\/fr\/wp-json\/wp\/v2\/posts\/16919\/revisions\/19020"}],"wp:attachment":[{"href":"https:\/\/www.abd-bvd.be\/fr\/wp-json\/wp\/v2\/media?parent=16919"}],"wp:term":[{"taxonomy":"category","embeddable":true,"href":"https:\/\/www.abd-bvd.be\/fr\/wp-json\/wp\/v2\/categories?post=16919"},{"taxonomy":"post_tag","embeddable":true,"href":"https:\/\/www.abd-bvd.be\/fr\/wp-json\/wp\/v2\/tags?post=16919"}],"curies":[{"name":"wp","href":"https:\/\/api.w.org\/{rel}","templated":true}]}}