{"id":1598,"date":"2013-09-01T09:08:30","date_gmt":"2013-09-01T09:08:30","guid":{"rendered":"http:\/\/www.abd-bvd.be\/?p=1598"},"modified":"2018-07-25T12:07:40","modified_gmt":"2018-07-25T10:07:40","slug":"2013-3","status":"publish","type":"post","link":"https:\/\/www.abd-bvd.be\/fr\/cahiers-de-la-documentation\/2013-3\/","title":{"rendered":"Cahiers de la Documentation 2013\/3 (septembre 2013)"},"content":{"rendered":"<h2><img loading=\"lazy\" decoding=\"async\" class=\"size-full wp-image-1085 alignleft\" src=\"https:\/\/www.abd-bvd.be\/wp-content\/uploads\/cover2013-3_small.jpg\" alt=\"cover2013-3_small\" width=\"133\" height=\"190\"><span style=\"font-size: 14pt;\">\u00c9ditorial<\/span><\/h2>\n<p style=\"text-align: justify;\">En cette ann\u00e9e 2013, nous comm\u00e9morons le 100<sup>e<\/sup> anniversaire de l\u2019avant-dernier laur\u00e9at belge du Prix Nobel de la Paix. Gageons que son nom n\u2019\u00e9voque pas grand-chose \u00e0 la plupart des Belges d\u2019aujourd\u2019hui sauf\u2026 aux professionnels de l\u2019information et de la documentation. En effet, en 1913, le Comit\u00e9 Nobel norv\u00e9gien choisit de d\u00e9cerner la plus haute r\u00e9compense \u00e0 Henri La Fontaine. Oui, il s\u2019agit bien ici du co-fondateur, avec Paul Otlet, de l\u2019Institut international de Bibliographie et de l\u2019homme \u00e0 qui l\u2019on doit \u00e9ga\u00adlement la <em>Classification D\u00e9cimale Universelle<\/em>.<\/p>\n<p style=\"text-align: justify;\">Pacifiste dans l\u2019\u00e2me, La Fontaine a consacr\u00e9 une grande partie de sa vie \u00e0 promouvoir la paix. En 1913, \u00e0 la veille de la Premi\u00e8re Guerre mon\u00addiale, il est d\u2019ailleurs pr\u00e9sident du Bureau inter\u00adnational de la Paix. Poste qu\u2019il occupera de nombreuses ann\u00e9es et qui lui vaut donc ce prix prestigieux. Apr\u00e8s lui, le seul Belge \u00e0 avoir re\u00e7u le Nobel de la Paix est le P\u00e8re Dominique Pire, en 1958.<\/p>\n<p style=\"text-align: justify;\">L\u2019universalisme de La Fontaine l\u2019a donc pouss\u00e9 \u00e0 s\u2019int\u00e9resser tant \u00e0 l\u2019information qu\u2019\u00e0 la paix. Un si\u00e8cle apr\u00e8s ce prix, ses valeurs et ses combats sont certainement toujours d\u2019actualit\u00e9. Le repli sur soi n\u2019est pas souhaitable dans notre m\u00e9tier&nbsp;: les probl\u00e9matiques de l\u2019I&amp;D sont universelles et la recherche de solutions d\u00e9passe tous les clivages.<\/p>\n<p style=\"text-align: justify;\">C\u2019est donc dans cet esprit que nous vous propo\u00adsons r\u00e9guli\u00e8rement dans ces pages des articles d\u2019auteurs \u00e9trangers. D\u2019ailleurs, ce num\u00e9ro en est un bel exemple puisque nous publions au\u00adjourd\u2019hui des articles en provenance de Su\u00e8de, d\u2019Afrique du Sud, du Royaume-Uni et\u2026 bien s\u00fbr, de Belgique. Raison pour laquelle, une fois n\u2019est pas coutume, ces articles sont principalement en anglais.<\/p>\n<p style=\"text-align: justify;\">L\u2019esprit de La Fontaine est donc toujours vivant et nous esp\u00e9rons que ce num\u00e9ro lui aurait plu, tout comme \u00e0 vous, ch\u00e8res lectrices et chers lec\u00adteurs. Nous vous souhaitons une excellente lecture.<\/p>\n<p style=\"text-align: right;\"><strong>Guy Delsaut<\/strong><\/p>\n<h2 style=\"text-align: justify;\"><span lang=\"en-uk\" style=\"font-size: 14pt;\">When did the librarian become a librarian?<\/span><\/h2>\n<p style=\"text-align: justify;\"><strong>Bertil JANSSON<\/strong>, Doctor of Philosophy, Library and information sciences; Coordinator, Linnaeus University Kalmar \/ V\u00e4xj\u00f6 &#8211; Executive Office; Former Archivist and Head librarian, University of Kalmar<\/p>\n<p style=\"text-align: justify;\">Cet article s\u2019int\u00e9resse \u00e0 la biblioth\u00e9conomie et son d\u00e9veloppement entre 1475 et 1780, tel que trait\u00e9 par son auteur dans la th\u00e8se de doctorat <i>Bibliotekarien : om yrkets tidiga inneh\u00e5ll och utveckling<\/i> (2010). Cette th\u00e8se d\u00e9bute par la d\u00e9finition de la biblioth\u00e8que comme un espace de travail \u00e0 partir duquel les biblioth\u00e9caires ont cr\u00e9\u00e9 leur future profession. La p\u00e9riode analys\u00e9e comprend 3 processus semi-parall\u00e8les en progr\u00e8s, qui forment une profession complexe, allant de la routine quotidienne aux valeurs communes du concept de la biblioth\u00e8que comme une institution v\u00e9hiculant des qualit\u00e9s. Ceci forme un point de d\u00e9part \u00e0 la discussion de th\u00e9ories sur la biblioth\u00e9conomie et se termine finalement dans des consid\u00e9rations auto-r\u00e9fl\u00e9chissantes sur la biblioth\u00e9conomie et les caract\u00e9ristiques d\u2019un biblioth\u00e9caire, proche d\u2019un code \u00e9thique professionnel.<\/p>\n<p><span class=\"file-button\"><a href=\"https:\/\/www.abd-bvd.be\/wp-content\/uploads\/2013-3_Jansson.pdf\">T\u00e9l\u00e9charger (EN)<\/a><\/span><\/p>\n<h2 style=\"text-align: justify;\"><span style=\"font-size: 14pt;\">From coal mining to data mining: Libraries after technology replaces colliers<\/span><\/h2>\n<p lang=\"en-uk\" style=\"text-align: justify;\"><strong>Derek LAW<\/strong>, Emeritus Professor of Informatics, University of Strathclyde &#8211; Department of Computer and Information Sciences<\/p>\n<p lang=\"en-uk\" style=\"text-align: justify;\">Cet article d\u00e9crit le monde auquel \u00e9taient confront\u00e9s les biblioth\u00e9caires en 1970 et dans quelle mesure des si\u00e8cles de stase furent suivies d\u2019une p\u00e9riode de rapide changement social, technique et professionnel. Ensuite, il expose dans les grandes lignes la contribution significative du Professeur Melvyn Collier. Il prend en consid\u00e9ration l\u2019incapacit\u00e9 de la profession \u00e0 faire face ad\u00e9quatement \u00e0 la croissance exponentielle du mat\u00e9riel et des donn\u00e9es num\u00e9riques. En conclusion, il soutient qu\u2019en retournant aux principes de base, la profession peut conserver un r\u00f4le clef et d\u00e9terminant pour le futur.<\/p>\n<p><span class=\"file-button\"><a href=\"https:\/\/www.abd-bvd.be\/wp-content\/uploads\/2013-3_Law.pdf\">T\u00e9l\u00e9charger (EN)<\/a><\/span><\/p>\n<h2 style=\"text-align: justify;\"><span style=\"font-size: 14pt;\">Comment mettre en place une veille d\u2019e-r\u00e9putation en utilisant les outils gratuits ?<\/span><\/h2>\n<p style=\"text-align: justify;\"><strong>Luc HOURLAY<\/strong>, Biblioth\u00e9caire-Documentaliste\/Webmaster, Centre F\u00e9d\u00e9ral d\u2019Expertise des Soins de Sant\u00e9 (KCE)<br \/>\n<strong>Patrice X.CHALON<\/strong>, Knowledge Manager, Centre F\u00e9d\u00e9ral d\u2019Expertise des Soins de Sant\u00e9 (KCE)<br \/>\n<strong>Michele RIGNANESE<\/strong>, Attach\u00e9 Communication multim\u00e9dia, Service public f\u00e9d\u00e9ral Sant\u00e9 publique, S\u00e9curit\u00e9 de la Cha\u00eene alimentaire et Environnement<br \/>\n<strong>Gudrun BRIAT<\/strong>, Communication Manager, Centre F\u00e9d\u00e9ral d\u2019Expertise des Soins de Sant\u00e9 (KCE)<\/p>\n<p style=\"text-align: justify;\">D\u00e8s la publication de ses premiers rapports d\u2019\u00e9tude, en 2004, le Centre F\u00e9d\u00e9ral d\u2019Expertise des Soins de Sant\u00e9 (KCE) s\u2019est int\u00e9ress\u00e9 \u00e0 l\u2019\u00e9valuation de sa propre influence. Diff\u00e9rents projets ont donc \u00e9t\u00e9 entrepris pour r\u00e9pondre \u00e0 cette demande. En 2012, \u00e0 la demande du service de la communication, la biblioth\u00e8que a mis en place un outil de veille de la r\u00e9putation en ligne. Une structure modulaire d\u00e9crivant toutes les \u00e9tapes de la veille a \u00e9t\u00e9 \u00e9labor\u00e9e, et sur cette base, un outil (d\u00e9monstrateur) a \u00e9t\u00e9 construit \u00e0 l\u2019aide d\u2019applications gratuites uniquement. Les premiers r\u00e9sultats sont d\u2019embl\u00e9e convaincants. Le d\u00e9monstrateur ayant prouv\u00e9 la plus-value d\u2019entretenir une veille de e-r\u00e9putation concernant le KCE. La prochaine \u00e9tape envisag\u00e9e est la poursuite du d\u00e9veloppement de l\u2019outil, avec pour objectif la r\u00e9duction maximale de l\u2019intervention humaine pour que cette activit\u00e9 puisse s\u2019inscrire sur le long terme dans une organisation de petite dimension aux ressources limit\u00e9es.<\/p>\n<p><span class=\"file-button\"><a href=\"https:\/\/www.abd-bvd.be\/wp-content\/uploads\/2013-3_Hourlay-Chalon-Rignanese-Briat.pdf\">T\u00e9l\u00e9charger (FR)<\/a><\/span><\/p>\n<h2 style=\"text-align: justify;\"><span style=\"font-size: 14pt;\">An introduction to the BUFVC guidelines on audiovisual citation<\/span><\/h2>\n<p style=\"text-align: justify;\"><strong>Richard HEWETT<\/strong>, Chair Audiovisual Citation steering group, British Universities Film and Video Council (BUFVC)<\/p>\n<p style=\"text-align: justify;\">Bien que l\u2019usage de mat\u00e9riel audiovisuel augmente de fa\u00e7on exponentielle dans les activit\u00e9s d\u2019enseignement, d\u2019apprentissage et de recherche dans l\u2019enseignement sup\u00e9rieur et dans la formation continu\u00e9e, les normes pour r\u00e9f\u00e9rer \u00e0 des documents sonores ou \u00e0 des images sont souvent insuffisantes. Le British Universities Film &amp; Video Council (BUFVC) a maintenant combl\u00e9 cette lacune. L\u2019ouvrage <i>Audiovisual Citation: BUFVC Guidelines for referencing moving image and sound<\/i> propose des conseils clairs, coh\u00e9rents et complets pour citer tout type de document audiovisuel, du mashup composite YouTube au jeu vid\u00e9o. Cet article explique comment le projet a pris forme et de quelle mani\u00e8re il r\u00e9pond aux besoins tr\u00e8s sp\u00e9cifiques de chercheurs, archivistes et biblioth\u00e9caires en mati\u00e8re de documents sonores et d\u2019images.<\/p>\n<p><span class=\"file-button\"><a href=\"https:\/\/www.abd-bvd.be\/wp-content\/uploads\/2013-3_Hewett.pdf\">T\u00e9l\u00e9charger (EN)<\/a><\/span><\/p>\n<h2 style=\"text-align: justify;\"><span style=\"font-size: 14pt;\">Promoting awareness of information needs and realising gaps in knowledge: Examples from healthcare<\/span><\/h2>\n<p lang=\"en-uk\" style=\"text-align: justify;\"><strong>Ina FOURIE<\/strong>, Professor, University of Pretoria &#8211; Department of Information Science<\/p>\n<p lang=\"en-uk\" style=\"text-align: justify;\">La reconnaissance du besoin d\u2019information constitue le premier pas dans la recherche d\u2019information. Cependant, les besoins en information ne sont souvent pas reconnus, ce qui pourrait expliquer les continuelles inqui\u00e9tudes et frustrations exprim\u00e9es par des personnes \u00e0 la recherche d\u2019informations, comme les patients et leurs familles. Le r\u00e9cit de leurs exp\u00e9riences, exprim\u00e9es en leurs propres mots montre qu\u2019il s\u2019agit d\u2019un s\u00e9rieux probl\u00e8me. L\u2019\u00e9ducation \u00e0 l\u2019information dans le secteur des soins, comme les soins de sant\u00e9, l\u2019assistance sociale et l\u2019enseignement peut mener \u00e0 une prise de conscience de la n\u00e9cessit\u00e9 de reconna\u00eetre le besoin d\u2019information comme un premier pas dans la recherche d\u2019information, ce qui permettrait de mieux aider ceux qui comptent sur le personnel soignant, l\u2019assistante sociale ou l\u2019enseignant pour rencontrer leurs besoins d\u2019information. Cet article examine bri\u00e8vement les enjeux d\u2019un besoin d\u2019information non satisfait, en utilisant les patients et leurs familles comme exemple. L\u2019article commente \u00e9galement de mani\u00e8re sommaire l\u2019\u00e9ducation \u00e0 l\u2019information des professionnels et souligne que ceux-ci doivent prendre conscience de la n\u00e9cessit\u00e9 de reconna\u00eetre le besoin d\u2019information.<\/p>\n<p><span class=\"file-button\"><a href=\"https:\/\/www.abd-bvd.be\/wp-content\/uploads\/2013-3_Fourie.pdf\">T\u00e9l\u00e9charger (EN)<\/a><\/span><\/p>\n<p style=\"text-align: right;\"><span class=\"file-button\"><a href=\"https:\/\/www.abd-bvd.be\/wp-content\/uploads\/2013-3-full.pdf\">T\u00e9l\u00e9charger le num\u00e9ro complet<\/a><\/span><\/p>\n","protected":false},"excerpt":{"rendered":"<p>\u00c9ditorial En cette ann\u00e9e 2013, nous comm\u00e9morons le 100e anniversaire de l\u2019avant-dernier laur\u00e9at belge du Prix Nobel de la Paix. Gageons que son nom n\u2019\u00e9voque pas grand-chose \u00e0 la plupart des Belges d\u2019aujourd\u2019hui sauf\u2026 aux professionnels de l\u2019information et de la documentation. En effet, en 1913, le Comit\u00e9 Nobel norv\u00e9gien choisit de d\u00e9cerner la plus [&hellip;]<\/p>\n","protected":false},"author":9,"featured_media":0,"comment_status":"open","ping_status":"open","sticky":false,"template":"","format":"standard","meta":{"_acf_changed":false,"footnotes":"","_wpscppro_dont_share_socialmedia":false,"_wpscppro_custom_social_share_image":0,"_facebook_share_type":"","_twitter_share_type":"","_linkedin_share_type":"","_pinterest_share_type":"","_linkedin_share_type_page":"","_instagram_share_type":"","_medium_share_type":"","_threads_share_type":"","_google_business_share_type":"","_selected_social_profile":[],"_wpsp_enable_custom_social_template":false,"_wpsp_social_scheduling":{"enabled":false,"datetime":null,"platforms":[],"status":"template_only","dateOption":"today","timeOption":"now","customDays":"","customHours":"","customDate":"","customTime":"","schedulingType":"absolute"},"_wpsp_active_default_template":true},"categories":[69],"tags":[],"class_list":["post-1598","post","type-post","status-publish","format-standard","hentry","category-cahiers-de-la-documentation"],"acf":[],"yoast_head":"<!-- This site is optimized with the Yoast SEO plugin v27.5 - https:\/\/yoast.com\/product\/yoast-seo-wordpress\/ -->\n<title>Cahiers de la Documentation 2013\/3 (septembre 2013) - ABD-BVD<\/title>\n<meta name=\"robots\" content=\"index, follow, max-snippet:-1, max-image-preview:large, max-video-preview:-1\" \/>\n<link rel=\"canonical\" href=\"https:\/\/www.abd-bvd.be\/fr\/cahiers-de-la-documentation\/2013-3\/\" \/>\n<meta property=\"og:locale\" content=\"fr_FR\" \/>\n<meta property=\"og:type\" content=\"article\" \/>\n<meta property=\"og:title\" content=\"Cahiers de la Documentation 2013\/3 (septembre 2013) - ABD-BVD\" \/>\n<meta property=\"og:description\" content=\"\u00c9ditorial En cette ann\u00e9e 2013, nous comm\u00e9morons le 100e anniversaire de l\u2019avant-dernier laur\u00e9at belge du Prix Nobel de la Paix. Gageons que son nom n\u2019\u00e9voque pas grand-chose \u00e0 la plupart des Belges d\u2019aujourd\u2019hui sauf\u2026 aux professionnels de l\u2019information et de la documentation. En effet, en 1913, le Comit\u00e9 Nobel norv\u00e9gien choisit de d\u00e9cerner la plus [&hellip;]\" \/>\n<meta property=\"og:url\" content=\"https:\/\/www.abd-bvd.be\/fr\/cahiers-de-la-documentation\/2013-3\/\" \/>\n<meta property=\"og:site_name\" content=\"ABD-BVD\" \/>\n<meta property=\"article:published_time\" content=\"2013-09-01T09:08:30+00:00\" \/>\n<meta property=\"article:modified_time\" content=\"2018-07-25T10:07:40+00:00\" \/>\n<meta property=\"og:image\" content=\"https:\/\/www.abd-bvd.be\/wp-content\/uploads\/cover2013-3_small.jpg\" \/>\n<meta name=\"author\" content=\"Stephanie Fort\" \/>\n<meta name=\"twitter:card\" content=\"summary_large_image\" \/>\n<meta name=\"twitter:label1\" content=\"\u00c9crit par\" \/>\n\t<meta name=\"twitter:data1\" content=\"Stephanie Fort\" \/>\n\t<meta name=\"twitter:label2\" content=\"Dur\u00e9e de lecture estim\u00e9e\" \/>\n\t<meta name=\"twitter:data2\" content=\"7 minutes\" \/>\n<script type=\"application\/ld+json\" class=\"yoast-schema-graph\">{\"@context\":\"https:\\\/\\\/schema.org\",\"@graph\":[{\"@type\":\"Article\",\"@id\":\"https:\\\/\\\/www.abd-bvd.be\\\/fr\\\/cahiers-de-la-documentation\\\/2013-3\\\/#article\",\"isPartOf\":{\"@id\":\"https:\\\/\\\/www.abd-bvd.be\\\/fr\\\/cahiers-de-la-documentation\\\/2013-3\\\/\"},\"author\":{\"name\":\"Stephanie Fort\",\"@id\":\"https:\\\/\\\/www.abd-bvd.be\\\/fr\\\/#\\\/schema\\\/person\\\/7d377e7d9c9ab199688848e258c28e82\"},\"headline\":\"Cahiers de la Documentation 2013\\\/3 (septembre 2013)\",\"datePublished\":\"2013-09-01T09:08:30+00:00\",\"dateModified\":\"2018-07-25T10:07:40+00:00\",\"mainEntityOfPage\":{\"@id\":\"https:\\\/\\\/www.abd-bvd.be\\\/fr\\\/cahiers-de-la-documentation\\\/2013-3\\\/\"},\"wordCount\":1334,\"commentCount\":0,\"image\":{\"@id\":\"https:\\\/\\\/www.abd-bvd.be\\\/fr\\\/cahiers-de-la-documentation\\\/2013-3\\\/#primaryimage\"},\"thumbnailUrl\":\"https:\\\/\\\/www.abd-bvd.be\\\/wp-content\\\/uploads\\\/cover2013-3_small.jpg\",\"articleSection\":[\"Cahiers de la Documentation\"],\"inLanguage\":\"fr-FR\",\"potentialAction\":[{\"@type\":\"CommentAction\",\"name\":\"Comment\",\"target\":[\"https:\\\/\\\/www.abd-bvd.be\\\/fr\\\/cahiers-de-la-documentation\\\/2013-3\\\/#respond\"]}]},{\"@type\":\"WebPage\",\"@id\":\"https:\\\/\\\/www.abd-bvd.be\\\/fr\\\/cahiers-de-la-documentation\\\/2013-3\\\/\",\"url\":\"https:\\\/\\\/www.abd-bvd.be\\\/fr\\\/cahiers-de-la-documentation\\\/2013-3\\\/\",\"name\":\"Cahiers de la Documentation 2013\\\/3 (septembre 2013) - ABD-BVD\",\"isPartOf\":{\"@id\":\"https:\\\/\\\/www.abd-bvd.be\\\/fr\\\/#website\"},\"primaryImageOfPage\":{\"@id\":\"https:\\\/\\\/www.abd-bvd.be\\\/fr\\\/cahiers-de-la-documentation\\\/2013-3\\\/#primaryimage\"},\"image\":{\"@id\":\"https:\\\/\\\/www.abd-bvd.be\\\/fr\\\/cahiers-de-la-documentation\\\/2013-3\\\/#primaryimage\"},\"thumbnailUrl\":\"https:\\\/\\\/www.abd-bvd.be\\\/wp-content\\\/uploads\\\/cover2013-3_small.jpg\",\"datePublished\":\"2013-09-01T09:08:30+00:00\",\"dateModified\":\"2018-07-25T10:07:40+00:00\",\"author\":{\"@id\":\"https:\\\/\\\/www.abd-bvd.be\\\/fr\\\/#\\\/schema\\\/person\\\/7d377e7d9c9ab199688848e258c28e82\"},\"breadcrumb\":{\"@id\":\"https:\\\/\\\/www.abd-bvd.be\\\/fr\\\/cahiers-de-la-documentation\\\/2013-3\\\/#breadcrumb\"},\"inLanguage\":\"fr-FR\",\"potentialAction\":[{\"@type\":\"ReadAction\",\"target\":[\"https:\\\/\\\/www.abd-bvd.be\\\/fr\\\/cahiers-de-la-documentation\\\/2013-3\\\/\"]}]},{\"@type\":\"ImageObject\",\"inLanguage\":\"fr-FR\",\"@id\":\"https:\\\/\\\/www.abd-bvd.be\\\/fr\\\/cahiers-de-la-documentation\\\/2013-3\\\/#primaryimage\",\"url\":\"https:\\\/\\\/www.abd-bvd.be\\\/wp-content\\\/uploads\\\/cover2013-3_small.jpg\",\"contentUrl\":\"https:\\\/\\\/www.abd-bvd.be\\\/wp-content\\\/uploads\\\/cover2013-3_small.jpg\"},{\"@type\":\"BreadcrumbList\",\"@id\":\"https:\\\/\\\/www.abd-bvd.be\\\/fr\\\/cahiers-de-la-documentation\\\/2013-3\\\/#breadcrumb\",\"itemListElement\":[{\"@type\":\"ListItem\",\"position\":1,\"name\":\"Accueil\",\"item\":\"https:\\\/\\\/www.abd-bvd.be\\\/fr\\\/\"},{\"@type\":\"ListItem\",\"position\":2,\"name\":\"Cahiers de la Documentation 2013\\\/3 (septembre 2013)\"}]},{\"@type\":\"WebSite\",\"@id\":\"https:\\\/\\\/www.abd-bvd.be\\\/fr\\\/#website\",\"url\":\"https:\\\/\\\/www.abd-bvd.be\\\/fr\\\/\",\"name\":\"ABD-BVD\",\"description\":\"Association Belge de documentation - Belgische verniging voor documentatie\",\"potentialAction\":[{\"@type\":\"SearchAction\",\"target\":{\"@type\":\"EntryPoint\",\"urlTemplate\":\"https:\\\/\\\/www.abd-bvd.be\\\/fr\\\/?s={search_term_string}\"},\"query-input\":{\"@type\":\"PropertyValueSpecification\",\"valueRequired\":true,\"valueName\":\"search_term_string\"}}],\"inLanguage\":\"fr-FR\"},{\"@type\":\"Person\",\"@id\":\"https:\\\/\\\/www.abd-bvd.be\\\/fr\\\/#\\\/schema\\\/person\\\/7d377e7d9c9ab199688848e258c28e82\",\"name\":\"Stephanie Fort\",\"image\":{\"@type\":\"ImageObject\",\"inLanguage\":\"fr-FR\",\"@id\":\"https:\\\/\\\/secure.gravatar.com\\\/avatar\\\/a2ee6ac25ed8c542f6f63ac766c7789daca06a4af3e6b117dd9067582c4ba60a?s=96&d=mm&r=g\",\"url\":\"https:\\\/\\\/secure.gravatar.com\\\/avatar\\\/a2ee6ac25ed8c542f6f63ac766c7789daca06a4af3e6b117dd9067582c4ba60a?s=96&d=mm&r=g\",\"contentUrl\":\"https:\\\/\\\/secure.gravatar.com\\\/avatar\\\/a2ee6ac25ed8c542f6f63ac766c7789daca06a4af3e6b117dd9067582c4ba60a?s=96&d=mm&r=g\",\"caption\":\"Stephanie Fort\"},\"url\":\"https:\\\/\\\/www.abd-bvd.be\\\/fr\\\/author\\\/stephanie-fort\\\/\"}]}<\/script>\n<!-- \/ Yoast SEO plugin. -->","yoast_head_json":{"title":"Cahiers de la Documentation 2013\/3 (septembre 2013) - ABD-BVD","robots":{"index":"index","follow":"follow","max-snippet":"max-snippet:-1","max-image-preview":"max-image-preview:large","max-video-preview":"max-video-preview:-1"},"canonical":"https:\/\/www.abd-bvd.be\/fr\/cahiers-de-la-documentation\/2013-3\/","og_locale":"fr_FR","og_type":"article","og_title":"Cahiers de la Documentation 2013\/3 (septembre 2013) - ABD-BVD","og_description":"\u00c9ditorial En cette ann\u00e9e 2013, nous comm\u00e9morons le 100e anniversaire de l\u2019avant-dernier laur\u00e9at belge du Prix Nobel de la Paix. Gageons que son nom n\u2019\u00e9voque pas grand-chose \u00e0 la plupart des Belges d\u2019aujourd\u2019hui sauf\u2026 aux professionnels de l\u2019information et de la documentation. En effet, en 1913, le Comit\u00e9 Nobel norv\u00e9gien choisit de d\u00e9cerner la plus [&hellip;]","og_url":"https:\/\/www.abd-bvd.be\/fr\/cahiers-de-la-documentation\/2013-3\/","og_site_name":"ABD-BVD","article_published_time":"2013-09-01T09:08:30+00:00","article_modified_time":"2018-07-25T10:07:40+00:00","og_image":[{"url":"https:\/\/www.abd-bvd.be\/wp-content\/uploads\/cover2013-3_small.jpg","type":"","width":"","height":""}],"author":"Stephanie Fort","twitter_card":"summary_large_image","twitter_misc":{"\u00c9crit par":"Stephanie Fort","Dur\u00e9e de lecture estim\u00e9e":"7 minutes"},"schema":{"@context":"https:\/\/schema.org","@graph":[{"@type":"Article","@id":"https:\/\/www.abd-bvd.be\/fr\/cahiers-de-la-documentation\/2013-3\/#article","isPartOf":{"@id":"https:\/\/www.abd-bvd.be\/fr\/cahiers-de-la-documentation\/2013-3\/"},"author":{"name":"Stephanie Fort","@id":"https:\/\/www.abd-bvd.be\/fr\/#\/schema\/person\/7d377e7d9c9ab199688848e258c28e82"},"headline":"Cahiers de la Documentation 2013\/3 (septembre 2013)","datePublished":"2013-09-01T09:08:30+00:00","dateModified":"2018-07-25T10:07:40+00:00","mainEntityOfPage":{"@id":"https:\/\/www.abd-bvd.be\/fr\/cahiers-de-la-documentation\/2013-3\/"},"wordCount":1334,"commentCount":0,"image":{"@id":"https:\/\/www.abd-bvd.be\/fr\/cahiers-de-la-documentation\/2013-3\/#primaryimage"},"thumbnailUrl":"https:\/\/www.abd-bvd.be\/wp-content\/uploads\/cover2013-3_small.jpg","articleSection":["Cahiers de la Documentation"],"inLanguage":"fr-FR","potentialAction":[{"@type":"CommentAction","name":"Comment","target":["https:\/\/www.abd-bvd.be\/fr\/cahiers-de-la-documentation\/2013-3\/#respond"]}]},{"@type":"WebPage","@id":"https:\/\/www.abd-bvd.be\/fr\/cahiers-de-la-documentation\/2013-3\/","url":"https:\/\/www.abd-bvd.be\/fr\/cahiers-de-la-documentation\/2013-3\/","name":"Cahiers de la Documentation 2013\/3 (septembre 2013) - ABD-BVD","isPartOf":{"@id":"https:\/\/www.abd-bvd.be\/fr\/#website"},"primaryImageOfPage":{"@id":"https:\/\/www.abd-bvd.be\/fr\/cahiers-de-la-documentation\/2013-3\/#primaryimage"},"image":{"@id":"https:\/\/www.abd-bvd.be\/fr\/cahiers-de-la-documentation\/2013-3\/#primaryimage"},"thumbnailUrl":"https:\/\/www.abd-bvd.be\/wp-content\/uploads\/cover2013-3_small.jpg","datePublished":"2013-09-01T09:08:30+00:00","dateModified":"2018-07-25T10:07:40+00:00","author":{"@id":"https:\/\/www.abd-bvd.be\/fr\/#\/schema\/person\/7d377e7d9c9ab199688848e258c28e82"},"breadcrumb":{"@id":"https:\/\/www.abd-bvd.be\/fr\/cahiers-de-la-documentation\/2013-3\/#breadcrumb"},"inLanguage":"fr-FR","potentialAction":[{"@type":"ReadAction","target":["https:\/\/www.abd-bvd.be\/fr\/cahiers-de-la-documentation\/2013-3\/"]}]},{"@type":"ImageObject","inLanguage":"fr-FR","@id":"https:\/\/www.abd-bvd.be\/fr\/cahiers-de-la-documentation\/2013-3\/#primaryimage","url":"https:\/\/www.abd-bvd.be\/wp-content\/uploads\/cover2013-3_small.jpg","contentUrl":"https:\/\/www.abd-bvd.be\/wp-content\/uploads\/cover2013-3_small.jpg"},{"@type":"BreadcrumbList","@id":"https:\/\/www.abd-bvd.be\/fr\/cahiers-de-la-documentation\/2013-3\/#breadcrumb","itemListElement":[{"@type":"ListItem","position":1,"name":"Accueil","item":"https:\/\/www.abd-bvd.be\/fr\/"},{"@type":"ListItem","position":2,"name":"Cahiers de la Documentation 2013\/3 (septembre 2013)"}]},{"@type":"WebSite","@id":"https:\/\/www.abd-bvd.be\/fr\/#website","url":"https:\/\/www.abd-bvd.be\/fr\/","name":"ABD-BVD","description":"Association Belge de documentation - Belgische verniging voor documentatie","potentialAction":[{"@type":"SearchAction","target":{"@type":"EntryPoint","urlTemplate":"https:\/\/www.abd-bvd.be\/fr\/?s={search_term_string}"},"query-input":{"@type":"PropertyValueSpecification","valueRequired":true,"valueName":"search_term_string"}}],"inLanguage":"fr-FR"},{"@type":"Person","@id":"https:\/\/www.abd-bvd.be\/fr\/#\/schema\/person\/7d377e7d9c9ab199688848e258c28e82","name":"Stephanie Fort","image":{"@type":"ImageObject","inLanguage":"fr-FR","@id":"https:\/\/secure.gravatar.com\/avatar\/a2ee6ac25ed8c542f6f63ac766c7789daca06a4af3e6b117dd9067582c4ba60a?s=96&d=mm&r=g","url":"https:\/\/secure.gravatar.com\/avatar\/a2ee6ac25ed8c542f6f63ac766c7789daca06a4af3e6b117dd9067582c4ba60a?s=96&d=mm&r=g","contentUrl":"https:\/\/secure.gravatar.com\/avatar\/a2ee6ac25ed8c542f6f63ac766c7789daca06a4af3e6b117dd9067582c4ba60a?s=96&d=mm&r=g","caption":"Stephanie Fort"},"url":"https:\/\/www.abd-bvd.be\/fr\/author\/stephanie-fort\/"}]}},"_links":{"self":[{"href":"https:\/\/www.abd-bvd.be\/fr\/wp-json\/wp\/v2\/posts\/1598","targetHints":{"allow":["GET"]}}],"collection":[{"href":"https:\/\/www.abd-bvd.be\/fr\/wp-json\/wp\/v2\/posts"}],"about":[{"href":"https:\/\/www.abd-bvd.be\/fr\/wp-json\/wp\/v2\/types\/post"}],"author":[{"embeddable":true,"href":"https:\/\/www.abd-bvd.be\/fr\/wp-json\/wp\/v2\/users\/9"}],"replies":[{"embeddable":true,"href":"https:\/\/www.abd-bvd.be\/fr\/wp-json\/wp\/v2\/comments?post=1598"}],"version-history":[{"count":2,"href":"https:\/\/www.abd-bvd.be\/fr\/wp-json\/wp\/v2\/posts\/1598\/revisions"}],"predecessor-version":[{"id":12197,"href":"https:\/\/www.abd-bvd.be\/fr\/wp-json\/wp\/v2\/posts\/1598\/revisions\/12197"}],"wp:attachment":[{"href":"https:\/\/www.abd-bvd.be\/fr\/wp-json\/wp\/v2\/media?parent=1598"}],"wp:term":[{"taxonomy":"category","embeddable":true,"href":"https:\/\/www.abd-bvd.be\/fr\/wp-json\/wp\/v2\/categories?post=1598"},{"taxonomy":"post_tag","embeddable":true,"href":"https:\/\/www.abd-bvd.be\/fr\/wp-json\/wp\/v2\/tags?post=1598"}],"curies":[{"name":"wp","href":"https:\/\/api.w.org\/{rel}","templated":true}]}}