{"id":15718,"date":"2019-08-20T13:57:35","date_gmt":"2019-08-20T11:57:35","guid":{"rendered":"https:\/\/www.abd-bvd.be\/?p=15718"},"modified":"2019-08-20T16:28:41","modified_gmt":"2019-08-20T14:28:41","slug":"docmoment-septembre2019","status":"publish","type":"post","link":"https:\/\/www.abd-bvd.be\/fr\/agenda\/docmoment-septembre2019\/","title":{"rendered":"Doc&rsquo;Moment <br \/>Di\u00e9t\u00e9tique informationnelle"},"content":{"rendered":"<p><strong>Doc\u2019Moment : les rendez-vous de l\u2019ABD-BVD \u2013 Mercredi 18 septembre 2019 (14:30 &#8211; 16:30)<\/strong><\/p>\n<p style=\"text-align: right;\"><span class=\"file-button\"><a href=\"https:\/\/www.eventbrite.co.uk\/e\/dietetique-informationnelle-informatie-overvloed-tickets-69711088743\">S&rsquo;inscrire au Doc&rsquo;Moment<\/a><\/span><\/p>\n<h2 class=\"xxxmsonormal\"><strong>Concevoir un syst\u00e8me de veille dans une perspective de di\u00e9t\u00e9tique informationnelle<\/strong><\/h2>\n<p class=\"xxxmsonormal\">Les m\u00e9tiers de l\u2019information et de la documentation sont particuli\u00e8rement touch\u00e9s aujourd\u2019hui par ce ph\u00e9nom\u00e8ne appel\u00e9 de plus en plus commun\u00e9ment infob\u00e9sit\u00e9. Face \u00e0 la prolif\u00e9ration anarchique de l\u2019information, les outils de veille peuvent \u00eatre adapt\u00e9s \u00e0 des fins de filtrage et d\u2019amaigrissement du flux informationnel. Apr\u00e8s avoir bross\u00e9 rapidement les diff\u00e9rentes \u00e9tapes de la veille et de son contexte historico-g\u00e9ographique, l\u2019oratrice pr\u00e9sentera la recette et les b\u00e9n\u00e9fices d\u2019un syst\u00e8me de veille informationnelle adapt\u00e9 aux besoins. Une recette piment\u00e9e d\u2019astuces pratiques pour laisser aux participants l\u2019occasion d\u2019\u00e9chafauder les principes de leur syst\u00e8me de veille id\u00e9al.<\/p>\n<p><em>Sp\u00e9cialis\u00e9e en veille juridique, <strong>Mich\u00e8le Orban<\/strong> est charg\u00e9e de veille ind\u00e9pendante, consultante et formatrice en veille informationnelle. Secr\u00e9taire g\u00e9n\u00e9rale de l&rsquo;ABD-BVD, elle a \u00e9galement le plaisir d&rsquo;enseigner \u00e0 la Haute \u00c9cole Groupe \u00ab ICHEC \u2013 ISFSC \u00bb ainsi qu\u2019\u00e0 la Haute Ecole Bruxelles Brabant (IESSID).<\/em><\/p>\n<hr>\n<p>La pr\u00e9sentation se d\u00e9roulera en <strong>fran\u00e7ais<\/strong>.<\/p>\n<p><em>Lieu <\/em>: Centre f\u00e9d\u00e9ral d&rsquo;expertise des soins de sant\u00e9 (KCE)<\/p>\n<p><em>Adresse<\/em> : Boulevard du Jardin Botanique, 55 &#8211; 1000 Bruxelles<\/p>\n<p><strong>Plan d&rsquo;acc\u00e8s<\/strong><br \/>\n<span class=\"file-button\"><a href=\"https:\/\/kce.fgov.be\/sites\/default\/files\/atoms\/files\/FR_MAPS.pdf\">Consulter (FR)<\/a><\/span><\/p>\n<p><strong>Gratuit pour les membres <\/strong>(25 \u20ac pour les non-membres)<\/p>\n<p style=\"text-align: right;\"><span class=\"file-button\"><a href=\"https:\/\/www.eventbrite.co.uk\/e\/dietetique-informationnelle-informatie-overvloed-tickets-69711088743\">S&rsquo;inscrire au Doc&rsquo;Moment<\/a><\/span><\/p>\n","protected":false},"excerpt":{"rendered":"<p>Doc\u2019Moment : les rendez-vous de l\u2019ABD-BVD \u2013 Mercredi 18 septembre 2019 (14:30 &#8211; 16:30) S&rsquo;inscrire au Doc&rsquo;Moment Concevoir un syst\u00e8me de veille dans une perspective de di\u00e9t\u00e9tique informationnelle Les m\u00e9tiers de l\u2019information et de la documentation sont particuli\u00e8rement touch\u00e9s aujourd\u2019hui par ce ph\u00e9nom\u00e8ne appel\u00e9 de plus en plus commun\u00e9ment infob\u00e9sit\u00e9. Face \u00e0 la prolif\u00e9ration anarchique [&hellip;]<\/p>\n","protected":false},"author":25,"featured_media":0,"comment_status":"closed","ping_status":"open","sticky":false,"template":"","format":"standard","meta":{"_acf_changed":false,"footnotes":"","_wpscppro_dont_share_socialmedia":false,"_wpscppro_custom_social_share_image":0,"_facebook_share_type":"","_twitter_share_type":"","_linkedin_share_type":"","_pinterest_share_type":"","_linkedin_share_type_page":"","_instagram_share_type":"","_medium_share_type":"","_threads_share_type":"","_google_business_share_type":"","_selected_social_profile":[],"_wpsp_enable_custom_social_template":false,"_wpsp_social_scheduling":{"enabled":false,"datetime":null,"platforms":[],"status":"template_only","dateOption":"today","timeOption":"now","customDays":"","customHours":"","customDate":"","customTime":"","schedulingType":"absolute"},"_wpsp_active_default_template":true},"categories":[67],"tags":[],"class_list":["post-15718","post","type-post","status-publish","format-standard","hentry","category-agenda"],"acf":[],"yoast_head":"<!-- This site is optimized with the Yoast SEO plugin v27.4 - https:\/\/yoast.com\/product\/yoast-seo-wordpress\/ -->\n<title>Doc&#039;Moment Di\u00e9t\u00e9tique informationnelle - ABD-BVD<\/title>\n<meta name=\"robots\" content=\"index, follow, max-snippet:-1, max-image-preview:large, max-video-preview:-1\" \/>\n<link rel=\"canonical\" href=\"https:\/\/www.abd-bvd.be\/fr\/agenda\/docmoment-septembre2019\/\" \/>\n<meta property=\"og:locale\" content=\"fr_FR\" \/>\n<meta property=\"og:type\" content=\"article\" \/>\n<meta property=\"og:title\" content=\"Doc&#039;Moment Di\u00e9t\u00e9tique informationnelle - ABD-BVD\" \/>\n<meta property=\"og:description\" content=\"Doc\u2019Moment : les rendez-vous de l\u2019ABD-BVD \u2013 Mercredi 18 septembre 2019 (14:30 &#8211; 16:30) S&rsquo;inscrire au Doc&rsquo;Moment Concevoir un syst\u00e8me de veille dans une perspective de di\u00e9t\u00e9tique informationnelle Les m\u00e9tiers de l\u2019information et de la documentation sont particuli\u00e8rement touch\u00e9s aujourd\u2019hui par ce ph\u00e9nom\u00e8ne appel\u00e9 de plus en plus commun\u00e9ment infob\u00e9sit\u00e9. Face \u00e0 la prolif\u00e9ration anarchique [&hellip;]\" \/>\n<meta property=\"og:url\" content=\"https:\/\/www.abd-bvd.be\/fr\/agenda\/docmoment-septembre2019\/\" \/>\n<meta property=\"og:site_name\" content=\"ABD-BVD\" \/>\n<meta property=\"article:published_time\" content=\"2019-08-20T11:57:35+00:00\" \/>\n<meta property=\"article:modified_time\" content=\"2019-08-20T14:28:41+00:00\" \/>\n<meta name=\"author\" content=\"Samuel Piret\" \/>\n<meta name=\"twitter:card\" content=\"summary_large_image\" \/>\n<meta name=\"twitter:label1\" content=\"\u00c9crit par\" \/>\n\t<meta name=\"twitter:data1\" content=\"Samuel Piret\" \/>\n\t<meta name=\"twitter:label2\" content=\"Dur\u00e9e de lecture estim\u00e9e\" \/>\n\t<meta name=\"twitter:data2\" content=\"1 minute\" \/>\n<script type=\"application\/ld+json\" class=\"yoast-schema-graph\">{\"@context\":\"https:\\\/\\\/schema.org\",\"@graph\":[{\"@type\":\"Article\",\"@id\":\"https:\\\/\\\/www.abd-bvd.be\\\/fr\\\/agenda\\\/docmoment-septembre2019\\\/#article\",\"isPartOf\":{\"@id\":\"https:\\\/\\\/www.abd-bvd.be\\\/fr\\\/agenda\\\/docmoment-septembre2019\\\/\"},\"author\":{\"name\":\"Samuel Piret\",\"@id\":\"https:\\\/\\\/www.abd-bvd.be\\\/fr\\\/#\\\/schema\\\/person\\\/8c1477a1481ed8775cc8dc40620a7fc4\"},\"headline\":\"Doc&rsquo;Moment Di\u00e9t\u00e9tique informationnelle\",\"datePublished\":\"2019-08-20T11:57:35+00:00\",\"dateModified\":\"2019-08-20T14:28:41+00:00\",\"mainEntityOfPage\":{\"@id\":\"https:\\\/\\\/www.abd-bvd.be\\\/fr\\\/agenda\\\/docmoment-septembre2019\\\/\"},\"wordCount\":253,\"articleSection\":[\"Agenda\"],\"inLanguage\":\"fr-FR\"},{\"@type\":\"WebPage\",\"@id\":\"https:\\\/\\\/www.abd-bvd.be\\\/fr\\\/agenda\\\/docmoment-septembre2019\\\/\",\"url\":\"https:\\\/\\\/www.abd-bvd.be\\\/fr\\\/agenda\\\/docmoment-septembre2019\\\/\",\"name\":\"Doc'Moment Di\u00e9t\u00e9tique informationnelle - ABD-BVD\",\"isPartOf\":{\"@id\":\"https:\\\/\\\/www.abd-bvd.be\\\/fr\\\/#website\"},\"datePublished\":\"2019-08-20T11:57:35+00:00\",\"dateModified\":\"2019-08-20T14:28:41+00:00\",\"author\":{\"@id\":\"https:\\\/\\\/www.abd-bvd.be\\\/fr\\\/#\\\/schema\\\/person\\\/8c1477a1481ed8775cc8dc40620a7fc4\"},\"breadcrumb\":{\"@id\":\"https:\\\/\\\/www.abd-bvd.be\\\/fr\\\/agenda\\\/docmoment-septembre2019\\\/#breadcrumb\"},\"inLanguage\":\"fr-FR\",\"potentialAction\":[{\"@type\":\"ReadAction\",\"target\":[\"https:\\\/\\\/www.abd-bvd.be\\\/fr\\\/agenda\\\/docmoment-septembre2019\\\/\"]}]},{\"@type\":\"BreadcrumbList\",\"@id\":\"https:\\\/\\\/www.abd-bvd.be\\\/fr\\\/agenda\\\/docmoment-septembre2019\\\/#breadcrumb\",\"itemListElement\":[{\"@type\":\"ListItem\",\"position\":1,\"name\":\"Accueil\",\"item\":\"https:\\\/\\\/www.abd-bvd.be\\\/fr\\\/\"},{\"@type\":\"ListItem\",\"position\":2,\"name\":\"Doc&rsquo;Moment Di\u00e9t\u00e9tique informationnelle\"}]},{\"@type\":\"WebSite\",\"@id\":\"https:\\\/\\\/www.abd-bvd.be\\\/fr\\\/#website\",\"url\":\"https:\\\/\\\/www.abd-bvd.be\\\/fr\\\/\",\"name\":\"ABD-BVD\",\"description\":\"Association Belge de documentation - Belgische verniging voor documentatie\",\"potentialAction\":[{\"@type\":\"SearchAction\",\"target\":{\"@type\":\"EntryPoint\",\"urlTemplate\":\"https:\\\/\\\/www.abd-bvd.be\\\/fr\\\/?s={search_term_string}\"},\"query-input\":{\"@type\":\"PropertyValueSpecification\",\"valueRequired\":true,\"valueName\":\"search_term_string\"}}],\"inLanguage\":\"fr-FR\"},{\"@type\":\"Person\",\"@id\":\"https:\\\/\\\/www.abd-bvd.be\\\/fr\\\/#\\\/schema\\\/person\\\/8c1477a1481ed8775cc8dc40620a7fc4\",\"name\":\"Samuel Piret\",\"image\":{\"@type\":\"ImageObject\",\"inLanguage\":\"fr-FR\",\"@id\":\"https:\\\/\\\/secure.gravatar.com\\\/avatar\\\/cee3a2d3b154849fab4023fe8528c315fac5f6770fdae8bb480de9d0e0b272a8?s=96&d=mm&r=g\",\"url\":\"https:\\\/\\\/secure.gravatar.com\\\/avatar\\\/cee3a2d3b154849fab4023fe8528c315fac5f6770fdae8bb480de9d0e0b272a8?s=96&d=mm&r=g\",\"contentUrl\":\"https:\\\/\\\/secure.gravatar.com\\\/avatar\\\/cee3a2d3b154849fab4023fe8528c315fac5f6770fdae8bb480de9d0e0b272a8?s=96&d=mm&r=g\",\"caption\":\"Samuel Piret\"},\"url\":\"https:\\\/\\\/www.abd-bvd.be\\\/fr\\\/author\\\/samuel-piret\\\/\"}]}<\/script>\n<!-- \/ Yoast SEO plugin. -->","yoast_head_json":{"title":"Doc'Moment Di\u00e9t\u00e9tique informationnelle - ABD-BVD","robots":{"index":"index","follow":"follow","max-snippet":"max-snippet:-1","max-image-preview":"max-image-preview:large","max-video-preview":"max-video-preview:-1"},"canonical":"https:\/\/www.abd-bvd.be\/fr\/agenda\/docmoment-septembre2019\/","og_locale":"fr_FR","og_type":"article","og_title":"Doc'Moment Di\u00e9t\u00e9tique informationnelle - ABD-BVD","og_description":"Doc\u2019Moment : les rendez-vous de l\u2019ABD-BVD \u2013 Mercredi 18 septembre 2019 (14:30 &#8211; 16:30) S&rsquo;inscrire au Doc&rsquo;Moment Concevoir un syst\u00e8me de veille dans une perspective de di\u00e9t\u00e9tique informationnelle Les m\u00e9tiers de l\u2019information et de la documentation sont particuli\u00e8rement touch\u00e9s aujourd\u2019hui par ce ph\u00e9nom\u00e8ne appel\u00e9 de plus en plus commun\u00e9ment infob\u00e9sit\u00e9. Face \u00e0 la prolif\u00e9ration anarchique [&hellip;]","og_url":"https:\/\/www.abd-bvd.be\/fr\/agenda\/docmoment-septembre2019\/","og_site_name":"ABD-BVD","article_published_time":"2019-08-20T11:57:35+00:00","article_modified_time":"2019-08-20T14:28:41+00:00","author":"Samuel Piret","twitter_card":"summary_large_image","twitter_misc":{"\u00c9crit par":"Samuel Piret","Dur\u00e9e de lecture estim\u00e9e":"1 minute"},"schema":{"@context":"https:\/\/schema.org","@graph":[{"@type":"Article","@id":"https:\/\/www.abd-bvd.be\/fr\/agenda\/docmoment-septembre2019\/#article","isPartOf":{"@id":"https:\/\/www.abd-bvd.be\/fr\/agenda\/docmoment-septembre2019\/"},"author":{"name":"Samuel Piret","@id":"https:\/\/www.abd-bvd.be\/fr\/#\/schema\/person\/8c1477a1481ed8775cc8dc40620a7fc4"},"headline":"Doc&rsquo;Moment Di\u00e9t\u00e9tique informationnelle","datePublished":"2019-08-20T11:57:35+00:00","dateModified":"2019-08-20T14:28:41+00:00","mainEntityOfPage":{"@id":"https:\/\/www.abd-bvd.be\/fr\/agenda\/docmoment-septembre2019\/"},"wordCount":253,"articleSection":["Agenda"],"inLanguage":"fr-FR"},{"@type":"WebPage","@id":"https:\/\/www.abd-bvd.be\/fr\/agenda\/docmoment-septembre2019\/","url":"https:\/\/www.abd-bvd.be\/fr\/agenda\/docmoment-septembre2019\/","name":"Doc'Moment Di\u00e9t\u00e9tique informationnelle - ABD-BVD","isPartOf":{"@id":"https:\/\/www.abd-bvd.be\/fr\/#website"},"datePublished":"2019-08-20T11:57:35+00:00","dateModified":"2019-08-20T14:28:41+00:00","author":{"@id":"https:\/\/www.abd-bvd.be\/fr\/#\/schema\/person\/8c1477a1481ed8775cc8dc40620a7fc4"},"breadcrumb":{"@id":"https:\/\/www.abd-bvd.be\/fr\/agenda\/docmoment-septembre2019\/#breadcrumb"},"inLanguage":"fr-FR","potentialAction":[{"@type":"ReadAction","target":["https:\/\/www.abd-bvd.be\/fr\/agenda\/docmoment-septembre2019\/"]}]},{"@type":"BreadcrumbList","@id":"https:\/\/www.abd-bvd.be\/fr\/agenda\/docmoment-septembre2019\/#breadcrumb","itemListElement":[{"@type":"ListItem","position":1,"name":"Accueil","item":"https:\/\/www.abd-bvd.be\/fr\/"},{"@type":"ListItem","position":2,"name":"Doc&rsquo;Moment Di\u00e9t\u00e9tique informationnelle"}]},{"@type":"WebSite","@id":"https:\/\/www.abd-bvd.be\/fr\/#website","url":"https:\/\/www.abd-bvd.be\/fr\/","name":"ABD-BVD","description":"Association Belge de documentation - Belgische verniging voor documentatie","potentialAction":[{"@type":"SearchAction","target":{"@type":"EntryPoint","urlTemplate":"https:\/\/www.abd-bvd.be\/fr\/?s={search_term_string}"},"query-input":{"@type":"PropertyValueSpecification","valueRequired":true,"valueName":"search_term_string"}}],"inLanguage":"fr-FR"},{"@type":"Person","@id":"https:\/\/www.abd-bvd.be\/fr\/#\/schema\/person\/8c1477a1481ed8775cc8dc40620a7fc4","name":"Samuel Piret","image":{"@type":"ImageObject","inLanguage":"fr-FR","@id":"https:\/\/secure.gravatar.com\/avatar\/cee3a2d3b154849fab4023fe8528c315fac5f6770fdae8bb480de9d0e0b272a8?s=96&d=mm&r=g","url":"https:\/\/secure.gravatar.com\/avatar\/cee3a2d3b154849fab4023fe8528c315fac5f6770fdae8bb480de9d0e0b272a8?s=96&d=mm&r=g","contentUrl":"https:\/\/secure.gravatar.com\/avatar\/cee3a2d3b154849fab4023fe8528c315fac5f6770fdae8bb480de9d0e0b272a8?s=96&d=mm&r=g","caption":"Samuel Piret"},"url":"https:\/\/www.abd-bvd.be\/fr\/author\/samuel-piret\/"}]}},"_links":{"self":[{"href":"https:\/\/www.abd-bvd.be\/fr\/wp-json\/wp\/v2\/posts\/15718","targetHints":{"allow":["GET"]}}],"collection":[{"href":"https:\/\/www.abd-bvd.be\/fr\/wp-json\/wp\/v2\/posts"}],"about":[{"href":"https:\/\/www.abd-bvd.be\/fr\/wp-json\/wp\/v2\/types\/post"}],"author":[{"embeddable":true,"href":"https:\/\/www.abd-bvd.be\/fr\/wp-json\/wp\/v2\/users\/25"}],"replies":[{"embeddable":true,"href":"https:\/\/www.abd-bvd.be\/fr\/wp-json\/wp\/v2\/comments?post=15718"}],"version-history":[{"count":9,"href":"https:\/\/www.abd-bvd.be\/fr\/wp-json\/wp\/v2\/posts\/15718\/revisions"}],"predecessor-version":[{"id":15732,"href":"https:\/\/www.abd-bvd.be\/fr\/wp-json\/wp\/v2\/posts\/15718\/revisions\/15732"}],"wp:attachment":[{"href":"https:\/\/www.abd-bvd.be\/fr\/wp-json\/wp\/v2\/media?parent=15718"}],"wp:term":[{"taxonomy":"category","embeddable":true,"href":"https:\/\/www.abd-bvd.be\/fr\/wp-json\/wp\/v2\/categories?post=15718"},{"taxonomy":"post_tag","embeddable":true,"href":"https:\/\/www.abd-bvd.be\/fr\/wp-json\/wp\/v2\/tags?post=15718"}],"curies":[{"name":"wp","href":"https:\/\/api.w.org\/{rel}","templated":true}]}}