{"id":1452,"date":"2013-12-01T09:05:35","date_gmt":"2013-12-01T09:05:35","guid":{"rendered":"http:\/\/www.abd-bvd.be\/?p=1452"},"modified":"2018-07-25T11:23:49","modified_gmt":"2018-07-25T09:23:49","slug":"2013-4","status":"publish","type":"post","link":"https:\/\/www.abd-bvd.be\/fr\/cahiers-de-la-documentation\/2013-4\/","title":{"rendered":"Cahiers de la Documentation 2013\/4 (d\u00e9cembre 2013)"},"content":{"rendered":"<h2><a href=\"https:\/\/www.abd-bvd.be\/wp-content\/uploads\/cover2013-4_small1.jpg\"><img loading=\"lazy\" decoding=\"async\" class=\" size-full wp-image-1505 alignleft\" src=\"https:\/\/www.abd-bvd.be\/wp-content\/uploads\/cover2013-4_small1.jpg\" alt=\"cover2013-4_small\" width=\"135\" height=\"190\"><\/a>\u00c9ditorial<\/h2>\n<p style=\"text-align: justify;\">Ce dernier num\u00e9ro de l\u2019ann\u00e9e s\u2019ouvre sur un article issu du travail de fin d\u2019\u00e9tudes de Mich\u00e8le Orban, laur\u00e9ate 2013 du Prix ABD-BVD. L\u2019occasion de rappeler l\u2019importance de ce prix.<\/p>\n<p style=\"text-align: justify;\">Comme beaucoup d\u2019entre vous le savent sans doute, il r\u00e9compense, chaque ann\u00e9e, un travail de fin d\u2019\u00e9tudes consacr\u00e9 aux sciences de l\u2019information et de la documentation. Ce prix n\u2019est pas seulement synonyme d\u2019une somme d\u2019argent, c\u2019est avant tout une reconnaissance des professionnels pour le premier grand projet professionnel d\u2019un jeune confr\u00e8re ou d\u2019une jeune consoeur.<\/p>\n<p style=\"text-align: justify;\">Quand un jeune professionnel commence sa carri\u00e8re \u2013 et nous sommes tous pass\u00e9s par l\u00e0 \u2013 il n\u2019y a, hormis quelques stages et les \u00e9tudes en elles-m\u00eames, que peu de mati\u00e8re \u00e0 indiquer sur un curriculum vitae. Le Prix ABD-BVD est donc un atout qui peut \u00eatre valoris\u00e9 en d\u00e9but de vie professionnelle.<\/p>\n<p style=\"text-align: justify;\">Au-del\u00e0 du prix, le travail de fin d\u2019\u00e9tudes repr\u00e9sente certainement un des \u00e9l\u00e9ments les plus importants en d\u00e9but de carri\u00e8re. Choisi par l\u2019\u00e9tudiant, il montre ses centres d\u2019int\u00e9r\u00eat, son ambition et sa capacit\u00e9 \u00e0 aller jusqu\u2019au bout dans la r\u00e9solution d\u2019un probl\u00e8me ou l\u2019\u00e9tude d&rsquo;un ph\u00e9nom\u00e8ne. Je ne peux donc qu\u2019encourager tous les \u00e9tudiants qui liront ces lignes \u00e0 se montrer ambitieux dans le choix du travail de fin d\u2019\u00e9tudes. Ne vous laissez pas tenter par la facilit\u00e9 d\u2019un travail trop similaire \u00e0 celui d\u2019autres \u00e9tudiants qui vous ont pr\u00e9c\u00e9d\u00e9(e). Choisir un sujet plus original, plus in\u00e9dit comportera peut-\u00eatre une prise de risques accrue et ne vous permettra pas de suivre des chemins bien balis\u00e9s mais il montrera que vous \u00eates pr\u00eat(e) \u00e0 relever des d\u00e9fis, il vous permettra de vous d\u00e9marquer des autres et, bien s\u00fbr, il vous enrichira professionnellement avant de faire face \u00e0 votre future carri\u00e8re.<\/p>\n<p style=\"text-align: justify;\">Et vous, professionnels en place, je vous invite \u00e9galement \u00e0 inciter les stagiaires et les \u00e9tudiants que vous rencontrez \u00e0 se montrer ambitieux. Ils sont les professionnels de demain. Ils doivent pouvoir faire \u00e9voluer notre m\u00e9tier et cela commence par l\u00e0\u2026&nbsp; Pour conclure, rappelons que le Prix ABD-BVD est d\u00e9cern\u00e9 lors de l\u2019Inforum. Vous pourrez donc rencontrer le laur\u00e9at ou la laur\u00e9ate 2014, le 5 juin prochain \u00e0 la Biblioth\u00e8que Royale.&nbsp; Au nom du Comit\u00e9 de publication et du Conseil d\u2019administration, je vous souhaite d\u2019excellentes f\u00eates de fin d\u2019ann\u00e9e et une ann\u00e9e 2014 riche en succ\u00e8s.<\/p>\n<p style=\"text-align: right;\"><strong>Guy Delsaut<\/strong><\/p>\n<h2>Un outil cartographique au service de la gestion des connaissances<\/h2>\n<p style=\"text-align: justify;\"><strong>Mich\u00e8le ORBAN<\/strong>, Information Manager, Association des Villes et des Communes de Bruxelles ; Master en Sciences et Technologies de l&rsquo;Information et de la Communication, Universit\u00e9 catholique de Louvain (UCL) ; Laur\u00e9ate du Prix ABD-BVD 2013<\/p>\n<p style=\"text-align: justify;\">Une cartographie, c&rsquo;est la possibilit\u00e9 de repr\u00e9senter en une seule fois un ensemble structur\u00e9 d&rsquo;informations complexes. \u00c0 l&rsquo;heure o\u00f9 le d\u00e9luge des flux informationnels menace les professionnels de la noyade, nous imaginons sans peine l&rsquo;int\u00e9r\u00eat qu&rsquo;\u00e9veille un tel outil. La connaissance, c&rsquo;est le moteur de l&rsquo;innovation, le c\u0153ur de notre \u00e9conomie. Elle est au centre de l&rsquo;intelligence \u00e9conomique et motive donc directement les professionnels de l&rsquo;information \u00e0 s&rsquo;impliquer dans la gestion des connaissances. Nourri par ces deux concepts, cet article explore les nombreux avantages qu&rsquo;offre la cartographie des domaines de connaissance dans diff\u00e9rentes disciplines : le classement documentaire, la visualisation des domaines de connaissance, l&rsquo;identification des connaissances critiques pour le transfert des connaissances, et la veille strat\u00e9gique.<\/p>\n<p><span class=\"file-button\"><a href=\"https:\/\/www.abd-bvd.be\/wp-content\/uploads\/2013-4_Orban.pdf\">T\u00e9l\u00e9charger (FR)<\/a><\/span><\/p>\n<h2><span lang=\"en-uk\">Access v Contract: Competing freedoms in the context of copyright limitations and exceptions for libraries<\/span><\/h2>\n<p style=\"text-align: justify;\"><strong>Philippa DAVIES<\/strong>, Bachelor of Laws, University of the West Indies; Masters of Laws, Queen Mary, University of London; Attorney-at-Law, University of London<\/p>\n<p style=\"text-align: justify;\">L&rsquo;article explore le d\u00e9bat en cours \u00e0 l&rsquo;Organisation mondiale de la Propri\u00e9t\u00e9 intellectuelle (OMPI) relatif au conflit entre les contrats restrictifs r\u00e9dig\u00e9s par les \u00e9diteurs des ouvrages num\u00e9riques, et les exceptions actuelles accord\u00e9es aux biblioth\u00e8ques. Le point est plus pr\u00e9cis\u00e9ment de voir si le principe de la \u00ab\u00a0libert\u00e9 de contrat\u00a0\u00bb surpasse certaines \u00ab\u00a0libert\u00e9s\u00a0\u00bb d&rsquo;acc\u00e8s et d&rsquo;utilisation des informations disponibles pour le public et pour les biblioth\u00e8ques. L&rsquo;auteur argumente qu&rsquo;une \u00e9ventuelle solution est possible si le maintien de l&rsquo;\u00e9quilibre inn\u00e9 entre l&rsquo;int\u00e9r\u00eat priv\u00e9 et public est conserv\u00e9. Les \u00e9tapes propos\u00e9es red\u00e9couvrent le raisonnement historique derri\u00e8re les syst\u00e8mes de droits d&rsquo;auteur et de copyright afin de fa\u00e7onner des r\u00e8gles modernes appropri\u00e9es, tout en utilisant l&rsquo;approche des droits de l&rsquo;homme pour \u00e9quilibrer les droits en concurrence et en \u00e9largissant la port\u00e9e des r\u00e9glementations d&rsquo;ordre public sur certaines lois contractuelles des \u00c9tats-Unis et de l&rsquo;Union europ\u00e9enne pour couvrir les activit\u00e9s des biblioth\u00e8ques.<\/p>\n<p><span class=\"file-button\"><a href=\"https:\/\/www.abd-bvd.be\/wp-content\/uploads\/2013-4_Davies.pdf\">T\u00e9l\u00e9charger (EN)<\/a><\/span><\/p>\n<h2>De nieuwe media-ecologie: Huidige evoluties in informatie- en communicatiemedia<\/h2>\n<p style=\"text-align: justify;\"><strong>Ike PICONE<\/strong>, Research Professor, Vrije Universiteit Brussel; Joint Research Coordinator, Brussels Platform for Journalism; Senior Researcher, iMinds &#8211; Digital Society \/ SMIT, Studies on Media, Information and Telecommunication<\/p>\n<p style=\"text-align: justify;\">Les m\u00e9dias d&rsquo;information et de communication sont \u00e0 l&rsquo;heure actuelle omnipr\u00e9sents. Smartphones et tablettes ne sont que quelques exemples des nouveaux m\u00e9dias qui ont \u00e9t\u00e9 adopt\u00e9s par les utilisateurs \u00e0 travers le monde. Ces nouveaux m\u00e9dias sont \u00e0 l&rsquo;origine de changements dans la mani\u00e8re dont nous appr\u00e9hendons l&rsquo;information et dont nous communiquons entre nous. Souvent, ces changements sont soit accueillis avec une grande foi dans la force de d\u00e9mocratisation et d&rsquo;\u00e9mancipation des nouveaux m\u00e9dias, soit refus\u00e9s par crainte qu&rsquo;ils ne nous imposent des limites ou nous rendent esclaves. Dans cet article, un regard d\u00e9passant les visions normatives sera pos\u00e9 sur les nouveaux m\u00e9dias en dressant un portrait des processus sous-jacents que subissent information et communication. L&rsquo;auteur abordera plus en d\u00e9tail la d\u00e9mat\u00e9rialisation et la d\u00e9contextualisation de l&rsquo;information, l&rsquo;av\u00e8nement de l&rsquo;auto-communication de masse, la personnalisation du r\u00e9pertoire m\u00e9diatique, l&rsquo;interactivit\u00e9 toujours plus pouss\u00e9e dans l&rsquo;utilisation des m\u00e9dias et la d\u00e9valuation de leur contenu.<\/p>\n<p><span class=\"file-button\"><a href=\"https:\/\/www.abd-bvd.be\/wp-content\/uploads\/2013-4_Picone.pdf\">T\u00e9l\u00e9charger (NL)<\/a><\/span><\/p>\n<h2>D\u00e9ploiement de la solution discovery Primo \u00e0 l&rsquo;Universit\u00e9 de Li\u00e8ge<\/h2>\n<p style=\"text-align: justify;\"><strong>Fran\u00e7ois RENAVILLE<\/strong>, Responsable des syst\u00e8mes documentaires informatis\u00e9s<br \/>\n<strong>Laurence RICHELLE<\/strong>, Gestionnaire des syst\u00e8mes documentaires informatis\u00e9s<\/p>\n<p style=\"text-align: justify;\">En quelques ann\u00e9es, les Biblioth\u00e8ques de l&rsquo;Universit\u00e9 de Li\u00e8ge ont proc\u00e9d\u00e9 \u00e0 d&rsquo;importants changements dans les syst\u00e8mes documentaires informatis\u00e9s qu&rsquo;elles exploitent (SIGB, OPAC, r\u00e9solveur de liens, plate-forme PIB\u2026). Cet article retrace le passage, en 2013, d&rsquo;un OPAC traditionnel \u00e0 une \u00ab solution discovery \u00bb. L&rsquo;\u00e9quipe de projet propose une analyse des \u00e9tapes qui ont pr\u00e9c\u00e9d\u00e9 la mise en \u0153uvre de la solution Primo, dans ses diff\u00e9rents aspects historique, technique et humain. La campagne de communication en interne, au moyen principalement de s\u00e9ances de formation, est \u00e9galement abord\u00e9e.<\/p>\n<p><span class=\"file-button\"><a href=\"https:\/\/www.abd-bvd.be\/wp-content\/uploads\/2013-4_Renaville-Richelle.pdf\">T\u00e9l\u00e9charger (FR)<\/a><\/span><\/p>\n<h2>Momenten uit de voorgeschiedenis van de bibliotheek- en documentatiebeweging (deel 1)<\/h2>\n<p style=\"text-align: justify;\"><strong>Paul SCHNEIDERS<\/strong>, Documentatiehistoricus op rust<\/p>\n<p style=\"text-align: justify;\">Les ant\u00e9c\u00e9dents du mouvement des biblioth\u00e8ques et de la documentation remontent \u00e0 l&rsquo;invention de la typographie et de l&rsquo;imprimerie. L&rsquo;organisation de l&rsquo;activit\u00e9 et de la communication scientifiques se modifie : les cercles scientifiques, les biblioth\u00e8ques qui servent de \u00ab laboratoire \u00bb, la bibliographie \u2013 de liste de livres \u00e0 r\u00e9pertoire \u2013 l&rsquo;Encyclop\u00e9die, le livre scientifique en mutation, l&rsquo;accumulation de r\u00e9f\u00e9rences, la classification\u2026 Tous ces \u00e9l\u00e9ments culminent en une R\u00e9volution fran\u00e7aise qui est en m\u00eame temps une r\u00e9volution bibliographique. D\u00e8s le 18e si\u00e8cle, cette \u00e9volution se conjugue \u00e0 une exigence accrue d&rsquo;applications pratiques ainsi qu&rsquo; \u00e0 une demande d&rsquo;utilit\u00e9 de la science et de la connaissance, ce qui m\u00e8nera \u00e0 la naissance d&rsquo;un circuit \u00ab\u00a0b\u00eata\u00a0\u00bb.<\/p>\n<p><span class=\"file-button\"><a href=\"https:\/\/www.abd-bvd.be\/wp-content\/uploads\/2013-4_Schneiders_deel1.pdf\">T\u00e9l\u00e9charger (NL)<\/a><\/span><\/p>\n<h2>Compte rendu<br \/>\nDe la documentation au transm\u00e9dia<\/h2>\n<p style=\"text-align: justify;\"><strong>Christopher BOON<\/strong>, Documentaliste juridique, Liedekerke Wolters Waelbroeck Kirkpatrick; Administrateur, Association Belge de Documentation (ABD-BVD)<\/p>\n<p><span class=\"file-button\"><a href=\"https:\/\/www.abd-bvd.be\/wp-content\/uploads\/2013-4_Boon.pdf\">T\u00e9l\u00e9charger (FR)<\/a><\/span><\/p>\n<p style=\"text-align: right;\"><span class=\"file-button\"><a href=\"https:\/\/www.abd-bvd.be\/wp-content\/uploads\/2013-4-full.pdf\">T\u00e9l\u00e9charger le num\u00e9ro complet<\/a><\/span><\/p>\n","protected":false},"excerpt":{"rendered":"<p>\u00c9ditorial Ce dernier num\u00e9ro de l\u2019ann\u00e9e s\u2019ouvre sur un article issu du travail de fin d\u2019\u00e9tudes de Mich\u00e8le Orban, laur\u00e9ate 2013 du Prix ABD-BVD. L\u2019occasion de rappeler l\u2019importance de ce prix. Comme beaucoup d\u2019entre vous le savent sans doute, il r\u00e9compense, chaque ann\u00e9e, un travail de fin d\u2019\u00e9tudes consacr\u00e9 aux sciences de l\u2019information et de [&hellip;]<\/p>\n","protected":false},"author":8,"featured_media":0,"comment_status":"open","ping_status":"open","sticky":false,"template":"","format":"standard","meta":{"_acf_changed":false,"footnotes":"","_wpscppro_dont_share_socialmedia":false,"_wpscppro_custom_social_share_image":0,"_facebook_share_type":"","_twitter_share_type":"","_linkedin_share_type":"","_pinterest_share_type":"","_linkedin_share_type_page":"","_instagram_share_type":"","_medium_share_type":"","_threads_share_type":"","_google_business_share_type":"","_selected_social_profile":[],"_wpsp_enable_custom_social_template":false,"_wpsp_social_scheduling":{"enabled":false,"datetime":null,"platforms":[],"status":"template_only","dateOption":"today","timeOption":"now","customDays":"","customHours":"","customDate":"","customTime":"","schedulingType":"absolute"},"_wpsp_active_default_template":true},"categories":[69],"tags":[],"class_list":["post-1452","post","type-post","status-publish","format-standard","hentry","category-cahiers-de-la-documentation"],"acf":[],"yoast_head":"<!-- This site is optimized with the Yoast SEO plugin v27.5 - https:\/\/yoast.com\/product\/yoast-seo-wordpress\/ -->\n<title>Cahiers de la Documentation 2013\/4 (d\u00e9cembre 2013) - ABD-BVD<\/title>\n<meta name=\"robots\" content=\"index, follow, max-snippet:-1, max-image-preview:large, max-video-preview:-1\" \/>\n<link rel=\"canonical\" href=\"https:\/\/www.abd-bvd.be\/fr\/cahiers-de-la-documentation\/2013-4\/\" \/>\n<meta property=\"og:locale\" content=\"fr_FR\" \/>\n<meta property=\"og:type\" content=\"article\" \/>\n<meta property=\"og:title\" content=\"Cahiers de la Documentation 2013\/4 (d\u00e9cembre 2013) - ABD-BVD\" \/>\n<meta property=\"og:description\" content=\"\u00c9ditorial Ce dernier num\u00e9ro de l\u2019ann\u00e9e s\u2019ouvre sur un article issu du travail de fin d\u2019\u00e9tudes de Mich\u00e8le Orban, laur\u00e9ate 2013 du Prix ABD-BVD. L\u2019occasion de rappeler l\u2019importance de ce prix. Comme beaucoup d\u2019entre vous le savent sans doute, il r\u00e9compense, chaque ann\u00e9e, un travail de fin d\u2019\u00e9tudes consacr\u00e9 aux sciences de l\u2019information et de [&hellip;]\" \/>\n<meta property=\"og:url\" content=\"https:\/\/www.abd-bvd.be\/fr\/cahiers-de-la-documentation\/2013-4\/\" \/>\n<meta property=\"og:site_name\" content=\"ABD-BVD\" \/>\n<meta property=\"article:published_time\" content=\"2013-12-01T09:05:35+00:00\" \/>\n<meta property=\"article:modified_time\" content=\"2018-07-25T09:23:49+00:00\" \/>\n<meta property=\"og:image\" content=\"https:\/\/www.abd-bvd.be\/wp-content\/uploads\/cover2013-4_small1.jpg\" \/>\n<meta name=\"author\" content=\"Stephanie Wolbeek\" \/>\n<meta name=\"twitter:card\" content=\"summary_large_image\" \/>\n<meta name=\"twitter:label1\" content=\"\u00c9crit par\" \/>\n\t<meta name=\"twitter:data1\" content=\"Stephanie Wolbeek\" \/>\n\t<meta name=\"twitter:label2\" content=\"Dur\u00e9e de lecture estim\u00e9e\" \/>\n\t<meta name=\"twitter:data2\" content=\"7 minutes\" \/>\n<script type=\"application\/ld+json\" class=\"yoast-schema-graph\">{\"@context\":\"https:\\\/\\\/schema.org\",\"@graph\":[{\"@type\":\"Article\",\"@id\":\"https:\\\/\\\/www.abd-bvd.be\\\/fr\\\/cahiers-de-la-documentation\\\/2013-4\\\/#article\",\"isPartOf\":{\"@id\":\"https:\\\/\\\/www.abd-bvd.be\\\/fr\\\/cahiers-de-la-documentation\\\/2013-4\\\/\"},\"author\":{\"name\":\"Stephanie Wolbeek\",\"@id\":\"https:\\\/\\\/www.abd-bvd.be\\\/fr\\\/#\\\/schema\\\/person\\\/da88608d75e0d01c1744b26c76209006\"},\"headline\":\"Cahiers de la Documentation 2013\\\/4 (d\u00e9cembre 2013)\",\"datePublished\":\"2013-12-01T09:05:35+00:00\",\"dateModified\":\"2018-07-25T09:23:49+00:00\",\"mainEntityOfPage\":{\"@id\":\"https:\\\/\\\/www.abd-bvd.be\\\/fr\\\/cahiers-de-la-documentation\\\/2013-4\\\/\"},\"wordCount\":1399,\"commentCount\":0,\"image\":{\"@id\":\"https:\\\/\\\/www.abd-bvd.be\\\/fr\\\/cahiers-de-la-documentation\\\/2013-4\\\/#primaryimage\"},\"thumbnailUrl\":\"https:\\\/\\\/www.abd-bvd.be\\\/wp-content\\\/uploads\\\/cover2013-4_small1.jpg\",\"articleSection\":[\"Cahiers de la Documentation\"],\"inLanguage\":\"fr-FR\",\"potentialAction\":[{\"@type\":\"CommentAction\",\"name\":\"Comment\",\"target\":[\"https:\\\/\\\/www.abd-bvd.be\\\/fr\\\/cahiers-de-la-documentation\\\/2013-4\\\/#respond\"]}]},{\"@type\":\"WebPage\",\"@id\":\"https:\\\/\\\/www.abd-bvd.be\\\/fr\\\/cahiers-de-la-documentation\\\/2013-4\\\/\",\"url\":\"https:\\\/\\\/www.abd-bvd.be\\\/fr\\\/cahiers-de-la-documentation\\\/2013-4\\\/\",\"name\":\"Cahiers de la Documentation 2013\\\/4 (d\u00e9cembre 2013) - ABD-BVD\",\"isPartOf\":{\"@id\":\"https:\\\/\\\/www.abd-bvd.be\\\/fr\\\/#website\"},\"primaryImageOfPage\":{\"@id\":\"https:\\\/\\\/www.abd-bvd.be\\\/fr\\\/cahiers-de-la-documentation\\\/2013-4\\\/#primaryimage\"},\"image\":{\"@id\":\"https:\\\/\\\/www.abd-bvd.be\\\/fr\\\/cahiers-de-la-documentation\\\/2013-4\\\/#primaryimage\"},\"thumbnailUrl\":\"https:\\\/\\\/www.abd-bvd.be\\\/wp-content\\\/uploads\\\/cover2013-4_small1.jpg\",\"datePublished\":\"2013-12-01T09:05:35+00:00\",\"dateModified\":\"2018-07-25T09:23:49+00:00\",\"author\":{\"@id\":\"https:\\\/\\\/www.abd-bvd.be\\\/fr\\\/#\\\/schema\\\/person\\\/da88608d75e0d01c1744b26c76209006\"},\"breadcrumb\":{\"@id\":\"https:\\\/\\\/www.abd-bvd.be\\\/fr\\\/cahiers-de-la-documentation\\\/2013-4\\\/#breadcrumb\"},\"inLanguage\":\"fr-FR\",\"potentialAction\":[{\"@type\":\"ReadAction\",\"target\":[\"https:\\\/\\\/www.abd-bvd.be\\\/fr\\\/cahiers-de-la-documentation\\\/2013-4\\\/\"]}]},{\"@type\":\"ImageObject\",\"inLanguage\":\"fr-FR\",\"@id\":\"https:\\\/\\\/www.abd-bvd.be\\\/fr\\\/cahiers-de-la-documentation\\\/2013-4\\\/#primaryimage\",\"url\":\"https:\\\/\\\/www.abd-bvd.be\\\/wp-content\\\/uploads\\\/cover2013-4_small1.jpg\",\"contentUrl\":\"https:\\\/\\\/www.abd-bvd.be\\\/wp-content\\\/uploads\\\/cover2013-4_small1.jpg\"},{\"@type\":\"BreadcrumbList\",\"@id\":\"https:\\\/\\\/www.abd-bvd.be\\\/fr\\\/cahiers-de-la-documentation\\\/2013-4\\\/#breadcrumb\",\"itemListElement\":[{\"@type\":\"ListItem\",\"position\":1,\"name\":\"Accueil\",\"item\":\"https:\\\/\\\/www.abd-bvd.be\\\/fr\\\/\"},{\"@type\":\"ListItem\",\"position\":2,\"name\":\"Cahiers de la Documentation 2013\\\/4 (d\u00e9cembre 2013)\"}]},{\"@type\":\"WebSite\",\"@id\":\"https:\\\/\\\/www.abd-bvd.be\\\/fr\\\/#website\",\"url\":\"https:\\\/\\\/www.abd-bvd.be\\\/fr\\\/\",\"name\":\"ABD-BVD\",\"description\":\"Association Belge de documentation - Belgische verniging voor documentatie\",\"potentialAction\":[{\"@type\":\"SearchAction\",\"target\":{\"@type\":\"EntryPoint\",\"urlTemplate\":\"https:\\\/\\\/www.abd-bvd.be\\\/fr\\\/?s={search_term_string}\"},\"query-input\":{\"@type\":\"PropertyValueSpecification\",\"valueRequired\":true,\"valueName\":\"search_term_string\"}}],\"inLanguage\":\"fr-FR\"},{\"@type\":\"Person\",\"@id\":\"https:\\\/\\\/www.abd-bvd.be\\\/fr\\\/#\\\/schema\\\/person\\\/da88608d75e0d01c1744b26c76209006\",\"name\":\"Stephanie Wolbeek\",\"image\":{\"@type\":\"ImageObject\",\"inLanguage\":\"fr-FR\",\"@id\":\"https:\\\/\\\/secure.gravatar.com\\\/avatar\\\/6932f47cac9fa3a3d37aa97d942a3ba3d3a6ec2a59f9030fb03b8085b0a1f9db?s=96&d=mm&r=g\",\"url\":\"https:\\\/\\\/secure.gravatar.com\\\/avatar\\\/6932f47cac9fa3a3d37aa97d942a3ba3d3a6ec2a59f9030fb03b8085b0a1f9db?s=96&d=mm&r=g\",\"contentUrl\":\"https:\\\/\\\/secure.gravatar.com\\\/avatar\\\/6932f47cac9fa3a3d37aa97d942a3ba3d3a6ec2a59f9030fb03b8085b0a1f9db?s=96&d=mm&r=g\",\"caption\":\"Stephanie Wolbeek\"},\"url\":\"https:\\\/\\\/www.abd-bvd.be\\\/fr\\\/author\\\/stephanie-wolbeek\\\/\"}]}<\/script>\n<!-- \/ Yoast SEO plugin. -->","yoast_head_json":{"title":"Cahiers de la Documentation 2013\/4 (d\u00e9cembre 2013) - ABD-BVD","robots":{"index":"index","follow":"follow","max-snippet":"max-snippet:-1","max-image-preview":"max-image-preview:large","max-video-preview":"max-video-preview:-1"},"canonical":"https:\/\/www.abd-bvd.be\/fr\/cahiers-de-la-documentation\/2013-4\/","og_locale":"fr_FR","og_type":"article","og_title":"Cahiers de la Documentation 2013\/4 (d\u00e9cembre 2013) - ABD-BVD","og_description":"\u00c9ditorial Ce dernier num\u00e9ro de l\u2019ann\u00e9e s\u2019ouvre sur un article issu du travail de fin d\u2019\u00e9tudes de Mich\u00e8le Orban, laur\u00e9ate 2013 du Prix ABD-BVD. L\u2019occasion de rappeler l\u2019importance de ce prix. Comme beaucoup d\u2019entre vous le savent sans doute, il r\u00e9compense, chaque ann\u00e9e, un travail de fin d\u2019\u00e9tudes consacr\u00e9 aux sciences de l\u2019information et de [&hellip;]","og_url":"https:\/\/www.abd-bvd.be\/fr\/cahiers-de-la-documentation\/2013-4\/","og_site_name":"ABD-BVD","article_published_time":"2013-12-01T09:05:35+00:00","article_modified_time":"2018-07-25T09:23:49+00:00","og_image":[{"url":"https:\/\/www.abd-bvd.be\/wp-content\/uploads\/cover2013-4_small1.jpg","type":"","width":"","height":""}],"author":"Stephanie Wolbeek","twitter_card":"summary_large_image","twitter_misc":{"\u00c9crit par":"Stephanie Wolbeek","Dur\u00e9e de lecture estim\u00e9e":"7 minutes"},"schema":{"@context":"https:\/\/schema.org","@graph":[{"@type":"Article","@id":"https:\/\/www.abd-bvd.be\/fr\/cahiers-de-la-documentation\/2013-4\/#article","isPartOf":{"@id":"https:\/\/www.abd-bvd.be\/fr\/cahiers-de-la-documentation\/2013-4\/"},"author":{"name":"Stephanie Wolbeek","@id":"https:\/\/www.abd-bvd.be\/fr\/#\/schema\/person\/da88608d75e0d01c1744b26c76209006"},"headline":"Cahiers de la Documentation 2013\/4 (d\u00e9cembre 2013)","datePublished":"2013-12-01T09:05:35+00:00","dateModified":"2018-07-25T09:23:49+00:00","mainEntityOfPage":{"@id":"https:\/\/www.abd-bvd.be\/fr\/cahiers-de-la-documentation\/2013-4\/"},"wordCount":1399,"commentCount":0,"image":{"@id":"https:\/\/www.abd-bvd.be\/fr\/cahiers-de-la-documentation\/2013-4\/#primaryimage"},"thumbnailUrl":"https:\/\/www.abd-bvd.be\/wp-content\/uploads\/cover2013-4_small1.jpg","articleSection":["Cahiers de la Documentation"],"inLanguage":"fr-FR","potentialAction":[{"@type":"CommentAction","name":"Comment","target":["https:\/\/www.abd-bvd.be\/fr\/cahiers-de-la-documentation\/2013-4\/#respond"]}]},{"@type":"WebPage","@id":"https:\/\/www.abd-bvd.be\/fr\/cahiers-de-la-documentation\/2013-4\/","url":"https:\/\/www.abd-bvd.be\/fr\/cahiers-de-la-documentation\/2013-4\/","name":"Cahiers de la Documentation 2013\/4 (d\u00e9cembre 2013) - ABD-BVD","isPartOf":{"@id":"https:\/\/www.abd-bvd.be\/fr\/#website"},"primaryImageOfPage":{"@id":"https:\/\/www.abd-bvd.be\/fr\/cahiers-de-la-documentation\/2013-4\/#primaryimage"},"image":{"@id":"https:\/\/www.abd-bvd.be\/fr\/cahiers-de-la-documentation\/2013-4\/#primaryimage"},"thumbnailUrl":"https:\/\/www.abd-bvd.be\/wp-content\/uploads\/cover2013-4_small1.jpg","datePublished":"2013-12-01T09:05:35+00:00","dateModified":"2018-07-25T09:23:49+00:00","author":{"@id":"https:\/\/www.abd-bvd.be\/fr\/#\/schema\/person\/da88608d75e0d01c1744b26c76209006"},"breadcrumb":{"@id":"https:\/\/www.abd-bvd.be\/fr\/cahiers-de-la-documentation\/2013-4\/#breadcrumb"},"inLanguage":"fr-FR","potentialAction":[{"@type":"ReadAction","target":["https:\/\/www.abd-bvd.be\/fr\/cahiers-de-la-documentation\/2013-4\/"]}]},{"@type":"ImageObject","inLanguage":"fr-FR","@id":"https:\/\/www.abd-bvd.be\/fr\/cahiers-de-la-documentation\/2013-4\/#primaryimage","url":"https:\/\/www.abd-bvd.be\/wp-content\/uploads\/cover2013-4_small1.jpg","contentUrl":"https:\/\/www.abd-bvd.be\/wp-content\/uploads\/cover2013-4_small1.jpg"},{"@type":"BreadcrumbList","@id":"https:\/\/www.abd-bvd.be\/fr\/cahiers-de-la-documentation\/2013-4\/#breadcrumb","itemListElement":[{"@type":"ListItem","position":1,"name":"Accueil","item":"https:\/\/www.abd-bvd.be\/fr\/"},{"@type":"ListItem","position":2,"name":"Cahiers de la Documentation 2013\/4 (d\u00e9cembre 2013)"}]},{"@type":"WebSite","@id":"https:\/\/www.abd-bvd.be\/fr\/#website","url":"https:\/\/www.abd-bvd.be\/fr\/","name":"ABD-BVD","description":"Association Belge de documentation - Belgische verniging voor documentatie","potentialAction":[{"@type":"SearchAction","target":{"@type":"EntryPoint","urlTemplate":"https:\/\/www.abd-bvd.be\/fr\/?s={search_term_string}"},"query-input":{"@type":"PropertyValueSpecification","valueRequired":true,"valueName":"search_term_string"}}],"inLanguage":"fr-FR"},{"@type":"Person","@id":"https:\/\/www.abd-bvd.be\/fr\/#\/schema\/person\/da88608d75e0d01c1744b26c76209006","name":"Stephanie Wolbeek","image":{"@type":"ImageObject","inLanguage":"fr-FR","@id":"https:\/\/secure.gravatar.com\/avatar\/6932f47cac9fa3a3d37aa97d942a3ba3d3a6ec2a59f9030fb03b8085b0a1f9db?s=96&d=mm&r=g","url":"https:\/\/secure.gravatar.com\/avatar\/6932f47cac9fa3a3d37aa97d942a3ba3d3a6ec2a59f9030fb03b8085b0a1f9db?s=96&d=mm&r=g","contentUrl":"https:\/\/secure.gravatar.com\/avatar\/6932f47cac9fa3a3d37aa97d942a3ba3d3a6ec2a59f9030fb03b8085b0a1f9db?s=96&d=mm&r=g","caption":"Stephanie Wolbeek"},"url":"https:\/\/www.abd-bvd.be\/fr\/author\/stephanie-wolbeek\/"}]}},"_links":{"self":[{"href":"https:\/\/www.abd-bvd.be\/fr\/wp-json\/wp\/v2\/posts\/1452","targetHints":{"allow":["GET"]}}],"collection":[{"href":"https:\/\/www.abd-bvd.be\/fr\/wp-json\/wp\/v2\/posts"}],"about":[{"href":"https:\/\/www.abd-bvd.be\/fr\/wp-json\/wp\/v2\/types\/post"}],"author":[{"embeddable":true,"href":"https:\/\/www.abd-bvd.be\/fr\/wp-json\/wp\/v2\/users\/8"}],"replies":[{"embeddable":true,"href":"https:\/\/www.abd-bvd.be\/fr\/wp-json\/wp\/v2\/comments?post=1452"}],"version-history":[{"count":2,"href":"https:\/\/www.abd-bvd.be\/fr\/wp-json\/wp\/v2\/posts\/1452\/revisions"}],"predecessor-version":[{"id":12192,"href":"https:\/\/www.abd-bvd.be\/fr\/wp-json\/wp\/v2\/posts\/1452\/revisions\/12192"}],"wp:attachment":[{"href":"https:\/\/www.abd-bvd.be\/fr\/wp-json\/wp\/v2\/media?parent=1452"}],"wp:term":[{"taxonomy":"category","embeddable":true,"href":"https:\/\/www.abd-bvd.be\/fr\/wp-json\/wp\/v2\/categories?post=1452"},{"taxonomy":"post_tag","embeddable":true,"href":"https:\/\/www.abd-bvd.be\/fr\/wp-json\/wp\/v2\/tags?post=1452"}],"curies":[{"name":"wp","href":"https:\/\/api.w.org\/{rel}","templated":true}]}}