{"id":14506,"date":"2019-04-05T18:05:08","date_gmt":"2019-04-05T16:05:08","guid":{"rendered":"https:\/\/www.abd-bvd.be\/?p=14506"},"modified":"2019-04-05T18:05:08","modified_gmt":"2019-04-05T16:05:08","slug":"changements-au-sein-du-conseil-dadministration","status":"publish","type":"post","link":"https:\/\/www.abd-bvd.be\/fr\/actualites\/changements-au-sein-du-conseil-dadministration\/","title":{"rendered":"Changements au sein du Conseil d&rsquo;administration"},"content":{"rendered":"<p>Comme chaque ann\u00e9e, l&rsquo;Assembl\u00e9e g\u00e9n\u00e9rale permet de renouveler une partie du Conseil d&rsquo;administration. Le 20 mars dernier, nous avons eu le plaisir d&rsquo;accueillir \u00e0 nouveau Anne-Catherine Demeulder au sein du Conseil d&rsquo;administration. Elle en avait d\u00e9j\u00e0 fait partie de 2014 \u00e0 2016. Christopher Boon, Sara Decoster, Mich\u00e8le Orban, Samuel Piret et Denis Renard ont \u00e9galement \u00e9t\u00e9 r\u00e9\u00e9lus. Beno\u00eet Collet, Arnaud Seeuws et Isabelle Somville-Cornet ont, quant \u00e0 eux, d\u00e9cid\u00e9 de quitter le Conseil d&rsquo;administration. Nous les remercions du travail qu&rsquo;ils ont accompli pour nos membres. Nous formons \u00e0 pr\u00e9sent une \u00e9quipe de <a href=\"https:\/\/www.abd-bvd.be\/fr\/a-propos\/conseil-dadministration\/\">17 administratrices et administrateurs<\/a>, qui g\u00e8rent b\u00e9n\u00e9volement notre association.<\/p>\n","protected":false},"excerpt":{"rendered":"<p>Comme chaque ann\u00e9e, l&rsquo;Assembl\u00e9e g\u00e9n\u00e9rale permet de renouveler une partie du Conseil d&rsquo;administration. Le 20 mars dernier, nous avons eu le plaisir d&rsquo;accueillir \u00e0 nouveau Anne-Catherine Demeulder au sein du Conseil d&rsquo;administration. Elle en avait d\u00e9j\u00e0 fait partie de 2014 \u00e0 2016. Christopher Boon, Sara Decoster, Mich\u00e8le Orban, Samuel Piret et Denis Renard ont \u00e9galement [&hellip;]<\/p>\n","protected":false},"author":5,"featured_media":0,"comment_status":"closed","ping_status":"open","sticky":false,"template":"","format":"standard","meta":{"_acf_changed":false,"footnotes":"","_wpscppro_dont_share_socialmedia":false,"_wpscppro_custom_social_share_image":0,"_facebook_share_type":"","_twitter_share_type":"","_linkedin_share_type":"","_pinterest_share_type":"","_linkedin_share_type_page":"","_instagram_share_type":"","_medium_share_type":"","_threads_share_type":"","_google_business_share_type":"","_selected_social_profile":[],"_wpsp_enable_custom_social_template":false,"_wpsp_social_scheduling":{"enabled":false,"datetime":null,"platforms":[],"status":"template_only","dateOption":"today","timeOption":"now","customDays":"","customHours":"","customDate":"","customTime":"","schedulingType":"absolute"},"_wpsp_active_default_template":true},"categories":[3,85],"tags":[],"class_list":["post-14506","post","type-post","status-publish","format-standard","hentry","category-actualites","category-evenementen"],"acf":[],"yoast_head":"<!-- This site is optimized with the Yoast SEO plugin v27.5 - https:\/\/yoast.com\/product\/yoast-seo-wordpress\/ -->\n<title>Changements au sein du Conseil d&#039;administration - ABD-BVD<\/title>\n<meta name=\"robots\" content=\"index, follow, max-snippet:-1, max-image-preview:large, max-video-preview:-1\" \/>\n<link rel=\"canonical\" href=\"https:\/\/www.abd-bvd.be\/fr\/actualites\/changements-au-sein-du-conseil-dadministration\/\" \/>\n<meta property=\"og:locale\" content=\"fr_FR\" \/>\n<meta property=\"og:type\" content=\"article\" \/>\n<meta property=\"og:title\" content=\"Changements au sein du Conseil d&#039;administration - ABD-BVD\" \/>\n<meta property=\"og:description\" content=\"Comme chaque ann\u00e9e, l&rsquo;Assembl\u00e9e g\u00e9n\u00e9rale permet de renouveler une partie du Conseil d&rsquo;administration. Le 20 mars dernier, nous avons eu le plaisir d&rsquo;accueillir \u00e0 nouveau Anne-Catherine Demeulder au sein du Conseil d&rsquo;administration. Elle en avait d\u00e9j\u00e0 fait partie de 2014 \u00e0 2016. Christopher Boon, Sara Decoster, Mich\u00e8le Orban, Samuel Piret et Denis Renard ont \u00e9galement [&hellip;]\" \/>\n<meta property=\"og:url\" content=\"https:\/\/www.abd-bvd.be\/fr\/actualites\/changements-au-sein-du-conseil-dadministration\/\" \/>\n<meta property=\"og:site_name\" content=\"ABD-BVD\" \/>\n<meta property=\"article:published_time\" content=\"2019-04-05T16:05:08+00:00\" \/>\n<meta name=\"author\" content=\"Guy Delsaut\" \/>\n<meta name=\"twitter:card\" content=\"summary_large_image\" \/>\n<meta name=\"twitter:label1\" content=\"\u00c9crit par\" \/>\n\t<meta name=\"twitter:data1\" content=\"Guy Delsaut\" \/>\n\t<meta name=\"twitter:label2\" content=\"Dur\u00e9e de lecture estim\u00e9e\" \/>\n\t<meta name=\"twitter:data2\" content=\"1 minute\" \/>\n<script type=\"application\/ld+json\" class=\"yoast-schema-graph\">{\"@context\":\"https:\\\/\\\/schema.org\",\"@graph\":[{\"@type\":\"Article\",\"@id\":\"https:\\\/\\\/www.abd-bvd.be\\\/fr\\\/actualites\\\/changements-au-sein-du-conseil-dadministration\\\/#article\",\"isPartOf\":{\"@id\":\"https:\\\/\\\/www.abd-bvd.be\\\/fr\\\/actualites\\\/changements-au-sein-du-conseil-dadministration\\\/\"},\"author\":{\"name\":\"Guy Delsaut\",\"@id\":\"https:\\\/\\\/www.abd-bvd.be\\\/fr\\\/#\\\/schema\\\/person\\\/b16d2027ba7bd24752b02f45e6c2d628\"},\"headline\":\"Changements au sein du Conseil d&rsquo;administration\",\"datePublished\":\"2019-04-05T16:05:08+00:00\",\"mainEntityOfPage\":{\"@id\":\"https:\\\/\\\/www.abd-bvd.be\\\/fr\\\/actualites\\\/changements-au-sein-du-conseil-dadministration\\\/\"},\"wordCount\":119,\"articleSection\":[\"Actualit\u00e9s\",\"Evenementen\"],\"inLanguage\":\"fr-FR\"},{\"@type\":\"WebPage\",\"@id\":\"https:\\\/\\\/www.abd-bvd.be\\\/fr\\\/actualites\\\/changements-au-sein-du-conseil-dadministration\\\/\",\"url\":\"https:\\\/\\\/www.abd-bvd.be\\\/fr\\\/actualites\\\/changements-au-sein-du-conseil-dadministration\\\/\",\"name\":\"Changements au sein du Conseil d'administration - ABD-BVD\",\"isPartOf\":{\"@id\":\"https:\\\/\\\/www.abd-bvd.be\\\/fr\\\/#website\"},\"datePublished\":\"2019-04-05T16:05:08+00:00\",\"author\":{\"@id\":\"https:\\\/\\\/www.abd-bvd.be\\\/fr\\\/#\\\/schema\\\/person\\\/b16d2027ba7bd24752b02f45e6c2d628\"},\"breadcrumb\":{\"@id\":\"https:\\\/\\\/www.abd-bvd.be\\\/fr\\\/actualites\\\/changements-au-sein-du-conseil-dadministration\\\/#breadcrumb\"},\"inLanguage\":\"fr-FR\",\"potentialAction\":[{\"@type\":\"ReadAction\",\"target\":[\"https:\\\/\\\/www.abd-bvd.be\\\/fr\\\/actualites\\\/changements-au-sein-du-conseil-dadministration\\\/\"]}]},{\"@type\":\"BreadcrumbList\",\"@id\":\"https:\\\/\\\/www.abd-bvd.be\\\/fr\\\/actualites\\\/changements-au-sein-du-conseil-dadministration\\\/#breadcrumb\",\"itemListElement\":[{\"@type\":\"ListItem\",\"position\":1,\"name\":\"Accueil\",\"item\":\"https:\\\/\\\/www.abd-bvd.be\\\/fr\\\/\"},{\"@type\":\"ListItem\",\"position\":2,\"name\":\"Changements au sein du Conseil d&rsquo;administration\"}]},{\"@type\":\"WebSite\",\"@id\":\"https:\\\/\\\/www.abd-bvd.be\\\/fr\\\/#website\",\"url\":\"https:\\\/\\\/www.abd-bvd.be\\\/fr\\\/\",\"name\":\"ABD-BVD\",\"description\":\"Association Belge de documentation - Belgische verniging voor documentatie\",\"potentialAction\":[{\"@type\":\"SearchAction\",\"target\":{\"@type\":\"EntryPoint\",\"urlTemplate\":\"https:\\\/\\\/www.abd-bvd.be\\\/fr\\\/?s={search_term_string}\"},\"query-input\":{\"@type\":\"PropertyValueSpecification\",\"valueRequired\":true,\"valueName\":\"search_term_string\"}}],\"inLanguage\":\"fr-FR\"},{\"@type\":\"Person\",\"@id\":\"https:\\\/\\\/www.abd-bvd.be\\\/fr\\\/#\\\/schema\\\/person\\\/b16d2027ba7bd24752b02f45e6c2d628\",\"name\":\"Guy Delsaut\",\"image\":{\"@type\":\"ImageObject\",\"inLanguage\":\"fr-FR\",\"@id\":\"https:\\\/\\\/secure.gravatar.com\\\/avatar\\\/661ab3e27256975e79639c97a039adabdf47fbcdcd1883bad66ee2e8b41bdfa7?s=96&d=mm&r=g\",\"url\":\"https:\\\/\\\/secure.gravatar.com\\\/avatar\\\/661ab3e27256975e79639c97a039adabdf47fbcdcd1883bad66ee2e8b41bdfa7?s=96&d=mm&r=g\",\"contentUrl\":\"https:\\\/\\\/secure.gravatar.com\\\/avatar\\\/661ab3e27256975e79639c97a039adabdf47fbcdcd1883bad66ee2e8b41bdfa7?s=96&d=mm&r=g\",\"caption\":\"Guy Delsaut\"},\"url\":\"https:\\\/\\\/www.abd-bvd.be\\\/fr\\\/author\\\/guy-delsaut\\\/\"}]}<\/script>\n<!-- \/ Yoast SEO plugin. -->","yoast_head_json":{"title":"Changements au sein du Conseil d'administration - ABD-BVD","robots":{"index":"index","follow":"follow","max-snippet":"max-snippet:-1","max-image-preview":"max-image-preview:large","max-video-preview":"max-video-preview:-1"},"canonical":"https:\/\/www.abd-bvd.be\/fr\/actualites\/changements-au-sein-du-conseil-dadministration\/","og_locale":"fr_FR","og_type":"article","og_title":"Changements au sein du Conseil d'administration - ABD-BVD","og_description":"Comme chaque ann\u00e9e, l&rsquo;Assembl\u00e9e g\u00e9n\u00e9rale permet de renouveler une partie du Conseil d&rsquo;administration. Le 20 mars dernier, nous avons eu le plaisir d&rsquo;accueillir \u00e0 nouveau Anne-Catherine Demeulder au sein du Conseil d&rsquo;administration. Elle en avait d\u00e9j\u00e0 fait partie de 2014 \u00e0 2016. Christopher Boon, Sara Decoster, Mich\u00e8le Orban, Samuel Piret et Denis Renard ont \u00e9galement [&hellip;]","og_url":"https:\/\/www.abd-bvd.be\/fr\/actualites\/changements-au-sein-du-conseil-dadministration\/","og_site_name":"ABD-BVD","article_published_time":"2019-04-05T16:05:08+00:00","author":"Guy Delsaut","twitter_card":"summary_large_image","twitter_misc":{"\u00c9crit par":"Guy Delsaut","Dur\u00e9e de lecture estim\u00e9e":"1 minute"},"schema":{"@context":"https:\/\/schema.org","@graph":[{"@type":"Article","@id":"https:\/\/www.abd-bvd.be\/fr\/actualites\/changements-au-sein-du-conseil-dadministration\/#article","isPartOf":{"@id":"https:\/\/www.abd-bvd.be\/fr\/actualites\/changements-au-sein-du-conseil-dadministration\/"},"author":{"name":"Guy Delsaut","@id":"https:\/\/www.abd-bvd.be\/fr\/#\/schema\/person\/b16d2027ba7bd24752b02f45e6c2d628"},"headline":"Changements au sein du Conseil d&rsquo;administration","datePublished":"2019-04-05T16:05:08+00:00","mainEntityOfPage":{"@id":"https:\/\/www.abd-bvd.be\/fr\/actualites\/changements-au-sein-du-conseil-dadministration\/"},"wordCount":119,"articleSection":["Actualit\u00e9s","Evenementen"],"inLanguage":"fr-FR"},{"@type":"WebPage","@id":"https:\/\/www.abd-bvd.be\/fr\/actualites\/changements-au-sein-du-conseil-dadministration\/","url":"https:\/\/www.abd-bvd.be\/fr\/actualites\/changements-au-sein-du-conseil-dadministration\/","name":"Changements au sein du Conseil d'administration - ABD-BVD","isPartOf":{"@id":"https:\/\/www.abd-bvd.be\/fr\/#website"},"datePublished":"2019-04-05T16:05:08+00:00","author":{"@id":"https:\/\/www.abd-bvd.be\/fr\/#\/schema\/person\/b16d2027ba7bd24752b02f45e6c2d628"},"breadcrumb":{"@id":"https:\/\/www.abd-bvd.be\/fr\/actualites\/changements-au-sein-du-conseil-dadministration\/#breadcrumb"},"inLanguage":"fr-FR","potentialAction":[{"@type":"ReadAction","target":["https:\/\/www.abd-bvd.be\/fr\/actualites\/changements-au-sein-du-conseil-dadministration\/"]}]},{"@type":"BreadcrumbList","@id":"https:\/\/www.abd-bvd.be\/fr\/actualites\/changements-au-sein-du-conseil-dadministration\/#breadcrumb","itemListElement":[{"@type":"ListItem","position":1,"name":"Accueil","item":"https:\/\/www.abd-bvd.be\/fr\/"},{"@type":"ListItem","position":2,"name":"Changements au sein du Conseil d&rsquo;administration"}]},{"@type":"WebSite","@id":"https:\/\/www.abd-bvd.be\/fr\/#website","url":"https:\/\/www.abd-bvd.be\/fr\/","name":"ABD-BVD","description":"Association Belge de documentation - Belgische verniging voor documentatie","potentialAction":[{"@type":"SearchAction","target":{"@type":"EntryPoint","urlTemplate":"https:\/\/www.abd-bvd.be\/fr\/?s={search_term_string}"},"query-input":{"@type":"PropertyValueSpecification","valueRequired":true,"valueName":"search_term_string"}}],"inLanguage":"fr-FR"},{"@type":"Person","@id":"https:\/\/www.abd-bvd.be\/fr\/#\/schema\/person\/b16d2027ba7bd24752b02f45e6c2d628","name":"Guy Delsaut","image":{"@type":"ImageObject","inLanguage":"fr-FR","@id":"https:\/\/secure.gravatar.com\/avatar\/661ab3e27256975e79639c97a039adabdf47fbcdcd1883bad66ee2e8b41bdfa7?s=96&d=mm&r=g","url":"https:\/\/secure.gravatar.com\/avatar\/661ab3e27256975e79639c97a039adabdf47fbcdcd1883bad66ee2e8b41bdfa7?s=96&d=mm&r=g","contentUrl":"https:\/\/secure.gravatar.com\/avatar\/661ab3e27256975e79639c97a039adabdf47fbcdcd1883bad66ee2e8b41bdfa7?s=96&d=mm&r=g","caption":"Guy Delsaut"},"url":"https:\/\/www.abd-bvd.be\/fr\/author\/guy-delsaut\/"}]}},"_links":{"self":[{"href":"https:\/\/www.abd-bvd.be\/fr\/wp-json\/wp\/v2\/posts\/14506","targetHints":{"allow":["GET"]}}],"collection":[{"href":"https:\/\/www.abd-bvd.be\/fr\/wp-json\/wp\/v2\/posts"}],"about":[{"href":"https:\/\/www.abd-bvd.be\/fr\/wp-json\/wp\/v2\/types\/post"}],"author":[{"embeddable":true,"href":"https:\/\/www.abd-bvd.be\/fr\/wp-json\/wp\/v2\/users\/5"}],"replies":[{"embeddable":true,"href":"https:\/\/www.abd-bvd.be\/fr\/wp-json\/wp\/v2\/comments?post=14506"}],"version-history":[{"count":1,"href":"https:\/\/www.abd-bvd.be\/fr\/wp-json\/wp\/v2\/posts\/14506\/revisions"}],"predecessor-version":[{"id":14513,"href":"https:\/\/www.abd-bvd.be\/fr\/wp-json\/wp\/v2\/posts\/14506\/revisions\/14513"}],"wp:attachment":[{"href":"https:\/\/www.abd-bvd.be\/fr\/wp-json\/wp\/v2\/media?parent=14506"}],"wp:term":[{"taxonomy":"category","embeddable":true,"href":"https:\/\/www.abd-bvd.be\/fr\/wp-json\/wp\/v2\/categories?post=14506"},{"taxonomy":"post_tag","embeddable":true,"href":"https:\/\/www.abd-bvd.be\/fr\/wp-json\/wp\/v2\/tags?post=14506"}],"curies":[{"name":"wp","href":"https:\/\/api.w.org\/{rel}","templated":true}]}}